{"id":5614,"date":"2026-09-04T12:00:00","date_gmt":"2026-09-04T10:00:00","guid":{"rendered":"http:\/\/historikerkraus.de\/blog\/?p=5614"},"modified":"2026-09-02T18:49:07","modified_gmt":"2026-09-02T16:49:07","slug":"tv-vorschau-5-11-september-2026","status":"publish","type":"post","link":"http:\/\/historikerkraus.de\/blog\/2026\/09\/04\/tv-vorschau-5-11-september-2026\/","title":{"rendered":"TV-Vorschau 5. \u2013 11. September 2026"},"content":{"rendered":"\n<p class=\"wp-block-paragraph\">Ob die Wahlberichterstattung zur Sachsen-Anhalt-Wahl als Zeitzeugendokumentation eines geschichtstr\u00e4chtigen Ereignisses durchgehen wird, wird die Zukunft zeigen. Aber auch dar\u00fcber hinaus gibt es einige interessante Dokumentationen in der kommenden Woche. Viel Spa\u00df bei der Auswahl.<\/p>\n\n\n\n<h2 class=\"wp-block-heading has-text-align-center\">Samstag, 5. September<\/h2>\n\n\n\n<ul class=\"wp-block-list\">\n<li><em>\u201eSeit etwa 200 Jahren gibt es die Eisenbahn \u2013 sie wurde zu einem der wichtigsten Verkehrsmittel der Menschheitsgeschichte. Die Bahn revolutionierte den Transport und demokratisierte das Reisen. Doch ihre Geschichte hat auch eine dunkle Seite: Sie war Werkzeug der Kolonialm\u00e4chte und diente den Deportationen nach Auschwitz.\u201c<\/em> <strong>Arte<\/strong> erz\u00e4hlt um 20.15 Uhr ihre Geschichte: <a href=\"https:\/\/www.arte.tv\/de\/videos\/113570-000-A\/die-eisenbahn\/\" target=\"_blank\" rel=\"noopener\">\u201eDie Eisenbahn \u2013 Motor des Fortschritts\u201c<\/a>. \u2014 Thematisch passend schlie\u00dft sich um 21.40 Uhr die Doku <a href=\"https:\/\/www.arte.tv\/de\/videos\/077320-000-A\/der-orient-express-vintage-auf-schienen\/\" target=\"_blank\" rel=\"noopener\">\u201eDer Orient-Express \u2013 Vintage auf Schienen\u201c<\/a> an. <em>\u201eAls Zug der K\u00f6nige, Diplomaten, Schriftsteller und legend\u00e4rer Passagiere wie Mata Hari, Marlene Dietrich und \u201aMord im Orient-Express\u2018-Autorin Agatha Christie revolutionierte der Orient-Express das Reisen. 1883 begann mit ihm eine neue Verbindung zwischen Okzident und Orient. Der Dokumentarfilm l\u00e4sst Forschende, Sammler und Restauratoren alter Eisenbahnwaggons zu Wort kommen.\u201c<\/em><\/li>\n\n\n\n<li>Ein Blick zur\u00fcck in den Ersten Weltkrieg wirft <strong>ARD-alpha<\/strong> um 21 Uhr: <a href=\"https:\/\/www.br.de\/fernsehen\/ard-alpha\/programmkalender\/ausstrahlung-4106048.html\" target=\"_blank\" rel=\"noopener\">\u201eAngriff auf die Lusitania \u00b7 U-Boot-Krieg im Ersten Weltkrieg\u201c<\/a>.<\/li>\n\n\n\n<li><a href=\"https:\/\/www.phoenix.de\/sendungen\/dokumentationen\/die-jagd-nach-hitlers-wun-a-5222986.html\" target=\"_blank\" rel=\"noopener\">\u201eDie Jagd nach Hitlers Wunderwaffen\u201c<\/a> ist um 23.15 Uhr Thema auf <strong>Phoenix<\/strong>.<\/li>\n<\/ul>\n\n\n\n<h2 class=\"wp-block-heading has-text-align-center\">Sonntag, 6. September<\/h2>\n\n\n\n<ul class=\"wp-block-list\">\n<li>Die Reihe Terra X: Weltst\u00e4dte geht um 19.35 Uhr im <strong>ZDF<\/strong> weiter mit der Folge <a href=\"https:\/\/www.zdf.de\/video\/dokus\/terra-x-weltstaedte-mit-leon-windscheid-dokureihe-100\/terra-x-weltstaedte-tokyo-mit-leon-windscheid-doku-100\" target=\"_blank\" rel=\"noopener\">\u201eTokyo\u201c<\/a>. <em>\u201eTokyo ist eine der j\u00fcngsten Weltmetropolen. Erst 1868 wurde Edo, urspr\u00fcnglich ein kleines Fischerdorf, in Tokyo umbenannt. Als japanische Hauptstadt und Kaisersitz verwandelt sich Tokyo in eine gesch\u00e4ftige Metropole, doch erst nach dem Zweiten Weltkrieg entwickelt sich die Stadt zu einer modernen und auch bedeutenden Weltstadt.\u201c<\/em><\/li>\n\n\n\n<li>Das Doku-Drama <a href=\"https:\/\/www.br.de\/fernsehen\/ard-alpha\/programmkalender\/ausstrahlung-4106218.html\" target=\"_blank\" rel=\"noopener\">\u201eDie Reichsgr\u00fcndung\u201c<\/a> (BRD 2012, Regie: Bernd Fischerauer) erinnert an die Entstehung des deutschen Reiches 1870\/71. Wiederholung um 23.40 Uhr, beides auf <strong>ARD-alpha<\/strong>!<\/li>\n<\/ul>\n\n\n\n<h2 class=\"wp-block-heading has-text-align-center\">Montag, 7. September<\/h2>\n\n\n\n<ul class=\"wp-block-list\">\n<li>Ein heute weitgehend vergessenes Kapitel deutscher Kolonialgeschichte ist um 22.50 Uhr Thema einer Doku in der <strong>ARD<\/strong>: <a href=\"https:\/\/www.ardmediathek.de\/tv-programm\/6a688b96d32974527b412163\" target=\"_blank\" rel=\"noopener\">\u201eKrieg in China 1900 \u2013 1901: Das Deutsche Kaiserreich und der Boxerkrieg\u201c<\/a>. <em>\u201eZum 125. Jahrestag der Unterzeichnung des Boxerprotokolls am 7. September 1901 erz\u00e4hlt die \u201aARD History\u2018-Dokumentation von einem Wendepunkt der Weltgeschichte. Der Film \u201aKrieg in China 1900\u20131901 \u2013 Das Deutsche Kaiserreich und der Boxerkrieg\u2018 rekonstruiert den Aufstand chinesischer Bauern gegen ausl\u00e4ndische M\u00e4chte und christliche Missionare sowie die brutale milit\u00e4rische Antwort eines internationalen B\u00fcndnisses aus acht Nationen: Deutschland, Frankreich, Gro\u00dfbritannien, USA, \u00d6sterreich-Ungarn, Russland, Italien und Japan.\u201c<\/em><\/li>\n<\/ul>\n\n\n\n<h2 class=\"wp-block-heading has-text-align-center\">Dienstag, 8. September<\/h2>\n\n\n\n<ul class=\"wp-block-list\">\n<li><em>\u201eDer Name Rothschild steht f\u00fcr eine der m\u00e4chtigsten Bankiersfamilien des 19. Jahrhunderts. Wenig bekannt sind die Umst\u00e4nde, durch welche die Rothschilds zu ihrem Reichtum kamen.\u201c<\/em> <strong>3sat<\/strong> bem\u00fcht sich um Aufkl\u00e4rung: <a href=\"https:\/\/www.3sat.de\/dokumentation\/geschichte\/die-rothschild-saga-100.html\" target=\"_blank\" rel=\"noopener\">\u201eDie Rothschild-Saga \u2013 Aufstieg, Glanz, Verfolgung\u201c<\/a> (22.25 Uhr). \u2014 Um 23.10 Uhr schlie\u00dft sich der Beitrag <a href=\"https:\/\/www.3sat.de\/dokumentation\/geschichte\/habsburgs-rothschilds-106.html\" target=\"_blank\" rel=\"noopener\">\u201eHabsburgs Rothschilds \u2013 Die Macht der Banker\u201c<\/a> an. <em>\u201eDie Rothschilds und die Habsburger \u2013 das war eine besondere Beziehung. Denn von Bankh\u00e4usern wie ihrem waren die Herrscher de facto abh\u00e4ngig in Zeiten st\u00e4ndig \u00fcberzogener Staatsbudgets.\u201c<\/em><\/li>\n<\/ul>\n\n\n\n<h2 class=\"wp-block-heading has-text-align-center\">Mittwoch, 9. September<\/h2>\n\n\n\n<ul class=\"wp-block-list\">\n<li>Zwei \u201eGeheimnisvolle Orte\u201c auf <strong>RBB<\/strong>. Um 20.15 Uhr <a href=\"https:\/\/www.rbb-online.de\/fernsehen\/programm\/09_09_2026\/2057871.html\" target=\"_blank\" rel=\"noopener\">\u201eDer Reichstag \u2013 Geschichte eines deutschen Hauses\u201c<\/a> und um 21 Uhr <a href=\"https:\/\/www.rbb-online.de\/fernsehen\/programm\/09_09_2026\/2095850.html\" target=\"_blank\" rel=\"noopener\">\u201eDas Brandenburger Tor \u2013 Geschichte eines Symbols\u201c<\/a>.<\/li>\n<\/ul>\n\n\n\n<h2 class=\"wp-block-heading has-text-align-center\">Donnerstag, 10. September<\/h2>\n\n\n\n<ul class=\"wp-block-list\">\n<li>Drei Folgen der Doku-Reihe \u201eHitler-Interviews \u2013 Die letzten Zeugen\u201c sind auf <strong>n-tv<\/strong> zu sehen. Um 20.15 Uhr geht es los mit dem Beitrag \u201ePopulist\u201c. Um 21.05 Uhr folgt der \u201eTyrann\u201c. Um 22.05 Uhr sind schlie\u00dflich \u201eFanatiker\u201c an der Reihe.<\/li>\n<\/ul>\n\n\n\n<h2 class=\"wp-block-heading has-text-align-center\">Freitag, 11. September<\/h2>\n\n\n\n<ul class=\"wp-block-list\">\n<li><em>\u201eDer 11. September 2001 ver\u00e4nderte die Welt. Doch wie wurden aus einem einzigen Tag die Ersch\u00fctterungen, die bis heute nachwirken? <a href=\"https:\/\/www.ardmediathek.de\/film\/september\/Y3JpZDovL3dkci5kZS9laW56ZWxzdHVlY2tlZnVlcmRva3VzL3BvY19pbXBvcnRfNDAwNDg1MDY3Nw\" target=\"_blank\" rel=\"noopener\">\u201eSEPTEMBER\u201c<\/a> erz\u00e4hlt die Geschichte der Terroranschl\u00e4ge neu \u2013 verdichtet auf die 30 Tage eines Monats, der das 21. Jahrhundert pr\u00e4gte.\u201c<\/em> <strong>ARD<\/strong>, 20.15 Uhr.<\/li>\n\n\n\n<li><a href=\"https:\/\/www.3sat.de\/film\/spielfilm\/hammarskjoeld--kampf-fuer-den-frieden-100.html\" target=\"_blank\" rel=\"noopener\">\u201eHammarskj\u00f6ld \u2013 Kampf f\u00fcr den Frieden\u201c<\/a> (SWE 2023, Regie: Per Fly). <em>\u201eEin fesselndes Politdrama \u00fcber Dag Hammarskj\u00f6ld, den wohl bedeutendsten Generalsekret\u00e4r in der Geschichte der Vereinten Nationen. Als unbeirrbarer Verfechter von Frieden und Selbstbestimmung stellte er sich auf dem H\u00f6hepunkt des Kalten Kriegs den Interessen von Gro\u00dfm\u00e4chten und Rohstoffkonzernen entgegen.\u201c<\/em> <strong>3sat<\/strong>, 22.25 Uhr.<\/li>\n<\/ul>\n\n\n","protected":false},"excerpt":{"rendered":"<p>Ob die Wahlberichterstattung zur Sachsen-Anhalt-Wahl als Zeitzeugendokumentation eines geschichtstr\u00e4chtigen Ereignisses durchgehen wird, wird die Zukunft zeigen. Aber auch dar\u00fcber hinaus gibt es einige interessante Dokumentationen in der kommenden Woche. Viel Spa\u00df bei der Auswahl. Samstag, 5. September Sonntag, 6. September Montag, 7. September Dienstag, 8. September Mittwoch, 9. September Donnerstag, &#8230;<\/p>\n","protected":false},"author":10,"featured_media":0,"comment_status":"open","ping_status":"open","sticky":false,"template":"","format":"standard","meta":{"footnotes":""},"categories":[4,8],"tags":[115,126,128,129,123,125,124],"class_list":["post-5614","post","type-post","status-publish","format-standard","hentry","category-geschichte-im-fernsehen","category-history-tv","tag-archaologie","tag-dokumentation","tag-fernsehen","tag-geschichte","tag-geschichtsfernsehen","tag-spielfilm","tag-tv"],"aioseo_notices":[],"aioseo_head":"\n\t\t<!-- All in One SEO 5.0.1.1 - aioseo.com -->\n\t<meta name=\"description\" content=\"Ob die Wahlberichterstattung zur Sachsen-Anhalt-Wahl als Zeitzeugendokumentation eines geschichtstr\u00e4chtigen Ereignisses durchgehen wird, wird die Zukunft zeigen. Aber auch dar\u00fcber hinaus gibt es einige interessante Dokumentationen in der kommenden Woche. Viel Spa\u00df bei der Auswahl. Samstag, 5. September \u201eSeit etwa 200 Jahren gibt es die Eisenbahn \u2013 sie wurde zu einem der wichtigsten Verkehrsmittel der Menschheitsgeschichte. Vorstellung historischer Fernsehsendungen.\" \/>\n\t<meta name=\"robots\" content=\"max-image-preview:large\" \/>\n\t<meta name=\"author\" content=\"Historikerkraus\"\/>\n\t<meta name=\"keywords\" content=\"arch\u00e4ologie,dokumentation,fernsehen,geschichte,geschichtsfernsehen,spielfilm,tv,geschichte im fernsehen,history-tv\" \/>\n\t<link rel=\"canonical\" href=\"http:\/\/historikerkraus.de\/blog\/2026\/09\/04\/tv-vorschau-5-11-september-2026\/\" \/>\n\t<meta name=\"generator\" content=\"All in One SEO (AIOSEO) 5.0.1.1\" \/>\n\t\t<meta property=\"og:locale\" content=\"de_DE\" \/>\n\t\t<meta property=\"og:site_name\" content=\"Historikerkraus.de - Das Blog | Historische Miszellen \u2013 nicht nur aus dem Ruhrgebiet\" \/>\n\t\t<meta property=\"og:type\" content=\"article\" \/>\n\t\t<meta property=\"og:title\" content=\"TV-Vorschau 5. \u2013 11. September 2026 | #site_titleTV-Vorschau 5. \u2013 11. September 2026\" \/>\n\t\t<meta property=\"og:description\" content=\"Ob die Wahlberichterstattung zur Sachsen-Anhalt-Wahl als Zeitzeugendokumentation eines geschichtstr\u00e4chtigen Ereignisses durchgehen wird, wird die Zukunft zeigen. Aber auch dar\u00fcber hinaus gibt es einige interessante Dokumentationen in der kommenden Woche. Viel Spa\u00df bei der Auswahl. Samstag, 5. September \u201eSeit etwa 200 Jahren gibt es die Eisenbahn \u2013 sie wurde zu einem der wichtigsten Verkehrsmittel der Menschheitsgeschichte. Vorstellung historischer Fernsehsendungen.\" \/>\n\t\t<meta property=\"og:url\" content=\"http:\/\/historikerkraus.de\/blog\/2026\/09\/04\/tv-vorschau-5-11-september-2026\/\" \/>\n\t\t<meta property=\"article:tag\" content=\"arch\u00e4ologie\" \/>\n\t\t<meta property=\"article:tag\" content=\"dokumentation\" \/>\n\t\t<meta property=\"article:tag\" content=\"fernsehen\" \/>\n\t\t<meta property=\"article:tag\" content=\"geschichte\" \/>\n\t\t<meta property=\"article:tag\" content=\"geschichtsfernsehen\" \/>\n\t\t<meta property=\"article:tag\" content=\"spielfilm\" \/>\n\t\t<meta property=\"article:tag\" content=\"tv.\" \/>\n\t\t<meta property=\"article:published_time\" content=\"2026-09-04T10:00:00+00:00\" \/>\n\t\t<meta property=\"article:modified_time\" content=\"2026-09-02T16:49:07+00:00\" \/>\n\t\t<meta name=\"twitter:card\" content=\"summary\" \/>\n\t\t<meta name=\"twitter:title\" content=\"TV-Vorschau 5. \u2013 11. September 2026 | #site_titleTV-Vorschau 5. \u2013 11. September 2026\" \/>\n\t\t<meta name=\"twitter:description\" content=\"Ob die Wahlberichterstattung zur Sachsen-Anhalt-Wahl als Zeitzeugendokumentation eines geschichtstr\u00e4chtigen Ereignisses durchgehen wird, wird die Zukunft zeigen. Aber auch dar\u00fcber hinaus gibt es einige interessante Dokumentationen in der kommenden Woche. Viel Spa\u00df bei der Auswahl. Samstag, 5. September \u201eSeit etwa 200 Jahren gibt es die Eisenbahn \u2013 sie wurde zu einem der wichtigsten Verkehrsmittel der Menschheitsgeschichte. Vorstellung historischer Fernsehsendungen.\" \/>\n\t\t<script type=\"application\/ld+json\" class=\"aioseo-schema\">\n\t\t\t{\"@context\":\"https:\\\/\\\/schema.org\",\"@graph\":[{\"@type\":\"Article\",\"@id\":\"http:\\\/\\\/historikerkraus.de\\\/blog\\\/2026\\\/09\\\/04\\\/tv-vorschau-5-11-september-2026\\\/#article\",\"name\":\"TV-Vorschau 5. \\u2013 11. September 2026 | #site_titleTV-Vorschau 5. \\u2013 11. September 2026\",\"headline\":\"TV-Vorschau 5. \\u2013 11. September 2026\",\"author\":{\"@id\":\"http:\\\/\\\/historikerkraus.de\\\/blog\\\/author\\\/ob-sk-177\\\/#author\"},\"publisher\":{\"@id\":\"http:\\\/\\\/historikerkraus.de\\\/blog\\\/#organization\"},\"datePublished\":\"2026-09-04T12:00:00+02:00\",\"dateModified\":\"2026-09-02T18:49:07+02:00\",\"inLanguage\":\"de-DE\",\"mainEntityOfPage\":{\"@id\":\"http:\\\/\\\/historikerkraus.de\\\/blog\\\/2026\\\/09\\\/04\\\/tv-vorschau-5-11-september-2026\\\/#webpage\"},\"isPartOf\":{\"@id\":\"http:\\\/\\\/historikerkraus.de\\\/blog\\\/2026\\\/09\\\/04\\\/tv-vorschau-5-11-september-2026\\\/#webpage\"},\"articleSection\":\"Geschichte im Fernsehen, History-TV, Arch\\u00e4ologie, Dokumentation, Fernsehen, Geschichte, Geschichtsfernsehen, Spielfilm, TV\"},{\"@type\":\"BreadcrumbList\",\"@id\":\"http:\\\/\\\/historikerkraus.de\\\/blog\\\/2026\\\/09\\\/04\\\/tv-vorschau-5-11-september-2026\\\/#breadcrumblist\",\"itemListElement\":[{\"@type\":\"ListItem\",\"@id\":\"http:\\\/\\\/historikerkraus.de\\\/blog#listItem\",\"position\":1,\"name\":\"Home\",\"item\":\"http:\\\/\\\/historikerkraus.de\\\/blog\",\"nextItem\":{\"@type\":\"ListItem\",\"@id\":\"http:\\\/\\\/historikerkraus.de\\\/blog\\\/category\\\/geschichte-im-fernsehen\\\/#listItem\",\"name\":\"Geschichte im Fernsehen\"}},{\"@type\":\"ListItem\",\"@id\":\"http:\\\/\\\/historikerkraus.de\\\/blog\\\/category\\\/geschichte-im-fernsehen\\\/#listItem\",\"position\":2,\"name\":\"Geschichte im Fernsehen\",\"item\":\"http:\\\/\\\/historikerkraus.de\\\/blog\\\/category\\\/geschichte-im-fernsehen\\\/\",\"nextItem\":{\"@type\":\"ListItem\",\"@id\":\"http:\\\/\\\/historikerkraus.de\\\/blog\\\/2026\\\/09\\\/04\\\/tv-vorschau-5-11-september-2026\\\/#listItem\",\"name\":\"TV-Vorschau 5. \\u2013 11. September 2026\"},\"previousItem\":{\"@type\":\"ListItem\",\"@id\":\"http:\\\/\\\/historikerkraus.de\\\/blog#listItem\",\"name\":\"Home\"}},{\"@type\":\"ListItem\",\"@id\":\"http:\\\/\\\/historikerkraus.de\\\/blog\\\/2026\\\/09\\\/04\\\/tv-vorschau-5-11-september-2026\\\/#listItem\",\"position\":3,\"name\":\"TV-Vorschau 5. \\u2013 11. September 2026\",\"previousItem\":{\"@type\":\"ListItem\",\"@id\":\"http:\\\/\\\/historikerkraus.de\\\/blog\\\/category\\\/geschichte-im-fernsehen\\\/#listItem\",\"name\":\"Geschichte im Fernsehen\"}}]},{\"@type\":\"Organization\",\"@id\":\"http:\\\/\\\/historikerkraus.de\\\/blog\\\/#organization\",\"name\":\"Historikerkraus.de - Das Blog\",\"description\":\"Historische Miszellen \\u2013 nicht nur aus dem Ruhrgebiet\",\"url\":\"http:\\\/\\\/historikerkraus.de\\\/blog\\\/\"},{\"@type\":\"Person\",\"@id\":\"http:\\\/\\\/historikerkraus.de\\\/blog\\\/author\\\/ob-sk-177\\\/#author\",\"url\":\"http:\\\/\\\/historikerkraus.de\\\/blog\\\/author\\\/ob-sk-177\\\/\",\"name\":\"Historikerkraus\",\"image\":{\"@type\":\"ImageObject\",\"@id\":\"http:\\\/\\\/historikerkraus.de\\\/blog\\\/2026\\\/09\\\/04\\\/tv-vorschau-5-11-september-2026\\\/#authorImage\",\"url\":\"https:\\\/\\\/secure.gravatar.com\\\/avatar\\\/7c17aa1a6332c7ee058509a6e4a24991a472ead2ac154b96b540bb75f62c2bbb?s=96&d=mm&r=g\",\"width\":96,\"height\":96,\"caption\":\"Historikerkraus\"}},{\"@type\":\"WebPage\",\"@id\":\"http:\\\/\\\/historikerkraus.de\\\/blog\\\/2026\\\/09\\\/04\\\/tv-vorschau-5-11-september-2026\\\/#webpage\",\"url\":\"http:\\\/\\\/historikerkraus.de\\\/blog\\\/2026\\\/09\\\/04\\\/tv-vorschau-5-11-september-2026\\\/\",\"name\":\"TV-Vorschau 5. \\u2013 11. September 2026 | #site_titleTV-Vorschau 5. \\u2013 11. September 2026\",\"description\":\"Ob die Wahlberichterstattung zur Sachsen-Anhalt-Wahl als Zeitzeugendokumentation eines geschichtstr\\u00e4chtigen Ereignisses durchgehen wird, wird die Zukunft zeigen. Aber auch dar\\u00fcber hinaus gibt es einige interessante Dokumentationen in der kommenden Woche. Viel Spa\\u00df bei der Auswahl. Samstag, 5. September \\u201eSeit etwa 200 Jahren gibt es die Eisenbahn \\u2013 sie wurde zu einem der wichtigsten Verkehrsmittel der Menschheitsgeschichte. Vorstellung historischer Fernsehsendungen.\",\"inLanguage\":\"de-DE\",\"isPartOf\":{\"@id\":\"http:\\\/\\\/historikerkraus.de\\\/blog\\\/#website\"},\"breadcrumb\":{\"@id\":\"http:\\\/\\\/historikerkraus.de\\\/blog\\\/2026\\\/09\\\/04\\\/tv-vorschau-5-11-september-2026\\\/#breadcrumblist\"},\"author\":{\"@id\":\"http:\\\/\\\/historikerkraus.de\\\/blog\\\/author\\\/ob-sk-177\\\/#author\"},\"creator\":{\"@id\":\"http:\\\/\\\/historikerkraus.de\\\/blog\\\/author\\\/ob-sk-177\\\/#author\"},\"datePublished\":\"2026-09-04T12:00:00+02:00\",\"dateModified\":\"2026-09-02T18:49:07+02:00\"},{\"@type\":\"WebSite\",\"@id\":\"http:\\\/\\\/historikerkraus.de\\\/blog\\\/#website\",\"url\":\"http:\\\/\\\/historikerkraus.de\\\/blog\\\/\",\"name\":\"Historikerkraus.de - Das Blog\",\"description\":\"Historische Miszellen \\u2013 nicht nur aus dem Ruhrgebiet\",\"inLanguage\":\"de-DE\",\"publisher\":{\"@id\":\"http:\\\/\\\/historikerkraus.de\\\/blog\\\/#organization\"}}]}\n\t\t<\/script>\n\t\t<!-- All in One SEO -->\n\n","aioseo_head_json":{"title":"TV-Vorschau 5. \u2013 11. September 2026 | #site_titleTV-Vorschau 5. \u2013 11. September 2026","description":"Ob die Wahlberichterstattung zur Sachsen-Anhalt-Wahl als Zeitzeugendokumentation eines geschichtstr\u00e4chtigen Ereignisses durchgehen wird, wird die Zukunft zeigen. Aber auch dar\u00fcber hinaus gibt es einige interessante Dokumentationen in der kommenden Woche. Viel Spa\u00df bei der Auswahl. Samstag, 5. September \u201eSeit etwa 200 Jahren gibt es die Eisenbahn \u2013 sie wurde zu einem der wichtigsten Verkehrsmittel der Menschheitsgeschichte. Vorstellung historischer Fernsehsendungen.","canonical_url":"http:\/\/historikerkraus.de\/blog\/2026\/09\/04\/tv-vorschau-5-11-september-2026\/","robots":"max-image-preview:large","keywords":"arch\u00e4ologie,dokumentation,fernsehen,geschichte,geschichtsfernsehen,spielfilm,tv,geschichte im fernsehen,history-tv","webmasterTools":{"miscellaneous":""},"schema":{"@context":"https:\/\/schema.org","@graph":[{"@type":"Article","@id":"http:\/\/historikerkraus.de\/blog\/2026\/09\/04\/tv-vorschau-5-11-september-2026\/#article","name":"TV-Vorschau 5. \u2013 11. September 2026 | #site_titleTV-Vorschau 5. \u2013 11. September 2026","headline":"TV-Vorschau 5. \u2013 11. September 2026","author":{"@id":"http:\/\/historikerkraus.de\/blog\/author\/ob-sk-177\/#author"},"publisher":{"@id":"http:\/\/historikerkraus.de\/blog\/#organization"},"datePublished":"2026-09-04T12:00:00+02:00","dateModified":"2026-09-02T18:49:07+02:00","inLanguage":"de-DE","mainEntityOfPage":{"@id":"http:\/\/historikerkraus.de\/blog\/2026\/09\/04\/tv-vorschau-5-11-september-2026\/#webpage"},"isPartOf":{"@id":"http:\/\/historikerkraus.de\/blog\/2026\/09\/04\/tv-vorschau-5-11-september-2026\/#webpage"},"articleSection":"Geschichte im Fernsehen, History-TV, Arch\u00e4ologie, Dokumentation, Fernsehen, Geschichte, Geschichtsfernsehen, Spielfilm, TV"},{"@type":"BreadcrumbList","@id":"http:\/\/historikerkraus.de\/blog\/2026\/09\/04\/tv-vorschau-5-11-september-2026\/#breadcrumblist","itemListElement":[{"@type":"ListItem","@id":"http:\/\/historikerkraus.de\/blog#listItem","position":1,"name":"Home","item":"http:\/\/historikerkraus.de\/blog","nextItem":{"@type":"ListItem","@id":"http:\/\/historikerkraus.de\/blog\/category\/geschichte-im-fernsehen\/#listItem","name":"Geschichte im Fernsehen"}},{"@type":"ListItem","@id":"http:\/\/historikerkraus.de\/blog\/category\/geschichte-im-fernsehen\/#listItem","position":2,"name":"Geschichte im Fernsehen","item":"http:\/\/historikerkraus.de\/blog\/category\/geschichte-im-fernsehen\/","nextItem":{"@type":"ListItem","@id":"http:\/\/historikerkraus.de\/blog\/2026\/09\/04\/tv-vorschau-5-11-september-2026\/#listItem","name":"TV-Vorschau 5. \u2013 11. September 2026"},"previousItem":{"@type":"ListItem","@id":"http:\/\/historikerkraus.de\/blog#listItem","name":"Home"}},{"@type":"ListItem","@id":"http:\/\/historikerkraus.de\/blog\/2026\/09\/04\/tv-vorschau-5-11-september-2026\/#listItem","position":3,"name":"TV-Vorschau 5. \u2013 11. September 2026","previousItem":{"@type":"ListItem","@id":"http:\/\/historikerkraus.de\/blog\/category\/geschichte-im-fernsehen\/#listItem","name":"Geschichte im Fernsehen"}}]},{"@type":"Organization","@id":"http:\/\/historikerkraus.de\/blog\/#organization","name":"Historikerkraus.de - Das Blog","description":"Historische Miszellen \u2013 nicht nur aus dem Ruhrgebiet","url":"http:\/\/historikerkraus.de\/blog\/"},{"@type":"Person","@id":"http:\/\/historikerkraus.de\/blog\/author\/ob-sk-177\/#author","url":"http:\/\/historikerkraus.de\/blog\/author\/ob-sk-177\/","name":"Historikerkraus","image":{"@type":"ImageObject","@id":"http:\/\/historikerkraus.de\/blog\/2026\/09\/04\/tv-vorschau-5-11-september-2026\/#authorImage","url":"https:\/\/secure.gravatar.com\/avatar\/7c17aa1a6332c7ee058509a6e4a24991a472ead2ac154b96b540bb75f62c2bbb?s=96&d=mm&r=g","width":96,"height":96,"caption":"Historikerkraus"}},{"@type":"WebPage","@id":"http:\/\/historikerkraus.de\/blog\/2026\/09\/04\/tv-vorschau-5-11-september-2026\/#webpage","url":"http:\/\/historikerkraus.de\/blog\/2026\/09\/04\/tv-vorschau-5-11-september-2026\/","name":"TV-Vorschau 5. \u2013 11. September 2026 | #site_titleTV-Vorschau 5. \u2013 11. September 2026","description":"Ob die Wahlberichterstattung zur Sachsen-Anhalt-Wahl als Zeitzeugendokumentation eines geschichtstr\u00e4chtigen Ereignisses durchgehen wird, wird die Zukunft zeigen. Aber auch dar\u00fcber hinaus gibt es einige interessante Dokumentationen in der kommenden Woche. Viel Spa\u00df bei der Auswahl. Samstag, 5. September \u201eSeit etwa 200 Jahren gibt es die Eisenbahn \u2013 sie wurde zu einem der wichtigsten Verkehrsmittel der Menschheitsgeschichte. Vorstellung historischer Fernsehsendungen.","inLanguage":"de-DE","isPartOf":{"@id":"http:\/\/historikerkraus.de\/blog\/#website"},"breadcrumb":{"@id":"http:\/\/historikerkraus.de\/blog\/2026\/09\/04\/tv-vorschau-5-11-september-2026\/#breadcrumblist"},"author":{"@id":"http:\/\/historikerkraus.de\/blog\/author\/ob-sk-177\/#author"},"creator":{"@id":"http:\/\/historikerkraus.de\/blog\/author\/ob-sk-177\/#author"},"datePublished":"2026-09-04T12:00:00+02:00","dateModified":"2026-09-02T18:49:07+02:00"},{"@type":"WebSite","@id":"http:\/\/historikerkraus.de\/blog\/#website","url":"http:\/\/historikerkraus.de\/blog\/","name":"Historikerkraus.de - Das Blog","description":"Historische Miszellen \u2013 nicht nur aus dem Ruhrgebiet","inLanguage":"de-DE","publisher":{"@id":"http:\/\/historikerkraus.de\/blog\/#organization"}}]},"og:locale":"de_DE","og:site_name":"Historikerkraus.de - Das Blog | Historische Miszellen \u2013 nicht nur aus dem Ruhrgebiet","og:type":"article","og:title":"TV-Vorschau 5. \u2013 11. September 2026 | #site_titleTV-Vorschau 5. \u2013 11. September 2026","og:description":"Ob die Wahlberichterstattung zur Sachsen-Anhalt-Wahl als Zeitzeugendokumentation eines geschichtstr\u00e4chtigen Ereignisses durchgehen wird, wird die Zukunft zeigen. Aber auch dar\u00fcber hinaus gibt es einige interessante Dokumentationen in der kommenden Woche. Viel Spa\u00df bei der Auswahl. Samstag, 5. September \u201eSeit etwa 200 Jahren gibt es die Eisenbahn \u2013 sie wurde zu einem der wichtigsten Verkehrsmittel der Menschheitsgeschichte. Vorstellung historischer Fernsehsendungen.","og:url":"http:\/\/historikerkraus.de\/blog\/2026\/09\/04\/tv-vorschau-5-11-september-2026\/","article:tag":["arch\u00e4ologie","dokumentation","fernsehen","geschichte","geschichtsfernsehen","spielfilm","tv."],"article:published_time":"2026-09-04T10:00:00+00:00","article:modified_time":"2026-09-02T16:49:07+00:00","twitter:card":"summary","twitter:title":"TV-Vorschau 5. \u2013 11. September 2026 | #site_titleTV-Vorschau 5. \u2013 11. September 2026","twitter:description":"Ob die Wahlberichterstattung zur Sachsen-Anhalt-Wahl als Zeitzeugendokumentation eines geschichtstr\u00e4chtigen Ereignisses durchgehen wird, wird die Zukunft zeigen. Aber auch dar\u00fcber hinaus gibt es einige interessante Dokumentationen in der kommenden Woche. Viel Spa\u00df bei der Auswahl. Samstag, 5. September \u201eSeit etwa 200 Jahren gibt es die Eisenbahn \u2013 sie wurde zu einem der wichtigsten Verkehrsmittel der Menschheitsgeschichte. Vorstellung historischer Fernsehsendungen."},"aioseo_meta_data":{"post_id":"5614","title":"#post_title | #site_titleTV-Vorschau 5. \u2013 11. September 2026","description":"#post_content Vorstellung historischer Fernsehsendungen.","keywords":null,"keyphrases":{"focus":{"keyphrase":"","score":0,"analysis":{"keyphraseInTitle":{"score":0,"maxScore":9,"error":1}}},"additional":[]},"primary_term":null,"canonical_url":null,"og_title":null,"og_description":null,"og_object_type":"default","og_image_type":"default","og_image_url":null,"og_image_width":null,"og_image_height":null,"og_image_custom_url":null,"og_image_custom_fields":null,"og_video":"","og_custom_url":null,"og_article_section":null,"og_article_tags":[{"label":"Arch\u00e4ologie","value":"Arch\u00e4ologie"},{"label":"Dokumentation","value":"Dokumentation"},{"label":"Fernsehen","value":"Fernsehen"},{"label":"Geschichte","value":"Geschichte"},{"label":"Geschichtsfernsehen","value":"Geschichtsfernsehen"},{"label":"Spielfilm","value":"Spielfilm"},{"label":"TV.","value":"TV."}],"twitter_use_og":false,"twitter_card":"default","twitter_image_type":"default","twitter_image_url":null,"twitter_image_custom_url":null,"twitter_image_custom_fields":null,"twitter_title":null,"twitter_description":null,"schema":{"blockGraphs":[],"customGraphs":[],"default":{"data":{"Article":[],"Course":[],"Dataset":[],"FAQPage":[],"Movie":[],"Person":[],"Product":[],"ProductReview":[],"Car":[],"Recipe":[],"Service":[],"SoftwareApplication":[],"WebPage":[]},"graphName":"Article","isEnabled":true},"graphs":[]},"schema_type":"default","schema_type_options":null,"pillar_content":false,"robots_default":true,"robots_noindex":false,"robots_noarchive":false,"robots_nosnippet":false,"robots_nofollow":false,"robots_noimageindex":false,"robots_noodp":false,"robots_notranslate":false,"robots_max_snippet":"-1","robots_max_videopreview":"-1","robots_max_imagepreview":"large","priority":null,"frequency":"default","local_seo":null,"breadcrumb_settings":null,"limit_modified_date":false,"ai":{"faqs":[],"keyPoints":[],"schemas":[],"titles":[],"descriptions":[],"socialPosts":{"email":{"subject":"","preview":"","content":""},"linkedin":[],"twitter":[],"facebook":[],"instagram":[]}},"created":"2026-09-02 16:44:54","updated":"2026-09-02 16:49:07","seo_analyzer_scan_date":null,"focus_keyword":null,"additional_keywords":null,"truseo_locale":null},"aioseo_breadcrumb":"<div class=\"aioseo-breadcrumbs\"><span class=\"aioseo-breadcrumb\">\n\t\t\t<a href=\"http:\/\/historikerkraus.de\/blog\" title=\"Home\">Home<\/a>\n\t\t<\/span><span class=\"aioseo-breadcrumb-separator\">&raquo;<\/span><span class=\"aioseo-breadcrumb\">\n\t\t\t<a href=\"http:\/\/historikerkraus.de\/blog\/category\/geschichte-im-fernsehen\/\" title=\"Geschichte im Fernsehen\">Geschichte im Fernsehen<\/a>\n\t\t<\/span><span class=\"aioseo-breadcrumb-separator\">&raquo;<\/span><span class=\"aioseo-breadcrumb\">\n\t\t\tTV-Vorschau 5. \u2013 11. September 2026\n\t\t<\/span><\/div>","aioseo_breadcrumb_json":[{"label":"Home","link":"http:\/\/historikerkraus.de\/blog"},{"label":"Geschichte im Fernsehen","link":"http:\/\/historikerkraus.de\/blog\/category\/geschichte-im-fernsehen\/"},{"label":"TV-Vorschau 5. \u2013 11. September 2026","link":"http:\/\/historikerkraus.de\/blog\/2026\/09\/04\/tv-vorschau-5-11-september-2026\/"}],"_links":{"self":[{"href":"http:\/\/historikerkraus.de\/blog\/wp-json\/wp\/v2\/posts\/5614","targetHints":{"allow":["GET"]}}],"collection":[{"href":"http:\/\/historikerkraus.de\/blog\/wp-json\/wp\/v2\/posts"}],"about":[{"href":"http:\/\/historikerkraus.de\/blog\/wp-json\/wp\/v2\/types\/post"}],"author":[{"embeddable":true,"href":"http:\/\/historikerkraus.de\/blog\/wp-json\/wp\/v2\/users\/10"}],"replies":[{"embeddable":true,"href":"http:\/\/historikerkraus.de\/blog\/wp-json\/wp\/v2\/comments?post=5614"}],"version-history":[{"count":1,"href":"http:\/\/historikerkraus.de\/blog\/wp-json\/wp\/v2\/posts\/5614\/revisions"}],"predecessor-version":[{"id":5615,"href":"http:\/\/historikerkraus.de\/blog\/wp-json\/wp\/v2\/posts\/5614\/revisions\/5615"}],"wp:attachment":[{"href":"http:\/\/historikerkraus.de\/blog\/wp-json\/wp\/v2\/media?parent=5614"}],"wp:term":[{"taxonomy":"category","embeddable":true,"href":"http:\/\/historikerkraus.de\/blog\/wp-json\/wp\/v2\/categories?post=5614"},{"taxonomy":"post_tag","embeddable":true,"href":"http:\/\/historikerkraus.de\/blog\/wp-json\/wp\/v2\/tags?post=5614"}],"curies":[{"name":"wp","href":"https:\/\/api.w.org\/{rel}","templated":true}]}}