{"id":5393,"date":"2025-04-04T12:00:00","date_gmt":"2025-04-04T10:00:00","guid":{"rendered":"http:\/\/historikerkraus.de\/blog\/?p=5393"},"modified":"2025-04-02T20:43:12","modified_gmt":"2025-04-02T18:43:12","slug":"tv-vorschau-5-11-april-2025","status":"publish","type":"post","link":"http:\/\/historikerkraus.de\/blog\/2025\/04\/04\/tv-vorschau-5-11-april-2025\/","title":{"rendered":"TV-Vorschau 5. \u2013 11. April 2025"},"content":{"rendered":"\n<p>Hans Rosenthal, Anne Frank, Dietrich Bonhoeffer \u2013 alles Opfer der Nationalsozialisten. Sie bilden einen Programmschwerpunkt der Geschichtssendungen der kommenden Woche.<\/p>\n\n\n\n<h2 class=\"wp-block-heading has-text-align-center\" id=\"samstag5.april\">Samstag, 5. April<\/h2>\n\n\n\n<ul class=\"wp-block-list\">\n<li>Automobil-Geschichte(n) auf <strong>tagesschau 24<\/strong>. Um 20.15 Uhr erfahren wir, <a href=\"https:\/\/www.ardmediathek.de\/tv-programm\/67c02a0f2cd8a48118e6f909\" target=\"_blank\" rel=\"noreferrer noopener\">\u201eWie NRW das Auto lieben lernte\u201c<\/a>. \u2014 Im Anschluss lautet das Thema \u201eWie das Auto den S\u00fcdwesten eroberte\u201c. Um 21.02 Uhr geht es um <a href=\"https:\/\/www.ardmediathek.de\/tv-programm\/67c02a0f2cd8a48118e6f905\" target=\"_blank\" rel=\"noreferrer noopener\">\u201eDie Anfangsjahre\u201c<\/a>, um 21.47 Uhr folgen <a href=\"https:\/\/www.ardmediathek.de\/tv-programm\/67c02a0f2cd8a48118e6f903\" target=\"_blank\" rel=\"noreferrer noopener\">\u201eDie Krisenjahre\u201c<\/a>.<\/li>\n\n\n\n<li><strong>ARD-alpha<\/strong> blickt auf das Jahr 1939. <em>\u201eCountdown to War \u00b7 Der Ausbruch des 2. Weltkriegs\u201c<\/em> beginnt um 20.15 Uhr mit der Folge <a href=\"https:\/\/www.br.de\/fernsehen\/ard-alpha\/programmkalender\/ausstrahlung-3763222.html\" target=\"_blank\" rel=\"noreferrer noopener\">\u201eDer erste Tag\u201c<\/a>. \u2014 <a href=\"https:\/\/www.br.de\/fernsehen\/ard-alpha\/programmkalender\/ausstrahlung-3763224.html\" target=\"_blank\" rel=\"noreferrer noopener\">\u201eDer zweite Tag\u201c<\/a> folgt um 21 Uhr.<\/li>\n\n\n\n<li>Chinesische Geschichte auf <strong>Arte<\/strong>. Um 20.15 Uhr lernen wir <a href=\"https:\/\/www.arte.tv\/de\/videos\/117160-000-A\/die-vergessene-hauptstadt-der-ming-dynastie\/\" target=\"_blank\" rel=\"noreferrer noopener\">\u201eDie vergessene Hauptstadt der Ming-Dynastie\u201c<\/a> kennen. \u2014 Um 21.45 Uhr ist <a href=\"https:\/\/www.arte.tv\/de\/videos\/055224-000-A\/der-welt-groesstes-bauwerk-chinas-grosse-mauer\/\" target=\"_blank\" rel=\"noreferrer noopener\">\u201eDer Welt gr\u00f6\u00dftes Bauwerk: Chinas Gro\u00dfe Mauer\u201c<\/a> an der Reihe.<\/li>\n<\/ul>\n\n\n\n<h2 class=\"wp-block-heading has-text-align-center\" id=\"sonntag6.april\">Sonntag, 6. April<\/h2>\n\n\n\n<ul class=\"wp-block-list\">\n<li>Terra X stellt zum zweiten Mal die Frage nach dem, \u201eWas die Welt besser macht\u201c. Heute geht es um die <a href=\"https:\/\/www.zdf.de\/video\/dokus\/frieden-freiheit-gerechtigkeit-was-die-welt-besser-macht-mit-mirko-drotschmann-dokureihe-100\/was-die-welt-besser-macht-freiheit-mit-mirko-drotschmann-doku-100\" target=\"_blank\" rel=\"noreferrer noopener\">\u201eFreiheit\u201c<\/a> (<strong>ZDF<\/strong>, 19.30 Uhr). <em>\u201eMirko Drotschmanns Reise beginnt an der Freiheitsstatue in New York \u2013 dem weltweit bekanntesten Symbol f\u00fcr Freiheit. Als erste Demokratie der Neuzeit waren die USA lange Sehnsuchtsort f\u00fcr Freiheitssuchende aus vielen L\u00e4ndern der Erde. Bis sich das heutige Freiheitsverst\u00e4ndnis durchgesetzt hatte, war es ein weiter Weg: Das demokratische Experiment der Athener im 5. Jahrhundert vor Christus war eine Ausnahmeerscheinung. Bis ins 18. Jahrhundert war Freiheit vor allem ein Privileg der Reichen und M\u00e4chtigen.\u201c<\/em><\/li>\n\n\n\n<li><em>\u201eDie mittelalterliche Burganlage <a href=\"https:\/\/www.br.de\/fernsehen\/ard-alpha\/programmkalender\/ausstrahlung-3763308.html\" target=\"_blank\" rel=\"noreferrer noopener\">\u201eBurg Hohnstein in der S\u00e4chsischen Schweiz\u201c<\/a> auf einem 140 m hohen Felsen wurde 1353 erstmals urkundlich erw\u00e4hnt. In ihrer wechselvollen Geschichte war sie erst Adelssitz und Jagdschloss dann Amt, Gef\u00e4ngnis, Jugendherberge und sogar KZ. F\u00fcr viele G\u00e4ste der heutigen Jugendherberge ist es ein Schock, wenn sie von der wechselhaften Vorgeschichte der Burg h\u00f6ren.\u201c<\/em> (<strong>ARD-alpha<\/strong>, 20.15 Uhr) \u2014 Es folgt um 21 Uhr der Beitrag <a href=\"https:\/\/www.br.de\/fernsehen\/ard-alpha\/programmkalender\/ausstrahlung-3763310.html\" target=\"_blank\" rel=\"noreferrer noopener\">\u201eDer Kohnstein \u00b7 Ein deutscher Schicksalsberg\u201c<\/a>.<\/li>\n\n\n\n<li>Der <strong>mdr<\/strong> widmet sich dem Thema \u201e80 Jahre Ende Zweiter Weltkrieg\u201c. Um 22.30 Uhr berichtet die MDR Zeitreise \u00dcber <a href=\"https:\/\/www.mdr.de\/tv\/programm\/sendung-1016230.html\" target=\"_blank\" rel=\"noreferrer noopener\">\u201eBuchenwald \u2013 Ein Konzentrationslager mitten unter uns\u201c<\/a>. <em>\u201eIm April 2020 j\u00e4hrt sich zum 75. Mal die Befreiung des Konzentrationslagers Buchenwald bei Weimar. Es liegt auf dem Ettersberg, doch auch nah genug an der Stadt \u2013 was sich dort abspielte, konnte nicht v\u00f6llig verborgen bleiben. Doch wer wusste tats\u00e4chlich davon? Handwerker, die Gasleitungen dahin verlegten? \u00c4rzte, die im Krankenhaus Weimar H\u00e4ftlinge versorgten? Firmen, die Krematorien daf\u00fcr bauten?\u201c<\/em> \u2014 Um 23 Uhr folgt der Beitrag <a href=\"https:\/\/www.mdr.de\/tv\/programm\/sendung-1013616.html\" target=\"_blank\" rel=\"noreferrer noopener\">\u201eRettet Auschwitz! Gedenken zwischen Massentourismus und Neubaugebiet\u201c<\/a>. <em>\u201eVerliert das KZ Auschwitz seine wahre Bedeutung als Symbol des Holocaust? Wird dieser Ort der Erinnerung eines Tages sogar ganz verschwinden? Auschwitz-Birkenau steht wie kein anderes Konzentrationslager der Nationalsozialisten f\u00fcr den planm\u00e4\u00dfigen Massenmord an Millionen Juden, Polen, Sinti und Roma und Kriegsgefangenen. Heute z\u00e4hlt die Gedenkst\u00e4tte j\u00e4hrlich um die zwei Millionen Besucher aus aller Welt. Ist das noch \u201aechtes\u2018 Gedenken oder purer Massentourismus?\u201c<\/em> \u2014 Um Mitternacht schlie\u00dft sich der Film <a href=\"https:\/\/www.mdr.de\/tv\/programm\/sendung-1013618.html\" target=\"_blank\" rel=\"noreferrer noopener\">\u201eKinder des Krieges \u2013 Deutschland 1945\u201c<\/a> an.<\/li>\n<\/ul>\n\n\n\n<h2 class=\"wp-block-heading has-text-align-center\" id=\"montag7.april\">Montag, 7. April<\/h2>\n\n\n\n<ul class=\"wp-block-list\">\n<li>Das <strong>ZDF<\/strong> w\u00fcrdigt sein einstiges Showmaster-Aush\u00e4ngeschild Hans Rosenthal mit einem biografischen Spielfilm <a href=\"https:\/\/www.zdf.de\/filme\/rosenthal-movie-100\" target=\"_blank\" rel=\"noreferrer noopener\">\u201eRosenthal\u201c<\/a> (BRD 2025, Regie: Oliver Haffner) und der Doku <a href=\"https:\/\/www.tvspielfilm.de\/tv-programm\/sendung\/hans-rosenthal-zwei-leben-in-deutschland,67d7de87c9c4f77c99e060ed.html\" target=\"_blank\" rel=\"noreferrer noopener\">\u201eHans Rosenthal \u2013 Zwei Leben in Deutschland\u201c<\/a> (21.45 Uhr).<\/li>\n\n\n\n<li><em>\u201eIn den letzten Tagen des Zweiten Weltkriegs, vor achtzig Jahren, ereignet sich in der N\u00e4he des Dorfes Farsleben n\u00f6rdlich von Magdeburg ein Wunder. Am 12. April 1945 kommt hier ein Todeszug zum Stehen, darin eingepfercht 2.500 j\u00fcdische H\u00e4ftlinge, vor allem Frauen und Kinder, die aus dem Konzentrationslager Bergen-Belsen kommen. Als sich die britischen und amerikanischen Truppen dem KZ Bergen-Belsen n\u00e4herten, schickt die SS drei Z\u00fcge mit H\u00e4ftlingen los, mit dem Ziel Theresienstadt. Nur einer der drei Transporte triff dort ein. Die beiden anderen fahren tagelang umher. Einer wird nach zwei Wochen in S\u00fcdbrandenburg durch die sowjetische Armee befreit, er wird sp\u00e4ter als der \u201averlorene Zug\u2018 tituliert. Der andere, der bei Farsleben zum Halten kommt, nennt man sp\u00e4ter den \u201agestrandeten Zug\u2018. Die H\u00e4ftlinge darin kommen aus Ungarn, den Niederlanden, Polen und Griechenland und tragen ihre private Kleidung. Die SS hatte diese Menschen als Geiseln eingeplant, sie sollten urspr\u00fcnglich gegen gefangene Deutsche ausgetauscht werden.\u201c<\/em> Die <strong>ARD<\/strong> erinnert an die Befreiung um 23.05 Uhr mit der Doku <a href=\"https:\/\/www.daserste.de\/information\/reportage-dokumentation\/dokus\/sendung\/zug-ins-leben-die-befreiung-der-ss-geiseln-100.html\" target=\"_blank\" rel=\"noreferrer noopener\">\u201eZug ins Leben \u2013 Die Befreiung der SS-Geiseln\u201c<\/a>.<\/li>\n<\/ul>\n\n\n\n<h2 class=\"wp-block-heading has-text-align-center\" id=\"dienstag8.april\">Dienstag, 8. April<\/h2>\n\n\n\n<ul class=\"wp-block-list\">\n<li>\u201e80 Jahre Ende Zweiter Weltkrieg\u201c besch\u00e4ftigt den <strong>mdr<\/strong> um 22.15 Uhr. Die Doku <a href=\"https:\/\/www.mdr.de\/tv\/programm\/sendung-1014054.html\" target=\"_blank\" rel=\"noreferrer noopener\">\u201eDie geheimen Depots von Buchenwald\u201c<\/a> <em>\u201ebegleitet und dokumentiert Ausgrabungsarbeiten am Steinbruch des Konzentrationslagers Buchenwald, macht sich auf Spurensuche und offenbart eine bisher unerz\u00e4hlte Geschichte.\u201c<\/em> \u2014 Es folgt um 23 Uhr der Spielfilm <a href=\"https:\/\/www.mdr.de\/tv\/programm\/sendung-1014056.html\" target=\"_blank\" rel=\"noreferrer noopener\">\u201eNackt unter W\u00f6lfen\u201c<\/a> (BRD 2015, Regie: Philipp Kadelbach) nach dem gleichnamigen Roman von Bruno Apitz.<\/li>\n\n\n\n<li><em>\u201eDietrich Bonhoeffer (1906\u20131945) ist einer der bekanntesten Theologen, die sich dem NS-Regime widersetzten. Das Dokudrama <a href=\"https:\/\/www.3sat.de\/dokumentation\/geschichte\/mit-gott-gegen-hitler-104.html\" target=\"_blank\" rel=\"noreferrer noopener\">\u201eMit Gott gegen Hitler \u2013 Bonhoeffer und der christliche Widerstand\u201c<\/a> erz\u00e4hlt die Geschichte von ihm und anderen Christen im Widerstand. In Reden und Schriften wehrte sich Bonhoeffer gegen die Ideologie des Nationalsozialismus und dezidiert gegen die Verfolgung der Juden. Am 9. April 1945 wurde er hingerichtet, seine Schriften und Briefe haben bis heute eine hohe Bekanntheit.\u201c<\/em> <strong>3sat<\/strong>, 22.25 Uhr. \u2014 Um 23.15 Uhr folgt der Film <a href=\"https:\/\/www.3sat.de\/dokumentation\/geschichte\/bayerns-kloester-unter-dem-hakenkreuz-100.html\" target=\"_blank\" rel=\"noreferrer noopener\">\u201eBayerns Kl\u00f6ster unter dem Hakenkreuz\u201c<\/a>.<\/li>\n<\/ul>\n\n\n\n<h2 class=\"wp-block-heading has-text-align-center\" id=\"mittwoch9.april\">Mittwoch, 9. April<\/h2>\n\n\n\n<ul class=\"wp-block-list\">\n<li>In Erstausstrahlung zeigt um 20.15 Uhr <strong>3sat<\/strong> den Dokumentarfilm <a href=\"https:\/\/pressetreff.3sat.de\/programm\/dossier\/anne-frank-tagebuch-einer-jugendlichen\" target=\"_blank\" rel=\"noreferrer noopener\">\u201eAnne Frank. Tagebuch einer Jugendlichen\u201c<\/a>. <em>\u201eAnne Franks Tagebuch ist eines der meistgelesenen B\u00fccher \u00fcber die Judenverfolgung. Der Dokumentarfilm zeichnet das Leben von Anne Frank in ihrem Versteck in Amsterdam nach. Auf eindr\u00fcckliche Weise erz\u00e4hlt er von den zwei Jahren, die sich das junge M\u00e4dchen \u2013 gemeinsam mit anderen \u2013 in einem Hinterhaus in Amsterdam vor den Nationalsozialisten versteckte. Durch die von Schauspielerin Mala Emde gelesenen Tagebucheintr\u00e4ge bekommt Anne Frank im Film eine Stimme und die Zuschauenden tauchen ein in ihren Alltag, ihre Freuden, Hoffnungen und \u00c4ngste.\u201c<\/em><\/li>\n<\/ul>\n\n\n\n<h2 class=\"wp-block-heading has-text-align-center\" id=\"donnerstag10.april\">Donnerstag, 10. April<\/h2>\n\n\n\n<ul class=\"wp-block-list\">\n<li>\u201eApokalypse \u2013 Der Zweite Weltkrieg\u201c steht um 20.15 Uhr, 21.05 Uhr und 22.05 Uhr bei <a href=\"https:\/\/www.n-tv.de\/mediathek\/tvprogramm\/?date=2025-04-10\" target=\"_blank\" rel=\"noreferrer noopener\"><strong>n-tv<\/strong><\/a> auf dem Programm. \u2014 Um 23.30 Uhr l\u00e4uft \u201eAuschwitz \u2013 Countdown zur Befreiung\u201c.<\/li>\n\n\n\n<li>Der <strong>hr<\/strong> untersucht <a href=\"https:\/\/archive.org\/details\/ARDMediathek-Y3JpZDovL2Rhc2Vyc3RlLmRlL2dlc2NoaWNodGUtaW0tZXJzdGVuLzIwMjQtMDEtMTVfMjMtMDUtTUVa\" target=\"_blank\" rel=\"noreferrer noopener\">\u201eLenin \u2013 Weg in den Terror\u201c<\/a> um 0.30 Uhr. <em>\u201eDer Angriff Russlands auf die Ukraine liegt inzwischen \u00fcber drei Jahre zur\u00fcck. Lenins Politik, in seiner Heimat fast vergessen, dient im Februar 2022 dem russischen Pr\u00e4sidenten pl\u00f6tzlich als Begr\u00fcndung seines Angriffskrieges. Er behauptet, erst Lenin und die Bolschewiki haben den ukrainischen Staat geschaffen. Die unabh\u00e4ngige Ukraine \u2013 f\u00fcr Putin ein Verrat Lenins. Wer war dieser Mann, der die Weltgeschichte so ma\u00dfgeblich beeinflusste und offenbar eine Z\u00fcndschnur bis in die Gegenwart gelegt hat?\u201c<\/em><\/li>\n<\/ul>\n\n\n\n<h2 class=\"wp-block-heading has-text-align-center\" id=\"freitag11.april\">Freitag, 11. April<\/h2>\n\n\n\n<ul class=\"wp-block-list\">\n<li><strong>Phoenix<\/strong> widmet sich dem \u201eMythos Heinrich VIII.\u201c. <em>\u201eDiese dreiteilige Doku-Serie zeigt den englischen K\u00f6nig wie nie zuvor und l\u00e4sst ein Team renommierter Tudor-Experten zu Wort kommen. Die Reihe taucht tief in die Geschichte ein und erforscht, wie Heinrichs Pers\u00f6nlichkeit England grundlegend gepr\u00e4gt hat.\u201c<\/em> Um 20.15 Uhr beginnt sein <a href=\"https:\/\/www.phoenix.de\/sendungen\/dokumentationen\/mythos-heinrich-viii-a-4366652.html\" target=\"_blank\" rel=\"noreferrer noopener\">\u201eAufstieg zum K\u00f6nig\u201c<\/a>. <a href=\"https:\/\/www.phoenix.de\/sendungen\/dokumentationen\/mythos-heinrich-viii-a-4366662.html\" target=\"_blank\" rel=\"noreferrer noopener\">\u201eSex und Intrigen\u201c<\/a> stehen um 21 Uhr im Blickpunkt. Um 21.45 Uhr endet seine Herrschaft im <a href=\"https:\/\/www.phoenix.de\/sendungen\/dokumentationen\/mythos-heinrich-viii-a-4366672.html\" target=\"_blank\" rel=\"noreferrer noopener\">\u201eGr\u00f6\u00dfenwahn\u201c<\/a>.<\/li>\n\n\n\n<li><strong>tagesschau 24<\/strong> fragt um 22.20 Uhr <a href=\"https:\/\/www.ardmediathek.de\/video\/ard-history\/warum-dresden-die-macht-der-erinnerung\/mdr\/Y3JpZDovL21kci5kZS9zZW5kdW5nLzI4MjA0MS8yMDI0MTIyNDAyMDAvbWRycGx1cy1zZW5kdW5nLTk1Mjg\" target=\"_blank\" rel=\"noreferrer noopener\">\u201eWarum Dresden? Die Macht der Erinnerung\u201c<\/a>. <em>\u201eDresden ist im Erinnern an die Bombardierung der Stadt am 13.\/14.Februar 1945 noch immer der Sonderfall. Auch andere deutsche St\u00e4dte wurden schwer zerst\u00f6rt, doch vor allem in Dresden bleibt das Ringen um Opfer- und T\u00e4terperspektive hart umk\u00e4mpft. Die Idee, die Dresdner seien reine Opfer gewesen, frei von Schuld, ist von so z\u00e4her Aktualit\u00e4t, wie die \u00dcberzeugung, T\u00e4ter seien immer die anderen. \u201cDie Hoheit \u00fcber die Erinnerung ist selbst ein Schlachtfeld\u201d, schreibt der kluge englische Autor Sinclair McKay \u00fcber die Bombardierung Dresdens. Versuchen wir uns einen Weg zu bahnen, um die Deutungshoheit der Geschichte schlichtweg nicht Bj\u00f6rn H\u00f6cke und seinen Mitstreitern zu \u00fcberlassen.\u201c<\/em><\/li>\n<\/ul>\n\n\n","protected":false},"excerpt":{"rendered":"<p>Hans Rosenthal, Anne Frank, Dietrich Bonhoeffer \u2013 alles Opfer der Nationalsozialisten. Sie bilden einen Programmschwerpunkt der Geschichtssendungen der kommenden Woche. Samstag, 5. April Sonntag, 6. April Montag, 7. April Dienstag, 8. April Mittwoch, 9. April Donnerstag, 10. April Freitag, 11. April<\/p>\n","protected":false},"author":10,"featured_media":0,"comment_status":"open","ping_status":"open","sticky":false,"template":"","format":"standard","meta":{"footnotes":""},"categories":[1,4,8],"tags":[115,126,128,129,123,125,124],"class_list":["post-5393","post","type-post","status-publish","format-standard","hentry","category-allgemein","category-geschichte-im-fernsehen","category-history-tv","tag-archaologie","tag-dokumentation","tag-fernsehen","tag-geschichte","tag-geschichtsfernsehen","tag-spielfilm","tag-tv"],"aioseo_notices":[],"_links":{"self":[{"href":"http:\/\/historikerkraus.de\/blog\/wp-json\/wp\/v2\/posts\/5393","targetHints":{"allow":["GET"]}}],"collection":[{"href":"http:\/\/historikerkraus.de\/blog\/wp-json\/wp\/v2\/posts"}],"about":[{"href":"http:\/\/historikerkraus.de\/blog\/wp-json\/wp\/v2\/types\/post"}],"author":[{"embeddable":true,"href":"http:\/\/historikerkraus.de\/blog\/wp-json\/wp\/v2\/users\/10"}],"replies":[{"embeddable":true,"href":"http:\/\/historikerkraus.de\/blog\/wp-json\/wp\/v2\/comments?post=5393"}],"version-history":[{"count":1,"href":"http:\/\/historikerkraus.de\/blog\/wp-json\/wp\/v2\/posts\/5393\/revisions"}],"predecessor-version":[{"id":5394,"href":"http:\/\/historikerkraus.de\/blog\/wp-json\/wp\/v2\/posts\/5393\/revisions\/5394"}],"wp:attachment":[{"href":"http:\/\/historikerkraus.de\/blog\/wp-json\/wp\/v2\/media?parent=5393"}],"wp:term":[{"taxonomy":"category","embeddable":true,"href":"http:\/\/historikerkraus.de\/blog\/wp-json\/wp\/v2\/categories?post=5393"},{"taxonomy":"post_tag","embeddable":true,"href":"http:\/\/historikerkraus.de\/blog\/wp-json\/wp\/v2\/tags?post=5393"}],"curies":[{"name":"wp","href":"https:\/\/api.w.org\/{rel}","templated":true}]}}