{"id":5316,"date":"2024-09-13T12:00:00","date_gmt":"2024-09-13T10:00:00","guid":{"rendered":"http:\/\/historikerkraus.de\/blog\/?p=5316"},"modified":"2024-09-11T18:48:57","modified_gmt":"2024-09-11T16:48:57","slug":"tv-vorschau-14-20-september-2024","status":"publish","type":"post","link":"http:\/\/historikerkraus.de\/blog\/2024\/09\/13\/tv-vorschau-14-20-september-2024\/","title":{"rendered":"TV-Vorschau 14. \u2013 20. September 2024"},"content":{"rendered":"\n<p>Die Geschichte des Mossad steht auf dem Programm, ebenso wie eine mehrteilige Biografie Maos. Die Doku \u00fcber ein lange unbekanntes Fotoalbum der SS und den sich daraus ergebenden Erkenntnissen \u00fcber die Nazi-Organisation bilden vielleicht den H\u00f6hepunkt der Geschichtssendungen der kommenden Woche. Viel Spa\u00df bei der Auswahl.<\/p>\n\n\n\n<h2 class=\"wp-block-heading has-text-align-center\">Samstag, 14. September<\/h2>\n\n\n\n<ul class=\"wp-block-list\">\n<li><strong>ARD-alpha<\/strong> bl\u00e4ttert durch \u201eDie Akte Pearl Harbor\u201c. <em>\u201e1941. In Europa tobt der 2. Weltkrieg. Die USA unter der Regierung von Pr\u00e4sident Roosevelt bleiben vorerst neutral. Das Deutsche Reich verb\u00fcndet sich mit Japan und Italien zu den so genannten Achsenm\u00e4chten. Die USA sind vor allem von den Expansionsbestrebungen Japans beunruhigt und verh\u00e4ngen ein Erd\u00f6lembargo gegen das Land. Als Antwort darauf greifen die Japaner am 7. Dezember 1941 die auf Hawaii stationierte Pazifikflotte der USA an.\u201c<\/em> <a href=\"https:\/\/www.br.de\/fernsehen\/ard-alpha\/programmkalender\/ausstrahlung-3605178.html\">\u201eTeil 1\u201c<\/a> l\u00e4uft um 20.15 Uhr, <a href=\"https:\/\/www.br.de\/fernsehen\/ard-alpha\/programmkalender\/ausstrahlung-3605180.html\">\u201eTeil 2\u201c<\/a> um 21.05 Uhr.<\/li>\n<\/ul>\n\n\n\n<h2 class=\"wp-block-heading has-text-align-center\">Sonntag, 15. September<\/h2>\n\n\n\n<ul class=\"wp-block-list\">\n<li>Die Geschichte des ber\u00fchmten israelischen Geheimdienstes erz\u00e4hlt <strong>ARD-alpha<\/strong> um 20.15 Uhr: <a href=\"https:\/\/www.br.de\/fernsehen\/ard-alpha\/programmkalender\/ausstrahlung-3605262.html\">\u201eInside Mossad \u00b7 Israels Agenten erz\u00e4hlen\u201c<\/a>.<\/li>\n<\/ul>\n\n\n\n<h2 class=\"wp-block-heading has-text-align-center\">Montag, 16. September<\/h2>\n\n\n\n<ul class=\"wp-block-list\">\n<li><strong>ARD<\/strong> History pr\u00e4sentiert <a href=\"https:\/\/www.daserste.de\/information\/reportage-dokumentation\/dokus\/sendung\/das-vergessene-fotoalbum-der-ss-100.html\">\u201eDas vergessene Fotoalbum der SS\u201c<\/a>. <em>\u201eEs ist mehr als 80 Jahre alt, zerschlissen, die Seiten locker. Ein Fotoalbum. \u201aSS-Erinnerungen\u2018 steht auf dem Einband. Darin finden sich 206 Fotos, fast ausschlie\u00dflich mit M\u00e4nnern. Das Album war viele Jahrzehnte verschollen. Die Fotos wurden noch nie ver\u00f6ffentlicht. In diesem Film werden sie exklusiv gezeigt. [\u201e\u2026 Die Dokumentation\u201c] zeigt erschreckend aktuell, wie scheinbar ganz normale junge M\u00e4nner zu grausamen M\u00f6rdern werden. \u201c<\/em> (23.35 Uhr).<\/li>\n<\/ul>\n\n\n\n<h2 class=\"wp-block-heading has-text-align-center\">Dienstag, 17. September<\/h2>\n\n\n\n<ul class=\"wp-block-list\">\n<li>In einer dreiteiligen Dokumentation \u201eMao \u2013 Chinas roter Kaiser\u201c erinnert <strong>Arte<\/strong> an Mao Zedong, den Gr\u00fcnder des modernen Chinas. <em>\u201eDer junge Revolution\u00e4r Mao Zedong erlebt ein China am Boden. Nach Ende des Kaiserreichs befindet sich das Land im festen Griff von imperialistischen M\u00e4chten. In Mao w\u00e4chst der Traum von einer kommunistischen Gesellschaft, die das Land wieder zu alter Gr\u00f6\u00dfe f\u00fchrt. Mao und seine kommunistische Bewegung sind in einen blutigen B\u00fcrgerkrieg verwickelt, bis er 1949 vor den Toren Pekings steht.\u201c<\/em> Teil 1 <a href=\"https:\/\/www.arte.tv\/de\/videos\/113586-001-A\/mao-chinas-roter-kaiser-1-3\/\">\u201eLanger Marsch\u201c<\/a> l\u00e4uft um 20.15 Uhr. Teil 2 <a href=\"https:\/\/www.arte.tv\/de\/videos\/113586-002-A\/mao-chinas-roter-kaiser-2-3\/\">\u201eGro\u00dfer Sprung\u201c<\/a> um 21.05 Uhr und Teil 3 <a href=\"https:\/\/www.arte.tv\/de\/videos\/113586-003-A\/mao-chinas-roter-kaiser-3-3\/\">\u201eKulturrevolution\u201c<\/a> 21.55 Uhr.<\/li>\n\n\n\n<li><a href=\"https:\/\/www.phoenix.de\/sendungen\/dokumentationen\/galileo-galilei-a-4555437.html\">\u201eGalileo Galilei \u2013 Revolution\u00e4r der Wissenschaften\u201c<\/a> wird auf <strong>Phoenix<\/strong> um 21 Uhr portr\u00e4tiert. <em>\u201eGalileo Galilei gilt als ein Begr\u00fcnder der modernen Naturwissenschaft und als Verursacher einer der gr\u00f6\u00dften Skandale in der Geschichte der r\u00f6mischen Kirche.\u201c<\/em><\/li>\n\n\n\n<li><em>\u201eIm September 1991 kommt es scheinbar aus dem Nichts zu einer \u00f6ffentlichen Hetzjagd in Hoyerswerda. Eine stetig wachsende Menge aus \u201aeinfachen B\u00fcrgern\u2018 und Neo-Nazis belagert eine ganze Woche lang das Wohnheim von DDR-Vertragsarbeitern aus Mosambik und Vietnam und die zentrale Unterkunft f\u00fcr Asylbewerber aus Osteuropa.\u201c<\/em> Die pogromartigen Ausschreitungen stellen eine Z\u00e4sur f\u00fcr Deutschland und der Auftakt zu einer Welle rechter Gewalt Anfang der 90er Jahre dar. Der <strong>mdr<\/strong> erinnert daran um 22.10 Uhr: <a href=\"https:\/\/www.mdr.de\/tv\/programm\/sendung-969070.html\">\u201eHoyerswerda &#8217;91 \u2013 Eine Stadt, die Gewalt und ihre Aufarbeitung\u201c<\/a>.<\/li>\n\n\n\n<li><strong>3sat<\/strong> blickt auf die unmittelbare Vorgeschichte des Ersten Weltkriegs. <em>\u201eAm 28. Juni 1914 werden der \u00f6sterreichische Thronfolger Franz Ferdinand und seine Frau Sophie in Sarajevo ermordet. Es folgt ein Monat hektischer Aktionen und Reaktion von Monarchen, Staatsm\u00e4nnern und Diplomaten.\u201c<\/em> <a href=\"https:\/\/www.3sat.de\/dokumentation\/geschichte\/31-tage-bis-zur-katastrophe-100.html\">\u201e31 Tage bis zur Katastrophe \u2013 Der Weg zum Ersten Weltkrieg\u201c<\/a> (22.25 Uhr). \u2014 <em>\u201eEr war der letzte \u00f6sterreichische Kaiser. Nach dem Tod seines Onkels Franz Ferdinand 1914 unerwartet zum Thronfolger geworden, wird der junge Erzherzog Karl Franz Josef von \u00d6sterreich inmitten der Kriegswirren des Ersten Weltkriegs zum Kaiser des sterbenden Vielv\u00f6lkerreiches.\u201c<\/em> <a href=\"https:\/\/www.3sat.de\/dokumentation\/geschichte\/der-letzte-kaiser-karl-i-108.html\">\u201eDer letzte Kaiser \u2013 Karl I.\u201c<\/a> (23.15 Uhr).<\/li>\n<\/ul>\n\n\n\n<h2 class=\"wp-block-heading has-text-align-center\">Mittwoch, 18. September<\/h2>\n\n\n\n<p class=\"has-text-align-center\">Heute eine Fehlanzeige.<\/p>\n\n\n\n<h2 class=\"wp-block-heading has-text-align-center\">Donnerstag, 19. September<\/h2>\n\n\n\n<ul class=\"wp-block-list\">\n<li><a href=\"https:\/\/www.n-tv.de\/mediathek\/tvprogramm\/?date=2024-09-19\"><strong>n-tv<\/strong><\/a> pr\u00e4sentiert um 20.15 Uhr, 21.05 Uhr und 22.05 Uhr \u201eDas Dritte Reich in Farbe\u201c. \u2014 \u201eGeheimwaffen des Zweiten Weltkriegs\u201c folgen um 23.30 Uhr und 0.20 Uhr.<\/li>\n<\/ul>\n\n\n\n<h2 class=\"wp-block-heading has-text-align-center\">Freitag, 20. September<\/h2>\n\n\n\n<ul class=\"wp-block-list\">\n<li>Die Doku-Reihe \u201eDas Rote Imperium\u201c befasst sich mit der Geschichte der Sowjetunion. Heute l\u00e4uft um 21.30 Uhr der dritte und letzte Teil <a href=\"https:\/\/www.ardmediathek.de\/programm\/2024-09-20\" target=\"_blank\" rel=\"noreferrer noopener\">\u201eSupermacht und Supergau\u201c<\/a>. <em>\u201eDer dritte Teil der Dokumentation rekonstruiert die letzten zwei Jahrzehnte der UdSSR.\u201c<\/em><\/li>\n\n\n\n<li>\u201eDas Kokain-R\u00e4tsel \u2013 Drogen-Mumien im Alten \u00c4gypten\u201c besch\u00e4ftigt <a href=\"https:\/\/www.n-tv.de\/mediathek\/tvprogramm\/?date=2024-09-20\" target=\"_blank\" rel=\"noreferrer noopener\"><strong>n-tv<\/strong><\/a> um 0.20 Uhr. <em>\u201e1992 wurde eine sensationelle Entdeckung an einer Mumie gemacht. Diese wurde sehr schnell totgeschwiegen und ist der breiten \u00d6ffentlichkeit heute praktisch unbekannt. Der Grund daf\u00fcr? Sie f\u00fcgt sich definitiv nicht in die herk\u00f6mmliche Chronologie ein. Die Untersuchungen ergaben n\u00e4mlich das unerwartete Vorhandensein von Kokain und Tabak im K\u00f6rper der Mumie. Zwei in Amerika endemische Substanzen, die erst 1492 von Christoph Kolumbus entdeckt wurden.\u201c<\/em><\/li>\n<\/ul>\n\n\n\n\n","protected":false},"excerpt":{"rendered":"<p>Die Geschichte des Mossad steht auf dem Programm, ebenso wie eine mehrteilige Biografie Maos. Die Doku \u00fcber ein lange unbekanntes Fotoalbum der SS und den sich daraus ergebenden Erkenntnissen \u00fcber die Nazi-Organisation bilden vielleicht den H\u00f6hepunkt der Geschichtssendungen der kommenden Woche. Viel Spa\u00df bei der Auswahl. Samstag, 14. September Sonntag, &#8230;<\/p>\n","protected":false},"author":10,"featured_media":0,"comment_status":"open","ping_status":"open","sticky":false,"template":"","format":"standard","meta":{"footnotes":""},"categories":[4,8],"tags":[115,126,128,129,123,125],"class_list":["post-5316","post","type-post","status-publish","format-standard","hentry","category-geschichte-im-fernsehen","category-history-tv","tag-archaologie","tag-dokumentation","tag-fernsehen","tag-geschichte","tag-geschichtsfernsehen","tag-spielfilm"],"aioseo_notices":[],"_links":{"self":[{"href":"http:\/\/historikerkraus.de\/blog\/wp-json\/wp\/v2\/posts\/5316","targetHints":{"allow":["GET"]}}],"collection":[{"href":"http:\/\/historikerkraus.de\/blog\/wp-json\/wp\/v2\/posts"}],"about":[{"href":"http:\/\/historikerkraus.de\/blog\/wp-json\/wp\/v2\/types\/post"}],"author":[{"embeddable":true,"href":"http:\/\/historikerkraus.de\/blog\/wp-json\/wp\/v2\/users\/10"}],"replies":[{"embeddable":true,"href":"http:\/\/historikerkraus.de\/blog\/wp-json\/wp\/v2\/comments?post=5316"}],"version-history":[{"count":1,"href":"http:\/\/historikerkraus.de\/blog\/wp-json\/wp\/v2\/posts\/5316\/revisions"}],"predecessor-version":[{"id":5317,"href":"http:\/\/historikerkraus.de\/blog\/wp-json\/wp\/v2\/posts\/5316\/revisions\/5317"}],"wp:attachment":[{"href":"http:\/\/historikerkraus.de\/blog\/wp-json\/wp\/v2\/media?parent=5316"}],"wp:term":[{"taxonomy":"category","embeddable":true,"href":"http:\/\/historikerkraus.de\/blog\/wp-json\/wp\/v2\/categories?post=5316"},{"taxonomy":"post_tag","embeddable":true,"href":"http:\/\/historikerkraus.de\/blog\/wp-json\/wp\/v2\/tags?post=5316"}],"curies":[{"name":"wp","href":"https:\/\/api.w.org\/{rel}","templated":true}]}}