{"id":5290,"date":"2024-07-05T12:00:00","date_gmt":"2024-07-05T10:00:00","guid":{"rendered":"http:\/\/historikerkraus.de\/blog\/?p=5290"},"modified":"2024-07-03T18:14:58","modified_gmt":"2024-07-03T16:14:58","slug":"tv-vorschau-6-12-juli-2024","status":"publish","type":"post","link":"http:\/\/historikerkraus.de\/blog\/2024\/07\/05\/tv-vorschau-6-12-juli-2024\/","title":{"rendered":"TV-Vorschau 6. \u2013 12. Juli 2024"},"content":{"rendered":"\n<p class=\"wp-block-paragraph\">Viel Spa\u00df bei der Auswahl der Geschichtssendungen der neuen Woche.<\/p>\n\n\n\n<h2 class=\"wp-block-heading has-text-align-center\" id=\"samstag6.juli\">Samstag, 6. Juli<\/h2>\n\n\n\n<ul class=\"wp-block-list\">\n<li>\u201eDeutschland im Kalten Krieg\u201c ist Thema auf <strong>ARD-alpha<\/strong>. Um 20.15 Uhr gilt: <a href=\"https:\/\/www.br.de\/fernsehen\/ard-alpha\/programmkalender\/ausstrahlung-3561330.html\" target=\"_blank\" rel=\"noreferrer noopener\">\u201eAngst beherrscht die Welt\u201c<\/a> und um 21 Uhr bricht sich die Erkenntnis bahn <a href=\"https:\/\/www.br.de\/fernsehen\/ard-alpha\/programmkalender\/ausstrahlung-3561332.html\" target=\"_blank\" rel=\"noreferrer noopener\">\u201eKeiner wird gewinnen\u201c<\/a>.<\/li>\n<\/ul>\n\n\n\n<h2 class=\"wp-block-heading has-text-align-center\" id=\"sonntag7.juli\">Sonntag, 7. Juli<\/h2>\n\n\n\n<ul class=\"wp-block-list\">\n<li>Mit dem Namen Tesla verbindet man heute meist ein E-Auto-Marke. Terra X erinnert um 19.30 Uhr im <strong>ZDF<\/strong> an den Namensgeber <a href=\"https:\/\/www.zdf.de\/dokumentation\/terra-x\/nikola-tesla-magier-der-elektrizitaet-doku-100.html\" target=\"_blank\" rel=\"noreferrer noopener\">\u201eNikola Tesla \u2013 Magier der Elektrizit\u00e4t\u201c<\/a>. <em>\u201eNikola Teslas geniale Ideen pr\u00e4gten unsere Stromnetze, Fernseher und Telefone. Er wollte die Welt kabellos mit Energie versorgen. Die \u201aTerra X\u2018-Dokumentation zeigt den exzentrischen Lebensweg des Erfinders und seine tragische Geschichte.\u201c<\/em> \u2014 <a href=\"https:\/\/www.zdf.de\/dokumentation\/terra-x-history\/die-geschichte-des-terrorismus-100.html\" target=\"_blank\" rel=\"noreferrer noopener\">\u201eDie Geschichte des Terrorismus\u201c<\/a> ist Thema um 23.45 Uhr. <em>\u201eTerrorismus gibt es schon seit der Antike. Die T\u00e4ter sind Christen, Moslems, Juden, Rechts- und Linksradikale. Manche schw\u00f6ren sp\u00e4ter der Gewalt ab und erhalten sogar den Friedensnobelpreis.\u201c<\/em><\/li>\n\n\n\n<li><a href=\"https:\/\/www.br.de\/fernsehen\/ard-alpha\/programmkalender\/ausstrahlung-3561418.html\" target=\"_blank\" rel=\"noreferrer noopener\">\u201eDie Slawen \u00b7 Unsere geheimnisvollen Vorfahren\u201c<\/a> lernen wir um 20.15 Uhr auf <strong>ARD-alpha<\/strong> kennen.<\/li>\n<\/ul>\n\n\n\n<h2 class=\"wp-block-heading has-text-align-center\" id=\"montag8.juli\">Montag, 8. Juli<\/h2>\n\n\n\n<ul class=\"wp-block-list\">\n<li><strong>Phoenix<\/strong> pr\u00e4sentiert aus der Reihe Terra X-History <a href=\"https:\/\/www.phoenix.de\/sendungen\/dokumentationen\/terra-x-history-legendaer-a-3911977.html\" target=\"_blank\" rel=\"noreferrer noopener\">\u201eLegend\u00e4re Hotels \u2013 Geschichte, Glanz und Gloria\u201c<\/a> (20.15 Uhr). <em>\u201e\u201aAdlon\u2018, \u201aSacher\u2018, \u201aRitz\u2018 und Co.: Schaupl\u00e4tze der Geschichte und menschlicher Dramen. \u201aTerra X History\u2018 blickt hinter die Fassaden legend\u00e4rer Hotels.\u201c<\/em> \u2014 Um 21 Uhr folgt der Beitrag <a href=\"https:\/\/www.phoenix.de\/sendungen\/dokumentationen\/rheinhotel-dreesen-a-4290712.html\" target=\"_blank\" rel=\"noreferrer noopener\">\u201eRheinhotel Dreesen \u2013 Das Wei\u00dfe Haus am Rhein\u201c<\/a>.<\/li>\n<\/ul>\n\n\n\n<h2 class=\"wp-block-heading has-text-align-center\" id=\"dienstag9.juli\">Dienstag, 9. Juli<\/h2>\n\n\n\n<ul class=\"wp-block-list\">\n<li>Die Altnazis in der bundesdeutschen Geschichte \u2013 ein unr\u00fchmliches Kapitel deutscher Geschichte. <a href=\"https:\/\/programm.ard.de\/TV\/Programm\/Sender\/?sendung=287215018332\" target=\"_blank\" rel=\"noreferrer noopener\">\u201eM\u00f6rder bevorzugt \u2013 Wie der BND NS-Verbrecher rekrutierte\u201c<\/a> (<strong>tagesschau 24<\/strong>, 20.15 Uhr).<\/li>\n<\/ul>\n\n\n\n<h2 class=\"wp-block-heading has-text-align-center\" id=\"mittwoch10.juli\">Mittwoch, 10. Juli<\/h2>\n\n\n\n<ul class=\"wp-block-list\">\n<li><em>\u201eDie Dokumentation <a href=\"https:\/\/www.phoenix.de\/sendungen\/dokumentationen\/wir-deutschen-und-die-bun-a-3212625.html\" target=\"_blank\" rel=\"noreferrer noopener\">\u201eWir Deutschen und die Bundeswehr\u201c<\/a> erz\u00e4hlt mit Blick auf die Zeitspanne von 1955 bis 2022 vom wechselvollen Verh\u00e4ltnis zwischen Politik, Gesellschaft und den Streitkr\u00e4ften im Wandel der Jahrzehnte.\u201c<\/em> (<strong>Phoenix<\/strong>, 20.15 Uhr).<\/li>\n<\/ul>\n\n\n\n<h2 class=\"wp-block-heading has-text-align-center\" id=\"donnerstag11.juli\">Donnerstag, 11. Juli<\/h2>\n\n\n\n<ul class=\"wp-block-list\">\n<li><a href=\"https:\/\/www.n-tv.de\/mediathek\/tvprogramm\/?date=2024-07-11\" target=\"_blank\" rel=\"noreferrer noopener\"><strong>n-tv<\/strong><\/a> erinnert um 20.15 Uhr und 21.05 Uhr an den \u201eAngriff auf Pearl Harbor \u2013 Kriegsh\u00f6lle im Paradies\u201c. \u2014 <em>\u201eWernher von Braun, der sogenannte \u201aVater der Raumfahrt\u2018, wird f\u00fcr seine Saturn-V-Rakete gefeiert, die das Apollo-Raumschiff zum Mond bef\u00f6rderte. Es war der H\u00f6hepunkt seines Traums, nach den Sternen zu greifen. Doch dieser \u201aamerikanische Held\u2018 hatte sein Handwerk an der Spitze des Raketenprogramms der Nazis verfeinert, das t\u00f6dliche Waffen herstellte und das Leben Tausender unschuldiger Menschen forderte.\u201c<\/em> Die Doku \u201eHitlers Baumeister\u201c portr\u00e4tiert ihn um 22.05 Uhr. \u2014 Um 23.30 Uhr und 0.20 Uhr folgen zwei Beitr\u00e4ge der Reihe \u201eApokalypse \u2013 Hitlers Krieg im Westen\u201c.<\/li>\n\n\n\n<li>Auf <strong>Phoenix<\/strong> l\u00e4uft der Dreiteiler \u201eWem geh\u00f6rt die Welt? \u2013 Eine Geschichte des Reichtums\u201c. Am Anfang steht um 22.15 Uhr der \u00dcbergang <a href=\"https:\/\/www.phoenix.de\/sendungen\/dokumentationen\/wem-gehoert-die-welt---ei-a-2254655.html\" target=\"_blank\" rel=\"noreferrer noopener\">\u201eVom Acker zum Imperium\u201c<\/a>, <a href=\"https:\/\/www.phoenix.de\/sendungen\/dokumentationen\/wem-gehoert-die-welt---ei-a-2254665.html\" target=\"_blank\" rel=\"noreferrer noopener\">\u201eVon F\u00fcrsten und Kaufleuten\u201c<\/a> folgt um 23 Uhr. <a href=\"https:\/\/www.phoenix.de\/sendungen\/dokumentationen\/wem-gehoert-die-welt---ei-a-2254675.html\" target=\"_blank\" rel=\"noreferrer noopener\">\u201eVon der Macht des Marktes\u201c<\/a> beschlie\u00dft die Reihe um 23.45 Uhr.<\/li>\n<\/ul>\n\n\n\n<h2 class=\"wp-block-heading has-text-align-center\" id=\"freitag12.juli\">Freitag, 12. Juli<\/h2>\n\n\n\n<ul class=\"wp-block-list\">\n<li><em>\u201eDer 21. Januar 2024 war der 100. Todestag von Wladimir Iljitsch Lenin. Das Erinnern an den russischen Revolutionsf\u00fchrer ist seit dem Ende der Sowjetunion verblasst. Mit Putins Angriffskrieg auf die Ukraine r\u00fcckt das politische Verm\u00e4chtnis Lenins wieder in den Blickpunkt der \u00d6ffentlichkeit. Wer war dieser Mann, der die Weltgeschichte so ma\u00dfgeblich beeinflusste?\u201c<\/em><a href=\"https:\/\/programm.ard.de\/TV\/Programm\/Sender\/?sendung=287215024211\" target=\"_blank\" rel=\"noreferrer noopener\">\u201eLenin \u2013 Weg in den Terror\u201c<\/a> (**tagesschau 24, 22.20 Uhr).<\/li>\n\n\n\n<li>Architekturgeschichte auf <a href=\"https:\/\/www.n-tv.de\/mediathek\/tvprogramm\/?date=2024-07-12\" target=\"_blank\" rel=\"noreferrer noopener\"><strong>n-tv<\/strong><\/a>. Um 23.30 Uhr \u201eDer schiefe Turm von Pisa\u201c und um 0.20 Uhr \u201eDie Akropolis\u201c.<\/li>\n<\/ul>\n","protected":false},"excerpt":{"rendered":"<p>Viel Spa\u00df bei der Auswahl der Geschichtssendungen der neuen Woche. Samstag, 6. Juli Sonntag, 7. Juli Montag, 8. Juli Dienstag, 9. Juli Mittwoch, 10. Juli Donnerstag, 11. Juli Freitag, 12. Juli<\/p>\n","protected":false},"author":10,"featured_media":0,"comment_status":"open","ping_status":"open","sticky":false,"template":"","format":"standard","meta":{"footnotes":""},"categories":[4,8],"tags":[126,125],"class_list":["post-5290","post","type-post","status-publish","format-standard","hentry","category-geschichte-im-fernsehen","category-history-tv","tag-dokumentation","tag-spielfilm"],"aioseo_notices":[],"aioseo_head":"\n\t\t<!-- All in One SEO 5.0.0.1 - aioseo.com -->\n\t<meta name=\"description\" content=\"Viel Spa\u00df bei der Auswahl der Geschichtssendungen der neuen Woche. Samstag, 6. Juli \u201eDeutschland im Kalten Krieg\u201c ist Thema auf ARD-alpha. Um 20.15 Uhr gilt: \u201eAngst beherrscht die Welt\u201c und um 21 Uhr bricht sich die Erkenntnis bahn \u201eKeiner wird gewinnen\u201c. Sonntag, 7. Juli Mit dem Namen Tesla verbindet man heute meist ein E-Auto-Marke. Terra Vorstellung historischer Fernsehsendungen.\" \/>\n\t<meta name=\"robots\" content=\"max-image-preview:large\" \/>\n\t<meta name=\"author\" content=\"Historikerkraus\"\/>\n\t<meta name=\"keywords\" content=\"dokumentation,spielfilm,geschichte im fernsehen,history-tv\" \/>\n\t<link rel=\"canonical\" href=\"http:\/\/historikerkraus.de\/blog\/2024\/07\/05\/tv-vorschau-6-12-juli-2024\/\" \/>\n\t<meta name=\"generator\" content=\"All in One SEO (AIOSEO) 5.0.0.1\" \/>\n\t\t<meta property=\"og:locale\" content=\"de_DE\" \/>\n\t\t<meta property=\"og:site_name\" content=\"Historikerkraus.de - Das Blog | Historische Miszellen \u2013 nicht nur aus dem Ruhrgebiet\" \/>\n\t\t<meta property=\"og:type\" content=\"article\" \/>\n\t\t<meta property=\"og:title\" content=\"TV-Vorschau 6. \u2013 12. Juli 2024 | Historikerkraus.de - Das Blog TV-Vorschau 6. \u2013 12. Juli 2024\" \/>\n\t\t<meta property=\"og:description\" content=\"Viel Spa\u00df bei der Auswahl der Geschichtssendungen der neuen Woche. Samstag, 6. Juli \u201eDeutschland im Kalten Krieg\u201c ist Thema auf ARD-alpha. Um 20.15 Uhr gilt: \u201eAngst beherrscht die Welt\u201c und um 21 Uhr bricht sich die Erkenntnis bahn \u201eKeiner wird gewinnen\u201c. Sonntag, 7. Juli Mit dem Namen Tesla verbindet man heute meist ein E-Auto-Marke. Terra Vorstellung historischer Fernsehsendungen.\" \/>\n\t\t<meta property=\"og:url\" content=\"http:\/\/historikerkraus.de\/blog\/2024\/07\/05\/tv-vorschau-6-12-juli-2024\/\" \/>\n\t\t<meta property=\"article:published_time\" content=\"2024-07-05T10:00:00+00:00\" \/>\n\t\t<meta property=\"article:modified_time\" content=\"2024-07-03T16:14:58+00:00\" \/>\n\t\t<meta name=\"twitter:card\" content=\"summary\" \/>\n\t\t<meta name=\"twitter:title\" content=\"TV-Vorschau 6. \u2013 12. Juli 2024 | Historikerkraus.de - Das Blog TV-Vorschau 6. \u2013 12. Juli 2024\" \/>\n\t\t<meta name=\"twitter:description\" content=\"Viel Spa\u00df bei der Auswahl der Geschichtssendungen der neuen Woche. Samstag, 6. Juli \u201eDeutschland im Kalten Krieg\u201c ist Thema auf ARD-alpha. Um 20.15 Uhr gilt: \u201eAngst beherrscht die Welt\u201c und um 21 Uhr bricht sich die Erkenntnis bahn \u201eKeiner wird gewinnen\u201c. Sonntag, 7. Juli Mit dem Namen Tesla verbindet man heute meist ein E-Auto-Marke. Terra Vorstellung historischer Fernsehsendungen.\" \/>\n\t\t<script type=\"application\/ld+json\" class=\"aioseo-schema\">\n\t\t\t{\"@context\":\"https:\\\/\\\/schema.org\",\"@graph\":[{\"@type\":\"Article\",\"@id\":\"http:\\\/\\\/historikerkraus.de\\\/blog\\\/2024\\\/07\\\/05\\\/tv-vorschau-6-12-juli-2024\\\/#article\",\"name\":\"TV-Vorschau 6. \\u2013 12. Juli 2024 | Historikerkraus.de - Das Blog TV-Vorschau 6. \\u2013 12. Juli 2024\",\"headline\":\"TV-Vorschau 6. \\u2013 12. Juli 2024\",\"author\":{\"@id\":\"http:\\\/\\\/historikerkraus.de\\\/blog\\\/author\\\/ob-sk-177\\\/#author\"},\"publisher\":{\"@id\":\"http:\\\/\\\/historikerkraus.de\\\/blog\\\/#organization\"},\"datePublished\":\"2024-07-05T12:00:00+02:00\",\"dateModified\":\"2024-07-03T18:14:58+02:00\",\"inLanguage\":\"de-DE\",\"mainEntityOfPage\":{\"@id\":\"http:\\\/\\\/historikerkraus.de\\\/blog\\\/2024\\\/07\\\/05\\\/tv-vorschau-6-12-juli-2024\\\/#webpage\"},\"isPartOf\":{\"@id\":\"http:\\\/\\\/historikerkraus.de\\\/blog\\\/2024\\\/07\\\/05\\\/tv-vorschau-6-12-juli-2024\\\/#webpage\"},\"articleSection\":\"Geschichte im Fernsehen, History-TV, Dokumentation, Spielfilm\"},{\"@type\":\"BreadcrumbList\",\"@id\":\"http:\\\/\\\/historikerkraus.de\\\/blog\\\/2024\\\/07\\\/05\\\/tv-vorschau-6-12-juli-2024\\\/#breadcrumblist\",\"itemListElement\":[{\"@type\":\"ListItem\",\"@id\":\"http:\\\/\\\/historikerkraus.de\\\/blog#listItem\",\"position\":1,\"name\":\"Home\",\"item\":\"http:\\\/\\\/historikerkraus.de\\\/blog\",\"nextItem\":{\"@type\":\"ListItem\",\"@id\":\"http:\\\/\\\/historikerkraus.de\\\/blog\\\/category\\\/geschichte-im-fernsehen\\\/#listItem\",\"name\":\"Geschichte im Fernsehen\"}},{\"@type\":\"ListItem\",\"@id\":\"http:\\\/\\\/historikerkraus.de\\\/blog\\\/category\\\/geschichte-im-fernsehen\\\/#listItem\",\"position\":2,\"name\":\"Geschichte im Fernsehen\",\"item\":\"http:\\\/\\\/historikerkraus.de\\\/blog\\\/category\\\/geschichte-im-fernsehen\\\/\",\"nextItem\":{\"@type\":\"ListItem\",\"@id\":\"http:\\\/\\\/historikerkraus.de\\\/blog\\\/2024\\\/07\\\/05\\\/tv-vorschau-6-12-juli-2024\\\/#listItem\",\"name\":\"TV-Vorschau 6. \\u2013 12. Juli 2024\"},\"previousItem\":{\"@type\":\"ListItem\",\"@id\":\"http:\\\/\\\/historikerkraus.de\\\/blog#listItem\",\"name\":\"Home\"}},{\"@type\":\"ListItem\",\"@id\":\"http:\\\/\\\/historikerkraus.de\\\/blog\\\/2024\\\/07\\\/05\\\/tv-vorschau-6-12-juli-2024\\\/#listItem\",\"position\":3,\"name\":\"TV-Vorschau 6. \\u2013 12. Juli 2024\",\"previousItem\":{\"@type\":\"ListItem\",\"@id\":\"http:\\\/\\\/historikerkraus.de\\\/blog\\\/category\\\/geschichte-im-fernsehen\\\/#listItem\",\"name\":\"Geschichte im Fernsehen\"}}]},{\"@type\":\"Organization\",\"@id\":\"http:\\\/\\\/historikerkraus.de\\\/blog\\\/#organization\",\"name\":\"Historikerkraus.de - Das Blog\",\"description\":\"Historische Miszellen \\u2013 nicht nur aus dem Ruhrgebiet\",\"url\":\"http:\\\/\\\/historikerkraus.de\\\/blog\\\/\"},{\"@type\":\"Person\",\"@id\":\"http:\\\/\\\/historikerkraus.de\\\/blog\\\/author\\\/ob-sk-177\\\/#author\",\"url\":\"http:\\\/\\\/historikerkraus.de\\\/blog\\\/author\\\/ob-sk-177\\\/\",\"name\":\"Historikerkraus\",\"image\":{\"@type\":\"ImageObject\",\"@id\":\"http:\\\/\\\/historikerkraus.de\\\/blog\\\/2024\\\/07\\\/05\\\/tv-vorschau-6-12-juli-2024\\\/#authorImage\",\"url\":\"https:\\\/\\\/secure.gravatar.com\\\/avatar\\\/7c17aa1a6332c7ee058509a6e4a24991a472ead2ac154b96b540bb75f62c2bbb?s=96&d=mm&r=g\",\"width\":96,\"height\":96,\"caption\":\"Historikerkraus\"}},{\"@type\":\"WebPage\",\"@id\":\"http:\\\/\\\/historikerkraus.de\\\/blog\\\/2024\\\/07\\\/05\\\/tv-vorschau-6-12-juli-2024\\\/#webpage\",\"url\":\"http:\\\/\\\/historikerkraus.de\\\/blog\\\/2024\\\/07\\\/05\\\/tv-vorschau-6-12-juli-2024\\\/\",\"name\":\"TV-Vorschau 6. \\u2013 12. Juli 2024 | Historikerkraus.de - Das Blog TV-Vorschau 6. \\u2013 12. Juli 2024\",\"description\":\"Viel Spa\\u00df bei der Auswahl der Geschichtssendungen der neuen Woche. Samstag, 6. Juli \\u201eDeutschland im Kalten Krieg\\u201c ist Thema auf ARD-alpha. Um 20.15 Uhr gilt: \\u201eAngst beherrscht die Welt\\u201c und um 21 Uhr bricht sich die Erkenntnis bahn \\u201eKeiner wird gewinnen\\u201c. Sonntag, 7. Juli Mit dem Namen Tesla verbindet man heute meist ein E-Auto-Marke. Terra Vorstellung historischer Fernsehsendungen.\",\"inLanguage\":\"de-DE\",\"isPartOf\":{\"@id\":\"http:\\\/\\\/historikerkraus.de\\\/blog\\\/#website\"},\"breadcrumb\":{\"@id\":\"http:\\\/\\\/historikerkraus.de\\\/blog\\\/2024\\\/07\\\/05\\\/tv-vorschau-6-12-juli-2024\\\/#breadcrumblist\"},\"author\":{\"@id\":\"http:\\\/\\\/historikerkraus.de\\\/blog\\\/author\\\/ob-sk-177\\\/#author\"},\"creator\":{\"@id\":\"http:\\\/\\\/historikerkraus.de\\\/blog\\\/author\\\/ob-sk-177\\\/#author\"},\"datePublished\":\"2024-07-05T12:00:00+02:00\",\"dateModified\":\"2024-07-03T18:14:58+02:00\"},{\"@type\":\"WebSite\",\"@id\":\"http:\\\/\\\/historikerkraus.de\\\/blog\\\/#website\",\"url\":\"http:\\\/\\\/historikerkraus.de\\\/blog\\\/\",\"name\":\"Historikerkraus.de - Das Blog\",\"description\":\"Historische Miszellen \\u2013 nicht nur aus dem Ruhrgebiet\",\"inLanguage\":\"de-DE\",\"publisher\":{\"@id\":\"http:\\\/\\\/historikerkraus.de\\\/blog\\\/#organization\"}}]}\n\t\t<\/script>\n\t\t<!-- All in One SEO -->\n\n","aioseo_head_json":{"title":"TV-Vorschau 6. \u2013 12. Juli 2024 | Historikerkraus.de - Das Blog TV-Vorschau 6. \u2013 12. Juli 2024","description":"Viel Spa\u00df bei der Auswahl der Geschichtssendungen der neuen Woche. Samstag, 6. Juli \u201eDeutschland im Kalten Krieg\u201c ist Thema auf ARD-alpha. Um 20.15 Uhr gilt: \u201eAngst beherrscht die Welt\u201c und um 21 Uhr bricht sich die Erkenntnis bahn \u201eKeiner wird gewinnen\u201c. Sonntag, 7. Juli Mit dem Namen Tesla verbindet man heute meist ein E-Auto-Marke. Terra Vorstellung historischer Fernsehsendungen.","canonical_url":"http:\/\/historikerkraus.de\/blog\/2024\/07\/05\/tv-vorschau-6-12-juli-2024\/","robots":"max-image-preview:large","keywords":"dokumentation,spielfilm,geschichte im fernsehen,history-tv","webmasterTools":{"miscellaneous":""},"schema":{"@context":"https:\/\/schema.org","@graph":[{"@type":"Article","@id":"http:\/\/historikerkraus.de\/blog\/2024\/07\/05\/tv-vorschau-6-12-juli-2024\/#article","name":"TV-Vorschau 6. \u2013 12. Juli 2024 | Historikerkraus.de - Das Blog TV-Vorschau 6. \u2013 12. Juli 2024","headline":"TV-Vorschau 6. \u2013 12. Juli 2024","author":{"@id":"http:\/\/historikerkraus.de\/blog\/author\/ob-sk-177\/#author"},"publisher":{"@id":"http:\/\/historikerkraus.de\/blog\/#organization"},"datePublished":"2024-07-05T12:00:00+02:00","dateModified":"2024-07-03T18:14:58+02:00","inLanguage":"de-DE","mainEntityOfPage":{"@id":"http:\/\/historikerkraus.de\/blog\/2024\/07\/05\/tv-vorschau-6-12-juli-2024\/#webpage"},"isPartOf":{"@id":"http:\/\/historikerkraus.de\/blog\/2024\/07\/05\/tv-vorschau-6-12-juli-2024\/#webpage"},"articleSection":"Geschichte im Fernsehen, History-TV, Dokumentation, Spielfilm"},{"@type":"BreadcrumbList","@id":"http:\/\/historikerkraus.de\/blog\/2024\/07\/05\/tv-vorschau-6-12-juli-2024\/#breadcrumblist","itemListElement":[{"@type":"ListItem","@id":"http:\/\/historikerkraus.de\/blog#listItem","position":1,"name":"Home","item":"http:\/\/historikerkraus.de\/blog","nextItem":{"@type":"ListItem","@id":"http:\/\/historikerkraus.de\/blog\/category\/geschichte-im-fernsehen\/#listItem","name":"Geschichte im Fernsehen"}},{"@type":"ListItem","@id":"http:\/\/historikerkraus.de\/blog\/category\/geschichte-im-fernsehen\/#listItem","position":2,"name":"Geschichte im Fernsehen","item":"http:\/\/historikerkraus.de\/blog\/category\/geschichte-im-fernsehen\/","nextItem":{"@type":"ListItem","@id":"http:\/\/historikerkraus.de\/blog\/2024\/07\/05\/tv-vorschau-6-12-juli-2024\/#listItem","name":"TV-Vorschau 6. \u2013 12. Juli 2024"},"previousItem":{"@type":"ListItem","@id":"http:\/\/historikerkraus.de\/blog#listItem","name":"Home"}},{"@type":"ListItem","@id":"http:\/\/historikerkraus.de\/blog\/2024\/07\/05\/tv-vorschau-6-12-juli-2024\/#listItem","position":3,"name":"TV-Vorschau 6. \u2013 12. Juli 2024","previousItem":{"@type":"ListItem","@id":"http:\/\/historikerkraus.de\/blog\/category\/geschichte-im-fernsehen\/#listItem","name":"Geschichte im Fernsehen"}}]},{"@type":"Organization","@id":"http:\/\/historikerkraus.de\/blog\/#organization","name":"Historikerkraus.de - Das Blog","description":"Historische Miszellen \u2013 nicht nur aus dem Ruhrgebiet","url":"http:\/\/historikerkraus.de\/blog\/"},{"@type":"Person","@id":"http:\/\/historikerkraus.de\/blog\/author\/ob-sk-177\/#author","url":"http:\/\/historikerkraus.de\/blog\/author\/ob-sk-177\/","name":"Historikerkraus","image":{"@type":"ImageObject","@id":"http:\/\/historikerkraus.de\/blog\/2024\/07\/05\/tv-vorschau-6-12-juli-2024\/#authorImage","url":"https:\/\/secure.gravatar.com\/avatar\/7c17aa1a6332c7ee058509a6e4a24991a472ead2ac154b96b540bb75f62c2bbb?s=96&d=mm&r=g","width":96,"height":96,"caption":"Historikerkraus"}},{"@type":"WebPage","@id":"http:\/\/historikerkraus.de\/blog\/2024\/07\/05\/tv-vorschau-6-12-juli-2024\/#webpage","url":"http:\/\/historikerkraus.de\/blog\/2024\/07\/05\/tv-vorschau-6-12-juli-2024\/","name":"TV-Vorschau 6. \u2013 12. Juli 2024 | Historikerkraus.de - Das Blog TV-Vorschau 6. \u2013 12. Juli 2024","description":"Viel Spa\u00df bei der Auswahl der Geschichtssendungen der neuen Woche. Samstag, 6. Juli \u201eDeutschland im Kalten Krieg\u201c ist Thema auf ARD-alpha. Um 20.15 Uhr gilt: \u201eAngst beherrscht die Welt\u201c und um 21 Uhr bricht sich die Erkenntnis bahn \u201eKeiner wird gewinnen\u201c. Sonntag, 7. Juli Mit dem Namen Tesla verbindet man heute meist ein E-Auto-Marke. Terra Vorstellung historischer Fernsehsendungen.","inLanguage":"de-DE","isPartOf":{"@id":"http:\/\/historikerkraus.de\/blog\/#website"},"breadcrumb":{"@id":"http:\/\/historikerkraus.de\/blog\/2024\/07\/05\/tv-vorschau-6-12-juli-2024\/#breadcrumblist"},"author":{"@id":"http:\/\/historikerkraus.de\/blog\/author\/ob-sk-177\/#author"},"creator":{"@id":"http:\/\/historikerkraus.de\/blog\/author\/ob-sk-177\/#author"},"datePublished":"2024-07-05T12:00:00+02:00","dateModified":"2024-07-03T18:14:58+02:00"},{"@type":"WebSite","@id":"http:\/\/historikerkraus.de\/blog\/#website","url":"http:\/\/historikerkraus.de\/blog\/","name":"Historikerkraus.de - Das Blog","description":"Historische Miszellen \u2013 nicht nur aus dem Ruhrgebiet","inLanguage":"de-DE","publisher":{"@id":"http:\/\/historikerkraus.de\/blog\/#organization"}}]},"og:locale":"de_DE","og:site_name":"Historikerkraus.de - Das Blog | Historische Miszellen \u2013 nicht nur aus dem Ruhrgebiet","og:type":"article","og:title":"TV-Vorschau 6. \u2013 12. Juli 2024 | Historikerkraus.de - Das Blog TV-Vorschau 6. \u2013 12. Juli 2024","og:description":"Viel Spa\u00df bei der Auswahl der Geschichtssendungen der neuen Woche. Samstag, 6. Juli \u201eDeutschland im Kalten Krieg\u201c ist Thema auf ARD-alpha. Um 20.15 Uhr gilt: \u201eAngst beherrscht die Welt\u201c und um 21 Uhr bricht sich die Erkenntnis bahn \u201eKeiner wird gewinnen\u201c. Sonntag, 7. Juli Mit dem Namen Tesla verbindet man heute meist ein E-Auto-Marke. Terra Vorstellung historischer Fernsehsendungen.","og:url":"http:\/\/historikerkraus.de\/blog\/2024\/07\/05\/tv-vorschau-6-12-juli-2024\/","article:published_time":"2024-07-05T10:00:00+00:00","article:modified_time":"2024-07-03T16:14:58+00:00","twitter:card":"summary","twitter:title":"TV-Vorschau 6. \u2013 12. Juli 2024 | Historikerkraus.de - Das Blog TV-Vorschau 6. \u2013 12. Juli 2024","twitter:description":"Viel Spa\u00df bei der Auswahl der Geschichtssendungen der neuen Woche. Samstag, 6. Juli \u201eDeutschland im Kalten Krieg\u201c ist Thema auf ARD-alpha. Um 20.15 Uhr gilt: \u201eAngst beherrscht die Welt\u201c und um 21 Uhr bricht sich die Erkenntnis bahn \u201eKeiner wird gewinnen\u201c. Sonntag, 7. Juli Mit dem Namen Tesla verbindet man heute meist ein E-Auto-Marke. Terra Vorstellung historischer Fernsehsendungen."},"aioseo_meta_data":{"post_id":"5290","title":"#post_title | #site_title TV-Vorschau 6. \u2013 12. Juli 2024","description":"#post_content Vorstellung historischer Fernsehsendungen.","keywords":null,"keyphrases":{"focus":{"keyphrase":"","score":0,"analysis":{"keyphraseInTitle":{"score":0,"maxScore":9,"error":1}}},"additional":[]},"primary_term":null,"canonical_url":null,"og_title":null,"og_description":null,"og_object_type":"default","og_image_type":"default","og_image_url":null,"og_image_width":null,"og_image_height":null,"og_image_custom_url":null,"og_image_custom_fields":null,"og_video":"","og_custom_url":null,"og_article_section":null,"og_article_tags":null,"twitter_use_og":false,"twitter_card":"default","twitter_image_type":"default","twitter_image_url":null,"twitter_image_custom_url":null,"twitter_image_custom_fields":null,"twitter_title":null,"twitter_description":null,"schema":{"blockGraphs":[],"customGraphs":[],"default":{"data":{"Article":[],"Course":[],"Dataset":[],"FAQPage":[],"Movie":[],"Person":[],"Product":[],"ProductReview":[],"Car":[],"Recipe":[],"Service":[],"SoftwareApplication":[],"WebPage":[]},"graphName":"Article","isEnabled":true},"graphs":[]},"schema_type":"default","schema_type_options":null,"pillar_content":false,"robots_default":true,"robots_noindex":false,"robots_noarchive":false,"robots_nosnippet":false,"robots_nofollow":false,"robots_noimageindex":false,"robots_noodp":false,"robots_notranslate":false,"robots_max_snippet":"-1","robots_max_videopreview":"-1","robots_max_imagepreview":"large","priority":null,"frequency":"default","local_seo":null,"breadcrumb_settings":null,"limit_modified_date":false,"ai":null,"created":"2024-07-03 16:12:14","updated":"2025-06-04 20:37:23","seo_analyzer_scan_date":null,"focus_keyword":null,"additional_keywords":null,"truseo_locale":null},"aioseo_breadcrumb":"<div class=\"aioseo-breadcrumbs\"><span class=\"aioseo-breadcrumb\">\n\t\t\t<a href=\"http:\/\/historikerkraus.de\/blog\" title=\"Home\">Home<\/a>\n\t\t<\/span><span class=\"aioseo-breadcrumb-separator\">&raquo;<\/span><span class=\"aioseo-breadcrumb\">\n\t\t\t<a href=\"http:\/\/historikerkraus.de\/blog\/category\/geschichte-im-fernsehen\/\" title=\"Geschichte im Fernsehen\">Geschichte im Fernsehen<\/a>\n\t\t<\/span><span class=\"aioseo-breadcrumb-separator\">&raquo;<\/span><span class=\"aioseo-breadcrumb\">\n\t\t\tTV-Vorschau 6. \u2013 12. Juli 2024\n\t\t<\/span><\/div>","aioseo_breadcrumb_json":[{"label":"Home","link":"http:\/\/historikerkraus.de\/blog"},{"label":"Geschichte im Fernsehen","link":"http:\/\/historikerkraus.de\/blog\/category\/geschichte-im-fernsehen\/"},{"label":"TV-Vorschau 6. \u2013 12. Juli 2024","link":"http:\/\/historikerkraus.de\/blog\/2024\/07\/05\/tv-vorschau-6-12-juli-2024\/"}],"_links":{"self":[{"href":"http:\/\/historikerkraus.de\/blog\/wp-json\/wp\/v2\/posts\/5290","targetHints":{"allow":["GET"]}}],"collection":[{"href":"http:\/\/historikerkraus.de\/blog\/wp-json\/wp\/v2\/posts"}],"about":[{"href":"http:\/\/historikerkraus.de\/blog\/wp-json\/wp\/v2\/types\/post"}],"author":[{"embeddable":true,"href":"http:\/\/historikerkraus.de\/blog\/wp-json\/wp\/v2\/users\/10"}],"replies":[{"embeddable":true,"href":"http:\/\/historikerkraus.de\/blog\/wp-json\/wp\/v2\/comments?post=5290"}],"version-history":[{"count":1,"href":"http:\/\/historikerkraus.de\/blog\/wp-json\/wp\/v2\/posts\/5290\/revisions"}],"predecessor-version":[{"id":5291,"href":"http:\/\/historikerkraus.de\/blog\/wp-json\/wp\/v2\/posts\/5290\/revisions\/5291"}],"wp:attachment":[{"href":"http:\/\/historikerkraus.de\/blog\/wp-json\/wp\/v2\/media?parent=5290"}],"wp:term":[{"taxonomy":"category","embeddable":true,"href":"http:\/\/historikerkraus.de\/blog\/wp-json\/wp\/v2\/categories?post=5290"},{"taxonomy":"post_tag","embeddable":true,"href":"http:\/\/historikerkraus.de\/blog\/wp-json\/wp\/v2\/tags?post=5290"}],"curies":[{"name":"wp","href":"https:\/\/api.w.org\/{rel}","templated":true}]}}