{"id":5285,"date":"2024-06-21T12:00:00","date_gmt":"2024-06-21T10:00:00","guid":{"rendered":"http:\/\/historikerkraus.de\/blog\/?p=5285"},"modified":"2024-06-19T10:56:24","modified_gmt":"2024-06-19T08:56:24","slug":"tv-vorschau-22-28-juni-2024","status":"publish","type":"post","link":"http:\/\/historikerkraus.de\/blog\/2024\/06\/21\/tv-vorschau-22-28-juni-2024\/","title":{"rendered":"TV-Vorschau 22. \u2013 28. Juni 2024"},"content":{"rendered":"\n<p>Frauen in der Vorgeschichte machen den Anfang unter den Geschichtssendungen der kommenden Woche. Viel Spa\u00df bei der Auswahl.<\/p>\n\n\n\n<h2 class=\"wp-block-heading has-text-align-center\" id=\"samstag22.juni\">Samstag, 22. Juni<\/h2>\n\n\n\n<ul class=\"wp-block-list\">\n<li>Die Stellung der Frauen in vorgeschichtlichen Kulturen betrachtet <strong>Arte<\/strong> in zwei Dokumentationen. Um 20.15 Uhr besch\u00e4ftigt uns <a href=\"https:\/\/www.arte.tv\/de\/videos\/115506-000-A\/das-grab-der-schamanin\/\" target=\"_blank\" rel=\"noreferrer noopener\">\u201eDas Grab der Schamanin \u2013 Ein Geheimnis aus der Steinzeit\u201c<\/a>. <em>\u201eEin uraltes Grab: Eine Frau, ein Kind \u2013 die Todesumst\u00e4nde sind unbekannt. Forscher*innen rollen jetzt den arch\u00e4ologischen Cold Case aus einer Schl\u00fcsselepoche der Menschheit neu auf. Die Doku erkundet Wurzeln der menschlichen Psychologie und die Anf\u00e4nge von Religion und Spiritualit\u00e4t. Arch\u00e4ogenetik und modernste medizinische Forschung f\u00f6rdern spektakul\u00e4re Erkenntnisse zutage.\u201c<\/em> \u2014 Um 21.05 Uhr schlie\u00dft sich <a href=\"https:\/\/www.arte.tv\/de\/videos\/086937-000-A\/die-salzfuerstin\/\" target=\"_blank\" rel=\"noreferrer noopener\">\u201eDie Salzf\u00fcrstin \u2013 Hallstatt und das wei\u00dfe Gold\u201c<\/a> an.<\/li>\n<\/ul>\n\n\n\n<h2 class=\"wp-block-heading has-text-align-center\" id=\"sonntag23.juni\">Sonntag, 23. Juni<\/h2>\n\n\n\n<ul class=\"wp-block-list\">\n<li><strong>ARD-alpha<\/strong> pr\u00e4sentiert \u201eHabsburgs Adel\u201c in vier Folgen. Um 20.15 Uhr <a href=\"https:\/\/www.br.de\/fernsehen\/ard-alpha\/programmkalender\/ausstrahlung-3549390.html\" target=\"_blank\" rel=\"noreferrer noopener\">\u201eDie Esterh\u00e1zys\u201c<\/a>, <a href=\"https:\/\/www.br.de\/fernsehen\/ard-alpha\/programmkalender\/ausstrahlung-3549392.html\" target=\"_blank\" rel=\"noreferrer noopener\">\u201eDie Liechtensteins\u201c<\/a> um 21 Uhr, <a href=\"https:\/\/www.br.de\/fernsehen\/ard-alpha\/programmkalender\/ausstrahlung-3549398.html\" target=\"_blank\" rel=\"noreferrer noopener\">\u201eDie Schwarzenbergs\u201c<\/a> um 23.45 Uhr und <a href=\"https:\/\/www.br.de\/fernsehen\/ard-alpha\/programmkalender\/ausstrahlung-3549318.html\" target=\"_blank\" rel=\"noreferrer noopener\">\u201eDie Coburgs\u201c<\/a> um 0.30 Uhr.<\/li>\n\n\n\n<li>Kriminalgeschichte auf <strong>tagesschau 24<\/strong>. <em>\u201eFritz Haarmann war einer der ber\u00fcchtigsten Serienm\u00f6rder des 20. Jahrhunderts. Er trieb sein Unwesen Anfang der 1920er-Jahre in den verwinkelten Stra\u00dfen der Altstadt von Hannover. Mindestens 27 Menschen t\u00f6tete der \u201aWerwolf\u2018 durch Bisse in den Kehlkopf.\u201c<\/em> <a href=\"https:\/\/programm.ard.de\/TV\/Programm\/Sender\/?sendung=287214998595\" target=\"_blank\" rel=\"noreferrer noopener\">\u201ePuppenjungs \u2013 der Fall Haarmann\u201c<\/a> (20.15 Uhr). \u2014 Sp\u00e4testens seit der TV-Serie Babylon Berlin ist er bekannt geworden, <a href=\"https:\/\/programm.ard.de\/TV\/Programm\/Sender\/?sendung=287214998596\" target=\"_blank\" rel=\"noreferrer noopener\">\u201eErnst Gennat \u2013 der Mordinspektor vom Alex\u201c<\/a> (21.02 Uhr). \u2014 Um 21.47 Uhr folgt <a href=\"https:\/\/programm.ard.de\/TV\/Programm\/Sender\/?sendung=287215003315\" target=\"_blank\" rel=\"noreferrer noopener\">\u201eDer Massenm\u00f6rder Bruno L\u00fcdke\u201c<\/a>. <em>\u201e1944 starb er unter ungekl\u00e4rten Umst\u00e4nden im \u201aKriminalmedizinischen Zentralinstitut\u2018 in Wien, wo zahlreiche Versuche an ihm vorgenommen worden waren. Die \u00d6ffentlichkeit erfuhr erst nach dem Krieg von diesem Monster in Menschengestalt , wie die Medien ihn ab 1946 nannten. Bruno L\u00fcdke wurde zum Mythos des gr\u00f6\u00dften Serienm\u00f6rders der deutschen Geschichte aufgebaut. Unterst\u00fctzt von dem 1957 produzierten Film Nachts, wenn der Teufel kam , hielt sich dieser Mythos hartn\u00e4ckig bis 1991 bis der Kriminalist Jan Blaauw sich die Frage stellte, ob der geistig zur\u00fcckgebliebene Bruno L\u00fcdke \u00fcberhaupt einen einzigen Mord begangen haben k\u00f6nnte.\u201c<\/em><\/li>\n<\/ul>\n\n\n\n<h2 class=\"wp-block-heading has-text-align-center\" id=\"montag24.juni\">Montag, 24. Juni<\/h2>\n\n\n\n<ul class=\"wp-block-list\">\n<li>Das Thema \u201eAufstieg und Fall gro\u00dfer V\u00f6lker\u201c besch\u00e4ftigt <strong>Phoenix<\/strong>. Um 20.15 Uhr startet der Sechsteiler mit dem Beitrag <a href=\"https:\/\/www.phoenix.de\/sendungen\/dokumentationen\/aufstieg-und-fall-grosser-a-4456937.html\" target=\"_blank\" rel=\"noreferrer noopener\">\u201eDie Geburt einer Zivilisation\u201c<\/a>. <em>\u201eWas ist das Geheimnis antiker Kulturen? Was macht sie so faszinierend? Die ZDFinfo-Reihe untersucht f\u00fcnf fr\u00fche Hochkulturen, die es an die Spitze der Macht katapultiert hat. Die erste Folge zeigt, wie die Menschen lernen, die nat\u00fcrlichen Ressourcen ihrer Territorien erfolgreich einzusetzen. Die Zuschauer lernen die Harappa, die Lianghzu, die Minoer, die alten \u00c4gypter und die R\u00f6mer kennen. Sie vereint die Kraft des Wassers.\u201c<\/em> \u2014 <a href=\"https:\/\/www.phoenix.de\/sendungen\/dokumentationen\/aufstieg-und-fall-grosser-a-4456947.html\" target=\"_blank\" rel=\"noreferrer noopener\">\u201eDer Weg zur Macht\u201c<\/a> folgt um 21 Uhr. Morgen geht es weiter.<\/li>\n<\/ul>\n\n\n\n<h2 class=\"wp-block-heading has-text-align-center\" id=\"dienstag25.juni\">Dienstag, 25. Juni<\/h2>\n\n\n\n<ul class=\"wp-block-list\">\n<li>Weiter geht es auf <strong>Phoenix<\/strong> mit dem \u201eAufstieg und Fall gro\u00dfer V\u00f6lker\u201c. Um 20.15 Uhr steht <a href=\"https:\/\/www.phoenix.de\/sendungen\/dokumentationen\/aufstieg-und-fall-grosser-a-4457267.html\" target=\"_blank\" rel=\"noreferrer noopener\">\u201eDas Streben nach Reichtum\u201c<\/a> im Mittelpunkt, dem sich um 21 Uhr <a href=\"https:\/\/www.phoenix.de\/sendungen\/dokumentationen\/aufstieg-und-fall-grosser-a-4457277.html\" target=\"_blank\" rel=\"noreferrer noopener\">\u201eDer Kampf ums \u00dcberleben\u201c<\/a> anschlie\u00dft. Morgen geht es weiter.<\/li>\n\n\n\n<li>Der Zweiteiler \u201eDie Sitte \u2013 Wie Staat und Polizei \u00fcber die Moral wachten\u201c besch\u00e4ftigt sich mit deutscher Moral- und Kriminalgeschichte. Um 22.25 Uhr geht es los mit der Zeit <a href=\"https:\/\/programm.ard.de\/TV\/Programm\/Sender\/?sendung=280074001477792\" target=\"_blank\" rel=\"noreferrer noopener\">\u201eVon Weimar bis zur Nachkriegszeit\u201c<\/a>. <em>\u201eDie Sittenw\u00e4chter sind nicht weit \u2013 mit Zensur und Strafe. In den 1920ern bekommt die Sittenpolizei mehr Aufgaben: Serienm\u00f6rder, Transvestiten, Pornografie. Die Verfolgung von sogenannten Asozialen ist nur eines der grausamen Kapitel in der NS-Zeit.\u201c<\/em> \u2014 Teil 2 <a href=\"https:\/\/programm.ard.de\/TV\/Programm\/Sender\/?sendung=280074001478171\" target=\"_blank\" rel=\"noreferrer noopener\">\u201eVon der sexuellen Revolution bis zu den bunten 1980ern\u201c<\/a> folgt um 23.10 Uhr. Alles auf <strong>3sat<\/strong>.<\/li>\n<\/ul>\n\n\n\n<h2 class=\"wp-block-heading has-text-align-center\" id=\"mittwoch26.juni\">Mittwoch, 26. Juni<\/h2>\n\n\n\n<ul class=\"wp-block-list\">\n<li>Die Reihe \u201eAufstieg und Fall gro\u00dfer V\u00f6lker\u201c geht auf <strong>Phoenix<\/strong> mit den Teilen 5 und 6 zu Ende. Um 20.15 Uhr geht es um <a href=\"https:\/\/www.phoenix.de\/sendungen\/dokumentationen\/aufstieg-und-fall-grosser-a-4459852.html\" target=\"_blank\" rel=\"noreferrer noopener\">\u201eDie Macht des Staates\u201c<\/a>, um 21 Uhr folgt <a href=\"https:\/\/www.phoenix.de\/sendungen\/dokumentationen\/aufstieg-und-fall-grosser-a-4459862.html\" target=\"_blank\" rel=\"noreferrer noopener\">\u201eDas Verm\u00e4chtnis\u201c<\/a>.<\/li>\n\n\n\n<li>Es ist wohl dem Fu\u00dfball zu verdanken. Das <strong>ZDF<\/strong> sendet den Vierteiler \u201eDie gro\u00dfen Geheimnisse der Maya\u201c in sp\u00e4ter Nacht. Teil 1 <a href=\"https:\/\/www.zdf.de\/dokumentation\/zdfinfo-doku\/die-grossen-geheimnisse-der-maya--das-erste-bauwerk-100.html\" target=\"_blank\" rel=\"noreferrer noopener\">\u201eDas erste Bauwerk\u201c<\/a> l\u00e4uft um 0.45 Uhr, Teil 2 <a href=\"https:\/\/www.zdf.de\/dokumentation\/zdfinfo-doku\/die-grossen-geheimnisse-der-maya--aufstieg-zur-hochkultur-100.html\" target=\"_blank\" rel=\"noreferrer noopener\">\u201eAufstieg zur Hochkultur\u201c<\/a> folgt um 1.30 Uhr, Teil 3 <a href=\"https:\/\/www.zdf.de\/dokumentation\/zdfinfo-doku\/die-grossen-geheimnisse-der-maya--bluetezeit-und-zusammenbruch-100.html\" target=\"_blank\" rel=\"noreferrer noopener\">\u201eBl\u00fctezeit und Zusammenbruch\u201c<\/a> schlie\u00dft sich um 2.15 Uhr an, ehe Teil 4 <a href=\"https:\/\/www.zdf.de\/dokumentation\/zdfinfo-doku\/die-grossen-geheimnisse-der-maya--vermaechtnis-100.html\" target=\"_blank\" rel=\"noreferrer noopener\">\u201eVerm\u00e4chtnis\u201c<\/a> die Reihe um 3 Uhr abschlie\u00dft. \u2014 Anschlie\u00dfend erfolgt ein Sprung von den Maja zu den Inka. <a href=\"https:\/\/www.zdf.de\/dokumentation\/terra-x\/soehne-der-sonne-die-inka-100.html\" target=\"_blank\" rel=\"noreferrer noopener\">\u201eS\u00f6hne der Sonne \u2013 Die Inka\u201c<\/a> l\u00e4uft um 3.45 Uhr.<\/li>\n<\/ul>\n\n\n\n<h2 class=\"wp-block-heading has-text-align-center\" id=\"donnerstag27.juni\">Donnerstag, 27. Juni<\/h2>\n\n\n\n<ul class=\"wp-block-list\">\n<li>\u201eGeheimwaffen des Zweiten Weltkriegs\u201c er\u00f6ffnen den Geschichtsabend auf <a href=\"https:\/\/www.n-tv.de\/mediathek\/tvprogramm\/?date=2024-06-27\" target=\"_blank\" rel=\"noreferrer noopener\"><strong>n-tv<\/strong><\/a> (20.15 Uhr und 21.05 Uhr). \u2014 \u201eDie vergessenen Todescamps der Nazis\u201c sind Thema um 22.05 Uhr. \u2014 Um 23.30 Uhr, 0.20 Uhr und 1.10 Uhr steht \u201eDer Zweite Weltkrieg in der Arktis\u201c im Blickpunkt.<\/li>\n\n\n\n<li><em>\u201eAls am 23. Mai 1949 das Grundgesetz in Bonn verabschiedet wird, ist in Bremen gro\u00dfe W\u00e4sche. Und in Petriroda wird am 7. Oktober 1949, dem Tag der Gr\u00fcndung der DDR, aus Strohs\u00e4cken eine Matratze gemacht. Mit Momentaufnahmen des Jahres 1949 aus dem Leben zweier Familien begleitet \u201a1949 in Ost und West\u2018 Maria Bastille und J\u00f6rdis Krey bei ihrer pers\u00f6nlichen Spurensuche, wie es ihren Familien 1949 ergangen ist \u2013 einem Jahr, das f\u00fcr die Deutschen die wichtigste Z\u00e4sur f\u00fcr viele Jahrzehnte sein wird: die Teilung in zwei deutsche Staaten vor 75 Jahren.\u201c<\/em> <a href=\"https:\/\/programm.ard.de\/TV\/Programm\/Sender\/?sendung=287215018329\" target=\"_blank\" rel=\"noreferrer noopener\">\u201e1949 in Ost und West. Zwei Familien und ihre Tr\u00e4ume\u201c<\/a>, <strong>tagesschau 24<\/strong>, 20.15 Uhr.<\/li>\n<\/ul>\n\n\n\n<h2 class=\"wp-block-heading has-text-align-center\" id=\"freitag28.juni\">Freitag, 28. Juni<\/h2>\n\n\n\n<ul class=\"wp-block-list\">\n<li>Die Reihe \u201eRom \u2013 8 Tage die Geschichte schrieben\u201c geht auf <a href=\"https:\/\/www.n-tv.de\/mediathek\/tvprogramm\/?date=2024-06-28\" target=\"_blank\" rel=\"noreferrer noopener\"><strong>n-tv<\/strong><\/a> weiter (23.30 Uhr und sp\u00e4ter).<\/li>\n<\/ul>\n","protected":false},"excerpt":{"rendered":"<p>Frauen in der Vorgeschichte machen den Anfang unter den Geschichtssendungen der kommenden Woche. Viel Spa\u00df bei der Auswahl. Samstag, 22. Juni Sonntag, 23. Juni Montag, 24. Juni Dienstag, 25. Juni Mittwoch, 26. Juni Donnerstag, 27. Juni Freitag, 28. Juni<\/p>\n","protected":false},"author":10,"featured_media":0,"comment_status":"open","ping_status":"open","sticky":false,"template":"","format":"standard","meta":{"footnotes":""},"categories":[4,8],"tags":[126,125,124],"class_list":["post-5285","post","type-post","status-publish","format-standard","hentry","category-geschichte-im-fernsehen","category-history-tv","tag-dokumentation","tag-spielfilm","tag-tv"],"aioseo_notices":[],"_links":{"self":[{"href":"http:\/\/historikerkraus.de\/blog\/wp-json\/wp\/v2\/posts\/5285","targetHints":{"allow":["GET"]}}],"collection":[{"href":"http:\/\/historikerkraus.de\/blog\/wp-json\/wp\/v2\/posts"}],"about":[{"href":"http:\/\/historikerkraus.de\/blog\/wp-json\/wp\/v2\/types\/post"}],"author":[{"embeddable":true,"href":"http:\/\/historikerkraus.de\/blog\/wp-json\/wp\/v2\/users\/10"}],"replies":[{"embeddable":true,"href":"http:\/\/historikerkraus.de\/blog\/wp-json\/wp\/v2\/comments?post=5285"}],"version-history":[{"count":1,"href":"http:\/\/historikerkraus.de\/blog\/wp-json\/wp\/v2\/posts\/5285\/revisions"}],"predecessor-version":[{"id":5286,"href":"http:\/\/historikerkraus.de\/blog\/wp-json\/wp\/v2\/posts\/5285\/revisions\/5286"}],"wp:attachment":[{"href":"http:\/\/historikerkraus.de\/blog\/wp-json\/wp\/v2\/media?parent=5285"}],"wp:term":[{"taxonomy":"category","embeddable":true,"href":"http:\/\/historikerkraus.de\/blog\/wp-json\/wp\/v2\/categories?post=5285"},{"taxonomy":"post_tag","embeddable":true,"href":"http:\/\/historikerkraus.de\/blog\/wp-json\/wp\/v2\/tags?post=5285"}],"curies":[{"name":"wp","href":"https:\/\/api.w.org\/{rel}","templated":true}]}}