{"id":5215,"date":"2023-12-22T12:00:00","date_gmt":"2023-12-22T10:00:00","guid":{"rendered":"http:\/\/historikerkraus.de\/blog\/?p=5215"},"modified":"2023-12-20T20:33:33","modified_gmt":"2023-12-20T18:33:33","slug":"tv-vorschau-23-29-dezember-2023","status":"publish","type":"post","link":"http:\/\/historikerkraus.de\/blog\/2023\/12\/22\/tv-vorschau-23-29-dezember-2023\/","title":{"rendered":"TV-Vorschau 23. \u2013 29. Dezember 2023"},"content":{"rendered":"\n<p class=\"wp-block-paragraph\">Ich w\u00fcnsche allen LeserInnen dieses Blogs frohe und gesegnete Weihnachten.<\/p>\n\n\n\n<h2 class=\"wp-block-heading has-text-align-center\" id=\"samstag23.dezember\">Samstag, 23. Dezember<\/h2>\n\n\n\n<ul class=\"wp-block-list\">\n<li>Zun\u00e4chst f\u00fchrt uns <strong>Phoenix<\/strong> mit dem Dreiteiler \u201eS\u00f6hne der Sonne\u201c in das pr\u00e4kolumbianische S\u00fcd- und Mittelamerika. Um 20.15 Uhr geht es um <a href=\"https:\/\/www.phoenix.de\/sendungen\/dokumentationen\/soehne-der-sonne-a-2133230.html\" target=\"_blank\" rel=\"noreferrer noopener\">\u201eDie Maya\u201c<\/a>, um 21 Uhr folgen <a href=\"https:\/\/www.phoenix.de\/sendungen\/dokumentationen\/soehne-der-sonne-a-2133240.html\" target=\"_blank\" rel=\"noreferrer noopener\">\u201eDie Inka\u201c<\/a> und um 21.45 Uhr sind <a href=\"https:\/\/www.phoenix.de\/sendungen\/dokumentationen\/soehne-der-sonne-a-2133465.html\" target=\"_blank\" rel=\"noreferrer noopener\">\u201eDie Azteken\u201c<\/a> an der Reihe. \u2014 Um 22.30 Uhr erinnert der Sender an <a href=\"https:\/\/www.phoenix.de\/sendungen\/dokumentationen\/125-jahre-nord-ostsee-kan-a-1922440.html\" target=\"_blank\" rel=\"noreferrer noopener\">\u201e125 Jahre Nord-Ostsee-Kanal\u201c<\/a>.<\/li>\n\n\n\n<li><strong>ARD-alpha<\/strong> nimmt ein St\u00fcck Medizingeschichte in den Blick: <a href=\"https:\/\/www.br.de\/fernsehen\/ard-alpha\/programmkalender\/ausstrahlung-3393734.html\" target=\"_blank\" rel=\"noreferrer noopener\">\u201eMagie &amp; Medizin \u2013 Die Geheimnisse des Papyrus Ebers\u201c<\/a> (20.15 Uhr). <em>\u201eDer Film erz\u00e4hlt von den abenteuerlichen Umst\u00e4nden des Kaufs und den rechtlichen Grauzonen, die den Export des Papyrus vom Nil an die Plei\u00dfe erm\u00f6glichten und st\u00fctzt sich dabei auch auf Georg Ebers\u2019 eigene Reiseberichte und Briefe. Er folgt den dokumentierten Hinweisen zum Fundort des Papyrus und den Spuren bekannter Dealer des antiken Schatzes. Die Dokumentation beleuchtet wie in der \u00e4gyptischen Antike Krankheiten der Verdauungswege, Husten und Asthma, Biss-und Brandwunden, Augenleiden, aber auch kosmetische Probleme wie das Erschlaffen der Br\u00fcste oder Haarausfall behandelt wurden und zeigt die au\u00dfergew\u00f6hnliche Bedeutung von Papyrus, dem \u201aPapier der Pharaonen\u2018. Die abenteuerliche Reise des Schriftst\u00fcckes vom \u00c4gypten der Kolonialzeit nach Leipzig sowie die aktuelle Bedeutung der Rolle wird an internationalen Schaupl\u00e4tzen, mit kunstvollen Sandgrafiken sowie Einsch\u00e4tzungen renommierter Experten spannend nacherz\u00e4hlt.\u201c<\/em><\/li>\n\n\n\n<li><a href=\"https:\/\/www.arte.tv\/de\/videos\/112812-000-A\/neuschwanstein-ludwigs-traum-ludwigs-tragoedie\/\" target=\"_blank\" rel=\"noreferrer noopener\">\u201eNeuschwanstein \u2013 Ludwigs Traum, Ludwigs Trag\u00f6die\u201c<\/a> er\u00f6ffnet um 20.15 Uhr den TV-Abend auf <strong>Arte<\/strong>. <em>\u201eSchloss Neuschwanstein geh\u00f6rt zu den au\u00dfergew\u00f6hnlichsten Bauwerken der Welt. Markenzeichen und Identifikationsort f\u00fcr Bayern und ganz Deutschland. Ein ikonisches Bauwerk zwischen architektonischem Genie und kitschigem Wahnsinn. Das Schloss ist untrennbar mit dem tragischen Schicksal K\u00f6nig Ludwigs II. verbunden, denn es ist sein steingewordener Traum.\u201c<\/em> \u2014 Um 21.45 Uhr schlie\u00dft sich der Film <a href=\"https:\/\/www.arte.tv\/de\/videos\/111031-000-A\/sisis-gatte-der-ewige-kaiser\/\" target=\"_blank\" rel=\"noreferrer noopener\">\u201eSisis Gatte, der ewige Kaiser \u2013 Die Wahrheit \u00fcber Franz-Joseph I.\u201c<\/a> an. \u2014 Um 22.35 Uhr schlie\u00dflich ist <a href=\"https:\/\/www.arte.tv\/de\/videos\/083270-000-A\/sisi-die-getriebene\/\" target=\"_blank\" rel=\"noreferrer noopener\">\u201eSisi \u2013 Die Getriebene\u201c<\/a>.<\/li>\n<\/ul>\n\n\n\n<h2 class=\"wp-block-heading has-text-align-center\" id=\"sonntag24.dezemberheiligerabend\">Sonntag, 24. Dezember \u2013 Heiliger Abend<\/h2>\n\n\n\n<ul class=\"wp-block-list\">\n<li>Wie ein 700 Jahre altes Haus denkmalgerecht saniert werden kann und als Einfamilienhaus eine neue Nutzung erf\u00e4hrt, erz\u00e4hlt der Film <a href=\"https:\/\/programm.ard.de\/TV\/tagesschau24\/Programmkalender\/?sendung=287214931656\" target=\"_blank\" rel=\"noreferrer noopener\">\u201eDas Treppengiebelhaus\u201c<\/a> um 21.45 Uhr auf <strong>tagesschau 24<\/strong>. \u2014 Um 23.15 Uhr erleben wir die Zeit, <a href=\"https:\/\/programm.ard.de\/TV\/tagesschau24\/Programmkalender\/?sendung=287214932463\" target=\"_blank\" rel=\"noreferrer noopener\">\u201eAls die Winter noch kalt waren\u201c<\/a>.<\/li>\n<\/ul>\n\n\n\n<h2 class=\"wp-block-heading has-text-align-center\" id=\"montag25.dezemberweihnachten\">Montag, 25. Dezember \u2013 Weihnachten<\/h2>\n\n\n\n<ul class=\"wp-block-list\">\n<li><a href=\"https:\/\/www.n-tv.de\/mediathek\/tvprogramm\/?date=2023-12-25\" target=\"_blank\" rel=\"noreferrer noopener\"><strong>n-tv<\/strong><\/a> schaut heute Abend auf die Geschichte alter, bedeutender St\u00e4dte. Um 20.15 Uhr geht es los mit \u201eJerusalem \u2013 Geschichte der Heiligen Stadt\u201c. <em>\u201eSeit mehr als drei Jahrtausenden ist Jerusalem Schauplatz vieler Mythen und \u00dcberlieferungen. Die gr\u00f6\u00dften Architekten des Altertums haben daran mitgewirkt, die Stadt zu einem Juwel des antiken Mittelmeerraums zu machen. In dieser Dokumentation werden die gro\u00dfartigen heiligen Bauwerke jener Stadt vorgestellt: vom riesigen Tempelkomplex der R\u00f6mer \u00fcber die christliche Grabeskirche bis hin zum muslimischen Felsendom.\u201c<\/em> \u2014 \u201eDer Vatikan \u2013 Geheimnisse der Heiligen Stadt\u201c. <em>\u201eTrotz seiner geringen Fl\u00e4che ist der Vatikan in den vergangenen zwei Jahrtausenden nicht nur zu einem spirituellen Leuchtfeuer f\u00fcr mehr als eine Milliarde Katholiken geworden, sondern auch zu einem au\u00dfergew\u00f6hnlichen Schatz des Welterbes. Alles wurde um einen entscheidenden Ort herum gebaut: das Grab des Apostels Petrus. Ein bescheidenes Grab, das eine Reihe von grandiosen Konstruktionen ausl\u00f6sen wird \u2013 bis hin zum heutigen Petersdom.\u201c<\/em> (21.05 Uhr). \u2014 Um 23.30 Uhr geht es um \u201eJesus \u2013 Der Wahrheit auf der Spur\u201c. <em>\u201eJesus, die zentrale Figur des Christentums. Um sein Leben ranken sich viele unterschiedliche Mythen. Wurde er wirklich am 25. Dezember geboren? Wie sah sein Leben als Prediger aus? Wo genau ist er begraben? Historiker begeben sich an die biblischen Orte und folgen den Spuren der modernen Wissenschaften. Gelingt es ihnen die Geheimnisse um das Leben Jesu\u2018 zu entschl\u00fcsseln? Eine Jahrhundert alte Schnitzeljagd beginnt.\u201c<\/em><\/li>\n<\/ul>\n\n\n\n<h2 class=\"wp-block-heading has-text-align-center\" id=\"dienstag26.dezemberzweiterweihnachtsfeiertag\">Dienstag, 26. Dezember \u2013 Zweiter Weihnachtsfeiertag<\/h2>\n\n\n\n<ul class=\"wp-block-list\">\n<li>Um 23.15 Uhr erinnert <strong>Phoenix<\/strong> an die Gefangenschaft der bayerischen Adelsfamilie der Wittelsbacher im Nationalsozialismus. \u201eDie Nationalsozialisten f\u00fcrchteten eine Thronbesteigung des bayerischen Kronprinzen Rupprecht. Der Sohn des letzten bayerischen K\u00f6nigs fl\u00fcchtete ins Exil, seine Familie wurde von den Nazis verfolgt. Die einzelnen Familienangeh\u00f6rigen der Wittelsbacher wurden in Konzentrationslager verschleppt.\u201c <a href=\"https:\/\/www.phoenix.de\/sendungen\/dokumentationen\/die-wittelsbacher-a-2379254.html\" target=\"_blank\" rel=\"noreferrer noopener\">\u201eDie Wittelsbacher \u2013 Geiseln Adolf Hitlers\u201c<\/a>.<\/li>\n\n\n\n<li>Zu sp\u00e4ter Stunde (1 Uhr) l\u00e4uft im <strong>ZDF<\/strong> das Historiendrama <a href=\"https:\/\/www.zdf.de\/filme\/spielfilm-highlights\/die-koenigin-des-nordens-100.html\" target=\"_blank\" rel=\"noreferrer noopener\">\u201eDie K\u00f6nigin des Nordens\u201c<\/a> (D\u00e4n.\/S\/Norw.\/Isl.\/Pol.\/CZ 2021, Regie: Charlotte Sieling). <em>\u201eEine gro\u00dfe Frau der Weltgeschichte, Margarethe I., Herrscherin \u00fcber D\u00e4nemark, Norwegen und Schweden, muss sich zwischen ihren pers\u00f6nlichen Gef\u00fchlen und politischer Macht entscheiden.\u201c<\/em><\/li>\n<\/ul>\n\n\n\n<h2 class=\"wp-block-heading has-text-align-center\" id=\"mittwoch27.dezember\">Mittwoch, 27. Dezember<\/h2>\n\n\n\n<ul class=\"wp-block-list\">\n<li>Mit dem Dreiteiler \u201eR\u00e4tselhaftes Paris\u201c beginnt der Abend voller Geschichtsdokus auf <strong>Phoenix<\/strong>. <em>\u201eParis wahrt seit Jahrhunderten dunkle Geheimnisse: Millionen von Verstorbenen liegen unter der Stadt begraben und mit ihnen mysteri\u00f6se Geschichten \u00fcber Giftmorde, schwarze Messen und Vampirkult. Hinweise auf die unheilvolle Vergangenheit finden sich auf den Friedh\u00f6fen der Stadt. Hier liegen die Opfer mysteri\u00f6ser Verbrechen und Verschw\u00f6rungen. Damals gelten sie als \u00fcbernat\u00fcrlich. Die Wahrheit bringen Wissenschaftlerinnen und Wissenschaftler ans Licht.\u201c<\/em> <a href=\"https:\/\/www.phoenix.de\/sendungen\/dokumentationen\/raetselhaftes-paris-a-4141802.html\" target=\"_blank\" rel=\"noreferrer noopener\">\u201eGift und Gr\u00e4ber\u201c<\/a> (20.15 Uhr ). Der zweite Teil <a href=\"https:\/\/www.phoenix.de\/sendungen\/dokumentationen\/raetselhaftes-paris-a-4141812.html\" target=\"_blank\" rel=\"noreferrer noopener\">\u201eAlchemisten und Templer\u201c<\/a> folgt um 21 Uhr. Zum Abschluss um 21.45 Uhr stehen <a href=\"https:\/\/www.phoenix.de\/sendungen\/dokumentationen\/raetselhaftes-paris-a-4141822.html\" target=\"_blank\" rel=\"noreferrer noopener\">\u201ePhantome und Geister\u201c<\/a> im Mittelpunkt. \u2014 Danach laufen zwei Beitr\u00e4ge der Reihe \u201eMythos \u2013 Die gr\u00f6\u00dften R\u00e4tsel der Geschichte\u201c. Um 22.30 Uhr geht es um <a href=\"https:\/\/www.phoenix.de\/sendungen\/dokumentationen\/mythos---die-groessten-ra-a-2988768.html\" target=\"_blank\" rel=\"noreferrer noopener\">\u201eDas Geheimnis der Illuminaten\u201c<\/a> und um 23.15 Uhr um <a href=\"https:\/\/www.phoenix.de\/sendungen\/dokumentationen\/mythos---die-groessten-ra-a-2291659.html\" target=\"_blank\" rel=\"noreferrer noopener\">\u201eGeister und Gespenster\u201c<\/a>. \u2014 Ab Mitternacht stehen \u201eDie Kelten\u201c im Blickpunkt. Zun\u00e4chst <a href=\"https:\/\/www.phoenix.de\/sendungen\/dokumentationen\/die-kelten-a-1007230.html\" target=\"_blank\" rel=\"noreferrer noopener\">\u201eEuropas vergessene Macht\u201c<\/a>, um 0.45 Uhr der <a href=\"https:\/\/www.phoenix.de\/sendungen\/dokumentationen\/die-kelten-a-1007240.html\" target=\"_blank\" rel=\"noreferrer noopener\">\u201eKampf um Gallien\u201c<\/a> und um 1.30 Uhr der <a href=\"https:\/\/www.phoenix.de\/sendungen\/dokumentationen\/die-kelten-a-1007250.html\" target=\"_blank\" rel=\"noreferrer noopener\">\u201eAufstand der K\u00f6nigin\u201c<\/a>.<\/li>\n\n\n\n<li>Jeder kennt ihn als Wahrzeichen von Paris. <strong>Arte<\/strong> dokumentiert ihn: <a href=\"https:\/\/www.arte.tv\/de\/videos\/108936-000-A\/der-eiffelturm-geschichte-einer-ikone\/\" target=\"_blank\" rel=\"noreferrer noopener\">\u201eDer Eiffelturm, Geschichte einer Ikone\u201c<\/a> (21.45 Uhr).<\/li>\n<\/ul>\n\n\n\n<h2 class=\"wp-block-heading has-text-align-center\" id=\"donnerstag28.dezember\">Donnerstag, 28. Dezember<\/h2>\n\n\n\n<ul class=\"wp-block-list\">\n<li><a href=\"https:\/\/www.n-tv.de\/mediathek\/tvprogramm\/?date=2023-12-28\" target=\"_blank\" rel=\"noreferrer noopener\"><strong>n-tv<\/strong><\/a> wirft zun\u00e4chst um 20.15 Uhr und 21.05 Uhr einen Blick auf die \u201eNachkriegsjahre\u201c. Um 22.05 Uhr, 23.30 Uhr, 0.20 Uhr, 1.10 Uhr, 1.55 Uhr und 2.40 Uhr folgt \u201eDer Zweite Weltkrieg in der Arktis\u201c.<\/li>\n<\/ul>\n\n\n\n<h2 class=\"wp-block-heading has-text-align-center\" id=\"freitag29.dezember\">Freitag, 29. Dezember<\/h2>\n\n\n\n<ul class=\"wp-block-list\">\n<li>Ein Historiendrama um 20.15 Uhr auf <strong>Arte<\/strong>. <em>\u201eWeihnachten 1183. Der \u00e4lteste Sohn von K\u00f6nig Heinrich II. ist gestorben. Der alternde K\u00f6nig ruft seine Familie zu sich, um die Frage der Thronfolge zu kl\u00e4ren. Doch zwischen Heinrich, seiner Gemahlin und seinen drei S\u00f6hnen haben Misstrauen und Machtgier tiefe Gr\u00e4ben gezogen.\u201c<\/em> <a href=\"https:\/\/www.arte.tv\/de\/videos\/100160-000-A\/der-loewe-im-winter\/\" target=\"_blank\" rel=\"noreferrer noopener\">\u201eDer L\u00f6we im Winter\u201c<\/a> (GB 1968, Regie: Anthony Harvey).<\/li>\n\n\n\n<li>In der Reihe \u201eGeheimnisvolle Orte\u201c geht es um 21.30 Uhr auf <strong>tagesschau 24<\/strong> um den <a href=\"https:\/\/programm.ard.de\/TV\/tagesschau24\/Programmkalender\/?sendung=287214931687\" target=\"_blank\" rel=\"noreferrer noopener\">\u201eReichstag \u2013 Geschichte eines deutschen Hauses\u201c<\/a>.<\/li>\n\n\n\n<li><a href=\"https:\/\/www.n-tv.de\/mediathek\/tvprogramm\/?date=2023-12-28\" target=\"_blank\" rel=\"noreferrer noopener\"><strong>n-tv<\/strong><\/a> schaut auf zwei alt\u00e4gyptische Gr\u00f6\u00dfen: \u201eTutanchamun \u2013 R\u00e4tsel um den Fluch des Pharaos\u201c (23.30 Uhr) und \u201eKleopatra \u2013 Das letzte Geheimnis\u201c (0.20 Uhr).<\/li>\n<\/ul>\n","protected":false},"excerpt":{"rendered":"<p>Ich w\u00fcnsche allen LeserInnen dieses Blogs frohe und gesegnete Weihnachten. Samstag, 23. Dezember Sonntag, 24. Dezember \u2013 Heiliger Abend Montag, 25. Dezember \u2013 Weihnachten Dienstag, 26. Dezember \u2013 Zweiter Weihnachtsfeiertag Mittwoch, 27. Dezember Donnerstag, 28. Dezember Freitag, 29. Dezember<\/p>\n","protected":false},"author":10,"featured_media":0,"comment_status":"open","ping_status":"open","sticky":false,"template":"","format":"standard","meta":{"footnotes":""},"categories":[4,8],"tags":[126,125,124],"class_list":["post-5215","post","type-post","status-publish","format-standard","hentry","category-geschichte-im-fernsehen","category-history-tv","tag-dokumentation","tag-spielfilm","tag-tv"],"aioseo_notices":[],"aioseo_head":"\n\t\t<!-- All in One SEO 5.0.1.1 - aioseo.com -->\n\t<meta name=\"description\" content=\"Ich w\u00fcnsche allen LeserInnen dieses Blogs frohe und gesegnete Weihnachten. Samstag, 23. Dezember Zun\u00e4chst f\u00fchrt uns Phoenix mit dem Dreiteiler \u201eS\u00f6hne der Sonne\u201c in das pr\u00e4kolumbianische S\u00fcd- und Mittelamerika. Um 20.15 Uhr geht es um \u201eDie Maya\u201c, um 21 Uhr folgen \u201eDie Inka\u201c und um 21.45 Uhr sind \u201eDie Azteken\u201c an der Reihe. \u2014 Um Vorstellung historischer Fernsehsendungen.\" \/>\n\t<meta name=\"robots\" content=\"max-image-preview:large\" \/>\n\t<meta name=\"author\" content=\"Historikerkraus\"\/>\n\t<meta name=\"keywords\" content=\"dokumentation,spielfilm,tv,geschichte im fernsehen,history-tv\" \/>\n\t<link rel=\"canonical\" href=\"http:\/\/historikerkraus.de\/blog\/2023\/12\/22\/tv-vorschau-23-29-dezember-2023\/\" \/>\n\t<meta name=\"generator\" content=\"All in One SEO (AIOSEO) 5.0.1.1\" \/>\n\t\t<meta property=\"og:locale\" content=\"de_DE\" \/>\n\t\t<meta property=\"og:site_name\" content=\"Historikerkraus.de - Das Blog | Historische Miszellen \u2013 nicht nur aus dem Ruhrgebiet\" \/>\n\t\t<meta property=\"og:type\" content=\"article\" \/>\n\t\t<meta property=\"og:title\" content=\"TV-Vorschau 23. \u2013 29. Dezember 2023 | Historikerkraus.de - Das Blog TV-Vorschau 23. \u2013 29. Dezember 2023\" \/>\n\t\t<meta property=\"og:description\" content=\"Ich w\u00fcnsche allen LeserInnen dieses Blogs frohe und gesegnete Weihnachten. Samstag, 23. Dezember Zun\u00e4chst f\u00fchrt uns Phoenix mit dem Dreiteiler \u201eS\u00f6hne der Sonne\u201c in das pr\u00e4kolumbianische S\u00fcd- und Mittelamerika. Um 20.15 Uhr geht es um \u201eDie Maya\u201c, um 21 Uhr folgen \u201eDie Inka\u201c und um 21.45 Uhr sind \u201eDie Azteken\u201c an der Reihe. \u2014 Um Vorstellung historischer Fernsehsendungen.\" \/>\n\t\t<meta property=\"og:url\" content=\"http:\/\/historikerkraus.de\/blog\/2023\/12\/22\/tv-vorschau-23-29-dezember-2023\/\" \/>\n\t\t<meta property=\"article:published_time\" content=\"2023-12-22T10:00:00+00:00\" \/>\n\t\t<meta property=\"article:modified_time\" content=\"2023-12-20T18:33:33+00:00\" \/>\n\t\t<meta name=\"twitter:card\" content=\"summary\" \/>\n\t\t<meta name=\"twitter:title\" content=\"TV-Vorschau 23. \u2013 29. Dezember 2023 | Historikerkraus.de - Das Blog TV-Vorschau 23. \u2013 29. Dezember 2023\" \/>\n\t\t<meta name=\"twitter:description\" content=\"Ich w\u00fcnsche allen LeserInnen dieses Blogs frohe und gesegnete Weihnachten. Samstag, 23. Dezember Zun\u00e4chst f\u00fchrt uns Phoenix mit dem Dreiteiler \u201eS\u00f6hne der Sonne\u201c in das pr\u00e4kolumbianische S\u00fcd- und Mittelamerika. Um 20.15 Uhr geht es um \u201eDie Maya\u201c, um 21 Uhr folgen \u201eDie Inka\u201c und um 21.45 Uhr sind \u201eDie Azteken\u201c an der Reihe. \u2014 Um Vorstellung historischer Fernsehsendungen.\" \/>\n\t\t<script type=\"application\/ld+json\" class=\"aioseo-schema\">\n\t\t\t{\"@context\":\"https:\\\/\\\/schema.org\",\"@graph\":[{\"@type\":\"Article\",\"@id\":\"http:\\\/\\\/historikerkraus.de\\\/blog\\\/2023\\\/12\\\/22\\\/tv-vorschau-23-29-dezember-2023\\\/#article\",\"name\":\"TV-Vorschau 23. \\u2013 29. Dezember 2023 | Historikerkraus.de - Das Blog TV-Vorschau 23. \\u2013 29. Dezember 2023\",\"headline\":\"TV-Vorschau 23. \\u2013 29. Dezember 2023\",\"author\":{\"@id\":\"http:\\\/\\\/historikerkraus.de\\\/blog\\\/author\\\/ob-sk-177\\\/#author\"},\"publisher\":{\"@id\":\"http:\\\/\\\/historikerkraus.de\\\/blog\\\/#organization\"},\"datePublished\":\"2023-12-22T12:00:00+01:00\",\"dateModified\":\"2023-12-20T20:33:33+01:00\",\"inLanguage\":\"de-DE\",\"mainEntityOfPage\":{\"@id\":\"http:\\\/\\\/historikerkraus.de\\\/blog\\\/2023\\\/12\\\/22\\\/tv-vorschau-23-29-dezember-2023\\\/#webpage\"},\"isPartOf\":{\"@id\":\"http:\\\/\\\/historikerkraus.de\\\/blog\\\/2023\\\/12\\\/22\\\/tv-vorschau-23-29-dezember-2023\\\/#webpage\"},\"articleSection\":\"Geschichte im Fernsehen, History-TV, Dokumentation, Spielfilm, TV\"},{\"@type\":\"BreadcrumbList\",\"@id\":\"http:\\\/\\\/historikerkraus.de\\\/blog\\\/2023\\\/12\\\/22\\\/tv-vorschau-23-29-dezember-2023\\\/#breadcrumblist\",\"itemListElement\":[{\"@type\":\"ListItem\",\"@id\":\"http:\\\/\\\/historikerkraus.de\\\/blog#listItem\",\"position\":1,\"name\":\"Home\",\"item\":\"http:\\\/\\\/historikerkraus.de\\\/blog\",\"nextItem\":{\"@type\":\"ListItem\",\"@id\":\"http:\\\/\\\/historikerkraus.de\\\/blog\\\/category\\\/geschichte-im-fernsehen\\\/#listItem\",\"name\":\"Geschichte im Fernsehen\"}},{\"@type\":\"ListItem\",\"@id\":\"http:\\\/\\\/historikerkraus.de\\\/blog\\\/category\\\/geschichte-im-fernsehen\\\/#listItem\",\"position\":2,\"name\":\"Geschichte im Fernsehen\",\"item\":\"http:\\\/\\\/historikerkraus.de\\\/blog\\\/category\\\/geschichte-im-fernsehen\\\/\",\"nextItem\":{\"@type\":\"ListItem\",\"@id\":\"http:\\\/\\\/historikerkraus.de\\\/blog\\\/2023\\\/12\\\/22\\\/tv-vorschau-23-29-dezember-2023\\\/#listItem\",\"name\":\"TV-Vorschau 23. \\u2013 29. Dezember 2023\"},\"previousItem\":{\"@type\":\"ListItem\",\"@id\":\"http:\\\/\\\/historikerkraus.de\\\/blog#listItem\",\"name\":\"Home\"}},{\"@type\":\"ListItem\",\"@id\":\"http:\\\/\\\/historikerkraus.de\\\/blog\\\/2023\\\/12\\\/22\\\/tv-vorschau-23-29-dezember-2023\\\/#listItem\",\"position\":3,\"name\":\"TV-Vorschau 23. \\u2013 29. Dezember 2023\",\"previousItem\":{\"@type\":\"ListItem\",\"@id\":\"http:\\\/\\\/historikerkraus.de\\\/blog\\\/category\\\/geschichte-im-fernsehen\\\/#listItem\",\"name\":\"Geschichte im Fernsehen\"}}]},{\"@type\":\"Organization\",\"@id\":\"http:\\\/\\\/historikerkraus.de\\\/blog\\\/#organization\",\"name\":\"Historikerkraus.de - Das Blog\",\"description\":\"Historische Miszellen \\u2013 nicht nur aus dem Ruhrgebiet\",\"url\":\"http:\\\/\\\/historikerkraus.de\\\/blog\\\/\"},{\"@type\":\"Person\",\"@id\":\"http:\\\/\\\/historikerkraus.de\\\/blog\\\/author\\\/ob-sk-177\\\/#author\",\"url\":\"http:\\\/\\\/historikerkraus.de\\\/blog\\\/author\\\/ob-sk-177\\\/\",\"name\":\"Historikerkraus\",\"image\":{\"@type\":\"ImageObject\",\"@id\":\"http:\\\/\\\/historikerkraus.de\\\/blog\\\/2023\\\/12\\\/22\\\/tv-vorschau-23-29-dezember-2023\\\/#authorImage\",\"url\":\"https:\\\/\\\/secure.gravatar.com\\\/avatar\\\/7c17aa1a6332c7ee058509a6e4a24991a472ead2ac154b96b540bb75f62c2bbb?s=96&d=mm&r=g\",\"width\":96,\"height\":96,\"caption\":\"Historikerkraus\"}},{\"@type\":\"WebPage\",\"@id\":\"http:\\\/\\\/historikerkraus.de\\\/blog\\\/2023\\\/12\\\/22\\\/tv-vorschau-23-29-dezember-2023\\\/#webpage\",\"url\":\"http:\\\/\\\/historikerkraus.de\\\/blog\\\/2023\\\/12\\\/22\\\/tv-vorschau-23-29-dezember-2023\\\/\",\"name\":\"TV-Vorschau 23. \\u2013 29. Dezember 2023 | Historikerkraus.de - Das Blog TV-Vorschau 23. \\u2013 29. Dezember 2023\",\"description\":\"Ich w\\u00fcnsche allen LeserInnen dieses Blogs frohe und gesegnete Weihnachten. Samstag, 23. Dezember Zun\\u00e4chst f\\u00fchrt uns Phoenix mit dem Dreiteiler \\u201eS\\u00f6hne der Sonne\\u201c in das pr\\u00e4kolumbianische S\\u00fcd- und Mittelamerika. Um 20.15 Uhr geht es um \\u201eDie Maya\\u201c, um 21 Uhr folgen \\u201eDie Inka\\u201c und um 21.45 Uhr sind \\u201eDie Azteken\\u201c an der Reihe. \\u2014 Um Vorstellung historischer Fernsehsendungen.\",\"inLanguage\":\"de-DE\",\"isPartOf\":{\"@id\":\"http:\\\/\\\/historikerkraus.de\\\/blog\\\/#website\"},\"breadcrumb\":{\"@id\":\"http:\\\/\\\/historikerkraus.de\\\/blog\\\/2023\\\/12\\\/22\\\/tv-vorschau-23-29-dezember-2023\\\/#breadcrumblist\"},\"author\":{\"@id\":\"http:\\\/\\\/historikerkraus.de\\\/blog\\\/author\\\/ob-sk-177\\\/#author\"},\"creator\":{\"@id\":\"http:\\\/\\\/historikerkraus.de\\\/blog\\\/author\\\/ob-sk-177\\\/#author\"},\"datePublished\":\"2023-12-22T12:00:00+01:00\",\"dateModified\":\"2023-12-20T20:33:33+01:00\"},{\"@type\":\"WebSite\",\"@id\":\"http:\\\/\\\/historikerkraus.de\\\/blog\\\/#website\",\"url\":\"http:\\\/\\\/historikerkraus.de\\\/blog\\\/\",\"name\":\"Historikerkraus.de - Das Blog\",\"description\":\"Historische Miszellen \\u2013 nicht nur aus dem Ruhrgebiet\",\"inLanguage\":\"de-DE\",\"publisher\":{\"@id\":\"http:\\\/\\\/historikerkraus.de\\\/blog\\\/#organization\"}}]}\n\t\t<\/script>\n\t\t<!-- All in One SEO -->\n\n","aioseo_head_json":{"title":"TV-Vorschau 23. \u2013 29. Dezember 2023 | Historikerkraus.de - Das Blog TV-Vorschau 23. \u2013 29. Dezember 2023","description":"Ich w\u00fcnsche allen LeserInnen dieses Blogs frohe und gesegnete Weihnachten. Samstag, 23. Dezember Zun\u00e4chst f\u00fchrt uns Phoenix mit dem Dreiteiler \u201eS\u00f6hne der Sonne\u201c in das pr\u00e4kolumbianische S\u00fcd- und Mittelamerika. Um 20.15 Uhr geht es um \u201eDie Maya\u201c, um 21 Uhr folgen \u201eDie Inka\u201c und um 21.45 Uhr sind \u201eDie Azteken\u201c an der Reihe. \u2014 Um Vorstellung historischer Fernsehsendungen.","canonical_url":"http:\/\/historikerkraus.de\/blog\/2023\/12\/22\/tv-vorschau-23-29-dezember-2023\/","robots":"max-image-preview:large","keywords":"dokumentation,spielfilm,tv,geschichte im fernsehen,history-tv","webmasterTools":{"miscellaneous":""},"schema":{"@context":"https:\/\/schema.org","@graph":[{"@type":"Article","@id":"http:\/\/historikerkraus.de\/blog\/2023\/12\/22\/tv-vorschau-23-29-dezember-2023\/#article","name":"TV-Vorschau 23. \u2013 29. Dezember 2023 | Historikerkraus.de - Das Blog TV-Vorschau 23. \u2013 29. Dezember 2023","headline":"TV-Vorschau 23. \u2013 29. Dezember 2023","author":{"@id":"http:\/\/historikerkraus.de\/blog\/author\/ob-sk-177\/#author"},"publisher":{"@id":"http:\/\/historikerkraus.de\/blog\/#organization"},"datePublished":"2023-12-22T12:00:00+01:00","dateModified":"2023-12-20T20:33:33+01:00","inLanguage":"de-DE","mainEntityOfPage":{"@id":"http:\/\/historikerkraus.de\/blog\/2023\/12\/22\/tv-vorschau-23-29-dezember-2023\/#webpage"},"isPartOf":{"@id":"http:\/\/historikerkraus.de\/blog\/2023\/12\/22\/tv-vorschau-23-29-dezember-2023\/#webpage"},"articleSection":"Geschichte im Fernsehen, History-TV, Dokumentation, Spielfilm, TV"},{"@type":"BreadcrumbList","@id":"http:\/\/historikerkraus.de\/blog\/2023\/12\/22\/tv-vorschau-23-29-dezember-2023\/#breadcrumblist","itemListElement":[{"@type":"ListItem","@id":"http:\/\/historikerkraus.de\/blog#listItem","position":1,"name":"Home","item":"http:\/\/historikerkraus.de\/blog","nextItem":{"@type":"ListItem","@id":"http:\/\/historikerkraus.de\/blog\/category\/geschichte-im-fernsehen\/#listItem","name":"Geschichte im Fernsehen"}},{"@type":"ListItem","@id":"http:\/\/historikerkraus.de\/blog\/category\/geschichte-im-fernsehen\/#listItem","position":2,"name":"Geschichte im Fernsehen","item":"http:\/\/historikerkraus.de\/blog\/category\/geschichte-im-fernsehen\/","nextItem":{"@type":"ListItem","@id":"http:\/\/historikerkraus.de\/blog\/2023\/12\/22\/tv-vorschau-23-29-dezember-2023\/#listItem","name":"TV-Vorschau 23. \u2013 29. Dezember 2023"},"previousItem":{"@type":"ListItem","@id":"http:\/\/historikerkraus.de\/blog#listItem","name":"Home"}},{"@type":"ListItem","@id":"http:\/\/historikerkraus.de\/blog\/2023\/12\/22\/tv-vorschau-23-29-dezember-2023\/#listItem","position":3,"name":"TV-Vorschau 23. \u2013 29. Dezember 2023","previousItem":{"@type":"ListItem","@id":"http:\/\/historikerkraus.de\/blog\/category\/geschichte-im-fernsehen\/#listItem","name":"Geschichte im Fernsehen"}}]},{"@type":"Organization","@id":"http:\/\/historikerkraus.de\/blog\/#organization","name":"Historikerkraus.de - Das Blog","description":"Historische Miszellen \u2013 nicht nur aus dem Ruhrgebiet","url":"http:\/\/historikerkraus.de\/blog\/"},{"@type":"Person","@id":"http:\/\/historikerkraus.de\/blog\/author\/ob-sk-177\/#author","url":"http:\/\/historikerkraus.de\/blog\/author\/ob-sk-177\/","name":"Historikerkraus","image":{"@type":"ImageObject","@id":"http:\/\/historikerkraus.de\/blog\/2023\/12\/22\/tv-vorschau-23-29-dezember-2023\/#authorImage","url":"https:\/\/secure.gravatar.com\/avatar\/7c17aa1a6332c7ee058509a6e4a24991a472ead2ac154b96b540bb75f62c2bbb?s=96&d=mm&r=g","width":96,"height":96,"caption":"Historikerkraus"}},{"@type":"WebPage","@id":"http:\/\/historikerkraus.de\/blog\/2023\/12\/22\/tv-vorschau-23-29-dezember-2023\/#webpage","url":"http:\/\/historikerkraus.de\/blog\/2023\/12\/22\/tv-vorschau-23-29-dezember-2023\/","name":"TV-Vorschau 23. \u2013 29. Dezember 2023 | Historikerkraus.de - Das Blog TV-Vorschau 23. \u2013 29. Dezember 2023","description":"Ich w\u00fcnsche allen LeserInnen dieses Blogs frohe und gesegnete Weihnachten. Samstag, 23. Dezember Zun\u00e4chst f\u00fchrt uns Phoenix mit dem Dreiteiler \u201eS\u00f6hne der Sonne\u201c in das pr\u00e4kolumbianische S\u00fcd- und Mittelamerika. Um 20.15 Uhr geht es um \u201eDie Maya\u201c, um 21 Uhr folgen \u201eDie Inka\u201c und um 21.45 Uhr sind \u201eDie Azteken\u201c an der Reihe. \u2014 Um Vorstellung historischer Fernsehsendungen.","inLanguage":"de-DE","isPartOf":{"@id":"http:\/\/historikerkraus.de\/blog\/#website"},"breadcrumb":{"@id":"http:\/\/historikerkraus.de\/blog\/2023\/12\/22\/tv-vorschau-23-29-dezember-2023\/#breadcrumblist"},"author":{"@id":"http:\/\/historikerkraus.de\/blog\/author\/ob-sk-177\/#author"},"creator":{"@id":"http:\/\/historikerkraus.de\/blog\/author\/ob-sk-177\/#author"},"datePublished":"2023-12-22T12:00:00+01:00","dateModified":"2023-12-20T20:33:33+01:00"},{"@type":"WebSite","@id":"http:\/\/historikerkraus.de\/blog\/#website","url":"http:\/\/historikerkraus.de\/blog\/","name":"Historikerkraus.de - Das Blog","description":"Historische Miszellen \u2013 nicht nur aus dem Ruhrgebiet","inLanguage":"de-DE","publisher":{"@id":"http:\/\/historikerkraus.de\/blog\/#organization"}}]},"og:locale":"de_DE","og:site_name":"Historikerkraus.de - Das Blog | Historische Miszellen \u2013 nicht nur aus dem Ruhrgebiet","og:type":"article","og:title":"TV-Vorschau 23. \u2013 29. Dezember 2023 | Historikerkraus.de - Das Blog TV-Vorschau 23. \u2013 29. Dezember 2023","og:description":"Ich w\u00fcnsche allen LeserInnen dieses Blogs frohe und gesegnete Weihnachten. Samstag, 23. Dezember Zun\u00e4chst f\u00fchrt uns Phoenix mit dem Dreiteiler \u201eS\u00f6hne der Sonne\u201c in das pr\u00e4kolumbianische S\u00fcd- und Mittelamerika. Um 20.15 Uhr geht es um \u201eDie Maya\u201c, um 21 Uhr folgen \u201eDie Inka\u201c und um 21.45 Uhr sind \u201eDie Azteken\u201c an der Reihe. \u2014 Um Vorstellung historischer Fernsehsendungen.","og:url":"http:\/\/historikerkraus.de\/blog\/2023\/12\/22\/tv-vorschau-23-29-dezember-2023\/","article:published_time":"2023-12-22T10:00:00+00:00","article:modified_time":"2023-12-20T18:33:33+00:00","twitter:card":"summary","twitter:title":"TV-Vorschau 23. \u2013 29. Dezember 2023 | Historikerkraus.de - Das Blog TV-Vorschau 23. \u2013 29. Dezember 2023","twitter:description":"Ich w\u00fcnsche allen LeserInnen dieses Blogs frohe und gesegnete Weihnachten. Samstag, 23. Dezember Zun\u00e4chst f\u00fchrt uns Phoenix mit dem Dreiteiler \u201eS\u00f6hne der Sonne\u201c in das pr\u00e4kolumbianische S\u00fcd- und Mittelamerika. Um 20.15 Uhr geht es um \u201eDie Maya\u201c, um 21 Uhr folgen \u201eDie Inka\u201c und um 21.45 Uhr sind \u201eDie Azteken\u201c an der Reihe. \u2014 Um Vorstellung historischer Fernsehsendungen."},"aioseo_meta_data":{"post_id":"5215","title":"#post_title | #site_title TV-Vorschau 23. \u2013 29. Dezember 2023","description":"#post_content Vorstellung historischer Fernsehsendungen.","keywords":[],"keyphrases":{"focus":{"keyphrase":"","score":0,"analysis":{"keyphraseInTitle":{"score":0,"maxScore":9,"error":1}}},"additional":[]},"primary_term":null,"canonical_url":null,"og_title":null,"og_description":null,"og_object_type":"default","og_image_type":"default","og_image_url":null,"og_image_width":null,"og_image_height":null,"og_image_custom_url":null,"og_image_custom_fields":null,"og_video":"","og_custom_url":null,"og_article_section":null,"og_article_tags":[],"twitter_use_og":false,"twitter_card":"default","twitter_image_type":"default","twitter_image_url":null,"twitter_image_custom_url":null,"twitter_image_custom_fields":null,"twitter_title":null,"twitter_description":null,"schema":{"blockGraphs":[],"customGraphs":[],"default":{"data":{"Article":[],"Course":[],"Dataset":[],"FAQPage":[],"Movie":[],"Person":[],"Product":[],"ProductReview":[],"Car":[],"Recipe":[],"Service":[],"SoftwareApplication":[],"WebPage":[]},"graphName":"Article","isEnabled":true},"graphs":[]},"schema_type":"default","schema_type_options":null,"pillar_content":false,"robots_default":true,"robots_noindex":false,"robots_noarchive":false,"robots_nosnippet":false,"robots_nofollow":false,"robots_noimageindex":false,"robots_noodp":false,"robots_notranslate":false,"robots_max_snippet":"-1","robots_max_videopreview":"-1","robots_max_imagepreview":"large","priority":null,"frequency":"default","local_seo":null,"breadcrumb_settings":null,"limit_modified_date":false,"ai":null,"created":"2023-12-20 18:25:46","updated":"2025-06-04 20:25:52","seo_analyzer_scan_date":null,"focus_keyword":null,"additional_keywords":null,"truseo_locale":null},"aioseo_breadcrumb":"<div class=\"aioseo-breadcrumbs\"><span class=\"aioseo-breadcrumb\">\n\t\t\t<a href=\"http:\/\/historikerkraus.de\/blog\" title=\"Home\">Home<\/a>\n\t\t<\/span><span class=\"aioseo-breadcrumb-separator\">&raquo;<\/span><span class=\"aioseo-breadcrumb\">\n\t\t\t<a href=\"http:\/\/historikerkraus.de\/blog\/category\/geschichte-im-fernsehen\/\" title=\"Geschichte im Fernsehen\">Geschichte im Fernsehen<\/a>\n\t\t<\/span><span class=\"aioseo-breadcrumb-separator\">&raquo;<\/span><span class=\"aioseo-breadcrumb\">\n\t\t\tTV-Vorschau 23. \u2013 29. Dezember 2023\n\t\t<\/span><\/div>","aioseo_breadcrumb_json":[{"label":"Home","link":"http:\/\/historikerkraus.de\/blog"},{"label":"Geschichte im Fernsehen","link":"http:\/\/historikerkraus.de\/blog\/category\/geschichte-im-fernsehen\/"},{"label":"TV-Vorschau 23. \u2013 29. Dezember 2023","link":"http:\/\/historikerkraus.de\/blog\/2023\/12\/22\/tv-vorschau-23-29-dezember-2023\/"}],"_links":{"self":[{"href":"http:\/\/historikerkraus.de\/blog\/wp-json\/wp\/v2\/posts\/5215","targetHints":{"allow":["GET"]}}],"collection":[{"href":"http:\/\/historikerkraus.de\/blog\/wp-json\/wp\/v2\/posts"}],"about":[{"href":"http:\/\/historikerkraus.de\/blog\/wp-json\/wp\/v2\/types\/post"}],"author":[{"embeddable":true,"href":"http:\/\/historikerkraus.de\/blog\/wp-json\/wp\/v2\/users\/10"}],"replies":[{"embeddable":true,"href":"http:\/\/historikerkraus.de\/blog\/wp-json\/wp\/v2\/comments?post=5215"}],"version-history":[{"count":2,"href":"http:\/\/historikerkraus.de\/blog\/wp-json\/wp\/v2\/posts\/5215\/revisions"}],"predecessor-version":[{"id":5217,"href":"http:\/\/historikerkraus.de\/blog\/wp-json\/wp\/v2\/posts\/5215\/revisions\/5217"}],"wp:attachment":[{"href":"http:\/\/historikerkraus.de\/blog\/wp-json\/wp\/v2\/media?parent=5215"}],"wp:term":[{"taxonomy":"category","embeddable":true,"href":"http:\/\/historikerkraus.de\/blog\/wp-json\/wp\/v2\/categories?post=5215"},{"taxonomy":"post_tag","embeddable":true,"href":"http:\/\/historikerkraus.de\/blog\/wp-json\/wp\/v2\/tags?post=5215"}],"curies":[{"name":"wp","href":"https:\/\/api.w.org\/{rel}","templated":true}]}}