{"id":4793,"date":"2021-04-16T12:00:00","date_gmt":"2021-04-16T10:00:00","guid":{"rendered":"http:\/\/historikerkraus.de\/blog\/?p=4793"},"modified":"2021-04-15T10:40:05","modified_gmt":"2021-04-15T08:40:05","slug":"tv-vorschau-17-23-april-2021","status":"publish","type":"post","link":"http:\/\/historikerkraus.de\/blog\/2021\/04\/16\/tv-vorschau-17-23-april-2021\/","title":{"rendered":"TV-Vorschau  17. \u2013 23. April 2021"},"content":{"rendered":"\n<p>Die Palette der Geschichtssendungen ist in der kommenden Woche wieder recht bunt: mittelalterliche schottische Geschichte, Luther auf dem Reichstag zu Worms und die Filmgeschichte Hollywoods sind da nur ein paar Beispiele. Viel Spa\u00df bei der Auswahl.<\/p>\n\n\n\n<h2 class=\"has-text-align-center wp-block-heading\" id=\"samstag17.april\">Samstag, 17. April<\/h2>\n\n\n\n<ul class=\"wp-block-list\"><li>Schottische Geschichte auf <strong>Phoenix<\/strong>. Die Reihe \u201eSchottland \u2013 Kampf der Clans\u201c stellt drei herausragende Personen in den Mittelpunkt. Um 20.15 Uhr ist es <a href=\"https:\/\/www.phoenix.de\/sendungen\/dokumentationen\/schottland---kampf-der-clans-a-1475925.html\" target=\"_blank\" rel=\"noreferrer noopener\">\u201eRobert the Bruce\u201c<\/a>, im Mittelalter einen scheinbar aussichtslosen Kampf gegen den englischen K\u00f6nig um die schottische Krone f\u00fchrte. Unterst\u00fctzt wurde er von konkurrierenden Clans. \u2014 <em>\u201eDer Aufstieg des machthungrigen Stewart-Clans zur schottischen K\u00f6nigsdynastie m\u00fcndet in einer erbitterten Familienfehde. Im gnadenlosen Ringen um die Macht wird intrigiert und gemordet.\u201c<\/em> <a href=\"https:\/\/www.phoenix.de\/sendungen\/dokumentationen\/schottland---kampf-der-clans-a-1475935.html\" target=\"_blank\" rel=\"noreferrer noopener\">\u201eBruder gegen Bruder\u201c<\/a> um 21 Uhr. \u2014 <em>\u201eDie Clans bestimmen \u00fcber das Schicksal der jungen schottischen K\u00f6nigin Mary Stewart. Sie ist gefangen in einem Netz aus Verschw\u00f6rungen, Gegenverschw\u00f6rungen und blutigen Machtk\u00e4mpfen.\u201c<\/em> <a href=\"https:\/\/www.phoenix.de\/sendungen\/dokumentationen\/schottland---kampf-der-clans-a-1475945.html\" target=\"_blank\" rel=\"noreferrer noopener\">\u201eVerrat an der K\u00f6nigin\u201c<\/a> (21.45 Uhr). \u2014 Um 23.15 Uhr folgt der ZDF-History-Beitrag <a href=\"https:\/\/www.phoenix.de\/sendungen\/dokumentationen\/zdf-history\/auguste-victoria--deutschlands-letzte-kaiserin-a-2078770.html\" target=\"_blank\" rel=\"noreferrer noopener\">\u201eAuguste Victoria \u2013 Deutschlands letzte Kaiserin\u201c<\/a>.<\/li><li>Auf <strong>ARD-alpha<\/strong> ist um 20.15 Uhr der Spielfilm <a href=\"https:\/\/www.br.de\/fernsehen\/ard-alpha\/programmkalender\/ausstrahlung-2461470.html\" target=\"_blank\" rel=\"noreferrer noopener\">\u201eDer Staat gegen Fritz Bauer\u201c<\/a> (BRD 2015, Regie: Lars Kraume) zu sehen, der sich mit der juristischen Aufarbeitung des NS-Unrechts in Deutschland befasst (Wiederholung um 23.50 Uhr).<\/li><li>500 Jahre ist es her, dass Martin Luther vor dem Kaiser auf dem Reichstag zu Worms erscheinen musste. Hier soll der viel zitierte (wenn auch nicht belegte) Satz \u201eHier stehe ich und kann nicht anders\u201c gefallen sein. <em>\u201eDem Geheimnis von Luthers Wagemut sp\u00fcrt eine Multimedia-Inszenierung auf dem Wormser Marktplatz nach: Am 17. April 2021 um 23 Uhr wird die Dreifaltigkeitskirche zur gr\u00f6\u00dften Leinwand Deutschlands und entf\u00fchrt die Zuschauer<\/em>innen mit spannenden Bildern, mitrei\u00dfender Musik und prominenten Live-Darsteller<em>innen in die Zeit von 1521 \u2013 das alles vor dem Hintergrund der Frage: Welche Luther-Momente braucht die Welt \u2026\u201c<\/em> <strong>SWR<\/strong>. 22.35 Uhr <a href=\"https:\/\/programm.ard.de\/TV\/Programm\/Sender\/?sendung=281134182245099\" target=\"_blank\" rel=\"noreferrer noopener\">\u201eDer Luther-Moment \u2013 500 Jahre Wormser Reichstag\u201c<\/a>. \u2014 Im Anschluss um 23.40 Uhr passend der <a href=\"https:\/\/programm.ard.de\/TV\/Programm\/Sender\/?sendung=281134182245177\" target=\"_blank\" rel=\"noreferrer noopener\">\u201eLuther\u201c<\/a>-Spielfilm (BRD\/GB\/USA 2003, Regie: Eric Till).<\/li><\/ul>\n\n\n\n<h2 class=\"has-text-align-center wp-block-heading\" id=\"sonntag18.april\">Sonntag, 18. April<\/h2>\n\n\n\n<ul class=\"wp-block-list\"><li><strong>ARD-alpha<\/strong> zeigt um 20.15 Uhr den biografischen Spielfilm <a href=\"https:\/\/www.br.de\/mediathek\/video\/hannah-arendt-hannah-arendt-av:602137cb2e880e001abd289b\" target=\"_blank\" rel=\"noreferrer noopener\">\u201eHannah Arendt\u201c<\/a>. <em>\u201eHannah Arendts Denken ver\u00e4nderte die Welt. Ihre gesellschaftspolitischen Schriften \u00fcber totalit\u00e4re Systeme und Demokratie pr\u00e4gen bis heute unsere Sichtweise auf das 20. Jahrhundert und sind aus unserem Verst\u00e4ndnis f\u00fcr politische Zusammenh\u00e4nge \u2013 auch der aktuellen \u2013 nicht mehr wegzudenken.\u201c<\/em> (Wiederholung um 23.25 Uhr).<\/li><li><a href=\"https:\/\/programm.ard.de\/TV\/tagesschau24\/Programmkalender\/?sendung=287214193552290\" target=\"_blank\" rel=\"noreferrer noopener\">\u201eDer Brauhausberg in Potsdam\u201c<\/a> ist Thema der Reihe \u201eGeheimnisvolle Orte\u201c um 20.15 Uhr auf <strong>tagesschau 24<\/strong>.<\/li><li><a href=\"https:\/\/www.mdr.de\/tv\/programm\/sendung924144_date-2021-04-18_ipgctx-true_zc-9f165254.html\" target=\"_blank\" rel=\"noreferrer noopener\">\u201eDie Partei hat immer Recht! DDR-K\u00fcnstler zwischen Inspiration und Linientreue\u201c<\/a> der heutigen <strong>MDR<\/strong> Zeitreise um 22.20 Uhr.<\/li><li><strong>One<\/strong> zeigt heute die ersten beiden Folgen der zw\u00f6lfteiligen Dokureihe \u201eThe Movies \u2013 Die Geschichte Hollywoods\u201c. <em>\u201eIn dieser zw\u00f6lfteiligen, aufwendig produzierten Dokureihe wird die Geschichte des amerikanischen Films beleuchtet: Erz\u00e4hlt von Tom Hanks und Gary Goetzman und mit Interviews von Steven Spielberg, Tim Burton, Robert De Niro, Al Pacino, Morgan Freeman, Tom Hanks, Baz Luhrman, Ridley Scott, Julia Roberts und vielen anderen, blicken wir zur\u00fcck auf das Goldene Zeitalter Hollywoods und bewegen uns in langsamen Schritten Richtung Gegenwart. Eine Entdeckungsreise in gro\u00dfen Bildern mit Originalausschnitten unz\u00e4hliger Filmklassiker.\u201c<\/em> <a href=\"https:\/\/programm.ard.de\/TV\/Programm\/Sender\/?sendung=287224191327953\" target=\"_blank\" rel=\"noreferrer noopener\">\u201eDie Goldenen Jahre\u201c<\/a> sind um 23.15 Uhr zu sehen, der <a href=\"https:\/\/programm.ard.de\/TV\/Programm\/Sender\/?sendung=287224191327978\" target=\"_blank\" rel=\"noreferrer noopener\">\u201ezweite Teil\u201c<\/a> folgt dann um 23.55 Uhr.<\/li><li><strong>ZDF<\/strong> History besch\u00e4ftigt sich um 23.45 Uhr mit dem Thema <a href=\"https:\/\/www.zdf.de\/dokumentation\/zdf-history\/unsere-muetter--unsere-grossmuetter-frauen-im-krieg-100.html\" target=\"_blank\" rel=\"noreferrer noopener\">\u201eUnsere M\u00fctter \u2013 unsere Gro\u00dfm\u00fctter. Frauen im Krieg\u201c<\/a>. <em>\u201eWaren sie Opfer, Mitl\u00e4uferinnen oder gar mitschuldig? Private Filmaufnahmen und Tageb\u00fccher zeigen das Leben von Frauen im Zweiten Weltkrieg jenseits der NS-Propaganda.\u201c<\/em><\/li><\/ul>\n\n\n\n<h2 class=\"has-text-align-center wp-block-heading\" id=\"montag19.april\">Montag, 19. April<\/h2>\n\n\n\n<ul class=\"wp-block-list\"><li><a href=\"https:\/\/www.n-tv.de\/mediathek\/tvprogramm\/?date=2021-04-19\" target=\"_blank\" rel=\"noreferrer noopener\"><strong>n-tv<\/strong><\/a> begibt sich heute wieder \u201eInside Hitler\u201c. Um 20.15 Uhr pr\u00e4sentiert der Sender \u201eGeheime Krankenakten\u201c, um 21.05 Uhr \u201eFamiliengeheimnisse\u201c des Diktators. \u2014 Altbew\u00e4hrt folgen drei \u201eMega-Projekte der Nazis\u201c: \u201eSuper-Panzer\u201c (22.10 Uhr), \u201eHitlers Kampf-Flieger\u201c (23.30 Uhr) und die \u201eSuper-Festung Berlin\u201c (0.25 Uhr).<\/li><li>Weiter geht es auf <strong>One<\/strong> mit \u201eThe Movies \u2013 Die Geschichte Hollywoods\u201c. Heute sind \u201eDie 60er\u201c dran. <a href=\"https:\/\/programm.ard.de\/TV\/Programm\/Sender\/?sendung=287224191318300\" target=\"_blank\" rel=\"noreferrer noopener\">\u201eTeil 1\u201c<\/a> l\u00e4uft um 23.15 Uhr, <a href=\"https:\/\/programm.ard.de\/TV\/Programm\/Sender\/?sendung=287224191318396\" target=\"_blank\" rel=\"noreferrer noopener\">\u201eTeil 2\u201c<\/a> um 23.55 Uhr.<\/li><li>\u201eGeschichte im Ersten\u201c sendet <a href=\"https:\/\/www.daserste.de\/information\/reportage-dokumentation\/geschichte-im-ersten\/sendung\/gruesse-aus-der-ddr-reisen-in-den-sozialismus-100.html\" target=\"_blank\" rel=\"noreferrer noopener\">\u201eGr\u00fc\u00dfe aus der DDR\u201c<\/a> und erinnert an das sozialistische Tourismusprogramm, das Westdevisen mittels bundesdeutscher Urlauber ins Land bringen sollte (<strong>ARD<\/strong>, 23.35 Uhr).<\/li><\/ul>\n\n\n\n<h2 class=\"has-text-align-center wp-block-heading\" id=\"dienstag20.april\">Dienstag, 20. April<\/h2>\n\n\n\n<ul class=\"wp-block-list\"><li><em>\u201eDer Krieg zwischen Nord- und S\u00fcdkorea forderte innerhalb von drei Jahren mehrere Millionen Todesopfer, die meisten von ihnen Zivilisten. Er zementierte die Spaltung Koreas. Bis heute gibt es keinen Friedensvertrag zwischen den beiden Staaten. Anhand von Archivmaterialien, die erst vor Kurzem freigegeben wurden, erz\u00e4hlt der Film die Geschichte eines offiziell nie beendeten Krieges.\u201c<\/em> <a href=\"https:\/\/www.arte.tv\/de\/videos\/078704-001-A\/der-ewige-korea-krieg\/\" target=\"_blank\" rel=\"noreferrer noopener\">\u201eDer ewige Korea-Krieg\u201c<\/a> (<strong>Arte<\/strong>, 20.15 Uhr).<\/li><li>Der <strong>MDR<\/strong> fragt um 22.10 Uhr <a href=\"https:\/\/www.mdr.de\/tv\/programm\/sendung924568_date-2021-04-20_ipgctx-true_zc-de00be8a.html\" target=\"_blank\" rel=\"noreferrer noopener\">\u201eWas wurde aus der SED?\u201c<\/a><\/li><li>Der <strong>BR<\/strong> berichtet um 22.50 Uhr \u00fcber <a href=\"https:\/\/www.br.de\/mediathek\/video\/das-grand-egyptian-museum-ein-neuer-palast-fuer-tutanchamun-das-grand-egyptian-museum-ein-neuer-palast-fuer-tutanchamun-av:60462391436ef3001366652e\" target=\"_blank\" rel=\"noreferrer noopener\">\u201eDas Grand Egyptian Museum \u2013 Ein neuer Palast f\u00fcr Tutanchamun\u201c<\/a>. <em>\u201eIn Kairo, in unmittelbarer Nachbarschaft zu den Pyramiden von Gizeh, entsteht ein Museumsbau der Superlative \u2013 das Grand Egyptian Museum (GEM), das gr\u00f6\u00dfte arch\u00e4ologische Museum der Welt \u2013 auch als die vierte Pyramide bezeichnet. Herzst\u00fcck des neuen Museums soll der Grabschatz des Tutanchamun sein, den der Brite Howard Carter 1922 entdeckte. Erstmals in der Geschichte werden alle rund 5.000 Fundobjekte aus Tutanchamuns Grab ausgestellt werden. Ein Filmteam begleitet die Entstehung dieses Museums.\u201c<\/em><\/li><li>\u201eThe Movies \u2013 Die Geschichte Hollywoods\u201c schreitet voran in \u201eDie 70er\u201c. <a href=\"https:\/\/programm.ard.de\/TV\/Programm\/Sender\/?sendung=287224191308727\" target=\"_blank\" rel=\"noreferrer noopener\">\u201eTeil 1\u201c<\/a> um 23.15 Uhr, <a href=\"https:\/\/programm.ard.de\/TV\/Programm\/Sender\/?sendung=287224191308739\" target=\"_blank\" rel=\"noreferrer noopener\">\u201eTeil 2\u201c<\/a> folgt um 23.55 Uhr, alles auf <strong>One<\/strong>.<\/li><li><em>\u201eIm oberschw\u00e4bischen Me\u00dfkirch wird der legend\u00e4re Sankt Galler Klosterplan, die \u00e4lteste noch erhaltene Architekturzeichnung des Abendlandes, Wirklichkeit. Rund drei Dutzend M\u00e4nner und Frauen bauen mit den Mitteln und Methoden des 9. Jahrhunderts eine Klosterstadt mit Wohnh\u00e4usern, Werkst\u00e4tten und dem eigentlichen Kloster, zu dem auch eine rund 70 Meter lange Abteikirche geh\u00f6rt. Eine gewaltige Herausforderung: wie schl\u00e4gt man Steine aus dem Felsen, wie gewinnt man Eisen, wie hievt man tonnenschwere Balken auf Ger\u00fcste, wie gie\u00dft man eine Glocke?\u201c<\/em> <a href=\"https:\/\/programm.ard.de\/TV\/Programm\/Sender\/?sendung=281134189775517\" target=\"_blank\" rel=\"noreferrer noopener\">\u201eExperiment Mittelalter \u2013 Abenteuer Klosterstadt Me\u00dfkirch\u201c<\/a>, <strong>SWR<\/strong>, 23.30 Uhr.<\/li><li><em>\u201eEs ist eine der bemerkenswertesten und bislang unerz\u00e4hlten Geschichten des Holocaust: Die Geschichte des jungen couragierten Historikers Emanuel Ringelblum, der im Warschauer Getto ein Untergrundarchiv initiierte und leitete, in dem Tageb\u00fccher und Fotos, NS-Verordnungen und jiddische Poesie gesammelt und vergraben wurden, um der Nachwelt ein authentisches Zeugnis zu geben vom Leben im Getto und den Verbrechen der NS-Besatzer. Seit 1999 sind die Archive des Warschauer Gettos Weltdokumentenerbe der UNESCO.\u201c<\/em> <a href=\"https:\/\/www.ndr.de\/fernsehen\/programm\/epg\/Das-Geheimarchiv-im-Warschauer-Ghetto,sendung1144504.html\" target=\"_blank\" rel=\"noreferrer noopener\">\u201eDas Geheimarchiv im Warschauer Ghetto\u201c<\/a> (<strong>NDR<\/strong>, 0 Uhr).<\/li><\/ul>\n\n\n\n<h2 class=\"has-text-align-center wp-block-heading\" id=\"mittwoch21.april\">Mittwoch, 21. April<\/h2>\n\n\n\n<ul class=\"wp-block-list\"><li>Eine Adelsfamilie im Nationalsozialismus ist heute um 22 Uhr Thema im <strong>BR<\/strong>. <em>\u201eDie Zeit des Dritten Reiches war auch f\u00fcr die Wittelsbacher eine Zeit des Leidens. Die Nationalsozialisten f\u00fcrchteten eine Thronbesteigung des bayerischen Kronprinzen Rupprecht. Der Sohn des letzten bayerischen K\u00f6nigs fl\u00fcchtete ins Exil, seine Familie wurde von den Nazis verfolgt. Die einzelnen Familienangeh\u00f6rigen der Wittelsbacher wurden in Konzentrationslager verschleppt. Als \u201cSonderh\u00e4ftlinge\u201d hatten sie einen privilegierten Status, mussten aber dennoch um ihr Leben f\u00fcrchten.\u201c<\/em> <a href=\"https:\/\/www.br.de\/mediathek\/video\/die-wittelsbacher-geiseln-adolf-hitlers-av:604624086f1ac6001310970c\" target=\"_blank\" rel=\"noreferrer noopener\">\u201eDie Wittelsbacher \u2013 Geiseln Adolf Hitlers\u201c<\/a>. \u2014 Um 22.45 Uhr folgt das <a href=\"https:\/\/www.br.de\/mediathek\/video\/die-wittelsbacher-im-nationalsozialismus-gespraech-zur-dokumentation-av:60462408542db30014ac2975\" target=\"_blank\" rel=\"noreferrer noopener\">\u201eGespr\u00e4ch zur Dokumentation\u201c<\/a>.<\/li><li><a href=\"https:\/\/www.br.de\/fernsehen\/ard-alpha\/programmkalender\/ausstrahlung-2461856.html\" target=\"_blank\" rel=\"noreferrer noopener\">\u201eDie Charit\u00e9 \u2013 Geschichten von Leben und Tod\u201c<\/a> ist Thema der Reihe \u201eGeheimnisvolle Orte\u201c um 23 Uhr auf <strong>ARD-alpha<\/strong>.<\/li><li>Die Geschichte Hollywoods in den 1980er Jahren erz\u00e4hlen die heutigen beiden Teil der Doku \u201eThe Movies \u2013 Die Geschichte Hollywoods\u201c. <a href=\"https:\/\/programm.ard.de\/TV\/Programm\/Sender\/?sendung=287224191331152\" target=\"_blank\" rel=\"noreferrer noopener\">\u201eTeil 1\u201c<\/a> um 23 Uhr, <a href=\"https:\/\/programm.ard.de\/TV\/Programm\/Sender\/?sendung=287224191331159\" target=\"_blank\" rel=\"noreferrer noopener\">\u201eTeil 2\u201c<\/a> um 23.40 Uhr. Beide auf <strong>One<\/strong>.<\/li><li>Literatur als \u201eWaffe\u201c im Kalten Krieg. *\u201eF\u00fcr \u201aDoktor Schiwago\u2018 erhielt Boris Pasternak 1958 den Literatur-Nobelpreis. Mit seinem Roman bot der russische Dichter den sowjetischen Beh\u00f6rden die Stirn. Die Dokumentation zeigt, wie effizient der amerikanische Geheimdienst das als \u201aantisowjetisch\u2018 beurteilte literarische Werk zur ideologischen Waffe im Kalten Krieg umfunktionierte.\u201c <a href=\"https:\/\/www.arte.tv\/de\/videos\/073082-000-A\/ich-lade-sie-zu-meiner-hinrichtung-ein\/\" target=\"_blank\" rel=\"noreferrer noopener\">\u201eIch lade sie zu meiner Hinrichtung ein \u2013 Der Fall Doktor Schiwago\u201c<\/a> (<strong>Arte<\/strong>, 23.55 Uhr).<\/li><\/ul>\n\n\n\n<h2 class=\"has-text-align-center wp-block-heading\" id=\"donnerstag22.april\">Donnerstag, 22. April<\/h2>\n\n\n\n<ul class=\"wp-block-list\"><li>Um Mitternacht geht auf <strong>One<\/strong> die Doku-Reihe\u201eThe Movies \u2013 Die Geschichte Hollywoods\u201c mit den 90er Jahren weiter. Auf <a href=\"https:\/\/programm.ard.de\/TV\/Programm\/Sender\/?sendung=287224191303239\" target=\"_blank\" rel=\"noreferrer noopener\">\u201eTeil 1\u201c<\/a> folgt um 0.40 Uhr der <a href=\"https:\/\/programm.ard.de\/TV\/Programm\/Sender\/?sendung=287224191303282\" target=\"_blank\" rel=\"noreferrer noopener\">\u201ezweite Teil\u201c<\/a>.<\/li><\/ul>\n\n\n\n<h2 class=\"has-text-align-center wp-block-heading\" id=\"freitag23.april\">Freitag, 23. April<\/h2>\n\n\n\n<ul class=\"wp-block-list\"><li>Und wieder h\u00e4lt <a href=\"https:\/\/www.n-tv.de\/mediathek\/tvprogramm\/?date=2021-04-23\" target=\"_blank\" rel=\"noreferrer noopener\"><strong>n-tv<\/strong><\/a> \u201eGiganten der Geschichte\u201c in seinem Programm bereit. Um 20.15 Uhr stehen \u201eDie Pyramiden von Caral\u201c in Peru im Blickpunkt, um 21.05 Uhr wird \u201eDer Untergang Pompejis\u201c untersucht und um 22.10 Uhr das \u201eGeheimnis der Maya-Tempel\u201c aufgedeckt.<\/li><li>Am Montag kamen sie schon in der ARD an, heute auch in <strong>tagesschau 24<\/strong>: <a href=\"https:\/\/programm.ard.de\/TV\/tagesschau24\/Programmkalender\/?sendung=287214193548588\" target=\"_blank\" rel=\"noreferrer noopener\">\u201eGr\u00fc\u00dfe aus der DDR \u2013 Reisen in den Sozialismus\u201c<\/a> (21.30 Uhr).<\/li><li>Heute sind \u201eDie 2000er\u201c auf <strong>One<\/strong> in der Reihe \u201eThe Movies \u2013 Die Geschichte Hollywoods\u201c dran. <a href=\"https:\/\/programm.ard.de\/TV\/Programm\/Sender\/?sendung=287224191308333\" target=\"_blank\" rel=\"noreferrer noopener\">\u201eTeil 1\u201c<\/a> l\u00e4uft um 22.40 Uhr, <a href=\"https:\/\/programm.ard.de\/TV\/Programm\/Sender\/?sendung=287224191308353\" target=\"_blank\" rel=\"noreferrer noopener\">\u201eTeil 2\u201c<\/a> um 23,25 Uhr.<\/li><\/ul>\n","protected":false},"excerpt":{"rendered":"<p>Die Palette der Geschichtssendungen ist in der kommenden Woche wieder recht bunt: mittelalterliche schottische Geschichte, Luther auf dem Reichstag zu Worms und die Filmgeschichte Hollywoods sind da nur ein paar Beispiele. Viel Spa\u00df bei der Auswahl. Samstag, 17. April Schottische Geschichte auf Phoenix. Die Reihe \u201eSchottland \u2013 Kampf der Clans\u201c &#8230;<\/p>\n","protected":false},"author":10,"featured_media":0,"comment_status":"open","ping_status":"open","sticky":false,"template":"","format":"standard","meta":{"footnotes":""},"categories":[4,8],"tags":[],"class_list":["post-4793","post","type-post","status-publish","format-standard","hentry","category-geschichte-im-fernsehen","category-history-tv"],"aioseo_notices":[],"_links":{"self":[{"href":"http:\/\/historikerkraus.de\/blog\/wp-json\/wp\/v2\/posts\/4793","targetHints":{"allow":["GET"]}}],"collection":[{"href":"http:\/\/historikerkraus.de\/blog\/wp-json\/wp\/v2\/posts"}],"about":[{"href":"http:\/\/historikerkraus.de\/blog\/wp-json\/wp\/v2\/types\/post"}],"author":[{"embeddable":true,"href":"http:\/\/historikerkraus.de\/blog\/wp-json\/wp\/v2\/users\/10"}],"replies":[{"embeddable":true,"href":"http:\/\/historikerkraus.de\/blog\/wp-json\/wp\/v2\/comments?post=4793"}],"version-history":[{"count":2,"href":"http:\/\/historikerkraus.de\/blog\/wp-json\/wp\/v2\/posts\/4793\/revisions"}],"predecessor-version":[{"id":4795,"href":"http:\/\/historikerkraus.de\/blog\/wp-json\/wp\/v2\/posts\/4793\/revisions\/4795"}],"wp:attachment":[{"href":"http:\/\/historikerkraus.de\/blog\/wp-json\/wp\/v2\/media?parent=4793"}],"wp:term":[{"taxonomy":"category","embeddable":true,"href":"http:\/\/historikerkraus.de\/blog\/wp-json\/wp\/v2\/categories?post=4793"},{"taxonomy":"post_tag","embeddable":true,"href":"http:\/\/historikerkraus.de\/blog\/wp-json\/wp\/v2\/tags?post=4793"}],"curies":[{"name":"wp","href":"https:\/\/api.w.org\/{rel}","templated":true}]}}