{"id":4790,"date":"2021-04-09T12:00:00","date_gmt":"2021-04-09T11:00:00","guid":{"rendered":"http:\/\/historikerkraus.de\/blog\/?p=4790"},"modified":"2021-04-08T09:17:50","modified_gmt":"2021-04-08T08:17:50","slug":"tv-vorschau-10-16-april-2021","status":"publish","type":"post","link":"http:\/\/historikerkraus.de\/blog\/2021\/04\/09\/tv-vorschau-10-16-april-2021\/","title":{"rendered":"TV-Vorschau  10. \u2013 16. April 2021"},"content":{"rendered":"\n<p class=\"wp-block-paragraph\">Der Eichmann-Prozess vor 60 Jahren nimmt weiterhin einen gro\u00dfen Raum im Geschichtsfernsehen der kommenden Woche ein. Wer sich f\u00fcr Kulturgeschichte interessiert, bekommt Einblicke auf die \u201eDekadenz\u201c in der Geschichte. Die Eroberung des Weltalls aus sowjetischer Perspektive ist ebenfalls Thema. Viel Spa\u00df bei der Auswahl.<\/p>\n\n\n\n<h2 class=\"has-text-align-center wp-block-heading\" id=\"samstag10.april\">Samstag, 10. April<\/h2>\n\n\n\n<ul class=\"wp-block-list\"><li>Auf <strong>ARD-alpha<\/strong> geht der Themenschwerpunkt \u201eEichmann-Prozess\u201c weiter. Um 20.15 Uhr ist der Beitrag <a href=\"https:\/\/www.br.de\/fernsehen\/ard-alpha\/programmkalender\/ausstrahlung-2458278.html\" target=\"_blank\" rel=\"noreferrer noopener\">\u201eDer Eichmann-Prozess \u2013 Eichmanns Ende\u201c<\/a> zu sehen. <em>\u201eAdolf Eichmann, Cheforganisator der Judendeportationen in die Vernichtungslager und einer der gr\u00f6\u00dften Kriegsverbrecher im \u201aDritten Reich\u2018, taucht nach Kriegsende in der Nordheide unter. Dort verdingt er sich als Holzf\u00e4ller und H\u00fchnerz\u00fcchter, unweit vom ehemaligen KZ Bergen-Belsen. 1950 setzt er sich wie viele Nazis nach Argentinien ab und holt 1952 seine Frau und drei S\u00f6hne nach. Die deutsche Gemeinde in Buenos Aires ist \u00fcberschaubar; sie besteht aus Nazis und Juden, aus T\u00e4tern und Opfern. Auch Lothar Hermann, Jude und KZ-\u00dcberlebender, hat sich 1942 dorthin in Sicherheit gebracht. Seine Tochter Silvia verliebt sich in \u201aNick\u2018, ohne zu wissen, dass es sich dabei ausgerechnet um Eichmanns Sohn Klaus handelt. Diese Liaison soll Adolf Eichmann zum Verh\u00e4ngnis werden.\u201c<\/em> \u2014 Um 21.45 Uhr folgt dann der zweite Teil der Dokumentation <a href=\"https:\/\/www.br.de\/fernsehen\/ard-alpha\/programmkalender\/ausstrahlung-2458280.html\" target=\"_blank\" rel=\"noreferrer noopener\">\u201eDer Eichmann-Prozess \u2013 Vor 60 Jahren: Eine Epoche vor Gericht\u201c<\/a>.<\/li><li><em>\u201eWer kennt nicht d\u2019Artagnan, den schneidigen \u201avierten Musketier\u2018, der durch Alexandre Dumas\u2019 Erfolgsroman \u201aDie drei Musketiere\u2018 weltweit zur Legende wurde? Weniger bekannt ist, dass d\u2019Artagnan wirklich existiert hat. Die Biografie der realen historischen Figur ist sogar noch faszinierender als die ihres fiktionalen Doppelg\u00e4ngers \u2026\u201c<\/em> Und zu sehen ist die Doku <a href=\"https:\/\/www.arte.tv\/de\/videos\/096273-000-A\/d-artagnan-musketier-im-dienst-des-sonnenkoenigs\/\" target=\"_blank\" rel=\"noreferrer noopener\">\u201eD\u2019Artagnan, Musketier im Dienst des Sonnenk\u00f6nigs\u201c<\/a> um 20.15 Uhr auf <strong>Arte<\/strong>.<\/li><li><a href=\"https:\/\/programm.ard.de\/TV\/tagesschau24\/Programmkalender\/?sendung=287214174163638\" target=\"_blank\" rel=\"noreferrer noopener\">\u201eGeheimnisvolle Orte: Der K\u00f6lner Dom\u201c<\/a> gibt es um 21.02 Uhr auf <strong>tagesschau 24<\/strong>.<\/li><li>Ein Ph\u00e4nomen, das in der Geschichte immer wieder f\u00fcr den Untergang ganzer Reiche oder gar Zivilisationen verantwortlich gemacht wird: Dekadenz. <strong>3sat<\/strong> geht in einer zweiteiligen Doku dem nach. Um 21.35 Uhr geht es um die <a href=\"https:\/\/www.3sat.de\/gesellschaft\/politik-und-gesellschaft\/dekadenz-sehnsucht-lust-verfall-100.html\" target=\"_blank\" rel=\"noreferrer noopener\">\u201eSehnsucht nach Lust und Verfall\u201c<\/a> und um 22.30 Uhr folgt der <a href=\"https:\/\/www.3sat.de\/gesellschaft\/politik-und-gesellschaft\/dekadenz-kampf-gegen-untergang-100.html\" target=\"_blank\" rel=\"noreferrer noopener\">\u201eKampf gegen den Untergang\u201c<\/a>.<\/li><\/ul>\n\n\n\n<h2 class=\"has-text-align-center wp-block-heading\" id=\"sonntag11.april\">Sonntag, 11. April<\/h2>\n\n\n\n<ul class=\"wp-block-list\"><li>Um 20.15 Uhr steht im \u201e<strong>ARD-alpha<\/strong>-thema Gespr\u00e4ch\u201c <a href=\"https:\/\/www.br.de\/fernsehen\/ard-alpha\/programmkalender\/ausstrahlung-2458352.html\" target=\"_blank\" rel=\"noreferrer noopener\">\u201eDer Eichmann-Prozess\u201c<\/a> im Mittelpunkt. \u2014 Um 21 Uhr folgt der Beitrag <a href=\"https:\/\/www.br.de\/fernsehen\/ard-alpha\/programmkalender\/ausstrahlung-2458354.html\" target=\"_blank\" rel=\"noreferrer noopener\">\u201eB\u00fcro 06 \u2013 Die Architekten des Eichmann-Prozesses\u201c<\/a>. <em>\u201eIm Zentrum dieser Dokumentation stehen die israelischen Ermittler und vor allem jener Beamte, der Eichmann verh\u00f6rte, Avner Less, der aus Berlin stammte. Adolf Eichmann hielt den Prozess zu Beginn f\u00fcr eine Formsache, eine Aufarbeitung f\u00fcr die Geschichtsb\u00fccher. Aber die Ermittler hatten alle juristischen Fragen so schl\u00fcssig beantwortet, dass das Verfahren eine viel handfestere Entwicklung nahm.\u201c<\/em> \u2014 Der abschlie\u00dfende dritte Teil der Doku <a href=\"https:\/\/www.br.de\/fernsehen\/ard-alpha\/programmkalender\/ausstrahlung-2458356.html\" target=\"_blank\" rel=\"noreferrer noopener\">\u201eDer Eichmann-Prozess \u2013 Vor 60 Jahren: Eine Epoche vor Gericht\u201c<\/a> ist um 22 Uhr zu sehen. \u2014 Zwei Zeitzeugen kommen in der Nacht zu Wort. Um Mitternacht der <a href=\"https:\/\/www.br.de\/fernsehen\/ard-alpha\/programmkalender\/ausstrahlung-2458282.html\" target=\"_blank\" rel=\"noreferrer noopener\">\u201eZeuge der Zeit: Gabriel Bach \u2013 Der Prozess seines Lebens\u201c<\/a> und um 0.45 Uhr <a href=\"https:\/\/www.br.de\/fernsehen\/ard-alpha\/programmkalender\/ausstrahlung-2458284.html\" target=\"_blank\" rel=\"noreferrer noopener\">\u201eZeuge der Zeit: Michael Goldmann-Gilead \u2013 \u201aUnd ich stand auf\u2018\u201c<\/a>.<\/li><li>Auch <strong>tagesschau 24<\/strong> sendet die Dokus zum Eichmann-Prozess, die auf ARD-alpha laufen. Um 20.15 Uhr <a href=\"https:\/\/programm.ard.de\/TV\/tagesschau24\/Programmkalender\/?sendung=287214174172404\" target=\"_blank\" rel=\"noreferrer noopener\">\u201eDie Katastrophe vor Gericht\u201c<\/a> und um 21.17 Uhr <a href=\"https:\/\/programm.ard.de\/TV\/tagesschau24\/Programmkalender\/?sendung=287214174172430\" target=\"_blank\" rel=\"noreferrer noopener\">\u201eEichmanns Ende\u201c<\/a>.<\/li><li>Der Wettlauf zwischen der Sowjetunion und den USA um die Eroberung des Weltalls steht im <strong>MDR<\/strong> im Mittelpunkt. Thema: \u201eSternstunden \u2013 60 Jahre Mensch im All\u201c. Um 22.20 Uhr er\u00f6ffnet die MDR Zeitreise mit dem Beitrag <a href=\"https:\/\/www.mdr.de\/tv\/programm\/sendung923232_date-2021-04-11_ipgctx-true_zc-9acbe274.html\" target=\"_blank\" rel=\"noreferrer noopener\">\u201eJuri Gagarin \u2013 Pionier, Mythos, Mensch\u201c<\/a>. \u2014 Um 22.50 Uhr folgt der <a href=\"https:\/\/www.mdr.de\/tv\/programm\/sendung923234_date-2021-04-11_ipgctx-true_zc-9acbe274.html\" target=\"_blank\" rel=\"noreferrer noopener\">\u201eWettlauf ins All \u2013 Zwei Deutsche erobern den Kosmos\u201c<\/a>. \u2014 Weiter geht es um 23.35 Uhr mit der biografischen Doku <a href=\"https:\/\/www.mdr.de\/tv\/programm\/sendung923236_date-2021-04-11_ipgctx-true_zc-9acbe274.html\" target=\"_blank\" rel=\"noreferrer noopener\">\u201eKosmonaut Nummer 1: Juri Gagarin \u2013 Triumph und Trag\u00f6die\u201c<\/a>. \u2014 Den Abschluss bildet die erste Frau im Weltall: <a href=\"https:\/\/www.mdr.de\/tv\/programm\/sendung923238_date-2021-04-11_ipgctx-true_zc-9acbe274.html\" target=\"_blank\" rel=\"noreferrer noopener\">\u201eDie Walentina-Tereschkowa-Story \u2013 Triumph und Tr\u00e4nen\u201c<\/a>.<\/li><li><a href=\"https:\/\/www.zdf.de\/dokumentation\/zdf-history\/auguste-victoria--deutschlands-letzte-kaiserin-100.html\" target=\"_blank\" rel=\"noreferrer noopener\">\u201eAuguste Victoria \u2013 Deutschlands letzte Kaiserin\u201c<\/a> steht im Zentrum der <strong>ZDF<\/strong> History Folge um 23.45 Uhr.<\/li><li>Die franz\u00f6sische Revolution aus der Sicht der Dienerin von Marie-Antoinette. Als Vorlage des Films <a href=\"https:\/\/www.daserste.de\/unterhaltung\/film\/filme-im-ersten\/sendung\/leb-wohl-meine-koenigin-114.html\" target=\"_blank\" rel=\"noreferrer noopener\">\u201eLeb wohl, meine K\u00f6nigin!\u201c<\/a> (FRA, ESP 2011, Regie: Beno\u00eet Jacquot) <em>\u201ediente der preisgekr\u00f6nte Roman der Historikerin Chantal Thomas, der aus der ungewohnten Perspektive einer unbedeutenden Bediensteten auf das dekadente Leben am Hofe schaut, das schon bald durch die Franz\u00f6sische Revolution ein gewaltsames Ende findet.\u201c<\/em> (<strong>ARD<\/strong>, 0.05 Uhr).<\/li><\/ul>\n\n\n\n<h2 class=\"has-text-align-center wp-block-heading\" id=\"montag12.april\">Montag, 12. April<\/h2>\n\n\n\n<ul class=\"wp-block-list\"><li><a href=\"https:\/\/www.n-tv.de\/mediathek\/tvprogramm\/?date=2021-04-12\" target=\"_blank\" rel=\"noreferrer noopener\"><strong>n-tv<\/strong><\/a> begibt sich zun\u00e4chst \u201eInside Hitler\u201c. Um 20.15 Uhr \u201eGeheime Krankenakten\u201c, um 21.05 Uhr \u201eFamiliengeheimnisse\u201c. \u2014 Es folgen drei \u201eMega-Projekte der Nazis\u201c. Um 22.10 Uhr \u201eDer Atlantik-Wall\u201c, um 23.30 Uhr \u201eU-Boot-Basis\u201c und um 0.25 Uhr \u201eRaketen-Basis\u201c.<\/li><li>Zwei Folgen der Reihe \u201eDamals in Amerika\u201c sind auf <strong>Phoenix<\/strong> zu sehen. <a href=\"https:\/\/www.phoenix.de\/sendungen\/dokumentationen\/damals-in-amerika-a-1836135.html\" target=\"_blank\" rel=\"noreferrer noopener\">\u201eTeil 1: Die Geschichte der Einwanderer\u201c<\/a> um 20.15 Uhr. <em>\u201e1886 machte Frankreich Nordamerika die Freiheitsstatue zum Geschenk: \u201eGebt mir eure M\u00fcden und Armen, eure geknechteten Massen, die frei zu atmen begehren!\u201c, verk\u00fcndet die Inschrift. Seitdem hat Lady Liberty im Hafen von Ellis Island Millionen von Einwanderern aus aller Welt empfangen. Auf fr\u00fchen, nachtr\u00e4glich mit Farbe versehenen Aufnahmen der Filmgeschichte, sieht man die Erleichterten, die die Torturen der \u00dcberfahrt und das Prozedere der Einwanderungsbeamten \u00fcberstanden haben, wie sie sich mit Donuts st\u00e4rken.\u201c<\/em> \u2013 <a href=\"https:\/\/www.phoenix.de\/sendungen\/dokumentationen\/damals-in-amerika-a-1838425.html\" target=\"_blank\" rel=\"noreferrer noopener\">\u201eTeil 2: Die Geschichte der M\u00e4chtigen\u201c<\/a> folgt um 21 Uhr.<\/li><li>Die <strong>ARD<\/strong> stellt diesmal in der Reihe \u201eGeheimnisvolle Orte\u201c <a href=\"https:\/\/www.daserste.de\/information\/reportage-dokumentation\/geheimnisvolle-orte\/sendung\/geheimnisvolle-orte-folge-2-178.html\" target=\"_blank\" rel=\"noreferrer noopener\">\u201eKarlsbad\u201c<\/a> in den Mittelpunkt. <em>\u201eEin altehrw\u00fcrdiger Ort in der Mitte Europas, an dem die ganze Welt genesen will. Ob Kaiser oder K\u00f6nige, Reiche oder weniger Betuchte: Das Versprechen, Karlsbad geheilt oder wenigstens erholt zu verlassen, geh\u00f6rt noch heute zum positiven Grundrauschen dieses B\u00f6hmischen Kurortes.\u201c<\/em> (23.20 Uhr).<\/li><\/ul>\n\n\n\n<h2 class=\"has-text-align-center wp-block-heading\" id=\"dienstag13.april\">Dienstag, 13. April<\/h2>\n\n\n\n<ul class=\"wp-block-list\"><li><a href=\"https:\/\/www.rbb-online.de\/geheimnisvolle_orte\/videos\/der-nordbahnhof.html\" target=\"_blank\" rel=\"noreferrer noopener\">\u201eDer Nordbahnhof\u201c<\/a> ist Thema der Reihe \u201eGeheimnisvolle Orte\u201c um 20.15 Uhr auf <strong>RBB<\/strong>. <em>\u201eWo heute an der Invalidenstra\u00dfe sachliche Neubauten der Deutschen Bahn eines der gr\u00f6\u00dften Unternehmen des Landes repr\u00e4sentieren, befand sich fr\u00fcher ein pr\u00e4chtiger Bahnhof in fast verspielter Architektur. Der Stettiner Bahnhof geh\u00f6rte zu den gro\u00dfen Berliner Kopfbahnh\u00f6fen. Durch den Bau der \u201aBerlin-Stettiner-Eisenbahn\u2018 bis 1840 wird der neue Bahnhof n\u00f6tig. Die Bahnlinie ist die erste Verbindung vom Binnenland zu einem Seehafen an der Ostseek\u00fcste. Stettin war damals sozusagen der Hafen von Berlin. Die Bahnstrecke ist zun\u00e4chst als reine G\u00fctertransportstrecke gedacht, doch ab 1872 wird sie auch f\u00fcr Personentransporte genutzt.\u201c<\/em> \u2014 Um 21 Uhr hei\u00dft es <a href=\"https:\/\/www.rbb-online.de\/doku\/k-l\/london-calling.html\" target=\"_blank\" rel=\"noreferrer noopener\">\u201eLondon Calling \u2013 Briefe aus dem Kalten Krieg\u201c<\/a>. <em>\u201e\u201aBriefe ohne Unterschrift\u2018 hie\u00df eine BBC-Radio-Sendung, die sich in deutscher Sprache speziell an H\u00f6rer in der DDR richtete. Fast 25 Jahre lang konnten sich Ostdeutsche anonym ihre Alltagssorgen von der Seele schreiben.\u201c<\/em><\/li><li>Auf <strong>Phoenix<\/strong> geht die Reihe \u201eDamals in Amerika\u201c weiter. Um 20.15 Uhr erleben wir <a href=\"https:\/\/www.phoenix.de\/sendungen\/dokumentationen\/damals-in-amerika-a-1838005.html\" target=\"_blank\" rel=\"noreferrer noopener\">\u201eDie Geschichte der Industriegiganten\u201c<\/a>, um 21 Uhr <a href=\"https:\/\/www.phoenix.de\/sendungen\/dokumentationen\/damals-in-amerika-a-1836145.html\" target=\"_blank\" rel=\"noreferrer noopener\">\u201eDie Geschichte der Arbeiter\u201c<\/a>.<\/li><li>Unter der \u00dcberschrift \u201eSternstunden \u2013 60 Jahre Mensch im All\u201c sendet der <strong>MDR<\/strong> einen weiteren Beitrag: <a href=\"https:\/\/www.mdr.de\/tv\/programm\/sendung923594_date-2021-04-13_ipgctx-true_zc-2288cc94.html\" target=\"_blank\" rel=\"noreferrer noopener\">\u201eMondm\u00e4nner mit Hammer und Sichel \u2013 Die geheimen Mondlande-Pl\u00e4ne der Sowjets\u201c<\/a>. <em>\u201eImmer hatten die Sowjets die \u201akosmische Nase\u2018 vorn, aber ausgerechnet den prestigetr\u00e4chtigsten Wettlauf des 20. Jahrhunderts haben sie verloren. Eine Niederlage, von der die Welt Jahrzehnte nichts erfahren sollte \u2013 das sowjetische Mondprogramm wurde streng geheim gehalten. Denn ein Wettrennen, bei dem man offiziell gar nicht an den Start geht, kann man auch nicht verlieren. So die Logik des Politb\u00fcros.\u201c<\/em> (22.10 Uhr).<\/li><\/ul>\n\n\n\n<h2 class=\"has-text-align-center wp-block-heading\" id=\"mittwoch14.april\">Mittwoch, 14. April<\/h2>\n\n\n\n<ul class=\"wp-block-list\"><li>In der Reihe \u201eUnsere Geschichte\u201c berichtet der <strong>NDR<\/strong> um 20.15 Uhr \u00fcber die <a href=\"https:\/\/www.ndr.de\/fernsehen\/sendungen\/unsere_geschichte\/Unsere-Geschichte-Kinder-des-Krieges-Deutschland-1945,sendung1144842.html\" target=\"_blank\" rel=\"noreferrer noopener\">\u201eKinder des Krieges \u2013 Deutschland 1945\u201c<\/a>. <em>\u201eZeitzeugen des Jahres 1945 und ihre Erinnerungen stehen im Zentrum des ARD-Gemeinschaftsprojektes \u201aKinder des Krieges\u2018. Ihre Aussagen machen deutlich: Das allgemeine Bild vom Jahr 1945 ist r\u00fcckblickend gesch\u00f6nt. Gesch\u00f6nt von der Vorstellung des nahen Kriegsendes. Gesch\u00f6nt von der Vorstellung, dass am 8. Mai 1945 aller Schrecken endet. Aus Sicht derjenigen, die damals Kinder waren, stellt sich das Jahr 1945 anders dar: Zwar ist das Ende des Krieges bereits im Januar 1945 absehbar, doch niemand kann sicher sein, dieses Ende auch zu erleben.\u201c<\/em><\/li><li>Zwei weitere Einblicke in die US-Geschichte erh\u00e4lt man auf <strong>Phoenix<\/strong> in der Reihe \u201eDamals in Amerika\u201c. Um 20.15 Uhr geht es um <a href=\"https:\/\/www.phoenix.de\/sendungen\/dokumentationen\/damals-in-amerika-a-1838440.html\" target=\"_blank\" rel=\"noreferrer noopener\">\u201eDie Geschichte der Traumfabrik Hollywood\u201c<\/a> und um 21 Uhr um <a href=\"https:\/\/www.phoenix.de\/sendungen\/dokumentationen\/damals-in-amerika-a-1837995.html\" target=\"_blank\" rel=\"noreferrer noopener\">\u201eDie Geschichte Alaskas\u201c<\/a>. <em>\u201eZu Beginn des 20.Jahrhunderts ist Alaska ein eisiges, von wenigen Ureinwohnern bewohntes Land im hohen Norden Amerikas. 1867 vom russischen Kaiserreich erworben, wird sich die vom Meer umgebene, raue Wildnis mit N\u00e4he zu Russland und Asien allerdings von enormer strategischer Bedeutung f\u00fcr die USA erweisen.\u201c<\/em><\/li><li>Das Historiendrama <a href=\"https:\/\/www.br.de\/mediathek\/video\/luther-luther-av:5ba222837999e900183a0f68\" target=\"_blank\" rel=\"noreferrer noopener\">\u201eLuther\u201c<\/a> (BRD\/GB\/USA 2003, Regie: Eric Till) ist um 0.20 Uhr im <strong>BR<\/strong> zu sehen.<\/li><\/ul>\n\n\n\n<h2 class=\"has-text-align-center wp-block-heading\" id=\"donnerstag15.april\">Donnerstag, 15. April<\/h2>\n\n\n\n<ul class=\"wp-block-list\"><li><a href=\"https:\/\/www.phoenix.de\/sendungen\/dokumentationen\/russen-und-deutsche-a-2078150.html\" target=\"_blank\" rel=\"noreferrer noopener\">\u201eRussen und Deutsche \u2013 7 Historische Wendepunkte\u201c<\/a> stehen um 20.15 Uhr bei <strong>Phoenix<\/strong> auf dem Programm. <em>\u201eRussen und Deutsche im 20. Jahrhundert \u2013 das ist eine Beziehung der Extreme, eine Beziehung zwischen H\u00f6hen und Tiefen, Freund- und Feindschaft, Frieden und Krieg. Anfang des 20. Jahrhunderts blicken Russland und das Deutsche Reich auf eine lange Phase des Austausches und der B\u00fcndnisse zur\u00fcck. Doch der Erste Weltkrieg wird auch zur \u201eUrkatastrophe\u201c f\u00fcr die gemeinsamen Beziehungen.\u201c<\/em><\/li><li>Auf <strong>Arte<\/strong> steht <a href=\"https:\/\/www.arte.tv\/de\/videos\/080952-000-A\/der-amerikanische-traum\/\" target=\"_blank\" rel=\"noreferrer noopener\">\u201eDer amerikanische Traum \u2013 Die Europ\u00e4er in der Neuen Welt\u201c<\/a> im Mittelpunkt einer Doku um 20.15 Uhr. <em>\u201eAusgangspunkt dieser filmischen Geschichte der Besiedlung der amerikanischen Ostk\u00fcste durch die europ\u00e4ischen Pioniere ist Florida, wo sich die Spanier nach der Entdeckung durch Kolumbus niedergelassen hatten. Die europ\u00e4ische Besiedlung der Neuen Welt f\u00fchrte dann sp\u00e4ter von Jamestown (Virginia) \u00fcber New York bis an die Grenze zu Kanada.\u201c<\/em><\/li><\/ul>\n\n\n\n<h2 class=\"has-text-align-center wp-block-heading\" id=\"freitag16.april\">Freitag, 16. April<\/h2>\n\n\n\n<ul class=\"wp-block-list\"><li>Auf <a href=\"https:\/\/www.n-tv.de\/mediathek\/tvprogramm\/?date=2021-04-16\" target=\"_blank\" rel=\"noreferrer noopener\"><strong>n-tv<\/strong><\/a> sind wieder \u201eGiganten der Geschichte\u201c zu sehen. Um 20.15 Uhr das \u201eReich des Minotaurus\u201c, \u201eNew Yorks Freiheitsstatue\u201c folgt um 21.05 Uhr und \u201eDie Wikinger-Stadt\u201c um 22.10 Uhr. \u2014 Nach Mitternacht folgt dann noch der Zweiteiler \u201eVom Kind zum Krieger\u201c (\u201eDie Kelten\u201c um 0.25 Uhr und \u201eRitter des Mittelalters\u201c um 1.10 Uhr).<\/li><li>Am Montag in der ARD, heute um 21.30 Uhr auf <strong>tagesschau 24<\/strong>: <a href=\"https:\/\/programm.ard.de\/TV\/tagesschau24\/Programmkalender\/?sendung=287214174162816\" target=\"_blank\" rel=\"noreferrer noopener\">\u201eGeheimnisvolle Orte: Karlsbad \u2013 Glanz und Trauma eines Kurortes\u201c<\/a>.<\/li><\/ul>\n","protected":false},"excerpt":{"rendered":"<p>Der Eichmann-Prozess vor 60 Jahren nimmt weiterhin einen gro\u00dfen Raum im Geschichtsfernsehen der kommenden Woche ein. Wer sich f\u00fcr Kulturgeschichte interessiert, bekommt Einblicke auf die \u201eDekadenz\u201c in der Geschichte. Die Eroberung des Weltalls aus sowjetischer Perspektive ist ebenfalls Thema. Viel Spa\u00df bei der Auswahl. Samstag, 10. April Auf ARD-alpha geht &#8230;<\/p>\n","protected":false},"author":10,"featured_media":0,"comment_status":"open","ping_status":"open","sticky":false,"template":"","format":"standard","meta":{"footnotes":""},"categories":[4,8],"tags":[],"class_list":["post-4790","post","type-post","status-publish","format-standard","hentry","category-geschichte-im-fernsehen","category-history-tv"],"aioseo_notices":[],"aioseo_head":"\n\t\t<!-- All in One SEO 5.0.1.1 - aioseo.com -->\n\t<meta name=\"description\" content=\"#post_contentVorstellung historischer Fernsehsendungen.\" \/>\n\t<meta name=\"robots\" content=\"max-image-preview:large\" \/>\n\t<meta name=\"author\" content=\"Historikerkraus\"\/>\n\t<meta name=\"keywords\" content=\"geschichte im fernsehen,history-tv\" \/>\n\t<link rel=\"canonical\" href=\"http:\/\/historikerkraus.de\/blog\/2021\/04\/09\/tv-vorschau-10-16-april-2021\/\" \/>\n\t<meta name=\"generator\" content=\"All in One SEO (AIOSEO) 5.0.1.1\" \/>\n\t\t<meta property=\"og:locale\" content=\"de_DE\" \/>\n\t\t<meta property=\"og:site_name\" content=\"Historikerkraus.de - Das Blog | Historische Miszellen \u2013 nicht nur aus dem Ruhrgebiet\" \/>\n\t\t<meta property=\"og:type\" content=\"article\" \/>\n\t\t<meta property=\"og:title\" content=\"TV-Vorschau 10. \u2013 16. April 2021 | Historikerkraus.de - Das Blog\" \/>\n\t\t<meta property=\"og:description\" content=\"#post_contentVorstellung historischer Fernsehsendungen.\" \/>\n\t\t<meta property=\"og:url\" content=\"http:\/\/historikerkraus.de\/blog\/2021\/04\/09\/tv-vorschau-10-16-april-2021\/\" \/>\n\t\t<meta property=\"article:published_time\" content=\"2021-04-09T11:00:00+00:00\" \/>\n\t\t<meta property=\"article:modified_time\" content=\"2021-04-08T08:17:50+00:00\" \/>\n\t\t<meta name=\"twitter:card\" content=\"summary\" \/>\n\t\t<meta name=\"twitter:title\" content=\"TV-Vorschau 10. \u2013 16. April 2021 | Historikerkraus.de - Das Blog\" \/>\n\t\t<meta name=\"twitter:description\" content=\"#post_contentVorstellung historischer Fernsehsendungen.\" \/>\n\t\t<script type=\"application\/ld+json\" class=\"aioseo-schema\">\n\t\t\t{\"@context\":\"https:\\\/\\\/schema.org\",\"@graph\":[{\"@type\":\"Article\",\"@id\":\"http:\\\/\\\/historikerkraus.de\\\/blog\\\/2021\\\/04\\\/09\\\/tv-vorschau-10-16-april-2021\\\/#article\",\"name\":\"TV-Vorschau 10. \\u2013 16. April 2021 | Historikerkraus.de - Das Blog\",\"headline\":\"TV-Vorschau  10. \\u2013 16. April 2021\",\"author\":{\"@id\":\"http:\\\/\\\/historikerkraus.de\\\/blog\\\/author\\\/ob-sk-177\\\/#author\"},\"publisher\":{\"@id\":\"http:\\\/\\\/historikerkraus.de\\\/blog\\\/#organization\"},\"datePublished\":\"2021-04-09T12:00:00+02:00\",\"dateModified\":\"2021-04-08T09:17:50+02:00\",\"inLanguage\":\"de-DE\",\"mainEntityOfPage\":{\"@id\":\"http:\\\/\\\/historikerkraus.de\\\/blog\\\/2021\\\/04\\\/09\\\/tv-vorschau-10-16-april-2021\\\/#webpage\"},\"isPartOf\":{\"@id\":\"http:\\\/\\\/historikerkraus.de\\\/blog\\\/2021\\\/04\\\/09\\\/tv-vorschau-10-16-april-2021\\\/#webpage\"},\"articleSection\":\"Geschichte im Fernsehen, History-TV\"},{\"@type\":\"BreadcrumbList\",\"@id\":\"http:\\\/\\\/historikerkraus.de\\\/blog\\\/2021\\\/04\\\/09\\\/tv-vorschau-10-16-april-2021\\\/#breadcrumblist\",\"itemListElement\":[{\"@type\":\"ListItem\",\"@id\":\"http:\\\/\\\/historikerkraus.de\\\/blog#listItem\",\"position\":1,\"name\":\"Home\",\"item\":\"http:\\\/\\\/historikerkraus.de\\\/blog\",\"nextItem\":{\"@type\":\"ListItem\",\"@id\":\"http:\\\/\\\/historikerkraus.de\\\/blog\\\/category\\\/geschichte-im-fernsehen\\\/#listItem\",\"name\":\"Geschichte im Fernsehen\"}},{\"@type\":\"ListItem\",\"@id\":\"http:\\\/\\\/historikerkraus.de\\\/blog\\\/category\\\/geschichte-im-fernsehen\\\/#listItem\",\"position\":2,\"name\":\"Geschichte im Fernsehen\",\"item\":\"http:\\\/\\\/historikerkraus.de\\\/blog\\\/category\\\/geschichte-im-fernsehen\\\/\",\"nextItem\":{\"@type\":\"ListItem\",\"@id\":\"http:\\\/\\\/historikerkraus.de\\\/blog\\\/2021\\\/04\\\/09\\\/tv-vorschau-10-16-april-2021\\\/#listItem\",\"name\":\"TV-Vorschau  10. \\u2013 16. April 2021\"},\"previousItem\":{\"@type\":\"ListItem\",\"@id\":\"http:\\\/\\\/historikerkraus.de\\\/blog#listItem\",\"name\":\"Home\"}},{\"@type\":\"ListItem\",\"@id\":\"http:\\\/\\\/historikerkraus.de\\\/blog\\\/2021\\\/04\\\/09\\\/tv-vorschau-10-16-april-2021\\\/#listItem\",\"position\":3,\"name\":\"TV-Vorschau  10. \\u2013 16. April 2021\",\"previousItem\":{\"@type\":\"ListItem\",\"@id\":\"http:\\\/\\\/historikerkraus.de\\\/blog\\\/category\\\/geschichte-im-fernsehen\\\/#listItem\",\"name\":\"Geschichte im Fernsehen\"}}]},{\"@type\":\"Organization\",\"@id\":\"http:\\\/\\\/historikerkraus.de\\\/blog\\\/#organization\",\"name\":\"Historikerkraus.de - Das Blog\",\"description\":\"Historische Miszellen \\u2013 nicht nur aus dem Ruhrgebiet\",\"url\":\"http:\\\/\\\/historikerkraus.de\\\/blog\\\/\"},{\"@type\":\"Person\",\"@id\":\"http:\\\/\\\/historikerkraus.de\\\/blog\\\/author\\\/ob-sk-177\\\/#author\",\"url\":\"http:\\\/\\\/historikerkraus.de\\\/blog\\\/author\\\/ob-sk-177\\\/\",\"name\":\"Historikerkraus\",\"image\":{\"@type\":\"ImageObject\",\"@id\":\"http:\\\/\\\/historikerkraus.de\\\/blog\\\/2021\\\/04\\\/09\\\/tv-vorschau-10-16-april-2021\\\/#authorImage\",\"url\":\"https:\\\/\\\/secure.gravatar.com\\\/avatar\\\/7c17aa1a6332c7ee058509a6e4a24991a472ead2ac154b96b540bb75f62c2bbb?s=96&d=mm&r=g\",\"width\":96,\"height\":96,\"caption\":\"Historikerkraus\"}},{\"@type\":\"WebPage\",\"@id\":\"http:\\\/\\\/historikerkraus.de\\\/blog\\\/2021\\\/04\\\/09\\\/tv-vorschau-10-16-april-2021\\\/#webpage\",\"url\":\"http:\\\/\\\/historikerkraus.de\\\/blog\\\/2021\\\/04\\\/09\\\/tv-vorschau-10-16-april-2021\\\/\",\"name\":\"TV-Vorschau 10. \\u2013 16. April 2021 | Historikerkraus.de - Das Blog\",\"description\":\"#post_contentVorstellung historischer Fernsehsendungen.\",\"inLanguage\":\"de-DE\",\"isPartOf\":{\"@id\":\"http:\\\/\\\/historikerkraus.de\\\/blog\\\/#website\"},\"breadcrumb\":{\"@id\":\"http:\\\/\\\/historikerkraus.de\\\/blog\\\/2021\\\/04\\\/09\\\/tv-vorschau-10-16-april-2021\\\/#breadcrumblist\"},\"author\":{\"@id\":\"http:\\\/\\\/historikerkraus.de\\\/blog\\\/author\\\/ob-sk-177\\\/#author\"},\"creator\":{\"@id\":\"http:\\\/\\\/historikerkraus.de\\\/blog\\\/author\\\/ob-sk-177\\\/#author\"},\"datePublished\":\"2021-04-09T12:00:00+02:00\",\"dateModified\":\"2021-04-08T09:17:50+02:00\"},{\"@type\":\"WebSite\",\"@id\":\"http:\\\/\\\/historikerkraus.de\\\/blog\\\/#website\",\"url\":\"http:\\\/\\\/historikerkraus.de\\\/blog\\\/\",\"name\":\"Historikerkraus.de - Das Blog\",\"description\":\"Historische Miszellen \\u2013 nicht nur aus dem Ruhrgebiet\",\"inLanguage\":\"de-DE\",\"publisher\":{\"@id\":\"http:\\\/\\\/historikerkraus.de\\\/blog\\\/#organization\"}}]}\n\t\t<\/script>\n\t\t<!-- All in One SEO -->\n\n","aioseo_head_json":{"title":"TV-Vorschau 10. \u2013 16. April 2021 | Historikerkraus.de - Das Blog","description":"#post_contentVorstellung historischer Fernsehsendungen.","canonical_url":"http:\/\/historikerkraus.de\/blog\/2021\/04\/09\/tv-vorschau-10-16-april-2021\/","robots":"max-image-preview:large","keywords":"geschichte im fernsehen,history-tv","webmasterTools":{"miscellaneous":""},"schema":{"@context":"https:\/\/schema.org","@graph":[{"@type":"Article","@id":"http:\/\/historikerkraus.de\/blog\/2021\/04\/09\/tv-vorschau-10-16-april-2021\/#article","name":"TV-Vorschau 10. \u2013 16. April 2021 | Historikerkraus.de - Das Blog","headline":"TV-Vorschau  10. \u2013 16. April 2021","author":{"@id":"http:\/\/historikerkraus.de\/blog\/author\/ob-sk-177\/#author"},"publisher":{"@id":"http:\/\/historikerkraus.de\/blog\/#organization"},"datePublished":"2021-04-09T12:00:00+02:00","dateModified":"2021-04-08T09:17:50+02:00","inLanguage":"de-DE","mainEntityOfPage":{"@id":"http:\/\/historikerkraus.de\/blog\/2021\/04\/09\/tv-vorschau-10-16-april-2021\/#webpage"},"isPartOf":{"@id":"http:\/\/historikerkraus.de\/blog\/2021\/04\/09\/tv-vorschau-10-16-april-2021\/#webpage"},"articleSection":"Geschichte im Fernsehen, History-TV"},{"@type":"BreadcrumbList","@id":"http:\/\/historikerkraus.de\/blog\/2021\/04\/09\/tv-vorschau-10-16-april-2021\/#breadcrumblist","itemListElement":[{"@type":"ListItem","@id":"http:\/\/historikerkraus.de\/blog#listItem","position":1,"name":"Home","item":"http:\/\/historikerkraus.de\/blog","nextItem":{"@type":"ListItem","@id":"http:\/\/historikerkraus.de\/blog\/category\/geschichte-im-fernsehen\/#listItem","name":"Geschichte im Fernsehen"}},{"@type":"ListItem","@id":"http:\/\/historikerkraus.de\/blog\/category\/geschichte-im-fernsehen\/#listItem","position":2,"name":"Geschichte im Fernsehen","item":"http:\/\/historikerkraus.de\/blog\/category\/geschichte-im-fernsehen\/","nextItem":{"@type":"ListItem","@id":"http:\/\/historikerkraus.de\/blog\/2021\/04\/09\/tv-vorschau-10-16-april-2021\/#listItem","name":"TV-Vorschau  10. \u2013 16. April 2021"},"previousItem":{"@type":"ListItem","@id":"http:\/\/historikerkraus.de\/blog#listItem","name":"Home"}},{"@type":"ListItem","@id":"http:\/\/historikerkraus.de\/blog\/2021\/04\/09\/tv-vorschau-10-16-april-2021\/#listItem","position":3,"name":"TV-Vorschau  10. \u2013 16. April 2021","previousItem":{"@type":"ListItem","@id":"http:\/\/historikerkraus.de\/blog\/category\/geschichte-im-fernsehen\/#listItem","name":"Geschichte im Fernsehen"}}]},{"@type":"Organization","@id":"http:\/\/historikerkraus.de\/blog\/#organization","name":"Historikerkraus.de - Das Blog","description":"Historische Miszellen \u2013 nicht nur aus dem Ruhrgebiet","url":"http:\/\/historikerkraus.de\/blog\/"},{"@type":"Person","@id":"http:\/\/historikerkraus.de\/blog\/author\/ob-sk-177\/#author","url":"http:\/\/historikerkraus.de\/blog\/author\/ob-sk-177\/","name":"Historikerkraus","image":{"@type":"ImageObject","@id":"http:\/\/historikerkraus.de\/blog\/2021\/04\/09\/tv-vorschau-10-16-april-2021\/#authorImage","url":"https:\/\/secure.gravatar.com\/avatar\/7c17aa1a6332c7ee058509a6e4a24991a472ead2ac154b96b540bb75f62c2bbb?s=96&d=mm&r=g","width":96,"height":96,"caption":"Historikerkraus"}},{"@type":"WebPage","@id":"http:\/\/historikerkraus.de\/blog\/2021\/04\/09\/tv-vorschau-10-16-april-2021\/#webpage","url":"http:\/\/historikerkraus.de\/blog\/2021\/04\/09\/tv-vorschau-10-16-april-2021\/","name":"TV-Vorschau 10. \u2013 16. April 2021 | Historikerkraus.de - Das Blog","description":"#post_contentVorstellung historischer Fernsehsendungen.","inLanguage":"de-DE","isPartOf":{"@id":"http:\/\/historikerkraus.de\/blog\/#website"},"breadcrumb":{"@id":"http:\/\/historikerkraus.de\/blog\/2021\/04\/09\/tv-vorschau-10-16-april-2021\/#breadcrumblist"},"author":{"@id":"http:\/\/historikerkraus.de\/blog\/author\/ob-sk-177\/#author"},"creator":{"@id":"http:\/\/historikerkraus.de\/blog\/author\/ob-sk-177\/#author"},"datePublished":"2021-04-09T12:00:00+02:00","dateModified":"2021-04-08T09:17:50+02:00"},{"@type":"WebSite","@id":"http:\/\/historikerkraus.de\/blog\/#website","url":"http:\/\/historikerkraus.de\/blog\/","name":"Historikerkraus.de - Das Blog","description":"Historische Miszellen \u2013 nicht nur aus dem Ruhrgebiet","inLanguage":"de-DE","publisher":{"@id":"http:\/\/historikerkraus.de\/blog\/#organization"}}]},"og:locale":"de_DE","og:site_name":"Historikerkraus.de - Das Blog | Historische Miszellen \u2013 nicht nur aus dem Ruhrgebiet","og:type":"article","og:title":"TV-Vorschau 10. \u2013 16. April 2021 | Historikerkraus.de - Das Blog","og:description":"#post_contentVorstellung historischer Fernsehsendungen.","og:url":"http:\/\/historikerkraus.de\/blog\/2021\/04\/09\/tv-vorschau-10-16-april-2021\/","article:published_time":"2021-04-09T11:00:00+00:00","article:modified_time":"2021-04-08T08:17:50+00:00","twitter:card":"summary","twitter:title":"TV-Vorschau 10. \u2013 16. April 2021 | Historikerkraus.de - Das Blog","twitter:description":"#post_contentVorstellung historischer Fernsehsendungen."},"aioseo_meta_data":{"post_id":"4790","title":null,"description":"#post_contentVorstellung historischer Fernsehsendungen.","keywords":[],"keyphrases":{"focus":[],"additional":[]},"primary_term":null,"canonical_url":null,"og_title":null,"og_description":null,"og_object_type":"default","og_image_type":"default","og_image_url":null,"og_image_width":null,"og_image_height":null,"og_image_custom_url":null,"og_image_custom_fields":null,"og_video":"","og_custom_url":null,"og_article_section":null,"og_article_tags":[],"twitter_use_og":false,"twitter_card":"default","twitter_image_type":"default","twitter_image_url":null,"twitter_image_custom_url":null,"twitter_image_custom_fields":null,"twitter_title":null,"twitter_description":null,"schema":{"blockGraphs":[],"customGraphs":[],"default":{"data":{"Article":[],"Course":[],"Dataset":[],"FAQPage":[],"Movie":[],"Person":[],"Product":[],"ProductReview":[],"Car":[],"Recipe":[],"Service":[],"SoftwareApplication":[],"WebPage":[]},"graphName":"","isEnabled":true},"graphs":[]},"schema_type":"default","schema_type_options":"{\"article\":{\"articleType\":\"BlogPosting\"},\"course\":{\"name\":\"\",\"description\":\"\",\"provider\":\"\"},\"faq\":{\"pages\":[]},\"product\":{\"reviews\":[]},\"recipe\":{\"ingredients\":[],\"instructions\":[],\"keywords\":[]},\"software\":{\"reviews\":[],\"operatingSystems\":[]},\"webPage\":{\"webPageType\":\"WebPage\"}}","pillar_content":false,"robots_default":true,"robots_noindex":false,"robots_noarchive":false,"robots_nosnippet":false,"robots_nofollow":false,"robots_noimageindex":false,"robots_noodp":false,"robots_notranslate":false,"robots_max_snippet":"-1","robots_max_videopreview":"-1","robots_max_imagepreview":"large","priority":null,"frequency":"default","local_seo":{"businessInfo":{"name":"","urls":{"website":"","aboutPage":"","contactPage":""},"address":{"line1":"","line2":"","zip":"","city":"","state":"","country":""},"contact":{"email":"","phone":"","fax":""},"ids":{"vatID":"","taxID":"","chamberID":""},"payment":{"priceIndication":"","currenciesAccepted":"","methodsAccepted":""},"areaServed":""},"openingHours":{"show":false,"closedLabel":"","open24h":false,"open24hLabel":"","open247":false,"use24hFormat":false,"twoSets":false,"timezone":"","hours":[]}},"breadcrumb_settings":null,"limit_modified_date":false,"ai":null,"created":"2021-04-08 08:14:35","updated":"2025-06-04 19:59:25","seo_analyzer_scan_date":null,"focus_keyword":null,"additional_keywords":null,"truseo_locale":null},"aioseo_breadcrumb":"<div class=\"aioseo-breadcrumbs\"><span class=\"aioseo-breadcrumb\">\n\t\t\t<a href=\"http:\/\/historikerkraus.de\/blog\" title=\"Home\">Home<\/a>\n\t\t<\/span><span class=\"aioseo-breadcrumb-separator\">&raquo;<\/span><span class=\"aioseo-breadcrumb\">\n\t\t\t<a href=\"http:\/\/historikerkraus.de\/blog\/category\/geschichte-im-fernsehen\/\" title=\"Geschichte im Fernsehen\">Geschichte im Fernsehen<\/a>\n\t\t<\/span><span class=\"aioseo-breadcrumb-separator\">&raquo;<\/span><span class=\"aioseo-breadcrumb\">\n\t\t\tTV-Vorschau  10. \u2013 16. April 2021\n\t\t<\/span><\/div>","aioseo_breadcrumb_json":[{"label":"Home","link":"http:\/\/historikerkraus.de\/blog"},{"label":"Geschichte im Fernsehen","link":"http:\/\/historikerkraus.de\/blog\/category\/geschichte-im-fernsehen\/"},{"label":"TV-Vorschau  10. \u2013 16. April 2021","link":"http:\/\/historikerkraus.de\/blog\/2021\/04\/09\/tv-vorschau-10-16-april-2021\/"}],"_links":{"self":[{"href":"http:\/\/historikerkraus.de\/blog\/wp-json\/wp\/v2\/posts\/4790","targetHints":{"allow":["GET"]}}],"collection":[{"href":"http:\/\/historikerkraus.de\/blog\/wp-json\/wp\/v2\/posts"}],"about":[{"href":"http:\/\/historikerkraus.de\/blog\/wp-json\/wp\/v2\/types\/post"}],"author":[{"embeddable":true,"href":"http:\/\/historikerkraus.de\/blog\/wp-json\/wp\/v2\/users\/10"}],"replies":[{"embeddable":true,"href":"http:\/\/historikerkraus.de\/blog\/wp-json\/wp\/v2\/comments?post=4790"}],"version-history":[{"count":1,"href":"http:\/\/historikerkraus.de\/blog\/wp-json\/wp\/v2\/posts\/4790\/revisions"}],"predecessor-version":[{"id":4791,"href":"http:\/\/historikerkraus.de\/blog\/wp-json\/wp\/v2\/posts\/4790\/revisions\/4791"}],"wp:attachment":[{"href":"http:\/\/historikerkraus.de\/blog\/wp-json\/wp\/v2\/media?parent=4790"}],"wp:term":[{"taxonomy":"category","embeddable":true,"href":"http:\/\/historikerkraus.de\/blog\/wp-json\/wp\/v2\/categories?post=4790"},{"taxonomy":"post_tag","embeddable":true,"href":"http:\/\/historikerkraus.de\/blog\/wp-json\/wp\/v2\/tags?post=4790"}],"curies":[{"name":"wp","href":"https:\/\/api.w.org\/{rel}","templated":true}]}}