{"id":4739,"date":"2020-11-27T12:00:00","date_gmt":"2020-11-27T11:00:00","guid":{"rendered":"http:\/\/historikerkraus.de\/blog\/?p=4739"},"modified":"2020-11-26T10:57:25","modified_gmt":"2020-11-26T09:57:25","slug":"tv-vorschau-28-november-4-dezember-2020","status":"publish","type":"post","link":"http:\/\/historikerkraus.de\/blog\/2020\/11\/27\/tv-vorschau-28-november-4-dezember-2020\/","title":{"rendered":"TV-Vorschau 28. November \u2013 4. Dezember 2020"},"content":{"rendered":"\n<p>Die Geschichte Saudi-Arabiens, die Geschichte der Alpen, die Geschichte der Handelskriege \u2013 das sind einige der thematisch herausragenden Geschichtsbeitr\u00e4ge der kommenden Woche. Viel Spa\u00df!<\/p>\n\n\n\n<h2 class=\"has-text-align-center wp-block-heading\" id=\"samstag28.november\">Samstag, 28. November<\/h2>\n\n\n\n<ul class=\"wp-block-list\"><li><a href=\"https:\/\/www.n-tv.de\/mediathek\/tvprogramm\/?date=2020-11-28\" target=\"_blank\" rel=\"noreferrer noopener\"><strong>n-tv<\/strong><\/a> hat wieder drei Folgen der Reihe \u201eMega-Projekte der Nazis\u201c im Programm (die sich ganz allgemein um den Zweiten Weltkrieg drehen, nicht ausschlie\u00dflich um den Nationalsozialismus): Um 20.15 Uhr geht es los mit \u201eSuper-U-Boote\u201c, gefolgt von der \u201eFestung Japan\u201c um 21.05 Uhr. \u201eJapans Mega-Schlachtschiffe\u201c schlie\u00dft um 22.10 Uhr den Reigen ab.<\/li><li>Schl\u00f6sser und ihre Geschichte stehen bei <strong>Tagesschau 24<\/strong> auf dem Programm. Um 20.15 Uhr ist es das <a href=\"https:\/\/programm.ard.de\/TV\/tagesschau24\/Programmkalender\/?sendung=287213801479382\" target=\"_blank\" rel=\"noreferrer noopener\">\u201eGeheimnisvolle Schloss Neuschwanstein\u201c<\/a>, um 21.02 Uhr das <a href=\"https:\/\/programm.ard.de\/TV\/tagesschau24\/Programmkalender\/?sendung=287213801479399\" target=\"_blank\" rel=\"noreferrer noopener\">\u201eSchloss Cecilienhof \u2013 Mit Preu\u00dfenadler und Sowjetstern\u201c<\/a> und um 21.47 Uhr erfolgt der <a href=\"https:\/\/programm.ard.de\/TV\/tagesschau24\/Programmkalender\/?sendung=287213801479406\" target=\"_blank\" rel=\"noreferrer noopener\">\u201eGenerationswechsel auf Schloss Breitenburg\u201c<\/a>.<\/li><li><strong>ARD-alpha<\/strong> widmet sich dem Jahr <a href=\"https:\/\/www.br.de\/fernsehen\/ard-alpha\/programmkalender\/ausstrahlung-2314684.html\" target=\"_blank\" rel=\"noreferrer noopener\">\u201e1949 \u2013 Ein Jahr, zweimal Deutschland\u201c<\/a>. <em>\u201e1949 ist ein besonderes Jahr f\u00fcr die deutsche Geschichte: Damals wurden nahezu parallel zwei deutsche Staaten gegr\u00fcndet, die die Zweiteilung der Welt im Kalten Krieg widerspiegelten und die Deutschen \u00fcber Jahrzehnte voneinander trennen sollten.\u201c<\/em><\/li><\/ul>\n\n\n\n<h2 class=\"has-text-align-center wp-block-heading\" id=\"sonntag29.november\">Sonntag, 29. November<\/h2>\n\n\n\n<ul class=\"wp-block-list\"><li>Terra X besch\u00e4ftigt sich im <strong>ZDF<\/strong> um 19.30 Uhr mit dem <a href=\"https:\/\/www.zdf.de\/dokumentation\/terra-x\/geheimnis-saudi-arabien-102.html\" target=\"_blank\" rel=\"noreferrer noopener\">\u201eGeheimnis Saudi-Arabien\u201c<\/a>. <em>\u201eIn aufwendig produzierten Spielszenen reisen wir durch die Geschichte der heiligen Stadt Mekka. Im 7. Jahrhundert nach Christus war sie zun\u00e4chst nichts weiter als ein Karawanenposten. Doch ein Heiligtum, ein besonderer Stein, machte Mekka zum begehrten Objekt verfeindeter St\u00e4mme. Dem Propheten Mohammed gelang damals, woran andere vor ihm scheiterten. Er vereinte die St\u00e4mme unter dem Banner einer neuen Religion und machte Mekka zu einer ihrer heiligsten St\u00e4tten.\u201c<\/em> \u2014 Um 0.25 Uhr stehen <a href=\"https:\/\/www.zdf.de\/dokumentation\/zdf-history\/die-sieben-weltwunder---mythos-und-wahrheit-100.html\" target=\"_blank\" rel=\"noreferrer noopener\">\u201eDie sieben Weltwunder \u2013 Mythos und Wahrheit\u201c<\/a> auf dem Programm (ZDF-History).<\/li><li>\u201eRussland und wir\u201c lautet das Oberthema der Geschichtssendungen im <strong>MDR<\/strong> am heutigen Abend. Es geht um 22.20 Uhr los mit der MDR Zeitreise; <a href=\"https:\/\/www.mdr.de\/tv\/programm\/sendung907704_date-2020-11-29_ipgctx-true_zc-0f689d02.html\" target=\"_blank\" rel=\"noreferrer noopener\">\u201eWas wurde aus den \u201aFreunden\u2018? Russland und wir damals und heute\u201c<\/a>. Es folgen zwei Beitr\u00e4ge der Reihe \u201eDie Spur der Ahnen\u201c. Um 22.50 Uhr geht es um <a href=\"https:\/\/www.mdr.de\/tv\/programm\/sendung907706_date-2020-11-29_ipgctx-true_zc-0f689d02.html\" target=\"_blank\" rel=\"noreferrer noopener\">\u201eAnastasia B. \u2013 der r\u00e4tselhafte Tod meiner Gro\u00dfmutter\u201c<\/a> und um 23.20 Uhr um das <a href=\"https:\/\/www.mdr.de\/tv\/programm\/sendung907708_date-2020-11-29_ipgctx-true_zc-0f689d02.html\" target=\"_blank\" rel=\"noreferrer noopener\">\u201eSchicksal Russenkind\u201c<\/a>. Wie der Zweite Weltkrieg Kindern in der ehemaligen Sowjetunion vermittelt wurde, ist Thema der Doku <a href=\"https:\/\/www.mdr.de\/tv\/programm\/sendung907710_date-2020-11-29_ipgctx-true_zc-0f689d02.html\" target=\"_blank\" rel=\"noreferrer noopener\">\u201eMein liebster Krieg \u2013 Eine Kindheit hinter dem Eisernen Vorhang\u201c<\/a> um 23.50 Uhr. Um 1.10 Uhr folgt der Beitrag <a href=\"https:\/\/www.mdr.de\/tv\/programm\/sendung907712_date-2020-11-29_ipgctx-true_zc-0f689d02.html\" target=\"_blank\" rel=\"noreferrer noopener\">\u201eGlanz und Elend deutscher Zarinnen\u201c<\/a>.<\/li><\/ul>\n\n\n\n<h2 class=\"has-text-align-center wp-block-heading\" id=\"montag30.november\">Montag, 30. November<\/h2>\n\n\n\n<ul class=\"wp-block-list\"><li><em>\u201ePrachtvolle Schl\u00f6sser schm\u00fccken die pittoreske Landschaft in \u00d6sterreichs s\u00fcdlichstem Bundesland K\u00e4rnten. Die meisten von ihnen wurden im 16. und 17. Jahrhundert erbaut und zeugen vom Aufbruch in eine neue Zeit nach dem Niedergang des Mittelalters.\u201c<\/em> <strong>3sat<\/strong> stellt sie um 20.15 Uhr vor: <a href=\"https:\/\/www.3sat.de\/dokumentation\/geschichte\/kaerntens-schoeste-adelssitze-100.html\" target=\"_blank\" rel=\"noreferrer noopener\">\u201eK\u00e4rntens sch\u00f6nste Adelssitze \u2013 Glanz und Pracht herrschaftlichen Wohnens\u201c<\/a>.<\/li><\/ul>\n\n\n\n<h2 class=\"has-text-align-center wp-block-heading\" id=\"dienstag1.dezember\">Dienstag, 1. Dezember<\/h2>\n\n\n\n<ul class=\"wp-block-list\"><li><strong>Phoenix<\/strong> pr\u00e4sentiert um 20.15 Uhr <a href=\"https:\/\/www.phoenix.de\/sendungen\/dokumentationen\/die-alpen-a-1073535.html\" target=\"_blank\" rel=\"noreferrer noopener\">\u201eDie Alpen \u2013 Eine gro\u00dfe Geschichte\u201c<\/a>. <em>\u201eDie Alpen bilden Europas m\u00e4chtigste Gebirgsbarriere und pr\u00e4gen Mensch und Natur. \u201aTerra X\u2018 begibt sich auf eine Zeitreise durch die Geschichte der Alpen: von \u00d6tzi bis Wilhelm Tell, von der Entstehung des Gebirges bis zu den Gipfelst\u00fcrmern von heute.\u201c<\/em><\/li><li>Im <strong>MDR<\/strong> l\u00e4uft um 22.10 Uhr der zweite Teil der Dokumentation <a href=\"https:\/\/www.mdr.de\/tv\/programm\/sendung907948_date-2020-12-01_ipgctx-true_zc-2c29f629.html\" target=\"_blank\" rel=\"noreferrer noopener\">\u201eVertreibung \u2013 Odsun: Das Sudetenland\u201c<\/a>.<\/li><li><a href=\"https:\/\/www.arte.tv\/de\/videos\/087959-000-A\/handelskriege-im-spiegel-der-geschichte\/\" target=\"_blank\" rel=\"noreferrer noopener\">\u201eHandelskriege im Spiegel der Geschichte\u201c<\/a> sind um 22.35 Uhr Thema auf <strong>Arte<\/strong>. <em>\u201eSeit Donald Trump im Januar 2017 zum Pr\u00e4sidenten der Vereinigten Staaten vereidigt wurde, geistert der fast vergessene Begriff vom \u201cHandelskrieg\u201d wieder durch die Medien. Nach Trumps \u00dcberzeugung sind Handelskriege tats\u00e4chlich nicht nur \u201agut\u2018, sondern sogar \u201aleicht zu gewinnen\u2018. Doch wie gef\u00e4hrlich sind Handelskriege \u00fcberhaupt, und wie sind sie in der Vergangenheit verlaufen?\u201c<\/em> \u2014 Anschlie\u00dfend folgt ein Portr\u00e4t eines gro\u00dfen \u00d6konomie-Philosophen des 19. Jahrhunderts: <a href=\"https:\/\/www.arte.tv\/de\/videos\/097515-000-A\/friedrich-engels\/\" target=\"_blank\" rel=\"noreferrer noopener\">\u201eFriedrich Engels \u2013 Der Untersch\u00e4tzte\u201c<\/a>.<\/li><li><a href=\"https:\/\/programm.ard.de\/TV\/Programm\/Sender\/?sendung=281133706771366\" target=\"_blank\" rel=\"noreferrer noopener\">\u201eDer Stahlbaron \u2013 Hermann R\u00f6chling und die V\u00f6lklinger H\u00fctte\u201c<\/a> ist Thema um 23.15 Uhr im <strong>SWR<\/strong>. <em>\u201eDer Film erz\u00e4hlt die Geschichte von Hermann R\u00f6chling. Der 1872 geborene Spross einer saarl\u00e4ndischen Industriellenfamilie war technisch vision\u00e4r, charismatisch, und ehrgeizig. Ob im Kaiserreich, der Weimarer Republik oder im Nationalsozialismus gelang es dem machtbewussten Stahlunternehmer stets, die N\u00e4he zur Politik f\u00fcr eigene wirtschaftliche Interessen und die V\u00f6lklinger H\u00fctte zu nutzen.\u201c<\/em> \u2014 Im Anschluss folgt um Mitternacht das Dokudrama <a href=\"https:\/\/programm.ard.de\/TV\/Programm\/Sender\/?sendung=281133706771393\" target=\"_blank\" rel=\"noreferrer noopener\">\u201eDie Ungewollten \u2013 Die Irrfahrt der St. Louis\u201c<\/a> (BRD 2019, Regie: Ben von Grafenstein).<\/li><\/ul>\n\n\n\n<h2 class=\"has-text-align-center wp-block-heading\" id=\"mittwoch2.dezember\">Mittwoch, 2. Dezember<\/h2>\n\n\n\n<ul class=\"wp-block-list\"><li>Die DDR und Kambodscha ist das Thema der Doku <a href=\"https:\/\/www.rbb-online.de\/doku\/f-g\/genossen-brueder-killing-fields.html\" target=\"_blank\" rel=\"noreferrer noopener\">\u201eGenossen. Br\u00fcder. Killing Fields.\u201c<\/a> um 22.15 Uhr auf <strong>RBB<\/strong>. <em>\u201e1969 war das damalige K\u00f6nigreich Kambodscha das dritte Land au\u00dferhalb des Ostblocks, das die DDR anerkannte. Die Macht\u00fcbernahme durch die \u201aRoten Khmer\u2018 \u2013 die in einem Genozid endetet \u2013 wurde wenige Jahre sp\u00e4ter von der DDR-F\u00fchrung noch euphorisch kommentiert, sah man in ihnen doch Verb\u00fcndete im Kampf gegen Kolonialismus und Imperialismus.\u201c<\/em> \u2014 Danach geht es um \u201eDie Wendegeneration und rechte Gewalt\u201c. <em>\u201ePr\u00fcgel, Drohungen, Hetzjagden \u2013 in den Nachwendejahren bricht in Ostdeutschland Hass, Rassismus und Gewalt auf; besonders unter Jugendlichen. Der rbb geht auf Spurensuche zwischen Umbruch und Gewalt in den 90er Jahren.\u201c<\/em> <a href=\"https:\/\/www.rbb-online.de\/doku\/b\/baseballschlaegerjahre.html\" target=\"_blank\" rel=\"noreferrer noopener\">\u201eBaseballschl\u00e4gerjahre\u201c<\/a>, 23 Uhr.<\/li><li>In der Reihe \u201eVom Kind zum Krieger\u201c werden heute \u201eSchottische Clans\u201c vorgestellt (<a href=\"https:\/\/www.n-tv.de\/mediathek\/tvprogramm\/?date=2020-12-02\" target=\"_blank\" rel=\"noreferrer noopener\"><strong>n-tv<\/strong><\/a>, 23.30 Uhr).<\/li><\/ul>\n\n\n\n<h2 class=\"has-text-align-center wp-block-heading\" id=\"donnerstag3.dezember\">Donnerstag, 3. Dezember<\/h2>\n\n\n\n<p class=\"has-text-align-center\">Heute eine Fehlanzeige.<\/p>\n\n\n\n<h2 class=\"has-text-align-center wp-block-heading\" id=\"freitag4.dezember\">Freitag, 4. Dezember<\/h2>\n\n\n\n<p class=\"has-text-align-center\">Auch heute eine Fehlanzeige.<\/p>\n","protected":false},"excerpt":{"rendered":"<p>Die Geschichte Saudi-Arabiens, die Geschichte der Alpen, die Geschichte der Handelskriege \u2013 das sind einige der thematisch herausragenden Geschichtsbeitr\u00e4ge der kommenden Woche. Viel Spa\u00df! Samstag, 28. November n-tv hat wieder drei Folgen der Reihe \u201eMega-Projekte der Nazis\u201c im Programm (die sich ganz allgemein um den Zweiten Weltkrieg drehen, nicht ausschlie\u00dflich &#8230;<\/p>\n","protected":false},"author":10,"featured_media":0,"comment_status":"open","ping_status":"open","sticky":false,"template":"","format":"standard","meta":{"footnotes":""},"categories":[4,8],"tags":[],"class_list":["post-4739","post","type-post","status-publish","format-standard","hentry","category-geschichte-im-fernsehen","category-history-tv"],"aioseo_notices":[],"_links":{"self":[{"href":"http:\/\/historikerkraus.de\/blog\/wp-json\/wp\/v2\/posts\/4739","targetHints":{"allow":["GET"]}}],"collection":[{"href":"http:\/\/historikerkraus.de\/blog\/wp-json\/wp\/v2\/posts"}],"about":[{"href":"http:\/\/historikerkraus.de\/blog\/wp-json\/wp\/v2\/types\/post"}],"author":[{"embeddable":true,"href":"http:\/\/historikerkraus.de\/blog\/wp-json\/wp\/v2\/users\/10"}],"replies":[{"embeddable":true,"href":"http:\/\/historikerkraus.de\/blog\/wp-json\/wp\/v2\/comments?post=4739"}],"version-history":[{"count":1,"href":"http:\/\/historikerkraus.de\/blog\/wp-json\/wp\/v2\/posts\/4739\/revisions"}],"predecessor-version":[{"id":4740,"href":"http:\/\/historikerkraus.de\/blog\/wp-json\/wp\/v2\/posts\/4739\/revisions\/4740"}],"wp:attachment":[{"href":"http:\/\/historikerkraus.de\/blog\/wp-json\/wp\/v2\/media?parent=4739"}],"wp:term":[{"taxonomy":"category","embeddable":true,"href":"http:\/\/historikerkraus.de\/blog\/wp-json\/wp\/v2\/categories?post=4739"},{"taxonomy":"post_tag","embeddable":true,"href":"http:\/\/historikerkraus.de\/blog\/wp-json\/wp\/v2\/tags?post=4739"}],"curies":[{"name":"wp","href":"https:\/\/api.w.org\/{rel}","templated":true}]}}