{"id":4546,"date":"2019-08-30T11:56:12","date_gmt":"2019-08-30T09:56:12","guid":{"rendered":"http:\/\/historikerkraus.de\/blog\/?p=4546"},"modified":"2019-08-29T12:04:19","modified_gmt":"2019-08-29T10:04:19","slug":"tv-vorschau-31-august-6-september-2019","status":"publish","type":"post","link":"http:\/\/historikerkraus.de\/blog\/2019\/08\/30\/tv-vorschau-31-august-6-september-2019\/","title":{"rendered":"TV-Vorschau 31. August \u2013 6. September 2019"},"content":{"rendered":"<p>Die Ur- und Fr\u00fchgeschichte der amerikanischen Ureinwohner wird weiter erz\u00e4hlt, der Abzug der Alliierten aus dem geeinten Deutschland und vor allem der Beginn des Zweiten Weltkriegs stehen im Mittelpunkt der Geschichtssendungen der kommenden Woche. Aber es gibt noch viel mehr. Viel Spa\u00df bei der Auswahl.<!--more--><\/p>\n<h2 id=\"samstag31.august\" style=\"text-align: center;\">Samstag, 31. August<\/h2>\n<ul>\n<li><a href=\"https:\/\/www.n-tv.de\/mediathek\/tvprogramm\/?date=2019-08-31\" target=\"_blank\" rel=\"noopener noreferrer\"><strong>N-TV<\/strong><\/a> besch\u00e4ftigt sich mit \u201eHitlers Nachkriegsplan\u201c. Um 20.15 Uhr geht es um die \u201eGleichschaltung eines Volkes\u201c, um 21.05 Uhr um \u201eFreizeit\u00fcberwachung\u201c, um 22.05 Uhr um \u201eTransportwege des Reichs\u201c. \u2014 \u201eGiganten der Geschichte \u2013 Die Terrakotta-Armee\u201c stehen um 23.10 Uhr auf dem Programm, um 0.10 Uhr \u201eDas Kolosseum\u201c und um 1.10 Uhr \u201eDie Felsenstadt Petra\u201c.<\/li>\n<li>Auf <strong>Arte<\/strong> geht die Doku-Reihe \u201eNative America\u201c weiter. Teil 3 <a href=\"https:\/\/www.arte.tv\/de\/videos\/084676-003-A\/native-america-3-4\/\" target=\"_blank\" rel=\"noopener noreferrer\">\u201eSt\u00e4dte des Himmels\u201c<\/a> l\u00e4uft um 20.15 Uhr, Teil 4 schlie\u00dft die Reihe mit dem Titel <a href=\"https:\/\/www.arte.tv\/de\/videos\/084676-004-A\/native-america-4-4\/\" target=\"_blank\" rel=\"noopener noreferrer\">\u201eKampf um die Neue Welt\u201c<\/a> um 21.05 Uhr ab.<\/li>\n<li>Vor 80 Jahren begann der erste Weltkrieg. Anlass f\u00fcr <strong>RBB<\/strong> den ber\u00fchmten Film <a href=\"https:\/\/www.rbb-online.de\/film\/der\/der-grosse-diktator.html\" target=\"_blank\" rel=\"noopener noreferrer\">\u201eDer gro\u00dfe Diktator\u201c<\/a> (USA 1940, Regie: Charles Chaplin) mit Charlie Chaplin in der Hauptrolle zu zeigen. \u2014 Um Mitternacht folgt mit <a href=\"https:\/\/www.rbb-online.de\/fernsehen\/programm\/01_09_2019\/1994212416.html\" target=\"_blank\" rel=\"noopener noreferrer\">\u201eSein oder Nichtsein\u201c<\/a> (USA 1942, Regie: Ernst Lubitsch) eine zweite zeitgen\u00f6ssische filmische Auseinandersetzung mit dem Nationalsozialismus und dem Krieg. <em>\u201eEuropa, 1939: Im von deutschen Truppen besetzten Warschau schlie\u00dft sich eine Gruppe renommierter Shakespeare-Darsteller der Widerstandsbewegung an. Der nach London gefl\u00fcchtete polnische Leutnant Sobinski bringt versehentlich einen Nazi-Spion auf die F\u00e4hrte der Truppe. Um einer Verhaftung zu entgehen, hecken die Schauspieler einen tollk\u00fchnen Plan aus, um den Spion, die deutsche Gestapo und schlie\u00dflich sogar Adolf Hitler h\u00f6chstpers\u00f6nlich nach allen Regeln der (Schauspiel-)Kunst an der Nase herumzuf\u00fchren.\u201c<\/em><\/li>\n<li><strong>Tagesschau 24<\/strong> erinnert um 20.15 Uhr an den Abzug der russischen Truppen aus Deutschland im Jahr 1994. <a href=\"https:\/\/programm.ard.de\/TV\/tagesschau24\/Programmkalender\/?sendung=287211997017109\" target=\"_blank\" rel=\"noopener noreferrer\">\u201eAls die Russen kamen \u2026 und gingen\u201c<\/a>. \u2014 Um 21.02 Uhr folgt aus der Reihe \u201eGeheimnisvolle Orte\u201c der Beitrag <a href=\"https:\/\/programm.ard.de\/TV\/tagesschau24\/Programmkalender\/?sendung=287211997017126\" target=\"_blank\" rel=\"noopener noreferrer\">\u201eKlein-Moskau in Karlshorst\u201c<\/a>. \u2014 Eine <a href=\"https:\/\/programm.ard.de\/TV\/tagesschau24\/Programmkalender\/?sendung=287211997017133\" target=\"_blank\" rel=\"noopener noreferrer\">\u201eBrandkatastrophe im Waffenlager\u201c<\/a> im Jahr 1977 gedenkt eine Doku um 21.45 Uhr.<\/li>\n<li>Auch <strong>Phoenix<\/strong> erinnert an den Beginn des Zweiten Weltkriegs. Um 20.15 Uhr steht der <a href=\"https:\/\/www.phoenix.de\/sendungen\/dokumentationen\/sommer-39-a-1204310.html\" target=\"_blank\" rel=\"noopener noreferrer\">\u201eSommer \u201939\u201c<\/a> im Blickpunkt. \u2014 Es folgt der Zweiteiler \u201eZweiter Weltkrieg\u201c. 21.45 Uhr <a href=\"https:\/\/www.phoenix.de\/sendungen\/dokumentationen\/zweiter-weltkrieg-12-a-94784.html\" target=\"_blank\" rel=\"noopener noreferrer\">\u201eDer erste Tag\u201c<\/a>. Um 22.30 Uhr folgt der zweite Teil: <a href=\"https:\/\/www.phoenix.de\/sendungen\/dokumentationen\/zweiter-weltkrieg-22-a-94788.html\" target=\"_blank\" rel=\"noopener noreferrer\">\u201eDas erste Opfer\u201c<\/a>. \u2014 In der Reihe ZDF-History ist um 34.45 Uhr noch <a href=\"https:\/\/www.phoenix.de\/sendungen\/dokumentationen\/zdf-history\/hitlers-england-a-88546.html\" target=\"_blank\" rel=\"noopener noreferrer\">\u201eHitlers England\u201c<\/a> zu sehen.<\/li>\n<li><strong>ARD-alpha<\/strong> erz\u00e4hlt die Geschichte von \u201eHitlers Blitzkrieg\u201c weiter. Um 22.30 Uhr <a href=\"https:\/\/www.br.de\/fernsehen\/ard-alpha\/programmkalender\/ausstrahlung-1873892.html\" target=\"_blank\" rel=\"noopener noreferrer\">\u201eDer Weg nach D\u00fcnkirchen\u201c<\/a> und um 23.15 Uhr <a href=\"https:\/\/www.br.de\/fernsehen\/ard-alpha\/programmkalender\/ausstrahlung-1873894.html\" target=\"_blank\" rel=\"noopener noreferrer\">\u201eWaffenstillstand\u201c<\/a>.<\/li>\n<\/ul>\n<h2 id=\"sonntag1.september\" style=\"text-align: center;\">Sonntag, 1. September<\/h2>\n<ul>\n<li><a href=\"https:\/\/www.n-tv.de\/mediathek\/tvprogramm\/?date=2019-09-01\" target=\"_blank\" rel=\"noopener noreferrer\"><strong>N-TV<\/strong><\/a> startet den Abend mit zwei Folgen der Reihe \u201eWendepunkte des Zweiten Weltkriegs\u201c. Um 20.15 Uhr ist es der \u201eBlitzkrieg\u201c und um 21.05 Uhr der \u201eKampf \u00fcber England\u201c.<\/li>\n<li>Heute vor 80 Jahren begann der Zweite Weltkrieg mit dem deutschen \u00dcberfall auf Polen. <strong>Arte<\/strong> sendet einen Themenabend. Um 20.15 Uhr l\u00e4uft die Doku <a href=\"https:\/\/www.arte.tv\/de\/videos\/089067-000-A\/polen-39-wie-deutsche-soldaten-zu-moerdern-wurden\/\" target=\"_blank\" rel=\"noopener noreferrer\">\u201ePolen 39. Wie deutsche Soldaten zu M\u00f6rdern wurden\u201c<\/a>. <em>\u201eBereits im Polenfeldzug 1939 er\u00f6ffnet die Wehrmacht einen Vernichtungskrieg \u2013 auch gegen die Zivilbev\u00f6lkerung. Anl\u00e4sslich des 80. Jahrestages des Beginns des Zweiten Weltkriegs geht die Dokumentation der Frage nach, wie in k\u00fcrzester Zeit aus \u201aganz gew\u00f6hnlichen M\u00e4nnern\u2018 Kriegsverbrecher werden konnten \u2013 und warum einige Wenige sich dem m\u00f6rderischen Geschehen doch widersetzt haben.\u201c<\/em> \u2014 Bereits gestern war die Doku <a href=\"https:\/\/www.arte.tv\/de\/videos\/039753-000-A\/sommer-39\/\" target=\"_blank\" rel=\"noopener noreferrer\">\u201eSommer \u201939\u201c<\/a> im Programm von Phoenix, heute um 21.05 Uhr auch auf Arte.<\/li>\n<li>Die Doku <a href=\"https:\/\/www.mdr.de\/tv\/programm\/sendung852322_date-2019-09-01_ipgctx-true_zc-a38140ec.html\" target=\"_blank\" rel=\"noopener noreferrer\">\u201eAgfa 1939 \u2013 Meine Reise in den Krieg\u201c<\/a> lief die letzten Tage schon mehrfach. Heute um 22.25 Uhr im <strong>MDR<\/strong>. \u2014 Der Beitrag <a href=\"https:\/\/www.mdr.de\/tv\/programm\/sendung852324_date-2019-09-01_ipgctx-true_zc-a38140ec.html\" target=\"_blank\" rel=\"noopener noreferrer\">\u201eF\u00fcr Goebbels an der Kamera\u201c<\/a> folgt um 23.10 Uhr. <em>\u201eZwei brennende Fragen lassen Gotthard Schnabel nicht los. Hat sein Vater Erich im Warschauer Ghetto im Auftrag von Joseph Goebbels gefilmt? Und war er, wie Dresdner Zeitzeugen berichten, tats\u00e4chlich einer der schlimmsten Nazis der Stadt?\u201c<\/em> \u2014 Um 23.40 Uhr stellt sich die Frage <a href=\"https:\/\/www.mdr.de\/tv\/programm\/sendung852326_date-2019-09-01_ipgctx-true_zc-a38140ec.html\" target=\"_blank\" rel=\"noopener noreferrer\">\u201eHitlers Vorzeige-Pilot \u2013 Wo ist Vater geblieben?\u201c<\/a>.<\/li>\n<li>Das <strong>ZDF<\/strong> liefert um 23.55 Uhr Wissen kompakt oder <a href=\"https:\/\/www.zdf.de\/dokumentation\/zdf-history\/der-zweite-weltkrieg--das-sollten-sie-wissen-100.html\" target=\"_blank\" rel=\"noopener noreferrer\">\u201eDer Zweite Weltkrieg \u2013 Das sollten Sie wissen\u201c<\/a>. <em>\u201eZum 80. Jahrestag des Beginns des Zweiten Weltkrieges zeigt \u201aZDF-History\u2018 kompakt und umfassend, was in sechs Kriegsjahren passierte und wie dieser Krieg die Welt ver\u00e4nderte.\u201c<\/em><\/li>\n<\/ul>\n<h2 id=\"montag2.september\" style=\"text-align: center;\">Montag, 2. September<\/h2>\n<ul>\n<li><strong>ARD-alpha<\/strong> widmet den TV-Abend dem Thema 100 Jahre Bauhaus. Um 20.15 Uhr l\u00e4uft die Doku <a href=\"https:\/\/www.br.de\/fernsehen\/ard-alpha\/programmkalender\/ausstrahlung-1874048.html\" target=\"_blank\" rel=\"noopener noreferrer\">\u201eBauhausfrauen\u201c<\/a>. <em>\u201eDie Dokumentation wirft einen ganz neuen Blick auf den Mythos Bauhaus und erz\u00e4hlt die Geschichte vom Bauhaus aus einer anderen Perspektive. Aus der der Frauen, die mit dem Versprechen auf ein neues, befreites Leben und Arbeiten voller Illusionen und Hoffnungen ans Bauhaus kamen \u2013 und mit alten Rollenbildern kollidierten.\u201c<\/em> \u2014 Um 21 Uhr folgt <a href=\"https:\/\/www.br.de\/fernsehen\/ard-alpha\/programmkalender\/ausstrahlung-1874050.html\" target=\"_blank\" rel=\"noopener noreferrer\">\u201eShalom Bauhaus\u201c<\/a>. <em>\u201eIn keiner Stadt der Welt stehen so viele Bauhaus-Bauten wie in Tel Aviv. Der Stadt, die w\u00f6rtlich \u00fcbersetzt \u201aFr\u00fchlingsh\u00fcgel\u2018 hei\u00dft. Insgesamt 4000 dieser Geb\u00e4ude errichteten Architekten aus Deutschland und anderen europ\u00e4ischen L\u00e4ndern in den 1930er- und 1940er-Jahren nach der Philosophie der Bauhaus-Bewegung aus Dessau: Ausgewogenheit statt Symmetrie. Form folgt Funktion. Lebensqualit\u00e4t statt Statusschn\u00f6rkel.\u201c<\/em> \u2014 \u00dcber die Errichtung eines Bauhaus-Museums in Weimar berichtet der Film <a href=\"https:\/\/www.br.de\/fernsehen\/ard-alpha\/programmkalender\/ausstrahlung-1874052.html\" target=\"_blank\" rel=\"noopener noreferrer\">\u201eEin neues Haus f\u00fcrs Bauhaus\u201c<\/a> um 21.30 Uhr.<\/li>\n<li>In Nachl\u00e4ssen verbergen sich oft wichtige Quellen nicht nur zur pers\u00f6nlichen Geschichte der Verstorbenen, sondern zur Geschichte allgemein. Der Dokumentarfilm <a href=\"https:\/\/www.3sat.de\/film\/dokumentarfilmzeit\/nachlass-100.html\" target=\"_blank\" rel=\"noopener noreferrer\">\u201eNachlass\u201c<\/a> nimmt dies zum Anlass, \u00fcber die Aufarbeitung oder Verdr\u00e4ngung der NS-Vergangenheit zu reflektieren. <em>\u201eIn Gespr\u00e4chen mit sieben Nachkommen von NS-T\u00e4tern und Opfern geht der Film ihren Bew\u00e4ltigungsversuchen der unfasslichen Verbrechen nach, getrieben von dem Wunsch, sich von der Last verdr\u00e4ngter Schuld zu befreien.\u201c<\/em> (<strong>3sat<\/strong>, 22.25 Uhr).<\/li>\n<li>Kunstgeschichte im <strong>NDR<\/strong>. <em>\u201eDer j\u00fcdische Maler Max Liebermann revolutionierte die Kunst in Deutschland. Nach dem Vorbild franz\u00f6sischer Impressionisten wurde er zum Pionier der modernen Malerei.\u201c<\/em> <a href=\"https:\/\/www.ndr.de\/fernsehen\/Der-Weg-in-die-Moderne,sendung940560.html\" target=\"_blank\" rel=\"noopener noreferrer\">\u201eMax Liebermann \u2013 Der Weg in die Moderne\u201c<\/a> (23.15 Uhr).<\/li>\n<li>Das Schloss <a href=\"https:\/\/www.daserste.de\/information\/reportage-dokumentation\/geheimnisvolle-orte\/sendung\/geheimnisvolle-orte-folge-1-132.html\" target=\"_blank\" rel=\"noopener noreferrer\">\u201eNeuschwanstein\u201c<\/a> und seine Geschichte sind Thema der neuen Folge der Reihe \u201eGeheimnisvolle Orte\u201c um Mitternacht in der <strong>ARD<\/strong>.<\/li>\n<li>Theatergeschichte im <strong>WDR<\/strong>: <a href=\"https:\/\/www.wdr.de\/programmvorschau\/wdrfernsehen\/sendung\/2019-09-03\/44104647\/100-jahre-aufregung-das-bochumer-schauspiel-feiert-jubilaeum.html\" target=\"_blank\" rel=\"noopener noreferrer\">\u201e100 Jahre Aufregung \u2013 Das Bochumer Schauspiel feiert Jubil\u00e4um\u201c<\/a> um 0.05 Uhr.<\/li>\n<\/ul>\n<h2 id=\"dienstag3.september\" style=\"text-align: center;\">Dienstag, 3. September<\/h2>\n<ul>\n<li><strong>Arte<\/strong> erinnert um 20.15 Uhr mit dem Film <a href=\"https:\/\/www.arte.tv\/de\/videos\/080115-000-A\/ein-seltsamer-krieg\/\" target=\"_blank\" rel=\"noopener noreferrer\">\u201eEin seltsamer Krieg\u201c<\/a> an den Frankreichfeldzug 1939\/40. \u2014 Um 21.50 Uhr beleuchtet <a href=\"https:\/\/www.arte.tv\/de\/videos\/040929-000-A\/eine-blonde-provinz\/\" target=\"_blank\" rel=\"noopener noreferrer\">\u201eEine blonde Provinz \u2013 Polen und der deutsche Rassenwahn\u201c<\/a> ein besonders Kapitel des Zweiten Weltkriegs. <em>\u201eOhne Kriegserkl\u00e4rung marschierte die deutsche Wehrmacht am 1.9.1939 in Polen ein. Im Zuge einer gro\u00dfangelegten ethnischen S\u00e4uberung wurden Tausende Juden und Christen aus ihrer Heimat vertrieben und get\u00f6tet. Im Westen Polens planten die Nazis eine \u201ablonde Provinz\u2018 \u2026\u201c<\/em><\/li>\n<li><em>\u201eDer Film <a href=\"https:\/\/programm.ard.de\/TV\/tagesschau24\/Programmkalender\/?sendung=287211997009563\" target=\"_blank\" rel=\"noopener noreferrer\">\u201eWerner G. \u2013 Der Kopf der Gladow-Bande\u201c<\/a> erz\u00e4hlt die Geschichte von Werner Gladow, dem ber\u00fcchtigten Berliner Bandenchef, der im Alter von 17 Jahren eine der \u2018erfolgreichsten\u2019 und erbarmungslosesten Verbrecherbanden der Nachkriegszeit anf\u00fchrte. Erz\u00e4hlt wird auch die Geschichte orientierungsloser Jugendlicher, die Halt und Anerkennung in einer kriminellen Gruppierung suchten. Gladow, fasziniert durch die Lekt\u00fcre \u00fcber den legend\u00e4ren Gangster Al Capone, hielt Ende der vierziger Jahre mit seinen Komplizen die Berliner Polizei in Atem. \u00dcber 350 Straftaten, darunter zwei Morde und 15 Mordversuche, gingen schlie\u00dflich auf das Konto der Bande.\u201c<\/em> (<strong>Tagesschau 24<\/strong>, 20.15 Uhr).<\/li>\n<li>Auf <strong>RBB<\/strong> geht es um 20.15 Uhr um \u201eGeheimnisvolle Orte\u201c, konkret steht <a href=\"https:\/\/www.rbb-online.de\/geheimnisvolle_orte\/videos\/der-rote-platz.html\" target=\"_blank\" rel=\"noopener noreferrer\">\u201eDer Rote Platz\u201c<\/a> in Moskau im Mittelpunkt der Doku. \u2014 Um 21 Uhr folgt der erste Teil des Zweiteilers <a href=\"https:\/\/www.rbb-online.de\/doku\/der\/der-grosse-abzug-die-alliierten-gehen.html\" target=\"_blank\" rel=\"noopener noreferrer\">\u201eDer gro\u00dfe Abzug \u2013 Die Alliierten gehen\u201c<\/a>.<\/li>\n<li>Auch in der Reihe \u201eGeheimnisvolle Orte\u201c geht es um 21 Uhr auf <strong>Phoenix<\/strong> um den <a href=\"https:\/\/www.phoenix.de\/sendungen\/dokumentationen\/geheimnisvolle-orte-a-1206030.html\" target=\"_blank\" rel=\"noopener noreferrer\">\u201eBogensee \u2013 Goebbels Villa &amp; Hochschule der FDJ\u201c<\/a>.<\/li>\n<li>Die zweite und abschlie\u00dfende Folge der Doku \u201eKriegskinder\u201c erinnert an die Zeit der Luftangriffe auf deutsche St\u00e4dte. <a href=\"https:\/\/www.mdr.de\/tv\/programm\/sendung852692_date-2019-09-03_ipgctx-true_zc-6c761a63.html\" target=\"_blank\" rel=\"noopener noreferrer\">\u201eMit den Bomben kam die Angst\u201c<\/a> (22.05 Uhr, <strong>MDR<\/strong>).<\/li>\n<li><em>\u201eSowohl der Lazarus-Orden als auch der Souver\u00e4ne Malteserorden gr\u00fcndeten sich um 1098 in einem Leprakrankenhaus, um Verwundete sowie Kranke zu versorgen. Beide entwickelten sich erst sp\u00e4ter zu kirchlich anerkannten Ritterorden. W\u00e4hrend der Lazarus-Orden nach der Franz\u00f6sischen Revolution aufgel\u00f6st wurde, existieren die Souver\u00e4nen Malteser bis heute. Die Doku erz\u00e4hlt die au\u00dfergew\u00f6hnliche Geschichte der edelsten Ritter \u00fcberhaupt.\u201c<\/em> Die Doku \u201eGotteskrieger \u2013 Die Hospitaliter\u201c erz\u00e4hlt um 22.10 Uhr auf <a href=\"https:\/\/www.n-tv.de\/mediathek\/tvprogramm\/?date=2019-09-03\" target=\"_blank\" rel=\"noopener noreferrer\"><strong>N-TV<\/strong><\/a> von dieser Geschichte.<\/li>\n<\/ul>\n<h2 id=\"mittwoch4.september\" style=\"text-align: center;\">Mittwoch, 4. September<\/h2>\n<ul>\n<li><em>\u201eBis heute, \u00fcber 70 Jahre nach dem Ende des Nationalsozialismus, gehen Kinder und Enkel auf Spurensuche und fragen sich, wie ihre Eltern und Gro\u00dfeltern zu Hitler und zur NS-Ideologie standen.\u201c<\/em> <strong>3sat<\/strong> dokumentiert dies in dem Beitrag <a href=\"https:\/\/www.3sat.de\/film\/dokumentarfilm\/vater-mutter-hitler---vier-tagebuecher-und-eine-spurensuche-100.html\" target=\"_blank\" rel=\"noopener noreferrer\">\u201eVater, Mutter, Hitler \u2013 Vier Tageb\u00fccher und eine Spurensuche\u201c<\/a> um 20.15 Uhr.<\/li>\n<li><a href=\"https:\/\/www.br.de\/fernsehen\/ard-alpha\/programmkalender\/ausstrahlung-1902804.html\" target=\"_blank\" rel=\"noopener noreferrer\">\u201eDamals in \u00d6sterreich \u2013 Unsere Ern\u00e4hrung\u201c<\/a> ist Thema um 21 Uhr auf <strong>ARD-alpha<\/strong>.<\/li>\n<li>Der <strong>BR<\/strong> sendet die biografische Doku <a href=\"https:\/\/www.br.de\/br-fernsehen\/programmkalender\/ausstrahlung-1873640.html\" target=\"_blank\" rel=\"noopener noreferrer\">\u201eK\u00f6nig Ludwig II. von Bayern \u2013 Der einzig wahre K\u00f6nig\u201c<\/a> um 22 Uhr.<\/li>\n<li>Literaturgeschichte auf <strong>Arte<\/strong>: <a href=\"https:\/\/www.arte.tv\/de\/videos\/062252-000-A\/fallada\/\" target=\"_blank\" rel=\"noopener noreferrer\">\u201eFallada \u2013 Im Rausch des Schreibens\u201c<\/a> um 0.20 Uhr.<\/li>\n<\/ul>\n<h2 id=\"donnerstag5.september\" style=\"text-align: center;\">Donnerstag, 5. September<\/h2>\n<ul>\n<li><strong>Arte<\/strong> startet heute die ersten drei der sechs Folgen der Serie \u201eDie Neue Zeit\u201c \u00fcber die Geschichte des Bauhaus. Teil 1 <a href=\"https:\/\/www.arte.tv\/de\/videos\/079371-002-A\/die-neue-zeit-1-6\/\" target=\"_blank\" rel=\"noopener noreferrer\">\u201eNach dem Krieg\u201c<\/a> (gemeint ist der Erste Weltkrieg) beginnt um 20.15 Uhr, Teil 2 <a href=\"https:\/\/www.arte.tv\/de\/videos\/079371-002-A\/die-neue-zeit-2-6\/\" target=\"_blank\" rel=\"noopener noreferrer\">\u201eDer Prinz von Theben\u201c<\/a> um 21 Uhr. Teil 3 <a href=\"https:\/\/www.arte.tv\/de\/videos\/079371-003-A\/die-neue-zeit-3-6\/\" target=\"_blank\" rel=\"noopener noreferrer\">\u201eDie M\u00e4rzgefallenen\u201c<\/a> folgt um 21.45 Uhr.<\/li>\n<li>Bauhaus im <strong>MDR<\/strong>. <em>\u201eDer Film <a href=\"https:\/\/www.mdr.de\/tv\/programm\/sendung852494_date-2019-09-05_ipgctx-true_zc-cf5d6df4.html\" target=\"_blank\" rel=\"noopener noreferrer\">\u201ePaul Klee und das Bauhaus\u201c<\/a> geht [\u201eum 23.05 Uhr\u201c] gemeinsam mit Alexander Klee, dem Enkel, an die Orte, an denen sein Gro\u00dfvater Paul Klee gearbeitet hat: die \u201aBauh\u00e4user\u2018 in Weimar und Dessau. Klees Leben und Wirken w\u00e4hrend seiner Bauhaus-Zeit wird an sehr authentischen Orten filmisch auferstehen.\u201c<\/em> \u2014 Anschlie\u00dfend folgt der Spielfilm <a href=\"https:\/\/www.mdr.de\/tv\/programm\/sendung852496_date-2019-09-05_ipgctx-true_zc-cf5d6df4.html\" target=\"_blank\" rel=\"noopener noreferrer\">\u201eLotte am Bauhaus\u201c<\/a> (BRD 2019, Regie: Gregor Schnitzler) um 23.35 Uhr.<\/li>\n<\/ul>\n<h2 id=\"freitag6.september\" style=\"text-align: center;\">Freitag, 6. September<\/h2>\n<ul>\n<li>Auf <strong>ARD-alpha<\/strong> erz\u00e4hlt das Drama <a href=\"https:\/\/www.br.de\/fernsehen\/ard-alpha\/programmkalender\/ausstrahlung-1894558.html\" target=\"_blank\" rel=\"noopener noreferrer\">\u201eMarie Curie\u201c<\/a> (POL, FRA, BRD 2016, Regie: Marie Noelle) das Leben der ber\u00fchmten Wissenschaftlerin (20.15 Uhr).<\/li>\n<li><a href=\"https:\/\/programm.ard.de\/TV\/tagesschau24\/Programmkalender\/?sendung=287212057111410\" target=\"_blank\" rel=\"noopener noreferrer\">\u201eDer Zoologische Garten\u201c<\/a> in Berlin ist Thema der Reihe \u201eGeheimnisvolle Orte\u201c um 21.17 Uhr auf <strong>Tagesschau 24<\/strong>. Er <em>\u201efeiert in diesem Jahr sein 175-j\u00e4hriges Jubil\u00e4um. Damit ist er der \u00e4lteste Zoo Deutschlands \u2013 und der artenreichste der Welt. In Berlin kennt ihn jeder und doch ist seine Geschichte fast unbekannt. Dabei war und ist sie eng verbunden mit den dramatischen Ereignissen Berlins.\u201c<\/em><\/li>\n<\/ul>\n","protected":false},"excerpt":{"rendered":"<p>Die Ur- und Fr\u00fchgeschichte der amerikanischen Ureinwohner wird weiter erz\u00e4hlt, der Abzug der Alliierten aus dem geeinten Deutschland und vor allem der Beginn des Zweiten Weltkriegs stehen im Mittelpunkt der Geschichtssendungen der kommenden Woche. Aber es gibt noch viel mehr. Viel Spa\u00df bei der Auswahl.<\/p>\n","protected":false},"author":10,"featured_media":0,"comment_status":"open","ping_status":"open","sticky":false,"template":"","format":"standard","meta":{"footnotes":""},"categories":[4,8],"tags":[],"class_list":["post-4546","post","type-post","status-publish","format-standard","hentry","category-geschichte-im-fernsehen","category-history-tv"],"aioseo_notices":[],"_links":{"self":[{"href":"http:\/\/historikerkraus.de\/blog\/wp-json\/wp\/v2\/posts\/4546","targetHints":{"allow":["GET"]}}],"collection":[{"href":"http:\/\/historikerkraus.de\/blog\/wp-json\/wp\/v2\/posts"}],"about":[{"href":"http:\/\/historikerkraus.de\/blog\/wp-json\/wp\/v2\/types\/post"}],"author":[{"embeddable":true,"href":"http:\/\/historikerkraus.de\/blog\/wp-json\/wp\/v2\/users\/10"}],"replies":[{"embeddable":true,"href":"http:\/\/historikerkraus.de\/blog\/wp-json\/wp\/v2\/comments?post=4546"}],"version-history":[{"count":1,"href":"http:\/\/historikerkraus.de\/blog\/wp-json\/wp\/v2\/posts\/4546\/revisions"}],"predecessor-version":[{"id":4547,"href":"http:\/\/historikerkraus.de\/blog\/wp-json\/wp\/v2\/posts\/4546\/revisions\/4547"}],"wp:attachment":[{"href":"http:\/\/historikerkraus.de\/blog\/wp-json\/wp\/v2\/media?parent=4546"}],"wp:term":[{"taxonomy":"category","embeddable":true,"href":"http:\/\/historikerkraus.de\/blog\/wp-json\/wp\/v2\/categories?post=4546"},{"taxonomy":"post_tag","embeddable":true,"href":"http:\/\/historikerkraus.de\/blog\/wp-json\/wp\/v2\/tags?post=4546"}],"curies":[{"name":"wp","href":"https:\/\/api.w.org\/{rel}","templated":true}]}}