{"id":4520,"date":"2019-06-21T12:00:23","date_gmt":"2019-06-21T10:00:23","guid":{"rendered":"http:\/\/historikerkraus.de\/blog\/?p=4520"},"modified":"2019-06-20T13:53:03","modified_gmt":"2019-06-20T11:53:03","slug":"tv-vorschau-22-28-juni-2019","status":"publish","type":"post","link":"http:\/\/historikerkraus.de\/blog\/2019\/06\/21\/tv-vorschau-22-28-juni-2019\/","title":{"rendered":"TV-Vorschau 22. \u2013 28. Juni 2019"},"content":{"rendered":"<p>Die Entwicklung des Homo sapiens steht ebenso in der kommenden Woche auf dem Programm wie die Geschichte des Kampfes um Anerkennung der Schwulen und Lesben. Dazu diverse Dokus und Historiendramen. Viel Spa\u00df bei der Auswahl.<!--more--><\/p>\n<h2 id=\"samstag22.juni\" style=\"text-align: center;\">Samstag, 22. Juni<\/h2>\n<ul>\n<li>Die schon h\u00e4ufiger gezeigte Reihe \u201eAufstand der Barbaren\u201c \u00fcber antike Aufst\u00e4nde gegen das r\u00f6mische Imperium l\u00e4uft wieder auf <a href=\"https:\/\/www.n-tv.de\/mediathek\/tvprogramm\/?date=2019-06-22\" target=\"_blank\" rel=\"noopener noreferrer\"><strong>N-TV<\/strong><\/a>. \u201eBoudicca\u201c um 20.15 Uhr, \u201eFritigern\u201c um 21.05 Uhr, \u201eAlarich\u201c um 22.10 Uhr und schlie\u00dflich \u201eAttila und Geiserich\u201c um 23.10 Uhr.<\/li>\n<li><strong>Arte<\/strong> schildert in einer f\u00fcnfteiligen Doku die Entwicklung des modernen Menschen: \u201eEiner von uns: Der Homo sapiens\u201c. Teil 1 um 20.15 Uhr tr\u00e4gt den Titel <a href=\"https:\/\/www.arte.tv\/de\/videos\/050567-001-A\/einer-von-uns-der-homo-sapiens-1-5\/\" target=\"_blank\" rel=\"noopener noreferrer\">\u201eDie afrikanische Wiege\u201c<\/a>, Teil 2 um 21.10 Uhr <a href=\"https:\/\/www.arte.tv\/de\/videos\/050567-002-A\/einer-von-uns-der-homo-sapiens-2-5\/\" target=\"_blank\" rel=\"noopener noreferrer\">\u201eAsien: Die gro\u00dfe Reise\u201c<\/a>. Weiter geht es in einer Woche.<\/li>\n<li>Am letzten Sonntag lief die Doku im ZDF, heute um 23.15 Uhr auf <strong>Phoenix<\/strong>: <a href=\"https:\/\/www.phoenix.de\/sendungen\/dokumentationen\/zdf-history\/versailles---schmach-oder-chance-a-1118695.html\" target=\"_blank\" rel=\"noopener noreferrer\">\u201eVersailles \u2013 Schmach oder Chance\u201c<\/a>.<\/li>\n<\/ul>\n<h2 id=\"sonntag23.juni\" style=\"text-align: center;\">Sonntag, 23. Juni<\/h2>\n<ul>\n<li><a href=\"https:\/\/www.n-tv.de\/mediathek\/tvprogramm\/?date=2019-06-23\" target=\"_blank\" rel=\"noopener noreferrer\"><strong>N-TV<\/strong><\/a> hat wieder zwei \u201eMega-Projekte der Nazis\u201c im Programm. Um 20.15 Uhr ist es \u201eHitlers Adlerhorst\u201c und um 22.10 Uhr \u201eHitlers U-Boote\u201c.<\/li>\n<\/ul>\n<h2 id=\"montag24.juni\" style=\"text-align: center;\">Montag, 24. Juni<\/h2>\n<ul>\n<li>In der Reihe \u201eR\u00f6ntgenbild Tiefsee\u201c deckt <a href=\"https:\/\/www.n-tv.de\/mediathek\/tvprogramm\/?date=2019-06-24\" target=\"_blank\" rel=\"noopener noreferrer\"><strong>N-TV<\/strong><\/a> um 21.05 Uhr die \u201eGeheimnisse der \u00c4gypter\u201c auf. <em>\u201eDie Ufer des Nils waren einst die Heimat der alten \u00c4gypter, die eine der eindrucksvollsten Zivilisationen der Erde schufen. Wie konnten sie ihre monumentalen Bauwerke errichten? Woher kam ihre Obsession vom Leben nach dem Tod? Und welche Wunder sind mit ihrem Untergang noch verloren gegangen? Aufwendige Computergrafiken zeigen den m\u00e4chtigen Fluss ohne Wasser und gehen den Geheimnissen auf den Grund.\u201c<\/em><\/li>\n<li><em>\u201eEs ist eine deutsch-j\u00fcdische Familiengeschichte, die Sandra Esslinger erstmals \u00f6ffentlich macht. Auf Grundlage des Nachlasses ihres 1967 in Los Angeles verstorbenen Gro\u00dfonkels Alan Robert. Der ist im Jahr 1900 in Pforzheim als Adolf Rosenberger zur Welt gekommen. Sohn einer assimilierten j\u00fcdischen Familie, mit 17 Jahren Kampfflieger im Ersten Weltkrieg, danach Techniker, Gesch\u00e4ftsmann und Werksrennfahrer bei Mercedes-Benz. Rosenberger gr\u00fcndet 1930\/31 mit Ferdinand Porsche und dessen Schwiegersohn Anton Pi\u00ebch die Porsche GmbH in Stuttgart. Die Keimzelle der heutigen Weltmarke. Als Gesch\u00e4ftsf\u00fchrer zieht Rosenberger Auftr\u00e4ge aus der Automobilindustrie an Land, ist an der Konstruktion des sp\u00e4ter so erfolgreichen Auto-Union-Grand-Prix-Rennwagens beteiligt und h\u00e4lt als Mitgr\u00fcnder und Miteigent\u00fcmer zehn Prozent der Firmenanteile. Bis 1933 die Nazis an die Macht kommen und der Jude Adolf Rosenberger zum Problem wird, weil Porsche mit dem NS-Staat gro\u00dfe Gesch\u00e4fte macht. 1935 wird Rosenberger in das Konzentrationslager Kislau verschleppt, es gelingt ihm zu emigrieren. [\u2026] Der \u201aFall Porsche\u2018 bleibt eine offene Wunde. Auch bei Sandra Esslinger und den anderen Nachkommen von Adolf Rosenberger, dessen besondere Rolle in der Porsche Firmengeschichte bis heute nicht angemessen gew\u00fcrdigt worden ist.\u201c<\/em> <strong>ARD<\/strong>, <a href=\"https:\/\/www.daserste.de\/information\/reportage-dokumentation\/dokus\/sendung\/der-mann-hinter-porsche-adolf-rosenberger-100.html\" target=\"_blank\" rel=\"noopener noreferrer\">\u201eDer Mann hinter Porsche\u201c<\/a> (Geschichte im Ersten), 23.30 Uhr.<\/li>\n<\/ul>\n<h2 id=\"dienstag25.juni\" style=\"text-align: center;\">Dienstag, 25. Juni<\/h2>\n<ul>\n<li><em>\u201eEs sollte den Aufbruch in eine neue Zeit bedeuten. Die Umgestaltung der Altm\u00e4rkischen Wische in eine bl\u00fchende sozialistische Landschaft. \u201aBauplatz der Jugend\u2018, so hatten es Walter Ulbricht und die SED-F\u00fchrung geplant in den f\u00fcnfziger Jahren.\u201c<\/em> <a href=\"https:\/\/www.mdr.de\/tv\/programm\/sendung843724_date-2019-06-25_ipgctx-true_zc-0c11e026.html\" target=\"_blank\" rel=\"noopener noreferrer\">\u201eDie Wische \u2013 Ulbrichts bl\u00fchende Landschaft\u201c<\/a>, <strong>MDR<\/strong>, 21 Uhr.<\/li>\n<li><a href=\"https:\/\/www.n-tv.de\/mediathek\/tvprogramm\/?date=2019-06-25\" target=\"_blank\" rel=\"noopener noreferrer\"><strong>N-TV<\/strong><\/a> rekonstruiert um 22.10 Uhr Hitlers letzte Stunden vor seinem Selbstmord: \u201eDer Tag, an dem Hitler starb\u201c.<\/li>\n<\/ul>\n<h2 id=\"mittwoch26.juni\" style=\"text-align: center;\">Mittwoch, 26. Juni<\/h2>\n<p style=\"text-align: center;\">Heute eine Fehlanzeige.<\/p>\n<h2 id=\"donnerstag27.juni\" style=\"text-align: center;\">Donnerstag, 27. Juni<\/h2>\n<ul>\n<li>Das Drama <a href=\"https:\/\/www.arte.tv\/de\/videos\/065794-000-A\/ich-werde-nicht-schweigen\/\" target=\"_blank\" rel=\"noopener noreferrer\">\u201eIch werde nicht schweigen\u201c<\/a> (BRD 2017, Regie: Esther Gronenborn) erz\u00e4hlt ein Kapitel deutscher Nachkriegsgeschichte auf Grundlage biografischer Tatsachen (<strong>Arte<\/strong>, 20.15 Uhr). <em>\u201e1948 k\u00e4mpft die junge Mutter Margarethe in Oldenburg um ihre Kriegswitwenrente. Daf\u00fcr ben\u00f6tigt sie Papiere \u00fcber die Dienstzeit ihres Mannes im Gesundheitsamt. Doch die junge Frau st\u00f6\u00dft \u00fcberall auf verschlossene T\u00fcren. Als sie randaliert, wird sie in eine Heil-und Pflegeanstalt eingewiesen.\u201c<\/em><\/li>\n<\/ul>\n<h2 id=\"freitag28.juni\" style=\"text-align: center;\">Freitag, 28. Juni<\/h2>\n<ul>\n<li><a href=\"https:\/\/www.phoenix.de\/sendungen\/dokumentationen\/geheimnisvolle-orte-a-415777.html\" target=\"_blank\" rel=\"noopener noreferrer\">\u201eDie Schorfheide \u2013 Das Jagdgebiet der M\u00e4chtigen\u201c<\/a> aus der Reihe \u201eGeheimnisvolle Orte\u201c war schon \u00f6fter im Programm und l\u00e4uft heute um 21 Uhr auf <strong>Phoenix<\/strong>.<\/li>\n<li>Am Montag in der ARD, heute auf <strong>Tagesschau 24<\/strong>: <a href=\"https:\/\/programm.ard.de\/TV\/tagesschau24\/Programmkalender\/?sendung=287211710348242\" target=\"_blank\" rel=\"noopener noreferrer\">\u201eDer Mann hinter Porsche \u2013 Adolf Rosenberger\u201c<\/a> (21.17 Uhr).<\/li>\n<li><strong>Arte<\/strong> blickt auf ein Ereignis zur\u00fcck, das vor 50 Jahren zu einem Meilenstein der schwul-lesbischen Bewegung wurde und bis heute ausstrahlt. <em>\u201eAm 28. Juni 1969 entbrannte rund um eine Schwulenbar an der Christopher Street in New York eine Stra\u00dfenschlacht, die als die Stonewall Riots in die Geschichte einging und die den Beginn der Emanzipation queerer Menschen, seien sie schwul, lesbisch, bi oder trans, markierte. Als die Polizei an jenem Abend anr\u00fcckte, um G\u00e4ste des \u201aStonewall Inn\u2018 festzunehmen, schlugen diese zur\u00fcck.\u201c<\/em> <a href=\"https:\/\/www.arte.tv\/de\/videos\/083940-000-A\/50-jahre-nach-stonewall\/\" target=\"_blank\" rel=\"noopener noreferrer\">\u201e50 Jahre nach Stonewall\u201c<\/a> (21.45 Uhr).<\/li>\n<\/ul>\n","protected":false},"excerpt":{"rendered":"<p>Die Entwicklung des Homo sapiens steht ebenso in der kommenden Woche auf dem Programm wie die Geschichte des Kampfes um Anerkennung der Schwulen und Lesben. Dazu diverse Dokus und Historiendramen. Viel Spa\u00df bei der Auswahl.<\/p>\n","protected":false},"author":10,"featured_media":0,"comment_status":"open","ping_status":"open","sticky":false,"template":"","format":"standard","meta":{"footnotes":""},"categories":[4,8],"tags":[],"class_list":["post-4520","post","type-post","status-publish","format-standard","hentry","category-geschichte-im-fernsehen","category-history-tv"],"aioseo_notices":[],"_links":{"self":[{"href":"http:\/\/historikerkraus.de\/blog\/wp-json\/wp\/v2\/posts\/4520","targetHints":{"allow":["GET"]}}],"collection":[{"href":"http:\/\/historikerkraus.de\/blog\/wp-json\/wp\/v2\/posts"}],"about":[{"href":"http:\/\/historikerkraus.de\/blog\/wp-json\/wp\/v2\/types\/post"}],"author":[{"embeddable":true,"href":"http:\/\/historikerkraus.de\/blog\/wp-json\/wp\/v2\/users\/10"}],"replies":[{"embeddable":true,"href":"http:\/\/historikerkraus.de\/blog\/wp-json\/wp\/v2\/comments?post=4520"}],"version-history":[{"count":1,"href":"http:\/\/historikerkraus.de\/blog\/wp-json\/wp\/v2\/posts\/4520\/revisions"}],"predecessor-version":[{"id":4521,"href":"http:\/\/historikerkraus.de\/blog\/wp-json\/wp\/v2\/posts\/4520\/revisions\/4521"}],"wp:attachment":[{"href":"http:\/\/historikerkraus.de\/blog\/wp-json\/wp\/v2\/media?parent=4520"}],"wp:term":[{"taxonomy":"category","embeddable":true,"href":"http:\/\/historikerkraus.de\/blog\/wp-json\/wp\/v2\/categories?post=4520"},{"taxonomy":"post_tag","embeddable":true,"href":"http:\/\/historikerkraus.de\/blog\/wp-json\/wp\/v2\/tags?post=4520"}],"curies":[{"name":"wp","href":"https:\/\/api.w.org\/{rel}","templated":true}]}}