{"id":4514,"date":"2019-06-07T12:00:30","date_gmt":"2019-06-07T10:00:30","guid":{"rendered":"http:\/\/historikerkraus.de\/blog\/?p=4514"},"modified":"2019-06-06T11:44:35","modified_gmt":"2019-06-06T09:44:35","slug":"tv-vorschau-8-14-juni-2019","status":"publish","type":"post","link":"http:\/\/historikerkraus.de\/blog\/2019\/06\/07\/tv-vorschau-8-14-juni-2019\/","title":{"rendered":"TV-Vorschau 8. \u2013 14. Juni 2019"},"content":{"rendered":"<p>In dieser Woche geht es in den Geschichtssendungen u. a. um die SS im Nationalsozialismus, in die Antike zur\u00fcck geht der Dreiteiler \u201eRom am Rhein\u201c und aus gegebenem Anlass gleich zwei Geschichtsdramen \u00fcber Anne Frank.<!--more--><\/p>\n<h2 id=\"samstag8.juni\" style=\"text-align: center;\">Samstag, 8. Juni<\/h2>\n<ul>\n<li><em>\u201eZeichen, die f\u00fcr Terror und Mord stehen: Die SS-Runen halten Nazis f\u00fcr germanisch, dabei sind sie semitischen Ursprungs. Was fasziniert Menschen an den zackigen Blitzen, die f\u00fcr beispiellose Brutalit\u00e4t stehen und Zeichen der T\u00e4ter sind? Die Dokumentation von Silke Potthoff erkundet die Bedeutung der Runen damals wie heute und schildert deren Wirkungsgeschichte.\u201c<\/em> <a href=\"https:\/\/www.phoenix.de\/sendungen\/dokumentationen\/zeichen-des-boesen-a-1071110.html\" target=\"_blank\" rel=\"noopener noreferrer\">\u201eZeichen des B\u00f6sen \u2013 Die Runen der SS\u201c<\/a>, <strong>Phoenix<\/strong>, 20.15 Uhr. \u2014 Um 21 Uhr steht Heinrich Himmler im Blickpunkt der Doku <a href=\"https:\/\/www.phoenix.de\/sendungen\/dokumentationen\/geheimnisse-des-dritten-reichs-a-437133.html\" target=\"_blank\" rel=\"noopener noreferrer\">\u201eGeheimnisse des Dritten Reichs: Himmler\u201c<\/a>: <em>\u201eReichsf\u00fchrer-SS, Polizeichef, Reichsinnenminister, Heerf\u00fchrer. Hitlers m\u00e4chtigster Paladin gibt bis heute gro\u00dfe R\u00e4tsel auf. Warum lie\u00df Himmler heimlich nach Hexen forschen? Gab er und nicht Hitler den Befehl zum Judenmord, wie manche Forscher heute vermuten? Und welche Rolle spielte die mysteri\u00f6se Geliebte, mit der er jahrelang ein geheimes Doppelleben f\u00fchrte?\u201c<\/em> \u2014 Um 21.45 Uhr zieht sich <a href=\"https:\/\/www.phoenix.de\/sendungen\/dokumentationen\/eine-blutspur-durch-frankreich-a-109118.html\" target=\"_blank\" rel=\"noopener noreferrer\">\u201eEine Blutspur durch Frankreich \u2013 Die SS-Panzer-Division Das Reich\u201c<\/a>. <em>\u201eDie Massaker von Tulle und Oradour-sur-Glane, die w\u00e4hrend des Zweiten Weltkriegs in Frankreich ver\u00fcbt wurden, haben sich tief in die kollektive Erinnerung des Landes eingebrannt. Doch wer waren die T\u00e4ter? Dieser Frage geht Micha\u00ebl Prazans Film nach. Er rollt dazu die Ereignisse des Juni 1944 auf und zeichnet den Marsch der SS-Panzer-Division \u201aDas Reich\u2018 von S\u00fcdwestfrankreich in die Normandie nach.\u201c<\/em><\/li>\n<li>1963 wurde die Fu\u00dfball-Bundesliga eingef\u00fchrt. Grund genug, 1968 einen R\u00fcckblick auf die ersten f\u00fcnf Jahre zu halten. <strong>ARD-alpha<\/strong> zeigt aus der Reihe Alpha-retro die Doku <a href=\"https:\/\/www.br.de\/fernsehen\/ard-alpha\/programmkalender\/ausstrahlung-1796966.html\" target=\"_blank\" rel=\"noopener noreferrer\">\u201e1968 \u2013 F\u00fcnf Jahre Bundesliga\u201c<\/a> um 21.35 Uhr.<\/li>\n<li>Um 22.10 Uhr zeigt <a href=\"https:\/\/www.n-tv.de\/mediathek\/tvprogramm\/?date=2019-06-08\" target=\"_blank\" rel=\"noopener noreferrer\"><strong>N-TV<\/strong><\/a> aus der Reihe \u201eGeheimakte\u201c den Beitrag \u201eHitlers Killer-Bakterien\u201c und stellt die Frage <em>\u201eArbeiteten die Nazis w\u00e4hrend des Zweiten Weltkriegs an biologischen Waffen?\u201c<\/em> \u2014 Um 23.10 Uhr folgt der Beitrag \u201eNS-Kriegsverbrecher auf der Flucht\u201c und um 0.10 Uhr \u201eHitlers Selbstbild\u201c.<\/li>\n<\/ul>\n<h2 id=\"sonntag9.junipfingsten\" style=\"text-align: center;\">Sonntag, 9. Juni \u2013 Pfingsten<\/h2>\n<ul>\n<li>Die dreiteilige Terra X-Reihe \u201eRom am Rhein\u201c l\u00e4uft zu sp\u00e4ter Stunde im <strong>ZDF<\/strong>. Teil 1 <a href=\"https:\/\/www.zdf.de\/dokumentation\/terra-x\/rom-am-rhein-teil-1-krieg-und-frieden-100.html\" target=\"_blank\" rel=\"noopener noreferrer\">\u201eKrieg und Frieden\u201c<\/a> um 0.40 Uhr, Teil 2 <a href=\"https:\/\/www.zdf.de\/dokumentation\/terra-x\/rom-am-rhein-teil-2-bluete-und-bedrohung-100.html\" target=\"_blank\" rel=\"noopener noreferrer\">\u201eBl\u00fcte und Bedrohung\u201c<\/a> um 1.25 Uhr und Teil 3 <a href=\"https:\/\/www.zdf.de\/dokumentation\/terra-x\/rom-am-rhein-teil-3-zentrum-des-imperiums-100.html\" target=\"_blank\" rel=\"noopener noreferrer\">\u201eZentrum des Imperiums\u201c<\/a> um 2.10 Uhr.<\/li>\n<\/ul>\n<h2 id=\"montag10.junipfingstmontag\" style=\"text-align: center;\">Montag, 10. Juni \u2013 Pfingstmontag<\/h2>\n<ul>\n<li>Das <strong>ZDF<\/strong> zeigt um 22 Uhr als Free-TV-Premiere zum 90. Geburtstag von Anne Frank den Film <a href=\"https:\/\/www.zdf.de\/filme\/filme-sonstige\/das-tagebuch-der-anne-frank-104.html\" target=\"_blank\" rel=\"noopener noreferrer\">\u201eDas Tagebuch der Anne Frank\u201c<\/a> (BRD 2016, Regie: Hans Steinbichler).<\/li>\n<\/ul>\n<h2 id=\"dienstag11.juni\" style=\"text-align: center;\">Dienstag, 11. Juni<\/h2>\n<ul>\n<li><a href=\"https:\/\/www.ndr.de\/fernsehen\/Kulenkampffs-Schuhe,sendung910594.html\" target=\"_blank\" rel=\"noopener noreferrer\">\u201eKulenkampffs Schuhe\u201c<\/a>, die Doku \u00fcber die politische Funktion des Unterhaltungsfernsehens der 1960er und 1970er Jahre, war schon \u00f6fter im TV zu sehen. Heute l\u00e4uft sie im <strong>NDR<\/strong> um 0 Uhr.<\/li>\n<\/ul>\n<h2 id=\"mittwoch12.juni\" style=\"text-align: center;\">Mittwoch, 12. Juni<\/h2>\n<ul>\n<li><em>\u201eDer Name Anne Frank steht f\u00fcr Mut und Zuversicht in hoffnungslosen Zeiten. Durch ihr Tagebuch, in dem sie das Leben im Versteck, aber auch ihre Tr\u00e4ume, W\u00fcnsche, \u00c4ngste und Sehns\u00fcchte beschrieb, ist Anne Frank zu einer engen Vertrauten, Freundin und Leidensgenossin unz\u00e4hliger Menschen aus allen Generationen in der ganzen Welt geworden. Annes Tagebuch ist Weltliteratur. Der Film folgt Annes Schicksal von der gl\u00fccklichen Kindheit \u00fcber das Versteck im Hinterhaus in Amsterdam bis zu ihrem Tod im Konzentrationslager Bergen-Belsen. Er stellt die Beziehung von Vater und Tochter in den Mittelpunkt.\u201c<\/em> <a href=\"https:\/\/programm.ard.de\/TV\/Programm\/Sender\/?sendung=280071638333652\" target=\"_blank\" rel=\"noopener noreferrer\">\u201eMeine Tochter Anne Frank\u201c<\/a> (BRD 2015, Regie: Raymond Ley). <strong>3sat<\/strong> zeigt \u201cMeine Tochter Anne Frank\u201d aus Anlass des 90. Geburtstages von Anne Frank am 12. Juni um 22.25 Uhr.<\/li>\n<\/ul>\n<h2 id=\"donnerstag13.juni\" style=\"text-align: center;\">Donnerstag, 13. Juni<\/h2>\n<p style=\"text-align: center;\">Heute eine Fehlanzeige.<\/p>\n<h2 id=\"freitag14.juni\" style=\"text-align: center;\">Freitag, 14. Juni<\/h2>\n<ul>\n<li>Am 6. Juni 1944 landeten die Alliierten in der Normandie und er\u00f6ffneten damit im Zweiten Weltkrieg eine zweite Front. <em>\u201eVielen wurde da schlagartig klar, dass Deutschland diesen Krieg nicht mehr gewinnen konnte. Doch mit der Eroberung der Str\u00e4nde war die Schlacht noch l\u00e4ngst nicht geschlagen. Sie setzte sich wochenlang im Hinterland Nordfrankreichs fort.\u201c<\/em> <a href=\"https:\/\/www.br.de\/fernsehen\/ard-alpha\/programmkalender\/ausstrahlung-1797488.html\" target=\"_blank\" rel=\"noopener noreferrer\">\u201eD-Day \u2013 Die Spur der V\u00e4ter\u201c<\/a> um 20.15 Uhr auf <strong>ARD-alpha<\/strong>. \u2014 Die Doku <a href=\"https:\/\/www.br.de\/fernsehen\/ard-alpha\/programmkalender\/ausstrahlung-1797490.html\" target=\"_blank\" rel=\"noopener noreferrer\">\u201eDer Spion, der Hitler reinlegte\u201c<\/a> folgt um 21 Uhr.<\/li>\n<li><em>\u201eDie Gleichberechtigung von Frau und Mann verk\u00fcndeten BRD und DDR vor 70 Jahren, in der Lebenswirklichkeit setzte sie sich allerdings bestenfalls m\u00fchsam durch und kam in Ost und West ganz unterschiedlich zur Geltung. In der Radio-Bremen-Dokumentation <a href=\"https:\/\/programm.ard.de\/TV\/tagesschau24\/Programmkalender\/?sendung=287211649491014\" target=\"_blank\" rel=\"noopener noreferrer\">\u201eAls Mutti arbeiten ging\u201c<\/a> erz\u00e4hlen drei Generationen Ost und drei Generationen West \u2013 Gro\u00dfmutter, Tochter, Enkelin \u2013 von ihren Erfahrungen und erl\u00e4utern ebenso anschaulich wie eindringlich, in welchen Lebensbereichen sich in sieben Jahrzehnten Entwicklungen zeigten, aber auch, wo es immer wieder und immer noch keine Gleichberechtigung gibt.\u201c<\/em> (<strong>Tagesschau 24<\/strong>, 21.17 Uhr).<\/li>\n<li>Auto-Geschichte um 21.45 Uhr auf <strong>Phoenix<\/strong>: <a href=\"https:\/\/www.phoenix.de\/sendungen\/dokumentationen\/der-vw-bus-a-108742.html\" target=\"_blank\" rel=\"noopener noreferrer\">\u201eDer VW-Bus \u2013 Ein Transporter f\u00fcr die Welt\u201c<\/a><\/li>\n<\/ul>\n","protected":false},"excerpt":{"rendered":"<p>In dieser Woche geht es in den Geschichtssendungen u. a. um die SS im Nationalsozialismus, in die Antike zur\u00fcck geht der Dreiteiler \u201eRom am Rhein\u201c und aus gegebenem Anlass gleich zwei Geschichtsdramen \u00fcber Anne Frank.<\/p>\n","protected":false},"author":10,"featured_media":0,"comment_status":"open","ping_status":"open","sticky":false,"template":"","format":"standard","meta":{"footnotes":""},"categories":[4,8],"tags":[],"class_list":["post-4514","post","type-post","status-publish","format-standard","hentry","category-geschichte-im-fernsehen","category-history-tv"],"aioseo_notices":[],"_links":{"self":[{"href":"http:\/\/historikerkraus.de\/blog\/wp-json\/wp\/v2\/posts\/4514","targetHints":{"allow":["GET"]}}],"collection":[{"href":"http:\/\/historikerkraus.de\/blog\/wp-json\/wp\/v2\/posts"}],"about":[{"href":"http:\/\/historikerkraus.de\/blog\/wp-json\/wp\/v2\/types\/post"}],"author":[{"embeddable":true,"href":"http:\/\/historikerkraus.de\/blog\/wp-json\/wp\/v2\/users\/10"}],"replies":[{"embeddable":true,"href":"http:\/\/historikerkraus.de\/blog\/wp-json\/wp\/v2\/comments?post=4514"}],"version-history":[{"count":1,"href":"http:\/\/historikerkraus.de\/blog\/wp-json\/wp\/v2\/posts\/4514\/revisions"}],"predecessor-version":[{"id":4515,"href":"http:\/\/historikerkraus.de\/blog\/wp-json\/wp\/v2\/posts\/4514\/revisions\/4515"}],"wp:attachment":[{"href":"http:\/\/historikerkraus.de\/blog\/wp-json\/wp\/v2\/media?parent=4514"}],"wp:term":[{"taxonomy":"category","embeddable":true,"href":"http:\/\/historikerkraus.de\/blog\/wp-json\/wp\/v2\/categories?post=4514"},{"taxonomy":"post_tag","embeddable":true,"href":"http:\/\/historikerkraus.de\/blog\/wp-json\/wp\/v2\/tags?post=4514"}],"curies":[{"name":"wp","href":"https:\/\/api.w.org\/{rel}","templated":true}]}}