{"id":4501,"date":"2019-05-03T12:00:11","date_gmt":"2019-05-03T10:00:11","guid":{"rendered":"http:\/\/historikerkraus.de\/blog\/?p=4501"},"modified":"2019-05-02T10:45:58","modified_gmt":"2019-05-02T08:45:58","slug":"tv-vorschau-4-10-mai-2019","status":"publish","type":"post","link":"http:\/\/historikerkraus.de\/blog\/2019\/05\/03\/tv-vorschau-4-10-mai-2019\/","title":{"rendered":"TV-Vorschau 4. \u2013 10. Mai 2019"},"content":{"rendered":"<p>Minderheiten in Europa, NS-Terror kurz vor dem Ende und die Geschichte der Kelten sind nur einige Beispiele der Geschichtsthemen der kommenden Woche im deutschen Fernsehen. Dazu das Jahr 1949, etwas Karl Marx und der Friede von Versailles. Viel Spa\u00df bei der Auswahl.<!--more--><\/p>\n<h2 id=\"samstag4.mai\" style=\"text-align: center;\">Samstag, 4. Mai<\/h2>\n<ul>\n<li>\u201eHitlers letzter Widerstand\u201c ist Thema auf <a href=\"https:\/\/www.n-tv.de\/mediathek\/tvprogramm\/?date=2019-05-04\" target=\"_blank\" rel=\"noopener noreferrer\"><strong>N-TV<\/strong><\/a>. Um 20.15 Uhr geht es los mit \u201eDie Nazi-Festung\u201c, um 21.05 Uhr folgt der \u201eWald des Todes\u201c, um 22.10 Uhr die \u201eSchlacht um Caen\u201c und um 23.10 Uhr \u201eVerb\u00fcndete Feinde\u201c. \u2014 Um 0.10 Uhr folgt noch die Doku \u201eGenie im Wahnsinn \u2013 Erfinder unterm Hakenkreuz\u201c.<\/li>\n<li>Weiter geht es im <strong>HR<\/strong> mit der Medizingeschichte. Um 20.15 Uhr l\u00e4uft Teil 3 der Serie Charit\u00e9 mit dem Titel <a href=\"https:\/\/www.hr-fernsehen.de\/tv-programm\/charite,sendung-60662.html\" target=\"_blank\" rel=\"noopener noreferrer\">\u201eDas Licht der Welt\u201c<\/a>, Teil 4 <a href=\"https:\/\/www.hr-fernsehen.de\/tv-programm\/charite,sendung-60652.html\" target=\"_blank\" rel=\"noopener noreferrer\">\u201eWundermittel\u201c<\/a> folgt um 21 Uhr. \u2014 Der zweite und letzte Teil des Mittelalterdramas <a href=\"https:\/\/www.hr-fernsehen.de\/tv-programm\/das-geheimnis-der-hebamme-2,sendung-60674.html\" target=\"_blank\" rel=\"noopener noreferrer\">\u201eDas Geheimnis der Hebamme\u201c<\/a> (BRD 2016, Regie: Roland Suso Richter) schlie\u00dft sich um 21.50 Uhr an.<\/li>\n<li><strong>Phoenix<\/strong> zeigt aus der Reihe \u201eZDF-History: Deutschlands Herrscher\u201c die Doku <a href=\"https:\/\/www.phoenix.de\/sendungen\/dokumentationen\/zdf-history\/zdf-history-deutschlands-herrscher-a-107625.html\" target=\"_blank\" rel=\"noopener noreferrer\">\u201eDie Sachsen\u201c<\/a> (23.15 Uhr). \u2014 Um Mitternacht folgt der Beitrag <a href=\"https:\/\/www.phoenix.de\/sendungen\/dokumentationen\/phoenix-history\/monarchie-in-schweden-a-1020320.html\" target=\"_blank\" rel=\"noopener noreferrer\">\u201eChristina Wasa \u2013 Die wilde K\u00f6nigin\u201c<\/a>. <em>\u201eNach dem Tod ihres Vaters wird Christina Wasa bereits im Kindesalter schwedische K\u00f6nigin. Als junge Frau jedoch verl\u00e4sst sie den Thron, wechselt zum katholischen Glauben und fl\u00fcchtet nach Rom. Das Leben K\u00f6nigin Christinas von Schweden (1626\u20131689), ihre Kraft und ihr Eigensinn faszinieren die Welt bis heute. Das Doku-Drama geht auf bislang unbekannten Spuren in Stockholm und Rom der Geschichte der unangepassten K\u00f6nigin nach, die f\u00fcr viele Feministinnen noch heute ein Vorbild ist.\u201c<\/em><\/li>\n<\/ul>\n<h2 id=\"sonntag5.mai\" style=\"text-align: center;\">Sonntag, 5. Mai<\/h2>\n<ul>\n<li><a href=\"https:\/\/www.zdf.de\/dokumentation\/terra-x\/humboldt-und-die-neuentdeckung-der-natur-100.html\" target=\"_blank\" rel=\"noopener noreferrer\">\u201eHumboldt und die Neuentdeckung der Natur\u201c<\/a> ist um 19.30 Uhr im <strong>ZDF<\/strong> das Thema der Terra X-Folge.<\/li>\n<li>\u201eMega-Projekte der Nazis\u201c auf <a href=\"https:\/\/www.n-tv.de\/mediathek\/tvprogramm\/?date=2019-05-05\" target=\"_blank\" rel=\"noopener noreferrer\"><strong>N-TV<\/strong><\/a>. \u201eDer Westwall\u201c um 20.15 Uhr und \u201eU-Boot-Basis\u201c um 21.05 Uhr.<\/li>\n<li>Der bekannte Historienfilm <a href=\"https:\/\/www.arte.tv\/de\/videos\/041677-000-A\/der-untergang\/\" target=\"_blank\" rel=\"noopener noreferrer\">\u201eDer Untergang\u201c<\/a> (BRD 2004, Regie: Oliver Hirschbiegel), der von den letzten Stunden im F\u00fchrerbunker erz\u00e4hlt, l\u00e4uft um 20.15 Uhr auf <strong>Arte<\/strong>.<\/li>\n<li>Der <strong>SWR<\/strong> erz\u00e4hlt die Geschichte des Mittelrheins: <a href=\"https:\/\/www.swr.de\/geschichte\/unser-rhein-handel-und-wandel-am-fluss\/-\/id=100754\/did=23714714\/nid=100754\/sdpgid=1670088\/hw0ha7\/index.html\" target=\"_blank\" rel=\"noopener noreferrer\">\u201eHandel und Wandel am Fluss\u201c<\/a> (20.15 Uhr).<\/li>\n<li>Der <strong>MDR<\/strong> Zeitreise mit dem Titel <a href=\"https:\/\/www.mdr.de\/tv\/programm\/sendung836866_date-2019-05-05_ipgctx-true_zc-c8651233.html\" target=\"_blank\" rel=\"noopener noreferrer\">\u201eDeutschland, einig Gangsterland \u2013 Die Kriminalf\u00e4lle der Einheit\u201c<\/a> um 22.25 Uhr folgen zwei Beitr\u00e4ge der Reihe \u201eGeheimakte Geschichte\u201c. Um 22.55 Uhr <a href=\"https:\/\/www.mdr.de\/tv\/programm\/sendung836868_date-2019-05-05_ipgctx-true_zc-c8651233.html\" target=\"_blank\" rel=\"noopener noreferrer\">\u201eCranach, Diebe und die Stasi \u201c<\/a>, sowie <a href=\"https:\/\/www.mdr.de\/tv\/programm\/sendung836870_date-2019-05-05_ipgctx-true_zc-c8651233.html\" target=\"_blank\" rel=\"noopener noreferrer\">\u201eDie Mordakte Kelly und Bastian\u201c<\/a> (23.40 Uhr).<\/li>\n<li><a href=\"https:\/\/www.daserste.de\/unterhaltung\/film\/filme-im-ersten\/sendung\/der-junge-karl-marx-102.html\" target=\"_blank\" rel=\"noopener noreferrer\">\u201eDer junge Karl Marx\u201c<\/a> (FRA, BRD, BEL 2017, Regie: Raoul Peck) ist um 0.05 Uhr Thema in der <strong>ARD<\/strong>. <em>\u201e \u201aDer junge Karl Marx\u2018 ist gro\u00dfes historisches Kino \u00fcber die Begegnung zweier Geistesgr\u00f6\u00dfen [\u201eMarx und Engels\u201c], die die Welt ver\u00e4ndern und die alte Gesellschaft \u00fcberwinden wollten. In gro\u00dfen Bildern und mit viel Sensibilit\u00e4t erz\u00e4hlt Regisseur Raoul Peck die Entstehungsgeschichte einer weltbekannten Idee als Portr\u00e4t einer engen Freundschaft. Ihm gelingt ein so intimer wie pr\u00e4ziser Blick in die deutsche Geistesgeschichte, die durch zwei brillante und gewitzte K\u00f6pfe seit der Renaissance nicht mehr so grundlegend ersch\u00fcttert wurde.\u201c<\/em><\/li>\n<\/ul>\n<h2 id=\"montag6.mai\" style=\"text-align: center;\">Montag, 6. Mai<\/h2>\n<ul>\n<li>In der Reihe <strong>phoenix<\/strong> history l\u00e4uft der Zweiteiler \u201eUnsere St\u00e4dte nach 45\u201c. <a href=\"https:\/\/www.phoenix.de\/sendungen\/dokumentationen\/phoenix-history\/unsere-staedte-nach-45-12-a-111531.html\" target=\"_blank\" rel=\"noopener noreferrer\">\u201eTeil 1\u201c<\/a> um 20.15 Uhr, <a href=\"https:\/\/www.phoenix.de\/sendungen\/dokumentationen\/phoenix-history\/unsere-staedte-nach-45-22-a-111537.html\" target=\"_blank\" rel=\"noopener noreferrer\">\u201eTeil 2\u201c<\/a> um 21 Uhr.<\/li>\n<li>Um (nicht nur deutsche) Minderheiten nach dem Ersten Weltkrieg geht es in <strong>ARD-alpha<\/strong>. Um 20.15 Uhr geht es los mit <a href=\"https:\/\/www.br.de\/fernsehen\/ard-alpha\/programmkalender\/ausstrahlung-1753386.html\" target=\"_blank\" rel=\"noopener noreferrer\">\u201eS\u00fcdtirol \u2013 \u00dcberlebenskampf zwischen Mussolini und Hitler\u201c<\/a>. Um 21.30 Uhr aus der Reihe \u201ealpha-thema Gespr\u00e4ch\u201c der Beitrag <a href=\"https:\/\/www.br.de\/fernsehen\/ard-alpha\/programmkalender\/ausstrahlung-1753388.html\" target=\"_blank\" rel=\"noopener noreferrer\">\u201eDas Europa der Besiegten \u2013 Grenzen und Minderheiten nach 1919\u201c<\/a>, ehe um 21.30 Uhr <a href=\"https:\/\/www.br.de\/fernsehen\/ard-alpha\/programmkalender\/ausstrahlung-1753390.html\" target=\"_blank\" rel=\"noopener noreferrer\">\u201eDie Deutschen entlang der Karpaten\u201c<\/a> Thema sind.<\/li>\n<li>Vor 70 Jahren wurden zwei deutsche Staaten in Folge des Zweiten Weltkriegs und des Kalten Kriegs aus der Taufe gehoben: die Bundesrepublik und die DDR. Die <strong>ARD<\/strong> erinnert daran mit der Doku <a href=\"https:\/\/www.daserste.de\/information\/reportage-dokumentation\/dokus\/sendung\/1949-ein-jahr-zweimal-deutschland-100.html\" target=\"_blank\" rel=\"noopener noreferrer\">\u201e1949 \u2013 Ein Jahr, zweimal Deutschland\u201c<\/a> um 23.30 Uhr.<\/li>\n<\/ul>\n<h2 id=\"dienstag7.mai\">Dienstag,7. Mai<\/h2>\n<ul>\n<li><a href=\"https:\/\/www.phoenix.de\/sendungen\/dokumentationen\/geheimnisvolle-orte---mukran-a-252566.html\" target=\"_blank\" rel=\"noopener noreferrer\">\u201eMukran \u2013 Honeckers Superhafen\u201c<\/a> ist um 20.15 Uhr auf <strong>Phoenix<\/strong> Thema der Reihe \u201eGeheimnisvolle Orte\u201c. \u2014 <em>\u201eIm Februar 1945 verschwindet das Nazi-U-Boot U 745 auf mysteri\u00f6se Weise in der Ostsee und nur die Leiche des Kapit\u00e4ns treibt auf der Insel F\u00f6gl\u00f6 an Land. 70 Jahre lang blieb das Schicksal der U 745 ein R\u00e4tsel \u2013 bis ein finnisches Tauchteam das Wrack entdeckte.\u201c<\/em> <a href=\"https:\/\/www.phoenix.de\/sendungen\/dokumentationen\/verschollen-in-der-ostsee-a-975780.html\" target=\"_blank\" rel=\"noopener noreferrer\">\u201eVerschollen in der Ostsee \u2013 Das R\u00e4tsel von U745\u201c<\/a>, 21 Uhr.<\/li>\n<li>Ebenfalls zur Reihe \u201eGeheimnisvolle Orte\u201c geh\u00f6rt der Beitrag <a href=\"https:\/\/www.rbb-online.de\/fernsehen\/programm\/07_05_2019\/1512407625.html\" target=\"_blank\" rel=\"noopener noreferrer\">\u201eDer Flughafen Berlin-Tempelhof \u2013 Airport mit Geschichte\u201c<\/a>, der um 20.15 Uhr auf <strong>RBB<\/strong> zu sehen ist.<\/li>\n<\/ul>\n<h2 id=\"mittwoch8.mai\">Mittwoch, 8. Mai<\/h2>\n<ul>\n<li>Am Montag in der ARD, heute um 23.50 Uhr im <strong>WDR<\/strong>: <a href=\"https:\/\/www.wdr.de\/programmvorschau\/wdrfernsehen\/sendung\/2019-05-08\/44049046\/1949-ein-jahr-zweimal-deutschland.html\" target=\"_blank\" rel=\"noopener noreferrer\">\u201e1949 \u2013 Ein Jahr, zweimal Deutschland\u201c<\/a>.<\/li>\n<\/ul>\n<h2 id=\"donnerstag9.mai\">Donnerstag, 9. Mai<\/h2>\n<ul>\n<li>Als der Zweite Weltkrieg zu Ende ging und das Ende der NS-Herrschaft immer N\u00e4her r\u00fcckte, steigerte sich der Terror gegen alle, die sich aus \u00dcberzeugung oder Not widerst\u00e4ndig zeigten ins \u00dcberma\u00df. W\u00e4hrend die einen dem Ende der Diktatur entgegen fiebern, hoffen die anderen verzweifelt auf den Endsieg. Der Film <a href=\"https:\/\/www.hr-fernsehen.de\/tv-programm\/moerderisches-finale,sendung-60906.html\" target=\"_blank\" rel=\"noopener noreferrer\">\u201eM\u00f6rderisches Finale \u2013 Deutschland 1945\u201c<\/a> erinnert im <strong>HR<\/strong> um 23.15 Uhr an diese Zeit. <em>\u201eZum 70. Jahrestag des Kriegsendes lenkt diese Dokumentation damit den Blick auf ein Weltkriegskapitel, das auch lange nach 1945 noch seine Schatten wirft. Die T\u00e4ter kommen in den Nachkriegsprozessen mit milden Strafen davon. Die \u00fcberlebenden Opfer und die Kinder der Toten sind bis heute traumatisiert. Und in vielen D\u00f6rfern wird bis in die dritte Generation \u00fcber das m\u00f6rderische Finale geschwiegen.\u201c<\/em> \u2014 Um Mitternacht folgt die biografische Doku <a href=\"https:\/\/www.hr-fernsehen.de\/tv-programm\/der-gute-goering,sendung-60944.html\" target=\"_blank\" rel=\"noopener noreferrer\">\u201eDer gute G\u00f6ring\u201c<\/a>, die an den Bruder des Reichsmarschalls Hermann G\u00f6rinig erinnert. W\u00e4hrend Hermann als einer der obersten Nazi-Gr\u00f6\u00dfen Hauptt\u00e4ter war, rettete Albert zahlreiche Menschenleben, <em>\u201eindem er ihnen etwa P\u00e4sse besorgte oder Geld f\u00fcr sie auf Konten in der Schweiz hinterlegte. [\u2026] Albert G\u00f6ring ist heute vergessen, weil sein Name G\u00f6ring ist. Sein Name war in der Nachkriegszeit vergiftet. Mit Gelegenheits\u00fcbersetzungen musste sich Albert G\u00f6ring durchschlagen; er starb verarmt 1966. Die Menschen, die er gerettet hatte, unternahmen schon in den sechziger Jahren Versuche, ihn ins richtige Licht zu r\u00fccken. In Yad Vashem liegt seit etlichen Jahren ein Antrag vor, Albert G\u00f6ring in die Reihe der \u201aGerechten unter den V\u00f6lkern\u2018 aufzunehmen. Mit dieser Auszeichnung ehrt der Staat Israel Nichtjuden, die in der Hitlerzeit Juden vor Verfolgung, Deportation und Ermordung retteten. \u00dcber den Antrag f\u00fcr Albert G\u00f6ring ist bis heute noch immer nicht entschieden.\u201c<\/em><\/li>\n<\/ul>\n<h2 id=\"freitag10.mai\">Freitag, 10. Mai<\/h2>\n<ul>\n<li><strong>ARD-alpha<\/strong> zeigt um 20.15 Uhr den zweiten Teil des Historiendramas <a href=\"https:\/\/www.br.de\/fernsehen\/ard-alpha\/programmkalender\/ausstrahlung-1753746.html\" target=\"_blank\" rel=\"noopener noreferrer\">\u201eGewaltfrieden \u2013 Die Legende vom Dolchsto\u00df und der Vertrag von Versailles\u201c<\/a> (BRD 2010, Regie: Bernd Fischerauer).<\/li>\n<li>Das Volk der Kelten ist bis heute geheimnisvoll. Der Dreiteiler \u201eDie Kelten\u201c kl\u00e4rt heute auf <strong>Phoenix<\/strong> viele Fragen. Um 20.15 Uhr beginnt die Reihe mit <a href=\"https:\/\/www.phoenix.de\/sendungen\/dokumentationen\/die-kelten-a-1007230.html\" target=\"_blank\" rel=\"noopener noreferrer\">\u201eEuropas vergessene Macht\u201c<\/a>, der <a href=\"https:\/\/www.phoenix.de\/sendungen\/dokumentationen\/die-kelten-a-1007240.html\" target=\"_blank\" rel=\"noopener noreferrer\">\u201eKampf um Gallien\u201c<\/a> folgt um 21 Uhr und <a href=\"https:\/\/www.phoenix.de\/sendungen\/dokumentationen\/die-kelten-a-1007250.html\" target=\"_blank\" rel=\"noopener noreferrer\">\u201eAufstand der K\u00f6nigin\u201c<\/a> beschlie\u00dft um 21.45 Uhr die Reihe.<\/li>\n<li>Nach ARD und WDR ist heute <strong>Tagesschau 24<\/strong> dran, die Doku <a href=\"https:\/\/programm.ard.de\/TV\/tagesschau24\/Programmkalender\/?sendung=287211511806600\" target=\"_blank\" rel=\"noopener noreferrer\">\u201e1949 \u2013 Ein Jahr, zweimal Deutschland\u201c<\/a> auszustrahlen (21.17 Uhr).<\/li>\n<\/ul>\n","protected":false},"excerpt":{"rendered":"<p>Minderheiten in Europa, NS-Terror kurz vor dem Ende und die Geschichte der Kelten sind nur einige Beispiele der Geschichtsthemen der kommenden Woche im deutschen Fernsehen. Dazu das Jahr 1949, etwas Karl Marx und der Friede von Versailles. Viel Spa\u00df bei der Auswahl.<\/p>\n","protected":false},"author":10,"featured_media":0,"comment_status":"open","ping_status":"open","sticky":false,"template":"","format":"standard","meta":{"footnotes":""},"categories":[4,8],"tags":[],"class_list":["post-4501","post","type-post","status-publish","format-standard","hentry","category-geschichte-im-fernsehen","category-history-tv"],"aioseo_notices":[],"_links":{"self":[{"href":"http:\/\/historikerkraus.de\/blog\/wp-json\/wp\/v2\/posts\/4501","targetHints":{"allow":["GET"]}}],"collection":[{"href":"http:\/\/historikerkraus.de\/blog\/wp-json\/wp\/v2\/posts"}],"about":[{"href":"http:\/\/historikerkraus.de\/blog\/wp-json\/wp\/v2\/types\/post"}],"author":[{"embeddable":true,"href":"http:\/\/historikerkraus.de\/blog\/wp-json\/wp\/v2\/users\/10"}],"replies":[{"embeddable":true,"href":"http:\/\/historikerkraus.de\/blog\/wp-json\/wp\/v2\/comments?post=4501"}],"version-history":[{"count":1,"href":"http:\/\/historikerkraus.de\/blog\/wp-json\/wp\/v2\/posts\/4501\/revisions"}],"predecessor-version":[{"id":4502,"href":"http:\/\/historikerkraus.de\/blog\/wp-json\/wp\/v2\/posts\/4501\/revisions\/4502"}],"wp:attachment":[{"href":"http:\/\/historikerkraus.de\/blog\/wp-json\/wp\/v2\/media?parent=4501"}],"wp:term":[{"taxonomy":"category","embeddable":true,"href":"http:\/\/historikerkraus.de\/blog\/wp-json\/wp\/v2\/categories?post=4501"},{"taxonomy":"post_tag","embeddable":true,"href":"http:\/\/historikerkraus.de\/blog\/wp-json\/wp\/v2\/tags?post=4501"}],"curies":[{"name":"wp","href":"https:\/\/api.w.org\/{rel}","templated":true}]}}