{"id":4380,"date":"2018-08-17T11:58:29","date_gmt":"2018-08-17T09:58:29","guid":{"rendered":"http:\/\/historikerkraus.de\/blog\/?p=4380"},"modified":"2018-08-16T00:00:23","modified_gmt":"2018-08-15T22:00:23","slug":"tv-vorschau-18-24-august-2018","status":"publish","type":"post","link":"http:\/\/historikerkraus.de\/blog\/2018\/08\/17\/tv-vorschau-18-24-august-2018\/","title":{"rendered":"TV-Vorschau 18. \u2013 24. August 2018"},"content":{"rendered":"<p>Die Macht der Emirate und das Ureignis des islamistischen Terrors steht ebenso auf dem Programm der Geschichtssendungen der kommenden Woche wie eine Dokureihe \u00fcber die Geschichte der menschichen Zivilisation. Und eine Alternativgeschichtsreihe fragt: Was w\u00e4re wenn?<\/p>\n<p>Viel Spa\u00df an der Geschichte in der kommenden Woche!<!--more--><\/p>\n<h2 id=\"samstag18.august\" style=\"text-align: center;\">Samstag, 18. August<\/h2>\n<ul>\n<li>\u201eAm Anfang war das Wir\u201c erz\u00e4hlt auf <strong>Arte<\/strong> die Geschichte der menschlichen Zivilisation. Der erste von vier Teilen l\u00e4uft um 20.15 Uhr unter der \u00dcberschrift <a href=\"https:\/\/www.arte.tv\/de\/videos\/071465-001-A\/am-anfang-war-das-wir-1-4\/\" target=\"_blank\" rel=\"noopener\">\u201eWir bauen\u201c<\/a>. <em>\u201eStadtgr\u00fcndungen spielten bei der Entwicklung der menschlichen Zivilisation eine zentrale Rolle. Die ersten D\u00f6rfer, Gemeinden und St\u00e4dte der Welt entstanden im Nahen Osten, im S\u00fcdosten der heutigen T\u00fcrkei und im Irak. Sie waren kulturelle Schmelztiegel. Die Geschichte der Sesshaftigkeit beginnt im S\u00fcdosten der T\u00fcrkei auf dem Hochplateau des G\u00f6bekli Tepe \u2026\u201c<\/em> \u2014 Um 21.05 Uhr geht es weiter mit <a href=\"https:\/\/www.arte.tv\/de\/videos\/071465-002-A\/am-anfang-war-das-wir-2-4\/\" target=\"_blank\" rel=\"noopener\">\u201eWir k\u00e4mpfen\u201c<\/a>. Weiter geht es dann in einer Woche.<\/li>\n<li><strong>Phoenix<\/strong> zeigt um 20.15 Uhr die Doku <a href=\"https:\/\/www.phoenix.de\/sendungen\/dokumentationen\/geheimauftrag-pontifex-a-92265.html\" target=\"_blank\" rel=\"noopener\">\u201eGeheimauftrag Pontifex \u2013 Der Vatikan im Kalten Krieg\u201c<\/a>. \u2014 Um 23.15 Uhr dann die ZDF-History-Wiederholung <a href=\"https:\/\/www.phoenix.de\/sendungen\/dokumentationen\/zdf-history\/zdf-history-die-royals-und-die-nazis-a-313812.html\" target=\"_blank\" rel=\"noopener\">\u201eDie Royals und die Nazis\u201c<\/a>.<\/li>\n<\/ul>\n<h2 id=\"sonntag19.august\" style=\"text-align: center;\">Sonntag, 19. August<\/h2>\n<ul>\n<li><strong>Tagesschau 24<\/strong> gibt seinem Programm den Themenschwerpunkt \u201e1968\u201c. Um 20.15 Uhr erfolgt der <a href=\"https:\/\/programm.ard.de\/TV\/tagesschau24\/Programmkalender\/?sendung=28721859346578\" target=\"_blank\" rel=\"noopener\">\u201eAufbruch im Osten: Prag 1968\u201c<\/a>. \u2014 Um 21.02 Uhr folgt <a href=\"https:\/\/programm.ard.de\/TV\/tagesschau24\/Programmkalender\/?sendung=28721833098701\" target=\"_blank\" rel=\"noopener\">\u201eDer Prager Fr\u00fchling und die DDR\u201c<\/a>. \u2014 Und um 21.47 Uhr l\u00e4uft die Doku <a href=\"https:\/\/programm.ard.de\/TV\/tagesschau24\/Programmkalender\/?sendung=28721833098708\" target=\"_blank\" rel=\"noopener\">\u201eDeutschland \u201968 \u2013 (K)ein Jahr wie jedes andere!\u201c<\/a>.<\/li>\n<li>Auch <strong>Phoenix<\/strong> sendet die Doku <a href=\"https:\/\/www.phoenix.de\/sendungen\/dokumentationen\/deutschland-68-a-313997.html\" target=\"_blank\" rel=\"noopener\">\u201eDeutschland \u201968 \u2013 (K)ein Jahr wie jedes andere!\u201c<\/a> (23.15 Uhr).<\/li>\n<\/ul>\n<h2 id=\"montag20.august\" style=\"text-align: center;\">Montag, 20. August<\/h2>\n<ul>\n<li>Die Reihe \u201eGeheimwaffe auf Schienen\u201c geht auf <a href=\"https:\/\/www.n-tv.de\/mediathek\/tvprogramm\/?date=2018-08-20\" target=\"_blank\" rel=\"noopener\"><strong>N-TV<\/strong><\/a> um 20.15 Uhr weiter mit dem Beitrag \u201eGeheime Operationen\u201c und um 21.05 Uhr mit \u201eDie Schlacht von D\u00fcnkirchen\u201c.<\/li>\n<li>\u201eWest-Berlin zwischen Mauerbau und Mauerfall\u201c ist Thema der zweiteiligen Doku \u201eDie Insel\u201c auf <strong>Phoenix<\/strong>. <a href=\"https:\/\/www.phoenix.de\/sendungen\/dokumentationen\/die-insel-12-a-390127.html\" target=\"_blank\" rel=\"noopener\">\u201eTeil 1\u201c<\/a> um 20.15 Uhr. <a href=\"https:\/\/www.phoenix.de\/sendungen\/dokumentationen\/die-insel-22-a-390137.html\" target=\"_blank\" rel=\"noopener\">\u201eTeil 2\u201c<\/a> um 21 Uhr. \u2014 Der Film <a href=\"https:\/\/www.phoenix.de\/sendungen\/dokumentationen\/1917---die-russische-revolution-a-314252.html\" target=\"_blank\" rel=\"noopener\">\u201e1917 \u2013 Die Russische Revolution\u201c<\/a> folgt um 22.15 Uhr.<\/li>\n<\/ul>\n<h2 id=\"dienstag21.august\" style=\"text-align: center;\">Dienstag, 21. August<\/h2>\n<ul>\n<li>Die Serie <a href=\"http:\/\/www.daserste.de\/unterhaltung\/serie\/charite\/index.html\" target=\"_blank\" rel=\"noopener\">\u201eCharit\u00e9\u201c<\/a> \u00fcber die Geschichte der ber\u00fchmten Berliner Klinik geht in die vierte Runde:<a href=\"http:\/\/www.daserste.de\/unterhaltung\/serie\/charite\/sendung\/charite-folge-4-100.html\" target=\"_blank\" rel=\"noopener\">\u201eWundermittel\u201c<\/a> (<strong>ARD<\/strong>, 20.15 Uhr).<\/li>\n<li><strong>Arte<\/strong> wirft einen Blick auf die Geschichte der f\u00fcr uns so wichtigen \u00d6lstaaten am Golf: \u201eDie flimmernde Macht der Emirate\u201c. Teil 1 um 20.15 Uhr titelt <a href=\"https:\/\/www.arte.tv\/de\/videos\/048639-001-A\/die-flimmernde-macht-der-emirate-1-2\/\" target=\"_blank\" rel=\"noopener\">\u201eDer Golf wird erobert\u201c<\/a>. <em>\u201eDer Zweiteiler befasst sich mit Vergangenheit und Gegenwart der K\u00fcstenstaaten am Persischen Golf. Bislang unver\u00f6ffentlichte Archivbilder zeichnen hundert Jahre Geschichte nach. Der erste Teil erz\u00e4hlt von der unglaublichen Verwandlung der Emirate am Persischen Golf aus einer vom Nomadentum gepr\u00e4gten W\u00fcstenregion hin zu einer selbstbewussten \u00dcberflussgesellschaft.\u201c<\/em> Teil 2 <a href=\"https:\/\/www.arte.tv\/de\/videos\/048639-002-A\/die-flimmernde-macht-der-emirate-2-2\/\" target=\"_blank\" rel=\"noopener\">\u201eDie Welt wird erobert\u201c<\/a> folgt um 21.10 Uhr. <em>\u201eDie Emirate am Persischen Golf liefern sich einen erbitterten Wettlauf um die regionale Vorherrschaft. Ihre Herrscher beeinflussen weltweit unter anderem Finanzm\u00e4rkte, den Luftverkehr, den Kunstmarkt und die Welt des Sports.\u201c<\/em> \u2014 Ein weitgehend vergessenes Ereignis steht am Anfang des islamistischen Terrorismus. Die Doku <a href=\"https:\/\/www.arte.tv\/de\/videos\/061732-000-A\/mekka-1979\/\" target=\"_blank\" rel=\"noopener\">\u201eMekka 1979 \u2013 Urknall des Terrors?\u201c<\/a> erinnert um 22.10 Uhr daran,<\/li>\n<\/ul>\n<h2 id=\"mittwoch22.august\" style=\"text-align: center;\">Mittwoch, 22. August<\/h2>\n<ul>\n<li><strong>Arte<\/strong> sendet um 0.00 Uhr die Doku <a href=\"https:\/\/www.arte.tv\/de\/videos\/063662-000-A\/wie-das-kino-erwachsen-wurde\/\" target=\"_blank\" rel=\"noopener\">\u201eWie das Kino erwachsen wurde\u201c<\/a> \u00fcber die Geschichte der Filmtechnik.<\/li>\n<\/ul>\n<h2 id=\"donnerstag23.august\" style=\"text-align: center;\">Donnerstag, 23. August<\/h2>\n<ul>\n<li>So wie die Sowjetunion vor den Amerikanern den ersten Satelliten ins All schossen und den ersten Menschen dorthin bef\u00f6rderten, so kam der erste deutsche Weltraumflieger aus der DDR und nicht aus der BRD. Der Film <a href=\"https:\/\/www.mdr.de\/tv\/programm\/sendung803020_date-2018-08-23_ipgctx-true_zc-28f3e9be.html\" target=\"_blank\" rel=\"noopener\">\u201eSigmund J\u00e4hn der erste Deutsche im All\u201c<\/a> berichtet im <strong>MDR<\/strong> um 23.05 Uhr davon.<\/li>\n<\/ul>\n<h2 id=\"freitag24.august\" style=\"text-align: center;\">Freitag, 24. August<\/h2>\n<ul>\n<li>Das Historiendrama <a href=\"https:\/\/www.arte.tv\/de\/videos\/073425-000-A\/steht-auf-genossinnen\/\" target=\"_blank\" rel=\"noopener\">\u201eSteht auf, Genossinnen!\u201c<\/a> erz\u00e4hlt von Lucie Baud, einer der Pionierinnen der Frauenbewegung. Sie <em>\u201eging mit Kreativit\u00e4t, Kampfgeist und der Kraft des Gesangs gegen die Waffen der von M\u00e4nnern dominierten, kapitalistischen Gesellschaft im Frankreich des 19. Jahrhunderts vor. Der Film (2017, Regie: G\u00e9rard Mordillat) beruht auf wahren Begebenheiten und dem gleichnamigen Buch der Schriftstellerin und Historikerin Michelle Perrot.\u201c<\/em> (<strong>Arte<\/strong>, 20.15 Uhr).<\/li>\n<li>Alternativgeschichte ist zur Zeit sehr in Mode. <strong>Phoenix<\/strong> zeigt die dreiteilige Serie \u201eWas w\u00e4re wenn \u2026\u201c. Um 20.15 Uhr stellt sich die Frage <a href=\"https:\/\/www.phoenix.de\/sendungen\/dokumentationen\/was-waere-wenn-der-islam-europa-erobert-haette-a-90277.html\" target=\"_blank\" rel=\"noopener\">\u201eWas w\u00e4re, wenn\u2026 der Islam Europa erobert h\u00e4tte\u201c<\/a>. <em>\u201eDie neue phoenix-Dokumentation \u201aWas w\u00e4re, wenn\u2026\u2018 unternimmt ein ungew\u00f6hnliches Gedankenexperiment zur Geschichte von Orient und Okzident: Was w\u00e4re geschehen, wenn im Mittelalter der Islam und nicht das Christentum zur dominierenden Religion Europas geworden w\u00e4re? Ein Team aus Historikern und Islamwissenschaftlern entwickelt plausible Szenarien zu m\u00f6glichen Wendepunkten, an denen die Entwicklung des Westens, so wie wir ihn heute kennen, ganz anders h\u00e4tte verlaufen k\u00f6nnen.\u201c<\/em> \u2014 Um 21 Uhr geht es weiter mit <a href=\"https:\/\/www.phoenix.de\/sendungen\/dokumentationen\/was-waere-wenn-die-perser-bei-marathon-gesiegt-haetten-a-315322.html\" target=\"_blank\" rel=\"noopener\">\u201eWas w\u00e4re, wenn\u2026 die Perser bei Marathon gesiegt h\u00e4tten?\u201c<\/a>. \u2014 Und um 21.45 Uhr hei\u00dft es: <a href=\"https:\/\/www.phoenix.de\/sendungen\/dokumentationen\/was-waere-wenn-kolumbus-amerika-nicht-entdeckt-haette-a-315332.html\" target=\"_blank\" rel=\"noopener\">\u201eWas w\u00e4re, wenn\u2026 Kolumbus Amerika nicht entdeckt h\u00e4tte?\u201c<\/a> \u2014 Um 22.30 Uhr folgt schlie\u00dflich die Doku <a href=\"https:\/\/www.phoenix.de\/sendungen\/dokumentationen\/geheimakte-geschichte-a-315342.html\" target=\"_blank\" rel=\"noopener\">\u201eGeheimakte Geschichte \u2013 Der Spion, der Hitler reinlegte\u201c<\/a>.<\/li>\n<li>\u201eAuf den Spuren Alexanders\u201c des Gro\u00dfen befindet sich der <strong>ARD-alpha<\/strong>-Zuschauer. Der erste von sechs Teilen behandelt <a href=\"https:\/\/www.br.de\/fernsehen\/ard-alpha\/programmkalender\/ausstrahlung-1498308.html\" target=\"_blank\" rel=\"noopener\">\u201eDie griechischen Entdecker\u201c<\/a> (20.15 Uhr), Teil 2 <a href=\"https:\/\/www.br.de\/fernsehen\/ard-alpha\/programmkalender\/ausstrahlung-1498310.html\" target=\"_blank\" rel=\"noopener\">\u201eDie Mutter aller St\u00e4dte\u201c<\/a> (21.05 Uhr).<\/li>\n<\/ul>\n","protected":false},"excerpt":{"rendered":"<p>Die Macht der Emirate und das Ureignis des islamistischen Terrors steht ebenso auf dem Programm der Geschichtssendungen der kommenden Woche wie eine Dokureihe \u00fcber die Geschichte der menschichen Zivilisation. Und eine Alternativgeschichtsreihe fragt: Was w\u00e4re wenn? Viel Spa\u00df an der Geschichte in der kommenden Woche!<\/p>\n","protected":false},"author":10,"featured_media":0,"comment_status":"open","ping_status":"open","sticky":false,"template":"","format":"standard","meta":{"footnotes":""},"categories":[1],"tags":[],"class_list":["post-4380","post","type-post","status-publish","format-standard","hentry","category-allgemein"],"aioseo_notices":[],"_links":{"self":[{"href":"http:\/\/historikerkraus.de\/blog\/wp-json\/wp\/v2\/posts\/4380","targetHints":{"allow":["GET"]}}],"collection":[{"href":"http:\/\/historikerkraus.de\/blog\/wp-json\/wp\/v2\/posts"}],"about":[{"href":"http:\/\/historikerkraus.de\/blog\/wp-json\/wp\/v2\/types\/post"}],"author":[{"embeddable":true,"href":"http:\/\/historikerkraus.de\/blog\/wp-json\/wp\/v2\/users\/10"}],"replies":[{"embeddable":true,"href":"http:\/\/historikerkraus.de\/blog\/wp-json\/wp\/v2\/comments?post=4380"}],"version-history":[{"count":1,"href":"http:\/\/historikerkraus.de\/blog\/wp-json\/wp\/v2\/posts\/4380\/revisions"}],"predecessor-version":[{"id":4381,"href":"http:\/\/historikerkraus.de\/blog\/wp-json\/wp\/v2\/posts\/4380\/revisions\/4381"}],"wp:attachment":[{"href":"http:\/\/historikerkraus.de\/blog\/wp-json\/wp\/v2\/media?parent=4380"}],"wp:term":[{"taxonomy":"category","embeddable":true,"href":"http:\/\/historikerkraus.de\/blog\/wp-json\/wp\/v2\/categories?post=4380"},{"taxonomy":"post_tag","embeddable":true,"href":"http:\/\/historikerkraus.de\/blog\/wp-json\/wp\/v2\/tags?post=4380"}],"curies":[{"name":"wp","href":"https:\/\/api.w.org\/{rel}","templated":true}]}}