{"id":4376,"date":"2018-08-10T12:00:26","date_gmt":"2018-08-10T10:00:26","guid":{"rendered":"http:\/\/historikerkraus.de\/blog\/?p=4376"},"modified":"2018-08-08T10:52:08","modified_gmt":"2018-08-08T08:52:08","slug":"tv-vorschau-11-17-august-2018","status":"publish","type":"post","link":"http:\/\/historikerkraus.de\/blog\/2018\/08\/10\/tv-vorschau-11-17-august-2018\/","title":{"rendered":"TV-Vorschau 11. \u2013 17. August 2018"},"content":{"rendered":"<p>Vorgeschichtlicher Bernsteinhandel, Technikgeschichte der Antike, die Stadtgeschichte Pekings oder auch ein St\u00fcck Literaturgeschichte laden in der kommenden Woche zu der einen oder anderen Geschichtsstunde im deutschen Fernsehen ein. Dazu ein F\u00fcnfteiler \u00fcber Christentum und Islam in Theologie und Geschichte. Viel Spa\u00df.<!--more--><\/p>\n<h2 id=\"samstag11.august\" style=\"text-align: center;\">Samstag, 11. August<\/h2>\n<ul>\n<li>Die Geschichte der Luftschiffe steht auf dem Programm von <strong>Tagesschau 24<\/strong>. Um 20.15 Uhr geht es mit einer biografischen Doku los. Der Film <a href=\"https:\/\/programm.ard.de\/TV\/tagesschau24\/Programmkalender\/?sendung=28721800865025\" target=\"_blank\" rel=\"noopener\">\u201eEin Deutscher namens Eckener \u2013 Aus dem Leben eines Luftschiffpioniers\u201c<\/a> reflektiert das Leben und Wirken des deutschen Luftfahrtpioniers Hugo Eckener. \u2014 Um 21.02 Uhr folgt <a href=\"https:\/\/programm.ard.de\/TV\/tagesschau24\/Programmkalender\/?sendung=28721800865042\" target=\"_blank\" rel=\"noopener\">\u201eDie Geschichte der Zeppeline\u201c<\/a>.<\/li>\n<li><em>\u201e\u201aGold des Meeres\u2018 oder auch \u201aTr\u00e4nen der G\u00f6tter\u2018 wird der Bernstein genannt. Das fossile Harz war bereits bei Herrschern des Altertums beliebt. So stie\u00dfen Arch\u00e4ologen auf Schmuckst\u00fccke aus Bernstein sowohl in Gr\u00e4bern alt\u00e4gyptischer Pharaonen als auch bei Grabungen rund um Troja. Aber gab es vor \u00fcber 3.000 Jahren tats\u00e4chlich Handelsrouten zwischen der Ostsee und den Gestaden Griechenlands und \u00c4gyptens? Der Dokumentarfilm folgt den Spuren der Bernsteinh\u00e4ndler der Antike und entdeckt in Bernstorf bei Freising eine versunkene, durch Bernsteinhandel einst unermesslich reiche Stadt.\u201c<\/em> <a href=\"https:\/\/www.phoenix.de\/sendungen\/dokumentationen\/die-bernsteinstrasse-a-310162.html\" target=\"_blank\" rel=\"noopener\">\u201eDie Bernsteinstra\u00dfe\u201c<\/a> (<strong>Phoenix<\/strong>, 20.15 Uhr). \u2014 Um 23.15 Uhr beschreibt eine ZDF-History-Doku <a href=\"https:\/\/www.phoenix.de\/sendungen\/dokumentationen\/zdf-history\/zdf-history-die-grossen-mauern-der-geschichte-a-310192.html\" target=\"_blank\" rel=\"noopener\">\u201eDie gro\u00dfen Mauern der Geschichte\u201c<\/a>: Chinesische Mauer, Berliner Mauer und die Klagemauer.<\/li>\n<\/ul>\n<h2 id=\"sonntag12.august\" style=\"text-align: center;\">Sonntag, 12. August<\/h2>\n<ul>\n<li>Der <strong>SWR<\/strong> berichtet um 20.15 Uhr \u00fcber <a href=\"https:\/\/www.swr.de\/geschichte\/wie-die-technik-aufs-land-kam-100-jahre-landwirtschaft-im-suedwesten\/-\/id=100754\/did=14620966\/nid=100754\/sdpgid=1595189\/8y5ewj\/index.html\" target=\"_blank\" rel=\"noopener\">\u201e100 Jahre Landwirtschaft im S\u00fcdwesten \u2013 Wie die Technik aufs Land kam\u201c<\/a><\/li>\n<li>Um 22.05 Uhr steht die <a href=\"https:\/\/www.mdr.de\/tv\/programm\/sendung800944_date-2018-08-12_ipgctx-true_zc-86a344bc.html\" target=\"_blank\" rel=\"noopener\">\u201eGeheimsache Mauer \u2013 Die Geschichte einer deutschen Grenze\u201c<\/a> auf dem <strong>MDR<\/strong>-Programm.<\/li>\n<li>Auch <strong>RBB<\/strong> hat eine Doku \u00fcber ein weniger bekanntes Kapitel aus der DDR-Geschichte im Programm. <a href=\"https:\/\/www.rbb-online.de\/fernsehen\/programm\/12_08_2018\/799572394.html\" target=\"_blank\" rel=\"noopener\">\u201eVerliebt, verlobt, verloren\u201c<\/a> erz\u00e4hlt um 22.50 Uhr <em>\u201evon Frauen aus der DDR, die sich in nordkoreanische Gaststudenten verliebten. Als diese wieder nach Nordkorea mussten, blieben die jungen M\u00fctter und die gemeinsamen Kinder zur\u00fcck. Eine Liebes- und Lebensgeschichte \u00fcber die Sehnsucht der Frauen, die einst gro\u00dfe Liebe ihres Lebens wiederzusehen.\u201c<\/em><\/li>\n<li>Um 0.10 Uhr geht es in <strong>ZDF<\/strong>-History um <a href=\"https:\/\/www.zdf.de\/dokumentation\/zdf-history\/die-royals-und-die-nazis-100.html\" target=\"_blank\" rel=\"noopener\">\u201eDie Royals und die Nazis\u201c<\/a>. <em>\u201eEnglands Krone gilt als Symbol des Widerstands gegen die Nazis. Doch neue Dokumente belegen: Der abgedankte K\u00f6nig Edward VIII. wollte zur\u00fcck auf den Thron \u2013 mit Hitlers Hilfe.\u201c<\/em><\/li>\n<\/ul>\n<h2 id=\"montag13.august\" style=\"text-align: center;\">Montag, 13. August<\/h2>\n<ul>\n<li>Die \u201eGeheimwaffe auf Schienen\u201c besch\u00e4ftigt sich um 20.15 Uhr auf <a href=\"https:\/\/www.n-tv.de\/mediathek\/tvprogramm\/?date=2018-08-13\" target=\"_blank\" rel=\"noopener\"><strong>N-TV<\/strong><\/a> mit den \u201eZ\u00fcge(n) des Grauens\u201c. Um 21.05 Uhr folgt der Beitrag \u201eDer Erste Weltkrieg\u201c.<\/li>\n<li><strong>Phoenix<\/strong> stellt um 22.15 Uhr <a href=\"https:\/\/www.phoenix.de\/sendungen\/dokumentationen\/geheimnisvolle-orte-a-310677.html\" target=\"_blank\" rel=\"noopener\">\u201eDie Stasi-Zentrale\u201c<\/a> vor (Reihe: Geheimnisvolle Orte). Um 23 Uhr schlie\u00dft sich der <a href=\"https:\/\/www.phoenix.de\/sendungen\/dokumentationen\/sturm-auf-die-stasi-a-310687.html\" target=\"_blank\" rel=\"noopener\">\u201eSturm auf die Stasi \u2013 Untergang eines Geheimdienstes\u201c<\/a> an.<\/li>\n<\/ul>\n<h2 id=\"dienstag14.august\" style=\"text-align: center;\">Dienstag, 14. August<\/h2>\n<ul>\n<li>Um 20.15 Uhr l\u00e4uft in der <strong>ARD<\/strong> die vierte Folge der Serie <a href=\"http:\/\/www.daserste.de\/unterhaltung\/serie\/charite\/index.html\" target=\"_blank\" rel=\"noopener\">\u201eCharit\u00e9\u201c<\/a> mit dem Titel <a href=\"http:\/\/www.daserste.de\/unterhaltung\/serie\/charite\/sendung\/charite-folge-4-100.html\" target=\"_blank\" rel=\"noopener\">\u201eWundermittel\u201c<\/a>.<\/li>\n<li>In den 1930er Jahren wurde Das Diakonissen-Mutterhaus in Elbingerrode gebaut. Seine Geschichte wird in der Doku <a href=\"https:\/\/www.mdr.de\/tv\/programm\/sendung802364_date-2018-08-14_ipgctx-true_zc-20686173.html\" target=\"_blank\" rel=\"noopener\">\u201eBeten, Bauhaus, Krankenpflege\u201c<\/a> dargestellt (<strong>MDR<\/strong>, 20.15 Uhr). \u2014 Die <a href=\"https:\/\/www.mdr.de\/tv\/programm\/sendung802366_date-2018-08-14_ipgctx-true_zc-20686173.html\" target=\"_blank\" rel=\"noopener\">\u201eMDR Zeitreise\u201c<\/a> folgt um 21.15 Uhr. \u2014 Der \u201ePrager Fr\u00fchling\u201c liegt jetzt 50 Jahre zur\u00fcck. Um 22.05 Uhr ist daher die Doku <a href=\"https:\/\/www.mdr.de\/tv\/programm\/sendung802370_date-2018-08-14_ipgctx-true_zc-20686173.html\" target=\"_blank\" rel=\"noopener\">\u201eDer Prager Fr\u00fchling und die DDR\u201c<\/a> zu sehen.<\/li>\n<li>Auf <strong>Arte<\/strong> beleuchtet die zweiteilige Doku \u201eGeheimauftrag Pontifex \u2013 Der Vatikan im Kalten Krieg\u201c ein St\u00fcck neuerer Kirchengeschichte. <a href=\"https:\/\/www.arte.tv\/de\/videos\/048733-001-A\/geheimauftrag-pontifex-der-vatikan-im-kalten-krieg-1-2\/\" target=\"_blank\" rel=\"noopener\">\u201eTeil 1\u201c<\/a> um 20.15 Uhr, <a href=\"https:\/\/www.arte.tv\/de\/videos\/048733-002-A\/geheimauftrag-pontifex-der-vatikan-im-kalten-krieg-2-2\/\" target=\"_blank\" rel=\"noopener\">\u201eTeil 2\u201c<\/a> um 21.05 Uhr. \u2014 Es schlie\u00dfen sich die ersten drei Folgen des Siebenteilers \u201eJesus und der Islam\u201c an, der auf der Verh\u00e4ltnis der beiden Weltreligionen eingeht. Teil 1 <a href=\"https:\/\/www.arte.tv\/de\/videos\/048641-003-A\/jesus-und-der-islam\/\" target=\"_blank\" rel=\"noopener\">\u201eDie Kreuzigung im Koran\u201c<\/a> um 22 Uhr. <a href=\"https:\/\/www.arte.tv\/de\/videos\/048641-004-A\/jesus-und-der-islam\/\" target=\"_blank\" rel=\"noopener\">\u201eDie Leute des Buches\u201c<\/a> folgen um 22.55 Uhr und <a href=\"https:\/\/www.arte.tv\/de\/videos\/048641-005-A\/jesus-und-der-islam\/\" target=\"_blank\" rel=\"noopener\">\u201eDer Sohn Marias\u201c<\/a> um 23.45 Uhr.<\/li>\n<\/ul>\n<h2 id=\"mittwoch15.august\" style=\"text-align: center;\">Mittwoch, 15. August<\/h2>\n<ul>\n<li><em>\u201eDa liegt \u00fcber dreieinhalb Tausend Jahre eine Weltsensation im lehmigen Waldboden auf dem Mittelberg in Sachsen-Anhalt. Die \u201aHimmelsscheibe von Nebra\u2018 zieht die Menschen auf unwiderstehliche Weise in ihren Bann. Hunderttausende haben die Ausstellung \u00fcber den \u201aGeschmiedeten Himmel\u2018 besucht und waren begeistert. Dieses aus Bronze geschmiedete Kunstwerk erz\u00e4hlt von einer l\u00e4ngst vergangenen Kultur mitten in Deutschland, zu einer Zeit, in der wir bisher allenfalls in Fell geh\u00fcllte Halbwilde bei der Wildschweinjagd vermutet hatten.\u201c<\/em> <a href=\"https:\/\/www.phoenix.de\/sendungen\/dokumentationen\/herr-der-himmelsscheibe-a-190352.html\" target=\"_blank\" rel=\"noopener\">\u201eHerr der Himmelsscheibe \u2013 Der Jahrtausendfund von Nebra\u201c<\/a>, <strong>Phoenix<\/strong>, 21 Uhr.<\/li>\n<li>Die Teile 4 und 5 der Reihe \u201eJesus und der Islam\u201c sind auf <strong>Arte<\/strong> zu sehen. Um 21.50 Uhr geht es um <a href=\"https:\/\/www.arte.tv\/de\/videos\/048641-006-A\/jesus-und-der-islam-4-7\/\" target=\"_blank\" rel=\"noopener\">\u201eDas Exil des Propheten\u201c<\/a> und um 22.40 Uhr um <a href=\"https:\/\/www.arte.tv\/de\/videos\/048641-007-A\/jesus-und-der-islam-5-7\/\" target=\"_blank\" rel=\"noopener\">\u201eMohammed und die Bibel\u201c<\/a>.<\/li>\n<\/ul>\n<h2 id=\"donnerstag16.august\" style=\"text-align: center;\">Donnerstag, 16. August<\/h2>\n<ul>\n<li>Die beiden letzten Folgen von \u201eJesus und der Islam\u201c sind auf <strong>Arte<\/strong> zu sehen. Um 23.15 Uhr Teil 6 <a href=\"https:\/\/www.arte.tv\/de\/videos\/048641-008-A\/jesus-und-der-islam-6-7\/\" target=\"_blank\" rel=\"noopener\">\u201eDie Religion Abrahams\u201c<\/a> und um 0.05 Uhr <a href=\"https:\/\/www.arte.tv\/de\/videos\/048641-009-A\/jesus-und-der-islam-7-7\/\" target=\"_blank\" rel=\"noopener\">\u201eDas Buch des Islam\u201c<\/a>.<\/li>\n<li>Goethes Italienreise hat literarische Spuren hinterlassen. Die Doku <a href=\"https:\/\/www.mdr.de\/tv\/programm\/sendung802538_date-2018-08-16_ipgctx-true_zc-6a3c5b40.html\" target=\"_blank\" rel=\"noopener\">\u201eDie gro\u00dfe Literatour \u2013 Goethes Italien\u201c<\/a> <em>\u201ebegibt sich auf die Spur Goethes anhand seines Werks und entdeckt Italien durch die Augen des Dichterf\u00fcrsten.\u201c<\/em> (<strong>MDR<\/strong>, 23.35 Uhr).<\/li>\n<\/ul>\n<h2 id=\"freitag17.august\" style=\"text-align: center;\">Freitag, 17. August<\/h2>\n<ul>\n<li>Peking ist die Hauptstadt eines der bedeutendsten und zunehmend m\u00e4chtigsten Staates der Erde. Seine Geschichte ist zugleich wesentlicher Teil der Geschichte Chinas. <strong>Phoenix<\/strong> stellt die Geschichte dieser Stadt in dem Dreiteiler \u201ePeking. Metropole der Macht\u201c vor. <em>\u201eEs war damals recht unwahrscheinlich, dass Beijing einmal Hauptstadt werden w\u00fcrde. In der Peripherie des antiken Chinas gelegen, verdankt Beijing seine Existenz einzig der Vision einiger au\u00dfergew\u00f6hnlicher M\u00e4nner, die in dieser unbedeutenden Grenzstadt einen strategischen Wert sahen.\u201c<\/em> Um 20.15 Uhr geht es in <a href=\"https:\/\/www.phoenix.de\/sendungen\/dokumentationen\/peking-13-a-311662.html\" target=\"_blank\" rel=\"noopener\">\u201eTeil 1\u201c<\/a> um <em>\u201eArchitektur der Stadt als Abbildung der chinesischen Version des Kosmos. Die Balance zwischen Yin und Yang sollte dem chinesischen Reich Frieden und Wohlstand bringen. \u2014 Der <a href=\"https:\/\/www.phoenix.de\/sendungen\/dokumentationen\/peking-23-a-311672.html\" target=\"_blank\" rel=\"noopener\">\u201ezweite Teil\u201c<\/a> zeigt Beijing als einen Ort, an dem China auf die Au\u00dfenwelt traf. \u00dcber Jahrhunderte verschmolzen in der Stadt die Grenzen zwischen der chinesischen Zivilisation und den Nomaden Zentralasiens. In Beijing stellten Jesuiten den chinesischen Herrschern auch die westliche Wissenschaft vor.\u201c<\/em> (21 Uhr) <em>\u201eDer <a href=\"https:\/\/www.phoenix.de\/sendungen\/dokumentationen\/peking-33-a-311682.html\" target=\"_blank\" rel=\"noopener\">\u201edritte Teil\u201c<\/a> besch\u00e4ftigt sich mit Beijing als einen Ort, an dem einige der weltbedeutendsten Herrscher und K\u00f6nigsh\u00e4user Geschichte schrieben. Von der Eroberung und Zerst\u00f6rung der Stadt durch Dschingis Khan \u00fcber ihren Wiederaufbau bis zur Vertreibung des letzten chinesischen Kaisers aus der Verbotenen Stadt: Beijings Biographie ist eine Geschichte von Siegen und Niederlagen, mit vielen Herrschern, Rebellen und Abtr\u00fcnnigen.\u201c<\/em> (21.45 Uhr)<\/li>\n<li>Der letzte Beitrag der Reihe \u201eDie Macht des Goldes\u201c erz\u00e4hlt auf <strong>ARD-alpha<\/strong> um 20.15 Uhr vom <a href=\"https:\/\/www.br.de\/fernsehen\/ard-alpha\/programmkalender\/ausstrahlung-1492468.html\" target=\"_blank\" rel=\"noopener\">\u201eTraum von Unverg\u00e4nglichkeit\u201c<\/a>. \u2014 Um 21 Uhr geht es um <a href=\"https:\/\/www.br.de\/fernsehen\/ard-alpha\/programmkalender\/ausstrahlung-1492470.html\" target=\"_blank\" rel=\"noopener\">\u201eHightech der Antike \u2013 Erfindungen zwischen Tiber und Tigris\u201c<\/a>.<\/li>\n<\/ul>\n","protected":false},"excerpt":{"rendered":"<p>Vorgeschichtlicher Bernsteinhandel, Technikgeschichte der Antike, die Stadtgeschichte Pekings oder auch ein St\u00fcck Literaturgeschichte laden in der kommenden Woche zu der einen oder anderen Geschichtsstunde im deutschen Fernsehen ein. Dazu ein F\u00fcnfteiler \u00fcber Christentum und Islam in Theologie und Geschichte. Viel Spa\u00df.<\/p>\n","protected":false},"author":10,"featured_media":0,"comment_status":"open","ping_status":"open","sticky":false,"template":"","format":"standard","meta":{"footnotes":""},"categories":[1],"tags":[],"class_list":["post-4376","post","type-post","status-publish","format-standard","hentry","category-allgemein"],"aioseo_notices":[],"_links":{"self":[{"href":"http:\/\/historikerkraus.de\/blog\/wp-json\/wp\/v2\/posts\/4376","targetHints":{"allow":["GET"]}}],"collection":[{"href":"http:\/\/historikerkraus.de\/blog\/wp-json\/wp\/v2\/posts"}],"about":[{"href":"http:\/\/historikerkraus.de\/blog\/wp-json\/wp\/v2\/types\/post"}],"author":[{"embeddable":true,"href":"http:\/\/historikerkraus.de\/blog\/wp-json\/wp\/v2\/users\/10"}],"replies":[{"embeddable":true,"href":"http:\/\/historikerkraus.de\/blog\/wp-json\/wp\/v2\/comments?post=4376"}],"version-history":[{"count":2,"href":"http:\/\/historikerkraus.de\/blog\/wp-json\/wp\/v2\/posts\/4376\/revisions"}],"predecessor-version":[{"id":4378,"href":"http:\/\/historikerkraus.de\/blog\/wp-json\/wp\/v2\/posts\/4376\/revisions\/4378"}],"wp:attachment":[{"href":"http:\/\/historikerkraus.de\/blog\/wp-json\/wp\/v2\/media?parent=4376"}],"wp:term":[{"taxonomy":"category","embeddable":true,"href":"http:\/\/historikerkraus.de\/blog\/wp-json\/wp\/v2\/categories?post=4376"},{"taxonomy":"post_tag","embeddable":true,"href":"http:\/\/historikerkraus.de\/blog\/wp-json\/wp\/v2\/tags?post=4376"}],"curies":[{"name":"wp","href":"https:\/\/api.w.org\/{rel}","templated":true}]}}