{"id":4372,"date":"2018-08-03T11:55:42","date_gmt":"2018-08-03T09:55:42","guid":{"rendered":"http:\/\/historikerkraus.de\/blog\/?p=4372"},"modified":"2018-08-02T10:58:36","modified_gmt":"2018-08-02T08:58:36","slug":"tv-vorschau-4-10-august-2018","status":"publish","type":"post","link":"http:\/\/historikerkraus.de\/blog\/2018\/08\/03\/tv-vorschau-4-10-august-2018\/","title":{"rendered":"TV-Vorschau 4. \u2013 10. August 2018"},"content":{"rendered":"<p>Die Geschichte des sog. Fernen Ostens, Geschichte in Form von TV-Serien, historische Berufe und Dokus zum Holocaust sind nur einige der Beitr\u00e4ge der kommenden Woche im deutschen Fernsehen. Viel Spa\u00df bei der Auswahl.<!--more--><\/p>\n<h2 id=\"samstag4.august\" style=\"text-align: center;\">Samstag, 4. August<\/h2>\n<ul>\n<li><strong>Phoenix<\/strong> hat den Holocaust als Abendthema. Es beginnt um 20.15 Uhr mit der biografischen Doku <a href=\"https:\/\/www.phoenix.de\/sendungen\/dokumentationen\/meine-tochter-anne-frank-a-290607.html\" target=\"_blank\" rel=\"noopener\">\u201eMeine Tochter Anne Frank\u201c<\/a>. <em>\u201eMit neuem Archivmaterial und bisher unver\u00f6ffentlichten Fotos sowie ber\u00fchrenden Interviews mit Zeitzeugen entsteht ein Film, der sich mit der Vater-Tochter-Beziehung sowie dem Verrat an den acht Hinterhausbewohnern besch\u00e4ftigt. Die Hauptdarsteller sind die Frankfurterin Mala Emde als Anne Frank und G\u00f6tz Schubert, der ihren Vater Otto spielt.\u201c<\/em> \u2014 Aus der Reihe ZDF-History folgt um 21.45 Uhr der Beitrag <a href=\"https:\/\/www.phoenix.de\/sendungen\/dokumentationen\/zdf-history\/zdf-history-das-geheimnis-der-auschwitz-alben-a-94485.html\" target=\"_blank\" rel=\"noopener\">\u201eDas Geheimnis der Auschwitz-Alben\u201c<\/a>. <em>\u201eFotografieren war in Auschwitz streng verboten. Und doch gibt es mehrere Fotoalben vom Schauplatz des Verbrechens. Wer fotografierte \u2013 und warum? Das blieb lange ein R\u00e4tsel.\u201c<\/em> \u2014 Wie schwer die Aufkl\u00e4rung und die rechtliche Verfolgung der T\u00e4ter nach dem Krieg war, ist heute bekannt. Ohne mutige Pers\u00f6nlichkeiten w\u00e4ren viele Verantwortliche ohne Strafe davon gekommen. Um zwei der bekanntesten Nazi-J\u00e4ger geht es um 22.30 Uhr in der Doku <a href=\"https:\/\/www.phoenix.de\/sendungen\/dokumentationen\/nicht-rache-sondern-gerechtigkeit-a-290637.html\" target=\"_blank\" rel=\"noopener\">\u201eNicht Rache, sondern Gerechtigkeit \u2013 Das Leben von Beate und Serge Klarsfeld\u201c<\/a>. \u2014 Um 23.15 Uhr schlie\u00dflich folgt die Wiederholung des ZDF-History-Beitrags vom vergangenen Sonntag \u00fcber <a href=\"https:\/\/www.phoenix.de\/sendungen\/dokumentationen\/zdf-history\/zdf-history-caesar-und-kleopatra-a-290617.html\" target=\"_blank\" rel=\"noopener\">\u201eC\u00e4sar und Kleopatra\u201c<\/a>.<\/li>\n<\/ul>\n<h2 id=\"sonntag5.august\" style=\"text-align: center;\">Sonntag, 5. August<\/h2>\n<ul>\n<li>Der <strong>SWR<\/strong> stellt alte Berufe vor. <a href=\"https:\/\/www.swr.de\/geschichte\/die-haertesten-jobs-von-damals\/-\/id=100754\/did=21937376\/nid=100754\/sdpgid=1591379\/9lyvwf\/index.html\" target=\"_blank\" rel=\"noopener\">\u201eDie h\u00e4rtesten Jobs von damals \u2013 Florian Weber schuftet sich durch die Geschichte\u201c<\/a> um 20.15 Uhr. <em>\u201eWomit hat eine Abtrittanbieterin ihr Geld verdient? Weshalb mussten K\u00f6hler Tag und Nacht um ihr Leben f\u00fcrchten? Und wieso traute niemand dem M\u00fcller? Moderator Florian Weber auf schwei\u00dftreibender Zeitreise durch den S\u00fcdwesten.\u201c<\/em><\/li>\n<li>Ebenfalls um 20.15 Uhr pr\u00e4sentiert <strong>Phoenix<\/strong> <a href=\"https:\/\/www.phoenix.de\/sendungen\/dokumentationen\/rom-von-oben-a-90175.html\" target=\"_blank\" rel=\"noopener\">\u201eRom von oben \u2013 Spurensuche aus dem Weltall\u201c<\/a>. <em>\u201eEiniges haben die Arch\u00e4ologen in den letzten Jahrhunderten ausgegraben, doch vieles ist noch immer im Erdreich verborgen oder im Meer versunken. Mithilfe modernster Ortungsmethoden haben nun Luftbildarch\u00e4ologen eine neue Landkarte des R\u00f6mischen Reiches erstellt. Laserscans, aufgenommen von Weltraumsatelliten, geben Hinweise auf die Lage versch\u00fctteter St\u00e4dte und Siedlungen, Pal\u00e4ste und Tempel, historischer Schlachtfelder und Marschrouten, Stra\u00dfen und Grenzen.\u201c<\/em><\/li>\n<\/ul>\n<h2 id=\"montag6.august\" style=\"text-align: center;\">Montag, 6. August<\/h2>\n<ul>\n<li><a href=\"https:\/\/www.n-tv.de\/mediathek\/tvprogramm\/?date=2018-08-06\" target=\"_blank\" rel=\"noopener\"><strong>N-TV<\/strong><\/a> f\u00e4hrt mit der Reihe \u201eGeheimwaffen auf Schienen\u201c fort. Um 20.15 Uhr erinnert der Beitrag \u201eWertvolle Fracht\u201c an besonders wichtige Schienentransporte in der Geschichte. <em>\u201eViele gro\u00dfe Ereignisse der Geschichte begannen w\u00e4hrend einer Zugfahrt. Die Dokumentation erz\u00e4hlt unter anderem vom 24-j\u00e4hrigen Winston Churchill, der sich w\u00e4hrend des Krieges mit dem Zug in ein besseres Leben aufmacht. 1917 durchquert Lenin Europa mit einem plombierten Zugwaggon, unterst\u00fctzt von den Deutschen. Auch das Verschwinden des ungarischen Goldzugs nach dem Zweiten Weltkrieg, der gepl\u00fcnderten j\u00fcdischen Schmuck enthielt, ist unvergessen.\u201c<\/em> \u2014 Um 21.05 Uhr geht es dann darum, wie Z\u00fcge im Krieg zur Rettung Verwundeter eingesetzt wurden als \u201eMobiles Lazarett\u201c.<\/li>\n<li>Der ferne Osten beherrscht den TV-Abend auf <strong>Phoenix<\/strong>. Zun\u00e4chst laufen die ersten beiden Teile des Dreiteilers \u201eChina \u2013 Geschichte einer Gro\u00dfmacht\u201c. Um 20.15 Uhr <a href=\"https:\/\/www.phoenix.de\/sendungen\/dokumentationen\/china---geschichte-einer-grossmacht-13-a-113837.html\" target=\"_blank\" rel=\"noopener\">\u201eDie Verlorene Dynastie\u201c<\/a>, um 21 Uhr <a href=\"https:\/\/www.phoenix.de\/sendungen\/dokumentationen\/china---geschichte-einer-grossmacht-23-a-113843.html\" target=\"_blank\" rel=\"noopener\">\u201eDer Aufstieg der Shang-Dynastie\u201c<\/a>. \u2014 Im Anschluss um 22.15 Uhr zeigt ein Beitrag der Reihe ZDF-History das Ende des Zweiten Weltkriegs im Pazifik: <a href=\"https:\/\/www.phoenix.de\/sendungen\/dokumentationen\/zdf-history\/pacific-war---der-krieg-geht-weiter-a-291042.html\" target=\"_blank\" rel=\"noopener\">\u201ePacific War \u2013 Der Krieg geht weiter\u201c<\/a>. W\u00e4hrend in Europa der Krieg im Mai 1945 zu Ende ging, dauerten die K\u00e4mpfe in Fernost noch bis in den August. \u2014 Zum Ende kam der pazifische Krieg erst nach dem Abwurf der beiden Atombomben. Die Beitr\u00e4ge <a href=\"https:\/\/www.phoenix.de\/sendungen\/dokumentationen\/nagasaki-a-291052.html\" target=\"_blank\" rel=\"noopener\">\u201eNagasaki \u2013 Warum fiel die zweite Bombe?\u201c<\/a> (23 Uhr) und <a href=\"https:\/\/www.phoenix.de\/sendungen\/dokumentationen\/inside-hiroshima-a-291062.html\" target=\"_blank\" rel=\"noopener\">\u201eInside Hiroshima\u201c<\/a> (23.45 Uhr) erinnern daran.<\/li>\n<li>Auch <strong>ARD-alpha<\/strong> blickt nach Asien. Es geht um die j\u00fcngere Geschichte Tibets. Um 20.15 Uhr erfahren wir vom <a href=\"https:\/\/www.br.de\/fernsehen\/ard-alpha\/programmkalender\/ausstrahlung-1486038.html\" target=\"_blank\" rel=\"noopener\">\u201eKampf um Tibet\u201c<\/a> und um 21 Uhr stehen <a href=\"https:\/\/www.br.de\/fernsehen\/ard-alpha\/programmkalender\/ausstrahlung-1486040.html\" target=\"_blank\" rel=\"noopener\">\u201eVerlorenes Land \u2013 verlorene Heimat. Der Dalai Lama\u201c<\/a> im Blickpunkt.<\/li>\n<li>\u201eGeschichte im Ersten\u201c befasst sich um 23.30 Uhr mit der Reichsuniversit\u00e4t Stra\u00dfburg, einem Prestigeprojekt der Nazis. Titel der Doku: <a href=\"http:\/\/www.daserste.de\/information\/reportage-dokumentation\/dokus\/sendung\/forschung-und-verbrechen-120.html\" target=\"_blank\" rel=\"noopener\">\u201eForschung und Verbrechen\u201c<\/a> (<strong>ARD<\/strong>).<\/li>\n<\/ul>\n<h2 id=\"dienstag7.august\" style=\"text-align: center;\">Dienstag, 7. August<\/h2>\n<ul>\n<li>Die dritte Folge der Serie <a href=\"http:\/\/www.daserste.de\/unterhaltung\/serie\/charite\/index.html\" target=\"_blank\" rel=\"noopener\">\u201eCharit\u00e9\u201c<\/a> mit dem Titel <a href=\"http:\/\/www.daserste.de\/unterhaltung\/serie\/charite\/sendung\/charite-folge-3-100.html\" target=\"_blank\" rel=\"noopener\">\u201eDas Licht der Welt\u201c<\/a> l\u00e4uft um 20.15 Uhr in der <strong>ARD<\/strong>.<\/li>\n<li>1930 gr\u00fcndete eine Frau in Dresden eine Kosmetikfirma und gab ihr einfach ihren eigenen Namen. Ein St\u00fcck Frauenemanzipationsgeschichte, die die Doku <a href=\"https:\/\/www.mdr.de\/tv\/programm\/sendung799482_date-2018-08-07_ipgctx-true_zc-fdcc69de.html\" target=\"_blank\" rel=\"noopener\">\u201eCharlotte Meentzen Dresdner \u2013 Kosmetik mit Tradition\u201c<\/a> um 20.15 Uhr im <strong>MDR<\/strong> vorstellt.<\/li>\n<li><strong>Phoenix<\/strong> sendet um 20.15 Uhr den dritten Teil der Reihe \u201eChina \u2013 Geschichte einer Gro\u00dfmacht\u201c mit dem Titel <a href=\"https:\/\/www.phoenix.de\/sendungen\/dokumentationen\/china---geschichte-einer-grossmacht-33-a-113849.html\" target=\"_blank\" rel=\"noopener\">\u201eDer erste Kaiser\u201c<\/a>. \u2014 <em>\u201eDie Dokumentation <a href=\"https:\/\/www.phoenix.de\/sendungen\/dokumentationen\/das-geheimnis-der-chinesischen-mauer-a-291287.html\" target=\"_blank\" rel=\"noopener\">\u201eDas Geheimnis der chinesischen Mauer\u201c<\/a> begleitet den britischen Historiker William Lindesay, der sich auf die Reise macht, um nur eine Frage zu beantworten: Wie lang ist die Chinesische Mauer wirklich? Sie soll \u00fcber 2000 Jahre alt und \u00fcber 6000 Kilometer lang sein, doch niemand wei\u00df dies genau. Die Chinesische Mauer ist eines der unerforschtesten Bauwerke der Welt.\u201c<\/em> (21 Uhr) Im Anschluss folgen Beitr\u00e4ge zum modernen China.<\/li>\n<li><em>\u201eDer Dokumentarfilm <a href=\"https:\/\/www.arte.tv\/de\/videos\/079408-000-A\/the-bomb\/\" target=\"_blank\" rel=\"noopener\">\u201eThe Bomb\u201c<\/a> erz\u00e4hlt die Geschichte der zerst\u00f6rerischsten Waffe, die je erfunden wurde. Anhand k\u00fcrzlich restaurierter Archivaufnahmen zeigt der Film die Hintergr\u00fcnde der ersten Atombombe, unter welchen Bedingungen sie entwickelt wurde und wie sie die Welt ver\u00e4nderte. Seit 1945 leben die modernen Gesellschaften mit einer Erfindung, die den ganzen Planeten zerst\u00f6ren k\u00f6nnte.\u201c<\/em> (<strong>Arte<\/strong>, 20.15 Uhr). \u2014 <em>\u201eIm Jahr 1946 wurden 28 Personen der h\u00f6chsten japanischen F\u00fchrungsriege wegen Kriegsverbrechen angeklagt. Wie bei den N\u00fcrnberger Prozessen im Nachkriegsdeutschland sollte auch mit den Tokioter Prozessen ein Exempel statuiert werden.\u201c<\/em> Die Doku <a href=\"https:\/\/www.arte.tv\/de\/videos\/053392-000-A\/death-by-hanging\/\" target=\"_blank\" rel=\"noopener\">\u201e\u201aDeath by hanging!\u2018 \u2013 Der Kriegsverbrecherprozess von Tokio\u201c<\/a> erz\u00e4hlt die Geschichte eines vergessenen Prozesses (21.55 Uhr). \u2014 Wie dicht wir alle, ohne es zu wissen, an der atomaren Katastrophe waren, erz\u00e4hlt der Film <a href=\"https:\/\/www.arte.tv\/de\/videos\/039911-000-A\/der-mann-der-die-welt-rettete\/\" target=\"_blank\" rel=\"noopener\">\u201eDer Mann, der die Welt rettete\u201c<\/a>. Es ist <em>\u201edie wahre Geschichte \u00fcber einen Mann, der einen nuklearen Holocaust zu verhindern wusste. Der fr\u00fchere Oberst der sowjetischen Armee Stanislaw Petrow hatte 1983 f\u00fcr ein paar entscheidende Minuten das Schicksal der Welt in seiner Hand.\u201c<\/em><\/li>\n<\/ul>\n<h2 id=\"mittwoch8.august\" style=\"text-align: center;\">Mittwoch, 8. August<\/h2>\n<ul>\n<li><strong>Phoenix<\/strong> besch\u00e4ftigt seine Zuschauer den ganzen Abend mit der deutschen Geschichte. Um 20.15 Uhr geht es los mit der ZDF-History-Folge <a href=\"https:\/\/www.phoenix.de\/sendungen\/dokumentationen\/zdf-history\/zdf-history-3000-jahre-schlachtfeld-deutschland-a-100648.html\" target=\"_blank\" rel=\"noopener\">\u201e3000 Jahre Schlachtfeld Deutschland\u201c<\/a>. <em>\u201eVor mehr als 70 Jahren, am 8. Mai 1945, endete der Zweite Weltkrieg. Er hinterlie\u00df auf deutschem Boden verborgene Spuren \u2013 wie die zahlloser Kriege der Vergangenheit seit der Bronzezeit vor 3000 Jahren. Das \u00e4lteste bekannte Schlachtfeld Europas liegt versteckt im Tollensetal in Mecklenburg-Vorpommern. Hier fanden Arch\u00e4ologen Spuren einer Schlacht, an der um 1250 vor Christus tausende Menschen beteiligt waren. Wer waren sie?\u201c<\/em> \u2014 Um 21 Uhr folgt \u2013 ebenfalls aus der Reihe ZDF-History \u2013 die Doku <a href=\"https:\/\/www.phoenix.de\/sendungen\/dokumentationen\/zdf-history\/zdf-history-deutschland-1945-von-oben-a-90158.html\" target=\"_blank\" rel=\"noopener\">\u201eDeutschland 1945 von oben\u201c<\/a>. \u2014 Anschlie\u00dfend laufen alle Folgen des Vierteilers \u201eBewegte Republik Deutschland\u201c. <a href=\"https:\/\/www.phoenix.de\/sendungen\/dokumentationen\/bewegte-republik-deutschland-14-a-89573.html\" target=\"_blank\" rel=\"noopener\">\u201eSchuld und Wunder 1945 \u2013 1965\u201c<\/a> um 21.15 Uhr, <a href=\"https:\/\/www.phoenix.de\/sendungen\/dokumentationen\/bewegte-republik-deutschland-24-a-89577.html\" target=\"_blank\" rel=\"noopener\">\u201eZur Waffe, Sch\u00e4tzchen 1962\u20131983\u201c<\/a> um 23 Uhr. Um 23.45 Uhr <a href=\"https:\/\/www.phoenix.de\/sendungen\/dokumentationen\/bewegte-republik-deutschland-34-a-89581.html\" target=\"_blank\" rel=\"noopener\">\u201eGeteilter Himmel \u2013 1949\u20131989\u201c<\/a> und zum Schluss um 0.30 Uhr <a href=\"https:\/\/www.phoenix.de\/sendungen\/dokumentationen\/bewegte-republik-deutschland-44-a-89585.html\" target=\"_blank\" rel=\"noopener\">\u201eDie Deutschland-Maschine 1989\u20132014\u201c<\/a>.<\/li>\n<li>Die <strong>ARD<\/strong>-Doku <a href=\"http:\/\/www.daserste.de\/information\/reportage-dokumentation\/dokus\/kulenkampffs-schuhe-102.html\" target=\"_blank\" rel=\"noopener\">\u201eKulenkampffs Schuhe\u201c<\/a> besch\u00e4ftigt sich um 22.30 Uhr mit der deutschen Fernsehnachkriegsgeschichte.<\/li>\n<\/ul>\n<h2 id=\"donnerstag9.august\" style=\"text-align: center;\">Donnerstag, 9. August<\/h2>\n<ul>\n<li>Heute gibt es Geschichte in Serie. Zum einen laufen auf <strong>Arte<\/strong> die letzten vier Folgen \u201e1864 \u2013 Liebe und Verrat in Zeiten des Krieges\u201c, gemeint ist der deutsch-d\u00e4nische Krieg. <a href=\"https:\/\/www.arte.tv\/de\/videos\/048785-005-A\/1864-liebe-und-verrat-in-zeiten-des-krieges-5-8\/\" target=\"_blank\" rel=\"noopener\">\u201eTeil 5\u201c<\/a> um 20.15 Uhr, <a href=\"https:\/\/www.arte.tv\/de\/videos\/048785-006-A\/1864-liebe-und-verrat-in-zeiten-des-krieges-6-8\/\" target=\"_blank\" rel=\"noopener\">\u201eTeil 6\u201c<\/a> um 21.10 Uhr, <a href=\"https:\/\/www.arte.tv\/de\/videos\/048785-007-A\/1864-liebe-und-verrat-in-zeiten-des-krieges-7-8\/\" target=\"_blank\" rel=\"noopener\">\u201eTeil 7\u201c<\/a> um 22.10 Uhr und schlie\u00dflich <a href=\"https:\/\/www.arte.tv\/de\/videos\/048785-008-A\/1864-liebe-und-verrat-in-zeiten-des-krieges-8-8\/\" target=\"_blank\" rel=\"noopener\">\u201eTeil 8\u201c<\/a> um 23.05 Uhr.<\/li>\n<li>Im <strong>ZDF<\/strong> ist in der Nacht der historische Sechsteiler \u201eBorgia\u201c zu sehen (heute zumindest die ersten drei Teile um 0.25 Uhr, 2.05 Uhr und 3.45 Uhr. Die Fortsetzung l\u00e4uft morgen.<\/li>\n<\/ul>\n<h2 id=\"freitag10.august\" style=\"text-align: center;\">Freitag, 10. August<\/h2>\n<ul>\n<li>Der Dreiteiler \u201eUnterwegs in der Urzeit\u201c erz\u00e4hlt die Geschichte der S\u00e4ugetiere, die nach dem Ende der Dinosaurier begannen, die Erde zu beherrschen. Am Ende steht dann auch der Mensch und seine (Vor)Geschichte. Teil 1 <a href=\"https:\/\/www.phoenix.de\/sendungen\/dokumentationen\/unterwegs-in-der-urzeit-a-292062.html\" target=\"_blank\" rel=\"noopener\">\u201eJ\u00e4ger und Gejagte\u201c<\/a> um 20.15 Uhr, <a href=\"https:\/\/www.phoenix.de\/sendungen\/dokumentationen\/unterwegs-in-der-urzeit-a-292072.html\" target=\"_blank\" rel=\"noopener\">\u201eLand der Giganten\u201c<\/a> um 21 Uhr und <a href=\"https:\/\/www.phoenix.de\/sendungen\/dokumentationen\/unterwegs-in-der-urzeit-a-292082.html\" target=\"_blank\" rel=\"noopener\">\u201eVon Mammuts und Menschen\u201c<\/a> um 21.45 Uhr. Alle auf <strong>Phoenix<\/strong>.<\/li>\n<li>Der zweite Teil der Reihe \u201eDie Macht des Goldes\u201c ist um 20.15 Uhr auf <strong>ARD-alpha<\/strong> zu sehen. Er tr\u00e4gt den Titel <a href=\"https:\/\/www.br.de\/fernsehen\/ard-alpha\/programmkalender\/ausstrahlung-1486402.html\" target=\"_blank\" rel=\"noopener\">\u201eDie Eroberung der Neuen Welt\u201c<\/a>. \u2014 Anschlie\u00dfend noch etwas antike Technikgeschichte: <a href=\"https:\/\/www.br.de\/fernsehen\/ard-alpha\/programmkalender\/ausstrahlung-1486404.html\" target=\"_blank\" rel=\"noopener\">\u201eVor dem Wind \u2013 Traumschiffe der Antike\u201c<\/a> (21 Uhr).<\/li>\n<li>Das <strong>ZDF<\/strong> sendet in der Nacht die drei letzten Folgen der historischen Serie \u201eBorgia\u201c (23.55 Uhr, 1.35 Uhr und 3.15 Uhr).<\/li>\n<\/ul>\n","protected":false},"excerpt":{"rendered":"<p>Die Geschichte des sog. Fernen Ostens, Geschichte in Form von TV-Serien, historische Berufe und Dokus zum Holocaust sind nur einige der Beitr\u00e4ge der kommenden Woche im deutschen Fernsehen. Viel Spa\u00df bei der Auswahl.<\/p>\n","protected":false},"author":10,"featured_media":0,"comment_status":"open","ping_status":"open","sticky":false,"template":"","format":"standard","meta":{"footnotes":""},"categories":[1],"tags":[],"class_list":["post-4372","post","type-post","status-publish","format-standard","hentry","category-allgemein"],"aioseo_notices":[],"_links":{"self":[{"href":"http:\/\/historikerkraus.de\/blog\/wp-json\/wp\/v2\/posts\/4372","targetHints":{"allow":["GET"]}}],"collection":[{"href":"http:\/\/historikerkraus.de\/blog\/wp-json\/wp\/v2\/posts"}],"about":[{"href":"http:\/\/historikerkraus.de\/blog\/wp-json\/wp\/v2\/types\/post"}],"author":[{"embeddable":true,"href":"http:\/\/historikerkraus.de\/blog\/wp-json\/wp\/v2\/users\/10"}],"replies":[{"embeddable":true,"href":"http:\/\/historikerkraus.de\/blog\/wp-json\/wp\/v2\/comments?post=4372"}],"version-history":[{"count":2,"href":"http:\/\/historikerkraus.de\/blog\/wp-json\/wp\/v2\/posts\/4372\/revisions"}],"predecessor-version":[{"id":4374,"href":"http:\/\/historikerkraus.de\/blog\/wp-json\/wp\/v2\/posts\/4372\/revisions\/4374"}],"wp:attachment":[{"href":"http:\/\/historikerkraus.de\/blog\/wp-json\/wp\/v2\/media?parent=4372"}],"wp:term":[{"taxonomy":"category","embeddable":true,"href":"http:\/\/historikerkraus.de\/blog\/wp-json\/wp\/v2\/categories?post=4372"},{"taxonomy":"post_tag","embeddable":true,"href":"http:\/\/historikerkraus.de\/blog\/wp-json\/wp\/v2\/tags?post=4372"}],"curies":[{"name":"wp","href":"https:\/\/api.w.org\/{rel}","templated":true}]}}