{"id":4359,"date":"2018-07-13T12:05:18","date_gmt":"2018-07-13T10:05:18","guid":{"rendered":"http:\/\/historikerkraus.de\/blog\/?p=4359"},"modified":"2018-07-12T11:09:09","modified_gmt":"2018-07-12T09:09:09","slug":"tv-vorschau-14-20-juli-2018","status":"publish","type":"post","link":"http:\/\/historikerkraus.de\/blog\/2018\/07\/13\/tv-vorschau-14-20-juli-2018\/","title":{"rendered":"TV-Vorschau 14. \u2013 20. Juli 2018"},"content":{"rendered":"<p>Viel russische bzw. sowjetische Geschichte gibt es in der kommenden TV-Woche, aber auch eine Doku \u00fcber den spanischen Diktator Franco. Was sonst noch an Geschichte im Programm vorgesehen ist, entnehmen Sie bitte meiner \u2013 wie stets subjektiven \u2013 Auswahl. Viel Spa\u00df.<!--more--><\/p>\n<h2 id=\"samstag14.juli\" style=\"text-align: center;\">Samstag, 14. Juli<\/h2>\n<ul>\n<li>Drei Dokus \u00fcber Hitler gibt es heute auf <strong>Tagesschau 24<\/strong>. Um 20.15 Uhr geht es los mit <a href=\"https:\/\/programm.ard.de\/TV\/tagesschau24\/Programmkalender\/?sendung=28721785053093\" target=\"_blank\" rel=\"noopener\">\u201eHitlers Wolfsschanze\u201c<\/a>, das Gr\u00f6\u00dfte der so genannten \u201eF\u00fchrerhauptquartiere\u201c im Zweiten Weltkrieg. \u2014 Um 21.02 Uhr geht es um <a href=\"https:\/\/programm.ard.de\/TV\/tagesschau24\/Programmkalender\/?sendung=28721748738404\" target=\"_blank\" rel=\"noopener\">\u201eHitlers Reichskanzlei\u201c<\/a> und um 21.45 Uhr um \u201eDas Leben der Margot Woelk\u201c, <a href=\"https:\/\/programm.ard.de\/TV\/tagesschau24\/Programmkalender\/?sendung=28721748738411\" target=\"_blank\" rel=\"noopener\">\u201eHitlers Vorkosterin\u201c<\/a>.<\/li>\n<li>Der Historienfilm <a href=\"https:\/\/www.arte.tv\/de\/videos\/045353-000-A\/christina-schwedens-wilde-koenigin\/\" target=\"_blank\" rel=\"noopener\">\u201eChristina \u2013 Schwedens wilde K\u00f6nigin\u201c<\/a> schildert das Leben jener Frau des 17. Jahrhunderts, die sich allen Konventionen ihrer Zeit widersetzte (<strong>Arte<\/strong>, 20.15 Uhr).<\/li>\n<\/ul>\n<h2 id=\"sonntag15.juli\" style=\"text-align: center;\">Sonntag, 15. Juli<\/h2>\n<ul>\n<li><a href=\"https:\/\/programm.ard.de\/TV\/tagesschau24\/Programmkalender\/?sendung=28721748740532\" target=\"_blank\" rel=\"noopener\">\u201eGlanz und Elend im Reich der Zaren\u201c<\/a> ist Thema um 20.15 Uhr auf <strong>Tagesschau 24<\/strong>. \u2014 Ein Beitrag \u00fcber <a href=\"https:\/\/programm.ard.de\/TV\/tagesschau24\/Programmkalender\/?sendung=28721748740549\" target=\"_blank\" rel=\"noopener\">\u201eDie Zarinnen aus Hessen\u201c<\/a> folgt um 21.02 Uhr. \u2014 Um 21.47 Uhr begeben wir uns auf <a href=\"https:\/\/programm.ard.de\/TV\/tagesschau24\/Programmkalender\/?sendung=28721748740556\" target=\"_blank\" rel=\"noopener\">\u201eDie Jagd nach dem Zarengold\u201c<\/a>. <em>\u201eDie russische Romanow-Dynastie gilt als die reichste Herrscherfamilie der Welt. Doch nach der Oktoberrevolution 1917 wurden nicht nur die Angeh\u00f6rigen der Zarenfamilie, sondern auch ihr gesamter Besitz in alle Winde verstreut: Tonnen von Juwelen und Preziosen, die gr\u00f6\u00dften Diamanten und Edelsteine der Welt, Eisenbahnwaggons voller Gold und Abertausende von kostbaren Gem\u00e4lden. Der Film erz\u00e4hlt von der abenteuerlichen Fahndung nach 100-Karat-Diamanten und versunkenen Goldbarren und rekonstruiert, in welchen Kan\u00e4len der gigantische Schatz der Romanows, \u00fcber den sie bis zur Revolution verf\u00fcgten, verschwand.\u201c<\/em><\/li>\n<li><a href=\"https:\/\/www.mdr.de\/tv\/programm\/sendung798442_date-2018-07-15_ipgctx-true_zc-3cb6309e.html\" target=\"_blank\" rel=\"noopener\">\u201eGlanz und Elend deutscher Zarinnen\u201c<\/a> erfahren wir auch im <strong>MDR<\/strong> um 22.45 Uhr.<\/li>\n<li><em>\u201eKein Staatschef in Europa hat sich so lange an der Macht gehalten wie Francisco Franco. Wer war dieser undurchsichtige Alleinherrscher, der Spanien 36 Jahre mit eiserner Faust regierte?\u201c<\/em> <strong>ZDF<\/strong>-History stellt den faschistischen Diktator um 23.15 Uhr in der Doku <a href=\"https:\/\/www.zdf.de\/dokumentation\/zdf-history\/franco---spaniens-ewiger-diktator-100.html\" target=\"_blank\" rel=\"noopener\">\u201eFranco \u2013 Spaniens ewiger Diktator\u201c<\/a> vor.<\/li>\n<\/ul>\n<h2 id=\"montag16.juli\" style=\"text-align: center;\">Montag, 16. Juli<\/h2>\n<ul>\n<li>Auf <a href=\"https:\/\/www.n-tv.de\/mediathek\/tvprogramm\/?date=2018-07-16\" target=\"_blank\" rel=\"noopener\"><strong>N-TV<\/strong><\/a> geht die Reihe \u201eGeheimwaffe auf See\u201c weiter mit den Beitr\u00e4gen \u201eDer Kalte Krieg\u201c (20.15 Uhr) und \u201eTorpedos\u201c (21.05 Uhr).<\/li>\n<li>Der Zusammenhang zwischen Klima, Naturkatastrophen und Menschheitsgeschichte l\u00e4sst sich an vielen Beispielen aufzeigen. Die Doku <a href=\"https:\/\/www.br.de\/fernsehen\/ard-alpha\/programmkalender\/ausstrahlung-1464298.html\" target=\"_blank\" rel=\"noopener\">\u201eDer Vulkan, der die Welt ver\u00e4nderte: Cholera, Hungersnot, Eiszeit \u2013 die Spuren einer globalen Naturkatastrophe\u201c<\/a> greift ein markantes Beispiel heraus (<strong>ARD-alpha<\/strong>, 20.15 Uhr).<\/li>\n<li><em>\u201eDer Aufstand im Februar 1917 st\u00fcrzte Nikolaus II., die Rote Revolution im Oktober ermordete ihn. Es war das Ende der Romanows, ein Wendepunkt der Weltgeschichte.\u201c<\/em> <a href=\"https:\/\/www.phoenix.de\/sendungen\/dokumentationen\/zarensturz-a-282952.html\" target=\"_blank\" rel=\"noopener\">\u201eZarensturz \u2013 Das Ende der Romanows\u201c<\/a>, <strong>Phoenix<\/strong>, 20.15 Uhr. \u2014 Um 21 Uhr folgt <a href=\"https:\/\/www.phoenix.de\/sendungen\/dokumentationen\/lenin-die-deutschen-und-der-zarenmord-a-282962.html\" target=\"_blank\" rel=\"noopener\">\u201eLenin, die Deutschen und der Zarenmord\u201c<\/a>. <em>\u201eMitten im Ersten Weltkrieg besteigt ein Mann in Z\u00fcrich einen Zug. Es ist der Beginn einer brisanten Reise, die eine au\u00dfergew\u00f6hnliche Kettenreaktion in Gang setzt, mit der so wohl keiner gerechnet hat: Die russische Oktoberrevolution, der Tod der Zarenfamilie und Terror, der Millionen Todesopfer fordert. Und das alles nur, weil in diesem Zug ein ganz besonderer Mann sa\u00df: Waldimir Iljitsch Uljanow, kurz Lenin.\u201c<\/em> \u2014 Nun folgen drei Beitr\u00e4ge der Reihe \u201eK\u00f6nigliche Dynastien\u201c. Um 22.15 Uhr geht es (nat\u00fcrlich) los mit <a href=\"https:\/\/www.phoenix.de\/sendungen\/dokumentationen\/koenigliche-dynastien-a-282977.html\" target=\"_blank\" rel=\"noopener\">\u201eDie Romanows\u201c<\/a>, gefolgt von <a href=\"https:\/\/www.phoenix.de\/sendungen\/dokumentationen\/koenigliche-dynastien-a-282997.html\" target=\"_blank\" rel=\"noopener\">\u201eDie Habsburger\u201c<\/a> um 23.45 Uhr. Um 0.30 Uhr schlie\u00dfen <a href=\"https:\/\/www.phoenix.de\/sendungen\/dokumentationen\/koenigliche-dynastien-a-283022.html\" target=\"_blank\" rel=\"noopener\">\u201eDie Windsors\u201c<\/a> den Themenabend ab.<\/li>\n<li>Als <a href=\"https:\/\/programm.ard.de\/TV\/tagesschau24\/Programmkalender\/?sendung=28721748736752\" target=\"_blank\" rel=\"noopener\">\u201eGorki und Lenin auf Capri\u201c<\/a> Schach spielten, begegneten sich 1906 zwei bedeutende Pers\u00f6nlichkeiten der russischen Geschichte. <em>\u201e1906 betritt der weltber\u00fchmte Maxim Gorki die Insel Capri. Der Beginn eines aufregenden Lebens im Exil. Sein Haus auf Capri wird schnell zum Fluchtpunkt vieler russischer Intellektueller nach der gescheiterten Revolution von 1905. 1908 kommt es in der Villa Casa Rosa, die Gorki als Herberge umfunktioniert hat, zu einem mehr als nur symbolischen Schachspiel zwischen Alexander Bogdanow und Wladimir Iljitsch Lenin. Beides Anw\u00e4rter auf die F\u00fchrerschaft innerhalb der Bolschewiki. Gorki verhehlt nicht seine Sympathien zu Bogdanow, dem undogmatischen Freidenker innerhalb der Partei, und ger\u00e4t so in die Schusslinie der Dogmatiker.\u201c<\/em> (<strong>Tagesschau 24<\/strong>, 23.35 Uhr).<\/li>\n<li>Die Reihe \u201eGeheimnisvolle Orte\u201c f\u00fchrt in der <strong>ARD<\/strong> heute um 23.35 Uhr nach Russland: <a href=\"http:\/\/www.daserste.de\/information\/reportage-dokumentation\/geheimnisvolle-orte\/sendung\/geheimnisvolle-orte-folge-5-126.html\" target=\"_blank\" rel=\"noopener\">\u201eDer Rote Platz\u201c<\/a> in Moskau ist ein Ort der Machtinszenierung seit Jahrhunderten. <em>\u201eHier wurde friedlich Handel betrieben, Blut vergossen, milit\u00e4risch gedroht und gnadenlos gerichtet. Mit dem Sieg der Oktoberrevolution wird Moskau zur Hauptstadt Sowjetrusslands. Die Regierung zieht in den Kreml und der Rote Platz wird zum Schauplatz der Macht. Lenin spricht hier zu den Arbeitern, Milit\u00e4rparaden k\u00fcnden von milit\u00e4rischer St\u00e4rke. Als Lenin stirbt, l\u00e4sst dessen Nachfolger Stalin ein Mausoleum erbauen.\u201c<\/em><\/li>\n<\/ul>\n<h2 id=\"dienstag17.juli\" style=\"text-align: center;\">Dienstag, 17. Juli<\/h2>\n<ul>\n<li>Die <a href=\"https:\/\/www.mdr.de\/tv\/programm\/sendung798608_date-2018-07-17_ipgctx-true_zc-5534b219.html\" target=\"_blank\" rel=\"noopener\"><strong>MDR<\/strong> Zeitreise<\/a>, das Geschichtsmagazin mit Mirko Drotschmann l\u00e4uft um 21.15 Uhr.<\/li>\n<\/ul>\n<h2 id=\"mittwoch18.juli\" style=\"text-align: center;\">Mittwoch, 18. Juli<\/h2>\n<ul>\n<li><em>\u201eEs ist die Geschichte seines Landes, die den wohl ber\u00fchmtesten K\u00fcnstler S\u00fcdafrikas umtreibt: William Kentridge. Als wei\u00dfer Jude ist er aufgewachsen, mit Eltern, die sich als Anw\u00e4lte ein Leben lang f\u00fcr die Widerstandsk\u00e4mpfer im Apartheid-System einsetzten.\u201c<\/em> <a href=\"https:\/\/www.arte.tv\/de\/videos\/070814-000-A\/william-kentridge\/\" target=\"_blank\" rel=\"noopener\">\u201eWilliam Kentridge<br \/>\nS\u00fcdafrika, die Revolution und die Kunst\u201c<\/a>, <strong>Arte<\/strong>, 22.45 Uhr. <em>\u201eDer Film zieht Parallelen zur Geschichte S\u00fcdafrikas und dem Leben Mandelas, zeigt aber auch, worin sich revolution\u00e4re Ideen im Kampf auf der Stra\u00dfe unterscheiden vom Kampf auf der Leinwand oder B\u00fchne. \u201aAm Ende geht es immer um den Zweifel an mir selbst, meiner Umgebung und der Welt.\u2018\u201c<\/em><\/li>\n<\/ul>\n<h2 id=\"donnerstag19.juli\" style=\"text-align: center;\">Donnerstag, 19. Juli<\/h2>\n<ul>\n<li>Burgen sind ein Sinnbild f\u00fcr Vergangenheit, Mittelalter, Romantik. Arch\u00e4ologen k\u00fcmmern sich um die Erforschung der Burgen, Denkmalpfleger um ihre Erhaltung. So die Theorie, die Praxis sieht manchmal etwas anders aus, wie die Doku <a href=\"https:\/\/www.swrfernsehen.de\/tv-programm\/-\/id=3160\/date=20180719\/12rj4th\/index.html\" target=\"_blank\" rel=\"noopener\">\u201eSo geht Burg heute \u2013 Ein Jahr mit der Managerin von Burg Hohenzollern\u201c<\/a> im <strong>SWR<\/strong> um 21 Uhr zeigt.<\/li>\n<\/ul>\n<h2 id=\"freitag20.juli\" style=\"text-align: center;\">Freitag, 20. Juli<\/h2>\n<ul>\n<li>Die deutsch-sowjetischen Beziehungen im 20. Jahrhundert sind Thema der Doku <a href=\"https:\/\/www.br.de\/fernsehen\/ard-alpha\/programmkalender\/ausstrahlung-1464670.html\" target=\"_blank\" rel=\"noopener\">\u201eKrieg und Frieden \u2013 Deutsch-sowjetische Skizzen\u201c<\/a> um 20.15 Uhr auf <strong>ARD-alpha<\/strong>.<\/li>\n<li>Die Wiederholung des Beitrags der Reihe \u201eGeheimnisvolle Orte\u201c vom Montag heute wieder auf <strong>Tagesschau 24<\/strong> um 21.17 Uhr: <a href=\"https:\/\/programm.ard.de\/TV\/tagesschau24\/Programmkalender\/?sendung=28721748739728\" target=\"_blank\" rel=\"noopener\">\u201eDer Rote Platz\u201c<\/a> in Moskau.<\/li>\n<\/ul>\n","protected":false},"excerpt":{"rendered":"<p>Viel russische bzw. sowjetische Geschichte gibt es in der kommenden TV-Woche, aber auch eine Doku \u00fcber den spanischen Diktator Franco. Was sonst noch an Geschichte im Programm vorgesehen ist, entnehmen Sie bitte meiner \u2013 wie stets subjektiven \u2013 Auswahl. Viel Spa\u00df.<\/p>\n","protected":false},"author":10,"featured_media":0,"comment_status":"open","ping_status":"open","sticky":false,"template":"","format":"standard","meta":{"footnotes":""},"categories":[1],"tags":[],"class_list":["post-4359","post","type-post","status-publish","format-standard","hentry","category-allgemein"],"aioseo_notices":[],"_links":{"self":[{"href":"http:\/\/historikerkraus.de\/blog\/wp-json\/wp\/v2\/posts\/4359","targetHints":{"allow":["GET"]}}],"collection":[{"href":"http:\/\/historikerkraus.de\/blog\/wp-json\/wp\/v2\/posts"}],"about":[{"href":"http:\/\/historikerkraus.de\/blog\/wp-json\/wp\/v2\/types\/post"}],"author":[{"embeddable":true,"href":"http:\/\/historikerkraus.de\/blog\/wp-json\/wp\/v2\/users\/10"}],"replies":[{"embeddable":true,"href":"http:\/\/historikerkraus.de\/blog\/wp-json\/wp\/v2\/comments?post=4359"}],"version-history":[{"count":3,"href":"http:\/\/historikerkraus.de\/blog\/wp-json\/wp\/v2\/posts\/4359\/revisions"}],"predecessor-version":[{"id":4362,"href":"http:\/\/historikerkraus.de\/blog\/wp-json\/wp\/v2\/posts\/4359\/revisions\/4362"}],"wp:attachment":[{"href":"http:\/\/historikerkraus.de\/blog\/wp-json\/wp\/v2\/media?parent=4359"}],"wp:term":[{"taxonomy":"category","embeddable":true,"href":"http:\/\/historikerkraus.de\/blog\/wp-json\/wp\/v2\/categories?post=4359"},{"taxonomy":"post_tag","embeddable":true,"href":"http:\/\/historikerkraus.de\/blog\/wp-json\/wp\/v2\/tags?post=4359"}],"curies":[{"name":"wp","href":"https:\/\/api.w.org\/{rel}","templated":true}]}}