{"id":4355,"date":"2018-07-06T12:00:44","date_gmt":"2018-07-06T10:00:44","guid":{"rendered":"http:\/\/historikerkraus.de\/blog\/?p=4355"},"modified":"2018-07-05T10:25:13","modified_gmt":"2018-07-05T08:25:13","slug":"tv-vorschau-7-13-juli-2018","status":"publish","type":"post","link":"http:\/\/historikerkraus.de\/blog\/2018\/07\/06\/tv-vorschau-7-13-juli-2018\/","title":{"rendered":"TV-Vorschau 7. \u2013 13. Juli 2018"},"content":{"rendered":"<p>Ein ganzer Themenabend \u00fcber Adolf Hitler steht am Anfang der von mir getroffenen Auswahl an Geschichtssendungen der kommenden Woche. Ein Blick auf den \u201ePrager Fr\u00fchling\u201c vor 50 Jahren steht am Ende. Dazwischen erf\u00e4hrt man etwas \u00fcber Hannibals legend\u00e4re Elefantentour durch die Alpen, die Geschichte des Tempelbergs in Jerusalem, \u00fcber Denkmalschutz im Saarland und den Schriftsteller Hans Fallada, sein Werk und seine Zeit. Viel Spa\u00df!<!--more--><\/p>\n<h2 id=\"samstag7.juli\" style=\"text-align: center;\">Samstag, 7. Juli<\/h2>\n<ul>\n<li>In <a href=\"https:\/\/www.n-tv.de\/mediathek\/tvprogramm\/?date=2018-07-07\" target=\"_blank\" rel=\"noopener\"><strong>N-TV<\/strong><\/a> steht heute \u201eHitlers Aufstieg und Untergang\u201c im Programm. Es geht um 20.15 Uhr los mit \u201eDer Opportunist\u201c, gefolgt von \u201eDer Schauspieler\u201c um 21.05 Uhr. 22.05 Uhr steht \u201eDer F\u00fchrer\u201c im Blickpunkt, ehe es um 23.05 Uhr um den \u201ePsychopath\u201c geht. 0.10 Uhr ist \u201eDas Monster\u201c an der Reihe und \u201eDas Ende\u201c folgt dann um 1.10 Uhr.<\/li>\n<li>\u201eDenkm\u00e4ler der Ewigkeit\u201c ist der Titel einer Doku-Reihe auf <strong>Arte<\/strong> um 20.15 Uhr. Diesmal geht es um die jordanische Stadt <a href=\"https:\/\/www.arte.tv\/de\/videos\/047935-000-A\/denkmaeler-der-ewigkeit\/\" target=\"_blank\" rel=\"noopener\">\u201ePetra, Sch\u00f6nheit im Felsmassiv\u201c<\/a>.<\/li>\n<li>Drei ZDF-History-Beitr\u00e4ge laufen heute Abend bei <strong>Phoenix<\/strong> am St\u00fcck. Um 20.15 Uhr geht es zun\u00e4chst um <a href=\"https:\/\/www.phoenix.de\/sendungen\/dokumentationen\/zdf-history\/zdf-history-spaniens-krone-a-155782.html\" target=\"_blank\" rel=\"noopener\">\u201eSpaniens Krone\u201c<\/a>, dann um 21 Uhr um <a href=\"https:\/\/www.phoenix.de\/sendungen\/dokumentationen\/zdf-history\/zdf-history-russlands-krone-a-180292.html\" target=\"_blank\" rel=\"noopener\">\u201eRusslands Krone\u201c<\/a>, ehe um 21.45 Uhr die destruktive Arbeitsweise der Stasi untersucht wird: <a href=\"https:\/\/www.phoenix.de\/sendungen\/dokumentationen\/zdf-history\/zdf-history-operation-zersetzung-a-103640.html\" target=\"_blank\" rel=\"noopener\">\u201eOperation Zersetzung\u201c<\/a>.<\/li>\n<\/ul>\n<h2 id=\"sonntag8.juli\" style=\"text-align: center;\">Sonntag, 8. Juli<\/h2>\n<ul>\n<li>Um 19.30 Uhr nimmt Terra X im <strong>ZDF<\/strong> sich <a href=\"https:\/\/www.zdf.de\/dokumentation\/terra-x\/die-hannibal-expedition-100.html\" target=\"_blank\" rel=\"noopener\">\u201eDie Hannibal-Expedition \u2013 Legend\u00e4re Alpen\u00fcberquerung mit Kriegselefanten\u201c<\/a> vor. <em>\u201eHannibals Alpen\u00fcberquerung ist legend\u00e4r, \u00fcber welchen Pass er sein gigantisches Heer f\u00fchrte, ein R\u00e4tsel. Jetzt glauben Forscher, die Route anhand von Pferdemist beweisen zu k\u00f6nnen.\u201c<\/em><\/li>\n<\/ul>\n<h2 id=\"montag9.juli\" style=\"text-align: center;\">Montag, 9. Juli<\/h2>\n<ul>\n<li>Die Geschichte der Kriegsmarine schildet auf <a href=\"https:\/\/www.n-tv.de\/mediathek\/tvprogramm\/?date=2018-07-09\" target=\"_blank\" rel=\"noopener\"><strong>N-TV<\/strong><\/a> die Reihe \u201eGeheimwaffe auf See\u201c. Um 20.15 Uhr geht es um die \u201ePanzerschiffe\u201c und um 21.05 Uhr um \u201eKampfschiffe\u201c.<\/li>\n<li><a href=\"https:\/\/programm.ard.de\/TV\/ONE\/Programmkalender\/?sendung=28722740871633\" target=\"_blank\" rel=\"noopener\">\u201eDer Verdingbub\u201c<\/a> (BRD, CH 2011, Regie: Markus Imboden) ist ein Historiendrama, das die Armut und Ausbeutung von Kindern in der Schweiz am Ende des 19. Jahrunderts darstellt (<strong>One<\/strong>, 20.15 Uhr).<\/li>\n<li>In der Reihe \u201eGeheimnisvolle Orte\u201c geht es heute in der <strong>ARD<\/strong> um 23.20 Uhr um den <a href=\"http:\/\/www.daserste.de\/information\/reportage-dokumentation\/geheimnisvolle-orte\/sendung\/geheimnisvolle-orte-folge-4-134.html\" target=\"_blank\" rel=\"noopener\">\u201eTempelberg in Jerusalem\u201c<\/a>. <em>\u201eNirgendwo sonst sind Religion, Geschichte und Gegenwart so dramatisch miteinander verflochten wie hier: Der Tempelberg in Jerusalem, mythischer Ort der Menschheitsgeschichte, heiliger Ort f\u00fcr Juden, Christen und Muslime. Geliebt und umk\u00e4mpft, Brennpunkt des Nahost-Konflikts. Der Tempelberg ist der wichtigste Ort des Judentums und zugleich der drittheiligste Ort f\u00fcr Muslime. Erbittert wird darum gestritten, wer welche Anspr\u00fcche auf diesen Ort hat. Arch\u00e4ologen k\u00f6nnten zumindest helfen, religi\u00f6se Legende von verb\u00fcrgter Geschichte, historischen Fakten trennen. Sie f\u00fcrchten, dass Israel aus der biblischen j\u00fcdischen Vergangenheit des Ortes politische, religi\u00f6se und territoriale Anspr\u00fcche f\u00fcr die Gegenwart und die Zukunft ableitet. So wird jeder Stein, jeder Zugang bewacht und kontrolliert. Das Gel\u00e4nde umfasst nur 14 ha, aber er ist zugleich der gr\u00f6\u00dfte unbekannte antike Ort des Landes, meint der israelische Arch\u00e4ologe Ronny Reich.\u201c<\/em><\/li>\n<\/ul>\n<h2 id=\"dienstag10.juli\" style=\"text-align: center;\">Dienstag, 10. Juli<\/h2>\n<ul>\n<li>Die Frage <a href=\"https:\/\/programm.ard.de\/TV\/tagesschau24\/Programmkalender\/?sendung=28721798866413\" target=\"_blank\" rel=\"noopener\">\u201eIst das Kunst oder kann das weg?\u201c<\/a> ist klassisch. Sie ber\u00fchrt das Verh\u00e4ltnis von Schutzw\u00fcrdigkeit und Pragmatismus in Kunst und Kultur. Die Doku um 0.45 Uhr auf <strong>Tagesschau 24<\/strong> geht der Frage unter dem Blickwinkel \u201eDenkmalschutz im Saarland\u201c nach.<\/li>\n<\/ul>\n<h2 id=\"mittwoch11.juli\" style=\"text-align: center;\">Mittwoch, 11. Juli<\/h2>\n<p style=\"text-align: center;\">Heute eine Fehlanzeige.<\/p>\n<h2 id=\"donnerstag12.juli\" style=\"text-align: center;\">Donnerstag, 12. Juli<\/h2>\n<ul>\n<li><strong>ARD-alpha<\/strong> fragt nach der Modegeschichte \u00d6sterreichs. <a href=\"https:\/\/www.br.de\/fernsehen\/ard-alpha\/programmkalender\/ausstrahlung-1457678.html\" target=\"_blank\" rel=\"noopener\">\u201eDamals in \u00d6sterreich \u2013 Unsere Kleidung\u201c<\/a>, 21 Uhr. <em>\u201eDer hohe St\u00f6ckel war einst Kennzeichen der feinen Herren. Er entstand als Weiterentwicklung des Reiterstiefels. Frauen trugen damals noch keine hochhackigen Schuhe, aber daf\u00fcr gen\u00fcgend andere Kleidungsst\u00fccke, die unpraktisch und umst\u00e4ndlich anzuziehen waren. Das war wohl so auch gewollt: Der Tag der Frau sollte langweilig und unausgef\u00fcllt sein, das entsprach der gesellschaftlichen Stellung, die man ihr zubilligte. \u201aDamals in \u00d6sterreich\u2018 zeigt, wie sich die Kleidung und Mode in \u00d6sterreich \u00fcber die Jahrhunderte ver\u00e4ndert hat.\u201c<\/em> (Nachbemerkung: Scheint wegen einer Programm\u00e4nderung zu entfallen.)<\/li>\n<li>\u201eKleiner Mann \u2013 was nun?\u201c ist neben \u201eJeder stirbt f\u00fcr sich allein\u201c wohl der bekannteste Roman von Hans Fallada. Sein Leben als Doku um 23.05 Uhr im <strong>MDR<\/strong>: <a href=\"https:\/\/www.mdr.de\/tv\/programm\/sendung796638_date-2018-07-12_ipgctx-true_zc-f6718f3d.html\" target=\"_blank\" rel=\"noopener\">\u201eHans Fallada \u2013 Im Rausch des Schreibens\u201c<\/a>. Im Anschluss folgt um 23.55 Uhr die Verfilmung seines Romans <a href=\"https:\/\/www.mdr.de\/tv\/programm\/sendung796640_date-2018-07-12_ipgctx-true_zc-f6718f3d.html\" target=\"_blank\" rel=\"noopener\">\u201eAltes Herz geht auf die Reise\u201c<\/a> (DDR 1987, Regie: Hans Kn\u00f6tzsch).<\/li>\n<\/ul>\n<h2 id=\"freitag13.juli\" style=\"text-align: center;\">Freitag, 13. Juli<\/h2>\n<ul>\n<li><em>\u201eIm Fr\u00fchling 1968, als die Sowjetunion Osteuropa fest im Griff hatte, wagten die Tschechen und Slowaken gegen diese Vorherrschaft aufzubegehren. Doch das sowjetische Regime f\u00fchlte seine Macht in Frage gestellt und reagierte mit dem Einsatz von Panzern. In diesen dramatischen Monaten standen sich zwei M\u00e4nner gegen\u00fcber, deren faszinierendes Verh\u00e4ltnis zwischen Freundschaft und Knechtschaft angesiedelt war: Leonid Breschnew, der m\u00e4chtigste Mann des sowjetischen Imperiums, und Alexander Dubcek, der zutiefst menschliche Parteichef der Tschechoslowakei (CSSR).\u201c<\/em> <a href=\"https:\/\/www.br.de\/fernsehen\/ard-alpha\/programmkalender\/ausstrahlung-1457764.html\" target=\"_blank\" rel=\"noopener\">\u201ePrager Fr\u00fchling \u2013 Der letzte Coup des Sowjet-Imperiums\u201c<\/a>, <strong>ARD-alpha<\/strong>, 20.15 Uhr.<\/li>\n<li>Die Doku <a href=\"https:\/\/programm.ard.de\/TV\/tagesschau24\/Programmkalender\/?sendung=28721740835317\" target=\"_blank\" rel=\"noopener\">\u201eDer Tempelberg in Jerusalem\u201c<\/a> lief am Montag in der ARD und heute um 21.17 Uhr auf <strong>Tagesschau 24<\/strong>.<\/li>\n<\/ul>\n","protected":false},"excerpt":{"rendered":"<p>Ein ganzer Themenabend \u00fcber Adolf Hitler steht am Anfang der von mir getroffenen Auswahl an Geschichtssendungen der kommenden Woche. Ein Blick auf den \u201ePrager Fr\u00fchling\u201c vor 50 Jahren steht am Ende. Dazwischen erf\u00e4hrt man etwas \u00fcber Hannibals legend\u00e4re Elefantentour durch die Alpen, die Geschichte des Tempelbergs in Jerusalem, \u00fcber Denkmalschutz &#8230;<\/p>\n","protected":false},"author":10,"featured_media":0,"comment_status":"open","ping_status":"open","sticky":false,"template":"","format":"standard","meta":{"footnotes":""},"categories":[1],"tags":[],"class_list":["post-4355","post","type-post","status-publish","format-standard","hentry","category-allgemein"],"aioseo_notices":[],"_links":{"self":[{"href":"http:\/\/historikerkraus.de\/blog\/wp-json\/wp\/v2\/posts\/4355","targetHints":{"allow":["GET"]}}],"collection":[{"href":"http:\/\/historikerkraus.de\/blog\/wp-json\/wp\/v2\/posts"}],"about":[{"href":"http:\/\/historikerkraus.de\/blog\/wp-json\/wp\/v2\/types\/post"}],"author":[{"embeddable":true,"href":"http:\/\/historikerkraus.de\/blog\/wp-json\/wp\/v2\/users\/10"}],"replies":[{"embeddable":true,"href":"http:\/\/historikerkraus.de\/blog\/wp-json\/wp\/v2\/comments?post=4355"}],"version-history":[{"count":3,"href":"http:\/\/historikerkraus.de\/blog\/wp-json\/wp\/v2\/posts\/4355\/revisions"}],"predecessor-version":[{"id":4358,"href":"http:\/\/historikerkraus.de\/blog\/wp-json\/wp\/v2\/posts\/4355\/revisions\/4358"}],"wp:attachment":[{"href":"http:\/\/historikerkraus.de\/blog\/wp-json\/wp\/v2\/media?parent=4355"}],"wp:term":[{"taxonomy":"category","embeddable":true,"href":"http:\/\/historikerkraus.de\/blog\/wp-json\/wp\/v2\/categories?post=4355"},{"taxonomy":"post_tag","embeddable":true,"href":"http:\/\/historikerkraus.de\/blog\/wp-json\/wp\/v2\/tags?post=4355"}],"curies":[{"name":"wp","href":"https:\/\/api.w.org\/{rel}","templated":true}]}}