{"id":4350,"date":"2018-06-29T11:33:15","date_gmt":"2018-06-29T09:33:15","guid":{"rendered":"http:\/\/historikerkraus.de\/blog\/?p=4350"},"modified":"2018-06-28T11:35:35","modified_gmt":"2018-06-28T09:35:35","slug":"tv-vorschau-30-juni-6-juli-2018","status":"publish","type":"post","link":"http:\/\/historikerkraus.de\/blog\/2018\/06\/29\/tv-vorschau-30-juni-6-juli-2018\/","title":{"rendered":"TV-Vorschau 30. Juni \u2013 6. Juli 2018"},"content":{"rendered":"<p>DDR-Geschichte, historische Baudenkmale, Nazi-Raubkunst und ein ganzer Themenabend Arch\u00e4ologie geh\u00f6ren in der kommenden Woche zu den Geschichtssendungen des deutschen Fernsehens. Viel Spa\u00df bei der Auswahl.<!--more--><\/p>\n<h2 id=\"samstag30.juni\" style=\"text-align: center;\">Samstag, 30. Juni<\/h2>\n<ul>\n<li>DDR-Geschichte gibt es heute auf <strong>Tagesschau 24<\/strong>. Speziell geht es um die Wirtschaftspolitik unter Walter Ulbricht. Um 20.15 Uhr erfahren wir von <a href=\"https:\/\/programm.ard.de\/TV\/tagesschau24\/Programmkalender\/?sendung=28721734636543\" target=\"_blank\" rel=\"noopener\">\u201eUlbrichts Wirtschaftswunder \u2013 Wie die DDR den Westen \u00fcberholen wollte\u201c<\/a>. Um 21.02 Uhr folgt dann auf die Tr\u00e4ume die harte Wirklichkeit: <a href=\"https:\/\/programm.ard.de\/TV\/tagesschau24\/Programmkalender\/?sendung=28721734636560\" target=\"_blank\" rel=\"noopener\">\u201ePl\u00e4ne, Pech und Pleiten \u2013 Wirtschaft unter Ulbricht\u201c<\/a>. \u2014 Eine bundesdeutsche Botschaft in der DDR gab es aus formalrechtlichen Gr\u00fcnden nie, wohl aber seit 1974 eine \u201eSt\u00e4ndige Vertretung\u201c. Man betrieb sozusagen <a href=\"https:\/\/programm.ard.de\/TV\/tagesschau24\/Programmkalender\/?sendung=28721734636567\" target=\"_blank\" rel=\"noopener\">\u201eDiplomatie im Mauerschatten \u2013 Bonns Filiale in Ostberlin\u201c<\/a> (21.45 Uhr).<\/li>\n<li>In der Reihe \u201eDenkm\u00e4ler der Ewigkeit\u201c pr\u00e4sentiert um 20.15 Uhr <strong>Arte<\/strong> die <a href=\"https:\/\/www.arte.tv\/de\/videos\/047933-000-A\/denkmaeler-der-ewigkeit\/\" target=\"_blank\" rel=\"noopener\">\u201eHagia Sophia\u201c<\/a>. <em>\u201eIhre massive Silhouette \u00fcberragt seit fast 1.500 Jahren Istanbul: Die im 6. Jahrhundert errichtete Basilika Hagia Sophia. Als Kirche gebaut und 1453 zur Moschee umgewandelt, wurde sie 1934 auf Entscheidung Atat\u00fcrks hin zum Museum. Der Dokumentarfilm erz\u00e4hlt die bewegte Geschichte des imposanten Bauwerks, in dem christliche und islamische Elemente zusammenflie\u00dfen.\u201c<\/em><\/li>\n<li><strong>Phoenix<\/strong> sendet um 22.30 Uhr die Doku <a href=\"https:\/\/www.phoenix.de\/sendungen\/dokumentationen\/fritz-bauer-a-280207.html\" target=\"_blank\" rel=\"noopener\">\u201eFritz Bauer \u2013 Tod auf Raten\u201c<\/a>, \u00fcber den Frankfurter Staatsanwalt, ohne den die deutsche NS-Aufarbeitung noch lange verschleppt worden w\u00e4re. \u2014 Und um 23.15 Uhr wiederholt der Sender den ZDF-History-Beitrag vom vergangenen Sonntag <a href=\"https:\/\/www.phoenix.de\/sendungen\/dokumentationen\/zdf-history\/nero-a-273567.html\" target=\"_blank\" rel=\"noopener\">\u201eNero \u2013 Killer auf dem Kaiserthron?\u201c<\/a>.<\/li>\n<\/ul>\n<h2 id=\"sonntag1.juli\" style=\"text-align: center;\">Sonntag, 1. Juli<\/h2>\n<ul>\n<li>Sie kennen das F\u00fcrst P\u00fcckler-Eis oder die F\u00fcrst P\u00fcckler-Torte? Lecker. Terra X stellt um 19.30 Uhr im <strong>ZDF<\/strong> den Namengeber vor: <a href=\"https:\/\/www.zdf.de\/dokumentation\/terra-x\/playboy-pascha-visionaer-doku-ueber-fuerst-pueckler-muskau-100.html\" target=\"_blank\" rel=\"noopener\">\u201eF\u00fcrst P\u00fcckler\u201c<\/a>. Soviel sei verraten: F\u00fcrst Hermann von P\u00fcckler-Muskau war ein erfolgreicher Schriftsteller, charmanter Verf\u00fchrer und vor allem ein genialer Parkgestalter.<\/li>\n<li>Die Nazis und die Kunst \u2013 <strong>Tagesschau 24<\/strong> widmet sich diesem Thema mit drei Dokus. Um 20.15 Uhr geht es los mit <a href=\"https:\/\/programm.ard.de\/TV\/tagesschau24\/Programmkalender\/?sendung=28721734634299\" target=\"_blank\" rel=\"noopener\">\u201eUnter dem Hammer der Nazis \u2013 Die geheimen Akten des Adolf W.\u201c<\/a>. <em>\u201eM\u00e4rz, 2013: Im Keller des M\u00fcnchner Auktionshauses Neumeister wird ein sensationeller Fund gemacht: 44 Versteigerungskataloge von 1936 bis 1944. Es sind die pers\u00f6nlichen Exemplare des Auktionators Adolf Weinm\u00fcller. Darin enthalten: seine handschriftlichen Anmerkungen zu \u00fcber 33.000 versteigerten Objekten. Katrin Stoll, die Inhaberin des Auktionshauses Neumeister, ahnt: \u201aWir haben eine Leiche im Keller gefunden.\u2018 70 Jahre nach dem Ende des Zweiten Weltkriegs will die mutige Frau mit Hilfe der Unterlagen Licht in das System Kunstraub bringen und Transparenz schaffen. Die detektivische Arbeit beginnt.\u201c<\/em> \u2014 Das Thema Provenienzforschung ist seit dem medial Aufsehen erregenden Fall Gurlitt auch einer breiteren \u00d6ffentlichkeit ein Begriff. Die Doku <a href=\"https:\/\/programm.ard.de\/TV\/tagesschau24\/Programmkalender\/?sendung=28721734634369\" target=\"_blank\" rel=\"noopener\">\u201eEntartet, Enteignet, Entdeckt \u2013 Die Spur der verschwundenen Bilder\u201c<\/a> erinnert an den Fall Gurlitt, denn: <em>\u201eDie Kunst war kein Nebenschauplatz des Zweiten Weltkriegs \u2013 Hitlers Krieg war auch ein Krieg um wertvolle Bilder. Das hat der Fall Gurlitt ins Bewusstsein geholt.\u201c<\/em> \u2014 <em>\u201eKnapp 6.500 Kunstwerke liegen am Ende des Zweiten Weltkriegs im Salzbergwerk Altaussee, darunter unz\u00e4hlige Meisterwerke der europ\u00e4ischen Kunstgeschichte. Ganz Europa hatte Hitler daf\u00fcr pl\u00fcndern lassen \u2013 doch als der Krieg verloren zu gehen drohte, die Alliierten immer n\u00e4her r\u00fcckten und Hitler den Befehl gab, dem Feind nichts Wertvolles zu \u00fcberlassen, lie\u00df der fanatische Gauleiter August Eigruber das Bergwerk zur Sprengung vorbereiten. In der Form eines Whodunit sucht die Dokumentation nach Antworten: Wer waren die Retter des Kunstschatzes in Altaussee? Was waren ihre Motive?\u201c<\/em> <a href=\"https:\/\/programm.ard.de\/TV\/tagesschau24\/Programmkalender\/?sendung=28721734634397\" target=\"_blank\" rel=\"noopener\">\u201eHitlers Schatz im Berg\u201c<\/a>, 21.45 Uhr.<\/li>\n<li>Der <strong>MDR<\/strong> portr\u00e4tiert um 22 Uhr die Ehefrau von Walter, <a href=\"https:\/\/www.mdr.de\/tv\/programm\/sendung796126_date-2018-07-01_ipgctx-true_zc-53b02c72.html\" target=\"_blank\" rel=\"noopener\">\u201eLotte Ulbricht \u2013 Zwischen Parteidisziplin und Mutterrolle\u201c<\/a>. \u2014 Anschlie\u00dfend werden die beiden Ersten Sekret\u00e4re der SED, Walter Ulbricht und Erich Honecker vor- und einander gegen\u00fcber gestellt: <a href=\"https:\/\/www.mdr.de\/tv\/programm\/sendung796128_date-2018-07-01_ipgctx-true_zc-53b02c72.html\" target=\"_blank\" rel=\"noopener\">\u201eDie Sekret\u00e4re \u2013 Walter Ulbricht und Erich Honecker\u201c<\/a> (22.45 Uhr).<\/li>\n<li>Aus der Reihe \u201eGeschichte im Ersten\u201c ist um 22 Uhr auf <strong>RBB<\/strong> der Beitrag <a href=\"https:\/\/www.rbb-online.de\/fernsehen\/programm\/01_07_2018\/735009715.html\" target=\"_blank\" rel=\"noopener\">\u201eFr\u00fchjahr 48\u201c<\/a> zu sehen. <em>\u201eSchon drei Jahre nach dem Zweiten Weltkrieg steht Europa wieder vor einer Herausforderung: Kann der Kontinent endlich Frieden finden? Bei den Alliierten zeigt sich nach 45 sehr schnell wieder die alte Feindschaft zwischen der Sowjetunion und den Vereinigten Staaten. Ost und West, Kommunismus und Kapitalismus trennen Europa und Deutschland. Im Fr\u00fchjahr 48 wird in Prag ein Putsch gegen das Regime gewaltsam niedergeschlagen. In Jugoslawien bricht Tito mit Stalin und so auch mit der Sowjetunion. Die Berlinkrise wird zur Machtprobe zwischen den beiden Weltm\u00e4chten.\u201c<\/em><\/li>\n<li>Zum 50. Todestag von Fritz Bauer ist im <a href=\"https:\/\/www.swrfernsehen.de\/tv-programm\/-\/id=3160\/date=20180701\/17etf12\/index.html\" target=\"_blank\" rel=\"noopener\"><strong>SWR<\/strong><\/a> um 0.45 Uhr das Fernsehspiel \u201eDie Akte General\u201c (BRD 2016, Regie: Stephan Wagner) zu sehen (gibt\u2018s auch morgen im NDR).<\/li>\n<\/ul>\n<h2 id=\"montag2.juli\" style=\"text-align: center;\">Montag, 2. Juli<\/h2>\n<ul>\n<li><a href=\"https:\/\/www.n-tv.de\/mediathek\/tvprogramm\/?date=2018-07-02\" target=\"_blank\" rel=\"noopener\"><strong>N-TV<\/strong><\/a> beginnt den Abend mit zwei Beitr\u00e4gen der Reihe \u201eGeheimwaffe auf See\u201c. Um 20.15 Uhr geht es um den \u201eD-Day\u201c, den Tag der Landung der Alliierten in der Normandie 1944. Um 21.05 Uhr folgt ein Film \u00fcber \u201eSchiffe aus Holz\u201c. <em>\u201eDie Dokumentation f\u00fchrt vor Augen, wie diese Bauweise historische Schlachten beeinflusst hat und enth\u00fcllt ihre anspruchsvolle Kriegsmaschinerie, die sich st\u00e4ndig an neue Technologien anpasst. Anhand verschiedener historischer Momente wird die Rolle der alten Kampfschiffe in der Kriegsf\u00fchrung bis ins 20. Jahrhundert thematisiert.\u201c<\/em> \u2014 Sp\u00e4ter geht es weiter mit \u201eNazi-Geheimnissen\u201c: \u201eHimmlers dunkle Macht\u201c (22.10 Uhr), \u201eHitler und der Papst\u201c (23.05 Uhr) und schlie\u00dflich \u201eHitlers okkulter Wahn\u201c (0.10 Uhr).<\/li>\n<li>Sport und Nationalsozialismus ist das Thema heute Abend auf <strong>Phoenix<\/strong>. Zun\u00e4chst l\u00e4uft um 20.15 Uhr die Doku <a href=\"https:\/\/www.phoenix.de\/sendungen\/dokumentationen\/helden-der-propaganda-a-274362.html\" target=\"_blank\" rel=\"noopener\">\u201eHelden der Propaganda\u201c<\/a>. <em>\u201eMit Hilfe von Publikumslieblingen wollte Hitler die nationalsozialistische Ideologie in den Herzen der Menschen verankern. Besonders Spitzensportler wie den Boxer Max Schmeling oder den Bergsteiger Heinrich Harrer machte er zu n\u00fctzlichen Idolen \u2013 ob sie wollten oder nicht. Die Dokumentation beleuchtet, wie die Athleten von einem verbrecherischen Regime zum Vorbild erkoren und zum Star gemacht wurden.\u201c<\/em> \u2014 Um 21 Uhr folgt ein Blick auf <a href=\"https:\/\/www.phoenix.de\/sendungen\/dokumentationen\/das-berliner-olympiastadion-a-274372.html\" target=\"_blank\" rel=\"noopener\">\u201eDas Berliner Olympiastadion\u201c<\/a>. <em>\u201e1936 f\u00fcr die Sommerspiele errichtet, ist die Sportst\u00e4tte als ein Relikt des NS-Reichs historisch belastet. Nach 1945 spionierten von hier aus britische Agenten.\u201c<\/em><\/li>\n<li><strong>ARD-alpha<\/strong> widmet sich heute Abend der Arch\u00e4ologie. Um 20.15 Uhr mit <a href=\"https:\/\/www.br.de\/fernsehen\/ard-alpha\/programmkalender\/ausstrahlung-1450524.html\" target=\"_blank\" rel=\"noopener\">\u201eTroja und der Schatz des Priamos\u201c<\/a>. <em>\u201eDer Depotfund auf der Anh\u00f6he von Hisarlik in der heutigen T\u00fcrkei ist f\u00fcr Heinrich Schliemann der Beweis: Das sagenumwobene Troja, jene Stadt, die Homer in seiner Ilias beschrieb, hat existiert! Und er hat den heiligen Ort gefunden! Troja und der \u201eSchatz des Priamos\u201c \u2013 eine Geschichte voller R\u00e4tsel, Irrt\u00fcmer und Legenden.\u201c<\/em> \u2014 Im Anschluss folgt ein Gespr\u00e4ch mit dem Arch\u00e4ologen Prof. Dr. Hermann Parzinger, dem Pr\u00e4sidenten der Stiftung Preu\u00dfischer Kulturbesitz. <a href=\"https:\/\/www.br.de\/fernsehen\/ard-alpha\/programmkalender\/ausstrahlung-1450526.html\" target=\"_blank\" rel=\"noopener\">\u201eWissen im Fluss\u201c<\/a> (21 Uhr). \u2014 Den Themenabend beendet schlie\u00dflich ein Beitrag \u00fcber <a href=\"https:\/\/www.br.de\/fernsehen\/ard-alpha\/programmkalender\/ausstrahlung-1450528.html\" target=\"_blank\" rel=\"noopener\">\u201eDie versch\u00fcttete Hochkultur \u2013 Tempelstadt Naga\u201c<\/a> um 21.45 Uhr.<\/li>\n<li>Die Geschichte vom Frankfurter Generalstaatsanwalt Fritz Bauer, der sich gegen die alten Nazi-Seilschaften durchsetzte und die bundesdeutsche Justiz zur Aufarbeitung der NS-Vergangenheit zwang, wurde bereits mehrfach verfilmt. Der <strong>NDR<\/strong> zeigt um 23.30 Uhr den Film <a href=\"https:\/\/www.ndr.de\/fernsehen\/sendungen\/Die-Akte-General,sendung794374.html\" target=\"_blank\" rel=\"noopener\">\u201eDie Akte General\u201c<\/a> (BRD 2016, Regie: Stephan Wagner) mit Ulrich Noethen in der Hauptrolle.<\/li>\n<li><em>\u201eHohenlychen, 80 Kilometer n\u00f6rdlich von Berlin. Villen und H\u00e4user im Fachwerkstil, hoch \u00fcber dem Zenssee. Pracht im Verfall begriffen. Prunkvolle Treppenaufg\u00e4nge, Hunderte von Zimmern und S\u00e4len. Mitte des letzten Jahrhunderts geh\u00f6rte Hohenlychen zu den Orten, wo sich die nationale und internationale Prominenz der Welt traf. Hohenlychen versprach Genesung, Entspannung und erstklassige medizinische Betreuung, ein kleines Davos mitten in der Mark Brandenburg. In der Zeit des Nationalsozialismus zogen sich Rudolf Hess und Albert Speer ausgelaugt und ersch\u00f6pft immer wieder nach Hohenlychen zur\u00fcck, deutsche Sportler bereiteten sich hier auf die Olympischen Spiele 1936 vor.\u201c<\/em> <a href=\"http:\/\/www.daserste.de\/information\/reportage-dokumentation\/geheimnisvolle-orte\/sendung\/geheimnisvolle-orte-folge-3-112.html\" target=\"_blank\" rel=\"noopener\">\u201eHohenlychen\u201c<\/a> aus der Reihe \u201eGeheimnisvolle Orte\u201c um 0.30 Uhr in der <strong>ARD<\/strong> .<\/li>\n<\/ul>\n<h2 id=\"dienstag3.juli\" style=\"text-align: center;\">Dienstag, 3. Juli<\/h2>\n<ul>\n<li>Eine Arch\u00e4ologin f\u00fchrt durch Mexiko. <a href=\"https:\/\/www.br.de\/fernsehen\/ard-alpha\/programmkalender\/ausstrahlung-1450614.html\" target=\"_blank\" rel=\"noopener\">\u201eDie Maya-Route\u201c<\/a> um 20.15 Uhr auf <strong>ARD-alpha<\/strong>. \u2014 Von dort geht es ins alte \u00c4gypten. <a href=\"https:\/\/www.br.de\/fernsehen\/ard-alpha\/programmkalender\/ausstrahlung-1450616.html\" target=\"_blank\" rel=\"noopener\">\u201ePharaos Haustiere \u2013 Begleiter ins Jenseits\u201c<\/a> ist das Thema der Doku um 21 Uhr. \u2014 Im 19. Jahrhundert hat die \u00c4gypten-Faszination auch in Deutschland um sich gegriffen, wie der Beitrag <a href=\"https:\/\/www.br.de\/fernsehen\/ard-alpha\/programmkalender\/ausstrahlung-1450618.html\" target=\"_blank\" rel=\"noopener\">\u201eVorbild \u00c4gypten \u2013 Mumien in Europa?\u201c<\/a> der Reihe \u201eXenius\u201c um 21.50 Uhr zeigt.<\/li>\n<\/ul>\n<h2 id=\"mittwoch4.juli\" style=\"text-align: center;\">Mittwoch, 4. Juli<\/h2>\n<ul>\n<li><strong>Phoenix<\/strong> stellt um 20.15 Uhr <a href=\"https:\/\/programm.ard.de\/TV\/Programm\/Sender\/?sendung=28725771818697\" target=\"_blank\" rel=\"noopener\">\u201eDas KaDeWe\u201c<\/a> vor. <em>\u201eGerade das KaDeWe in Berlin spiegelt wie kaum ein anderer Ort der Stadt die Kulturgeschichte der Neuzeit und wechselvolle Zeitgeschichte des 20. Jahrhunderts wider.\u201c<\/em><\/li>\n<li>\u201eDie Maya-Route\u201c f\u00fchrt um 20.15 Uhr auf <strong>ARD-alpha<\/strong> nach <a href=\"https:\/\/www.br.de\/fernsehen\/ard-alpha\/programmkalender\/ausstrahlung-1450704.html\" target=\"_blank\" rel=\"noopener\">\u201eGuatemala\u201c<\/a> und zeigt uns die Verbindung von Vergangenheit und Gegenwart dieser alten Kultur.<\/li>\n<li>Ein vergessenes Kapitel in der DDR-Geschichte erz\u00e4hlt um 21.02 Uhr <strong>Tagesschau 24<\/strong>. <em>\u201eEine Geschichte, die so noch nie erz\u00e4hlt worden ist. Es geht um Kinder, den lieben Gott und Rebellion. Ein real existierendes Abenteuer inmitten der sozialistischen Ordnung: Kirchliche Kinderheime in der DDR. Sie existierten im Verborgenen, in einer Schattenwelt. Nur die Heimkinder selbst und deren Erzieher k\u00f6nnen mehr von ihnen erz\u00e4hlen.\u201c<\/em> <a href=\"https:\/\/programm.ard.de\/TV\/tagesschau24\/Programmkalender\/?sendung=28721734635053\" target=\"_blank\" rel=\"noopener\">\u201eDie vergessenen Kinderheime in der DDR\u201c<\/a>.<\/li>\n<\/ul>\n<h2 id=\"donnerstag5.juli\" style=\"text-align: center;\">Donnerstag, 5. Juli<\/h2>\n<ul>\n<li>Heute f\u00fchrt \u201eDie Maya-Route\u201c nach <a href=\"https:\/\/www.br.de\/fernsehen\/ard-alpha\/programmkalender\/ausstrahlung-1450798.html\" target=\"_blank\" rel=\"noopener\">\u201eBelize\u201c<\/a> und zeigt die dortigen Verbindungen zur alten Maya-Kultur (<strong>ARD-alpha<\/strong>, 20.15 Uhr). \u2014 Um 21 Uhr lernen wir, wie und was man zu Kaisers Zeiten in der KuK-Monarchie gegessen hat: <a href=\"https:\/\/www.br.de\/fernsehen\/ard-alpha\/programmkalender\/ausstrahlung-1450800.html\" target=\"_blank\" rel=\"noopener\">\u201eDamals in \u00d6sterreich \u2013 Unsere Ern\u00e4hrung\u201c<\/a>.<\/li>\n<\/ul>\n<h2 id=\"freitag6.juli\" style=\"text-align: center;\">Freitag, 6. Juli<\/h2>\n<ul>\n<li>Auf <strong>ARD-alpha<\/strong> laufen die beiden letzten Folgen der Reihe \u201eAntike Mega-Bauwerke\u201c. Um 20.15 Uhr <a href=\"https:\/\/www.br.de\/fernsehen\/ard-alpha\/programmkalender\/ausstrahlung-1450886.html\" target=\"_blank\" rel=\"noopener\">\u201eMachu Picchu\u201c<\/a> und um 21.05 Uhr <a href=\"https:\/\/www.br.de\/fernsehen\/ard-alpha\/programmkalender\/ausstrahlung-1450888.html\" target=\"_blank\" rel=\"noopener\">\u201eSt. Paul\u2019s Cathedral\u201c<\/a>.<\/li>\n<li><a href=\"https:\/\/programm.ard.de\/TV\/tagesschau24\/Programmkalender\/?sendung=28721734633710\" target=\"_blank\" rel=\"noopener\">\u201eHohenlychen \u2013 Das Sanatorium der Nazis\u201c<\/a> \u2013 die Wiederholung der ARD-Doku vom Montag l\u00e4uft auf <strong>Tagesschau 24<\/strong> um 21.17 Uhr.<\/li>\n<\/ul>\n","protected":false},"excerpt":{"rendered":"<p>DDR-Geschichte, historische Baudenkmale, Nazi-Raubkunst und ein ganzer Themenabend Arch\u00e4ologie geh\u00f6ren in der kommenden Woche zu den Geschichtssendungen des deutschen Fernsehens. Viel Spa\u00df bei der Auswahl.<\/p>\n","protected":false},"author":10,"featured_media":0,"comment_status":"open","ping_status":"open","sticky":false,"template":"","format":"standard","meta":{"footnotes":""},"categories":[1],"tags":[],"class_list":["post-4350","post","type-post","status-publish","format-standard","hentry","category-allgemein"],"aioseo_notices":[],"_links":{"self":[{"href":"http:\/\/historikerkraus.de\/blog\/wp-json\/wp\/v2\/posts\/4350","targetHints":{"allow":["GET"]}}],"collection":[{"href":"http:\/\/historikerkraus.de\/blog\/wp-json\/wp\/v2\/posts"}],"about":[{"href":"http:\/\/historikerkraus.de\/blog\/wp-json\/wp\/v2\/types\/post"}],"author":[{"embeddable":true,"href":"http:\/\/historikerkraus.de\/blog\/wp-json\/wp\/v2\/users\/10"}],"replies":[{"embeddable":true,"href":"http:\/\/historikerkraus.de\/blog\/wp-json\/wp\/v2\/comments?post=4350"}],"version-history":[{"count":3,"href":"http:\/\/historikerkraus.de\/blog\/wp-json\/wp\/v2\/posts\/4350\/revisions"}],"predecessor-version":[{"id":4353,"href":"http:\/\/historikerkraus.de\/blog\/wp-json\/wp\/v2\/posts\/4350\/revisions\/4353"}],"wp:attachment":[{"href":"http:\/\/historikerkraus.de\/blog\/wp-json\/wp\/v2\/media?parent=4350"}],"wp:term":[{"taxonomy":"category","embeddable":true,"href":"http:\/\/historikerkraus.de\/blog\/wp-json\/wp\/v2\/categories?post=4350"},{"taxonomy":"post_tag","embeddable":true,"href":"http:\/\/historikerkraus.de\/blog\/wp-json\/wp\/v2\/tags?post=4350"}],"curies":[{"name":"wp","href":"https:\/\/api.w.org\/{rel}","templated":true}]}}