{"id":4341,"date":"2018-06-08T12:01:51","date_gmt":"2018-06-08T10:01:51","guid":{"rendered":"http:\/\/historikerkraus.de\/blog\/?p=4341"},"modified":"2018-06-07T10:03:41","modified_gmt":"2018-06-07T08:03:41","slug":"tv-vorschau-9-15-juni-2018","status":"publish","type":"post","link":"http:\/\/historikerkraus.de\/blog\/2018\/06\/08\/tv-vorschau-9-15-juni-2018\/","title":{"rendered":"TV-Vorschau 9. \u2013 15. Juni 2018"},"content":{"rendered":"<p>Kulutrgeschichte des Urlaubs, geheimnisvolle Orte, eine Katastrophe in Plauen vor 100 Jahren, die Geschichte des Rheingaus und einige biografische Dokus pr\u00e4gen das Geschichtsprogramm der kommenden Woche. Viel Spa\u00df bei der Auswahl.<!--more--><\/p>\n<h2 id=\"samstag9.juni\" style=\"text-align: center;\">Samstag, 9. Juni<\/h2>\n<ul>\n<li>Am vergangenen Sonntag haben wir\u2018s im ZDF erfahren, heute erinnert <strong>Phoenix<\/strong> um 21.45 Uhr noch einmal daran: Mallorca ist eine beliebte Urlaubsinsel. Auch Rentner zieht es, wenn es die finanziellen M\u00f6glichkeiten erlauben, gerne f\u00fcr l\u00e4nger auf die Insel. Deutsche bilden dort eine gro\u00dfe Kolonie. Die ZDF-History-Doku geht diesem Verh\u00e4ltnis nach, das lange zur\u00fcck reicht. <a href=\"https:\/\/www.phoenix.de\/sendungen\/dokumentationen\/zdf-history\/mallorca---eine-deutsche-liebe-a-250907.html\" target=\"_blank\" rel=\"noopener\">\u201eMallorca \u2013 Eine deutsche Liebe\u201c<\/a>.<\/li>\n<\/ul>\n<h2 id=\"sonntag10.juni\" style=\"text-align: center;\">Sonntag, 10. Juni<\/h2>\n<ul>\n<li>Aus der Reihe \u201eGeschichte im Ersten\u201c sendet <strong>Tagesschau 24<\/strong> um 20.15 Uhr den Beitrag <a href=\"https:\/\/programm.ard.de\/TV\/tagesschau24\/Programmkalender\/?sendung=28721711048357\" target=\"_blank\" rel=\"noopener\">\u201eDer Mossad, die Nazis und die Raketen\u201c<\/a>. <em>\u201eDie Rakete steigt steil in die H\u00f6he \u00fcber der W\u00fcste. \u00c4gyptens Pr\u00e4sident Gamal Abdel Nasser ist zufrieden. Deutsche Experten sichern ihm einen ungeheuren Propaganda-Erfolg und Prestige-Gewinn. Diese Waffen, so verk\u00fcndet Nasser, k\u00f6nnten bis nach Israel fliegen. Nur zwei Tage sp\u00e4ter, am 23. Juli 1962, werden der Welt\u00f6ffentlichkeit in Kairo weitere Raketen auf einer Parade pr\u00e4sentiert. In Jerusalem schrillen die Alarmglocken. Alarmiert durch Aktionen des Mossad, versucht der israelische Vize-Verteidigungsminister Shimon Peres gemeinsam mit seinem deutschen Amtskollegen Franz-Josef Strau\u00df die Situation zu entsch\u00e4rfen.\u201c<\/em><\/li>\n<li>Um 21.40 Uhr erkl\u00e4rt <strong>Arte<\/strong> den <a href=\"https:\/\/www.arte.tv\/de\/videos\/057458-000-A\/mythos-einstein-leben-und-werk-eines-rebellen\/\" target=\"_blank\" rel=\"noopener\">\u201eMythos Einstein \u2013 Leben und Werk eines Rebellen\u201c<\/a>. <em>\u201eAlbert Einstein ist ein Popstar der Wissenschaft, um den sich etliche Legenden ranken. Erst posthum treten mit der Herausgabe privater Dokumente die nicht nur strahlenden Seiten des Jahrhundert-Genies ans Licht. Wer war dieser Mann, der wie kein anderer Triumph und Tragik des 20. Jahrhunderts verk\u00f6rpert hat? Und was hat er uns heute noch zu sagen?\u201c<\/em><\/li>\n<li><strong>ZDF<\/strong>-History erz\u00e4hlt um 23.45 Uhr <a href=\"https:\/\/www.zdf.de\/dokumentation\/zdf-history\/wir-sind-dann-mal-weg---die-geschichte-unseres-urlaubs-100.html\" target=\"_blank\" rel=\"noopener\">\u201eDie Geschichte unseres Urlaubs\u201c<\/a>. <em>\u201eDie Deutschen lieben es, auf Reisen zu gehen \u2013 von Sylt bis Sydney sind sie unterwegs. Aber woran liegt das? Woher r\u00fchrt das Fernweh? Und wie hat das Reisen die Deutschen ver\u00e4ndert?\u201c<\/em><\/li>\n<\/ul>\n<h2 id=\"montag11.juni\" style=\"text-align: center;\">Montag, 11. Juni<\/h2>\n<ul>\n<li>DDR-Geschichte auf <strong>Phoenix<\/strong>. Um 20.15 Uhr gibt es aus der Reihe \u201eGeheimnisvolle Orte\u201c die Doku <a href=\"https:\/\/www.phoenix.de\/sendungen\/dokumentationen\/geheimnisvolle-orte-a-252566.html\" target=\"_blank\" rel=\"noopener\">\u201eMukran \u2013 Honeckers Superhafen\u201c<\/a> und um 21 Uhr folgt aus der Reihe \u201eGeschichte Mitteldeutschlands\u201c der Beitrag <a href=\"https:\/\/www.phoenix.de\/sendungen\/dokumentationen\/geschichte-mitteldeutschlands-a-210872.html\" target=\"_blank\" rel=\"noopener\">\u201eSchalck-Golodkowski und die Pleite der DDR\u201c<\/a>.<\/li>\n<li>Auf <a href=\"https:\/\/www.n-tv.de\/mediathek\/tvprogramm\/?date=2018-06-11\" target=\"_blank\" rel=\"noopener\"><strong>N-TV<\/strong><\/a> werden zwei \u201eMega-Projekte der Nazis\u201c vorgestellt. Um 22.10 Uhr \u201eHitlers Luftwaffe\u201c und um 23.05 Uhr \u201eHitlers italienische Festung\u201c.<\/li>\n<\/ul>\n<h2 id=\"dienstag12.juni\" style=\"text-align: center;\">Dienstag, 12. Juni<\/h2>\n<ul>\n<li><a href=\"https:\/\/www.rbb-online.de\/fernsehen\/programm\/12_06_2018\/711273350.html\" target=\"_blank\" rel=\"noopener\">\u201eDer Flughafen Berlin-Tempelhof \u2013 Airport mit Geschichte\u201c<\/a> wird auf <strong>RBB<\/strong> um 20.15 Uhr in der Reihe \u201eGeheimnisvolle Orte\u201c vorgestellt.<\/li>\n<li>Ein Blick zur\u00fcck in hessische Geschichte bietet um 21.45 Uhr der <strong>HR<\/strong>: <a href=\"https:\/\/www.hr-fernsehen.de\/tv-programm\/so-war-das-alte-hessen---rheingau,sendung-35458.html\" target=\"_blank\" rel=\"noopener\">\u201eSo war das alte Hessen \u2013 Rheingau\u201c<\/a>.<\/li>\n<\/ul>\n<h2 id=\"mittwoch13.juni\" style=\"text-align: center;\">Mittwoch, 13. Juni<\/h2>\n<ul>\n<li>Heute besucht <strong>Phoenix<\/strong> zwei \u201eGeheimnisvolle Orte\u201c. Um 20. 15 Uhr den <a href=\"https:\/\/www.phoenix.de\/sendungen\/dokumentationen\/geheimnisvolle-orte-a-211307.html\" target=\"_blank\" rel=\"noopener\">\u201e Aachener Dom\u201c<\/a> und um 21 Uhr kommt <a href=\"https:\/\/programm.ard.de\/TV\/Programm\/Sender\/?sendung=28725711396008\" target=\"_blank\" rel=\"noopener\">\u201eDer K\u00f6lner Dom\u201c<\/a> dran.<\/li>\n<li>In der Reihe \u201eDie Spur der Ahnen\u201c sendet der <strong>MDR<\/strong> den Beitrag <a href=\"https:\/\/www.mdr.de\/tv\/programm\/sendung-299652_date-2018-06-13_ipgctx-true_zc-329ff452.html\" target=\"_blank\" rel=\"noopener\">\u201eTod in den Flammen \u2013 Plauen 1918\u201c<\/a> (21.15 Uhr). <em>\u201eGenau 100 Jahre ist es jetzt her, da ereignete sich in Plauen ein gro\u00dfes Ungl\u00fcck: Am 19.Juli 1918 fliegt die Kartuschieranstalt in die Luft. 292 Menschen rei\u00dft das Ungl\u00fcck in den Tod \u2013 haupts\u00e4chlich Frauen und M\u00e4dchen. In der Kartuschieranstalt werden Pulvers\u00e4ckchen gesteppt \u2013 Waffennachschub f\u00fcr die Front. [\u2026] Wer waren die Frauen und M\u00e4dchen, die damals ums Leben kamen? [\u2026] Gibt es \u00fcberhaupt noch Nachfahren von all den Opfern? Wurden die Familien entsch\u00e4digt? Wer war schuld an dieser Katastrophe? Wie kam es zu dem Brand?\u201c<\/em><\/li>\n<li>Der <strong>WDR<\/strong> beleuchtet um 22.55 Uhr das Jahr <a href=\"https:\/\/www1.wdr.de\/fernsehen\/wdr-dok\/sendungen\/achtundsechzig-zeit-der-revolten-100.html\" target=\"_blank\" rel=\"noopener\">\u201e68 \u2013 Zeit der Revolten\u201c<\/a>. <em>\u201e\u201a68\u2018 steht als Chiffre f\u00fcr eine bewegte Zeit, die bis heute heftige Emotionen weckt, f\u00fcr einen Wendepunkt nicht nur in den westlichen Gesellschaften.\u201c<\/em><\/li>\n<\/ul>\n<h2 id=\"donnerstag14.juni\" style=\"text-align: center;\">Donnerstag, 14. Juni<\/h2>\n<ul>\n<li>Im <strong>MDR<\/strong> sind zwei Biografien zu sehen. Um 23.05 Uhr <a href=\"https:\/\/www.mdr.de\/tv\/programm\/sendung-299996_date-2018-06-14_ipgctx-true_zc-321e440e.html\" target=\"_blank\" rel=\"noopener\">\u201eFriedrich Wolf \u2013 Kommunist und Lebemann\u201c<\/a> und um 23.35 Uhr <a href=\"https:\/\/www.mdr.de\/tv\/programm\/sendung794206_date-2018-06-14_ipgctx-true_zc-321e440e.html\" target=\"_blank\" rel=\"noopener\">\u201eChe: der private Blick\u201c<\/a>. <em>\u201eDer franz\u00f6sische Autor und Dramaturg Alain Foix, Verfasser der k\u00fcrzlich erschienen Biografie \u201aChe Guevara\u2018, und der deutsche Historiker Michael Zeuske, Professor f\u00fcr lateinamerikanische und karibische Geschichte, schildern ihre Sicht zu Che als Menschen, Rebellen und Staatsmann. Am 14. Juni 1928, wurde Che Guevara in Rosario, Argentinien geboren, genau 90 Jahre danach, am 14. Juni 2018 um 23:35 Uhr sendet der Mitteldeutsche Rundfunk eine TV Dokumentation \u00fcber diesen ungew\u00f6hnlichen Rebellen.\u201c<\/em><\/li>\n<\/ul>\n<h2 id=\"freitag15.juni\" style=\"text-align: center;\">Freitag, 15. Juni<\/h2>\n<ul>\n<li><strong>ARD-alpha<\/strong> pr\u00e4sentiert \u201eAntike Mega-Bauwerke\u201c. Um 20.15 Uhr <a href=\"https:\/\/www.br.de\/fernsehen\/ard-alpha\/programmkalender\/ausstrahlung-1429694.html\" target=\"_blank\" rel=\"noopener\">\u201eDas Kolosseum\u201c<\/a> in Rom und um 21.05 Uhr <a href=\"https:\/\/www.br.de\/fernsehen\/ard-alpha\/programmkalender\/ausstrahlung-1429696.html\" target=\"_blank\" rel=\"noopener\">\u201eEl Khazneh \u2013 Das Schatzhaus des Pharao\u201c<\/a>.<\/li>\n<\/ul>\n","protected":false},"excerpt":{"rendered":"<p>Kulutrgeschichte des Urlaubs, geheimnisvolle Orte, eine Katastrophe in Plauen vor 100 Jahren, die Geschichte des Rheingaus und einige biografische Dokus pr\u00e4gen das Geschichtsprogramm der kommenden Woche. Viel Spa\u00df bei der Auswahl.<\/p>\n","protected":false},"author":10,"featured_media":0,"comment_status":"open","ping_status":"open","sticky":false,"template":"","format":"standard","meta":{"footnotes":""},"categories":[1],"tags":[],"class_list":["post-4341","post","type-post","status-publish","format-standard","hentry","category-allgemein"],"aioseo_notices":[],"_links":{"self":[{"href":"http:\/\/historikerkraus.de\/blog\/wp-json\/wp\/v2\/posts\/4341","targetHints":{"allow":["GET"]}}],"collection":[{"href":"http:\/\/historikerkraus.de\/blog\/wp-json\/wp\/v2\/posts"}],"about":[{"href":"http:\/\/historikerkraus.de\/blog\/wp-json\/wp\/v2\/types\/post"}],"author":[{"embeddable":true,"href":"http:\/\/historikerkraus.de\/blog\/wp-json\/wp\/v2\/users\/10"}],"replies":[{"embeddable":true,"href":"http:\/\/historikerkraus.de\/blog\/wp-json\/wp\/v2\/comments?post=4341"}],"version-history":[{"count":2,"href":"http:\/\/historikerkraus.de\/blog\/wp-json\/wp\/v2\/posts\/4341\/revisions"}],"predecessor-version":[{"id":4343,"href":"http:\/\/historikerkraus.de\/blog\/wp-json\/wp\/v2\/posts\/4341\/revisions\/4343"}],"wp:attachment":[{"href":"http:\/\/historikerkraus.de\/blog\/wp-json\/wp\/v2\/media?parent=4341"}],"wp:term":[{"taxonomy":"category","embeddable":true,"href":"http:\/\/historikerkraus.de\/blog\/wp-json\/wp\/v2\/categories?post=4341"},{"taxonomy":"post_tag","embeddable":true,"href":"http:\/\/historikerkraus.de\/blog\/wp-json\/wp\/v2\/tags?post=4341"}],"curies":[{"name":"wp","href":"https:\/\/api.w.org\/{rel}","templated":true}]}}