{"id":4335,"date":"2018-06-01T12:00:54","date_gmt":"2018-06-01T10:00:54","guid":{"rendered":"http:\/\/historikerkraus.de\/blog\/?p=4335"},"modified":"2018-05-31T10:49:28","modified_gmt":"2018-05-31T08:49:28","slug":"tv-vorschau-2-8-juni-2018","status":"publish","type":"post","link":"http:\/\/historikerkraus.de\/blog\/2018\/06\/01\/tv-vorschau-2-8-juni-2018\/","title":{"rendered":"TV-Vorschau 2. \u2013 8. Juni 2018"},"content":{"rendered":"<p>Die Welt der Antike als Sechsteiler, geheimnisvolle Orte und der Leipziger Zoo sind nur ein paar Beispiele der Geschichtssendungen der kommenden Woche. Viel Spa\u00df bei der Auswahl.<!--more--><\/p>\n<h2 id=\"samstag2.juni\" style=\"text-align: center;\">Samstag, 2. Juni<\/h2>\n<ul>\n<li><a href=\"https:\/\/www.n-tv.de\/mediathek\/tvprogramm\/?date=2018-06-02\" target=\"_blank\" rel=\"noopener\"><strong>N-TV<\/strong><\/a> widmet den Fernsehabend verschiedenen \u201eDespoten\u201c der j\u00fcngeren Geschichte: \u201eHitler \u2013 Inbegriff des B\u00f6sen\u201c (20.15 Uhr), \u201eStalin \u2013 Der st\u00e4hlerne Diktator\u201c (21.05 Uhr), \u201eMao \u2013 Herrscher des Grauens\u201c (22.05 Uhr), \u201eBin Laden \u2013 Drahtzieher des Terrors\u201c (23.10 Uhr) und \u201ePapa Doc \u2013 Haitis Albtraum\u201c (0.10 Uhr).<\/li>\n<li><strong>Phoenix<\/strong> wiederholt um 21.45 Uhr den ZDF-History-Beitrag <a href=\"http:\/\/www.phoenix.de\/content\/phoenix\/die_sendungen\/zdf_history:_queen_elizabeth_ii_meine_kroenung_\/2588396?datum=2018-06-02\" target=\"_blank\" rel=\"noopener\">\u201eQueen Elizabeth II. \u2013 Meine Kr\u00f6nung\u201c<\/a>, der am vergangenen Sonntag im ZDF lief. \u2014 Um 22.30 Uhr folgt der Dokumentarfilm <a href=\"http:\/\/www.phoenix.de\/content\/phoenix\/die_sendungen\/der_gute_goering\/1178889?datum=2018\" target=\"_blank\" rel=\"noopener\">\u201eDer gute G\u00f6ring\u201c<\/a> \u00fcber Hermann G\u00f6rings Bruder Albert, der sich f\u00fcr die Rettung vieler Juden einsetzte.<\/li>\n<\/ul>\n<h2 id=\"sonntag3.juni\" style=\"text-align: center;\">Sonntag, 3. Juni<\/h2>\n<ul>\n<li>Auf <strong>Phoenix<\/strong> beginnt die sechsteilige Doku \u201eDie Welt der Antike\u201c mit den ersten beiden Teilen. Um 20.15 Uhr geht es um <a href=\"http:\/\/www.phoenix.de\/content\/phoenix\/die_sendungen\/die_welt_der_antike_(1_6)\/2526043?datum=2018-06-03\" target=\"_blank\" rel=\"noopener\">\u201eDie Geburt der Zivilisation\u201c<\/a> und um 21 Uhr um <a href=\"http:\/\/www.phoenix.de\/content\/phoenix\/die_sendungen\/die_welt_der_antike_(2_6)\/2526047?datum=2018-06-03\" target=\"_blank\" rel=\"noopener\">\u201eDie Eisenzeit\u201c<\/a>.<\/li>\n<li>Mallorca ist eine beliebte Urlaubsinsel. Auch Rentner zieht es, wenn es die finanziellen M\u00f6glichkeiten erlauben, gerne f\u00fcr l\u00e4nger auf die Insel. Deutsche bilden dort eine gro\u00dfe Kolonie. Die <strong>ZDF<\/strong>-History-Doku geht diesem Verh\u00e4ltnis nach, das lange zur\u00fcck reicht. <a href=\"https:\/\/www.zdf.de\/dokumentation\/zdf-history\/mallorca---eine-deutsche-liebe-100.html\" target=\"_blank\" rel=\"noopener\">\u201eMallorca \u2013 Eine deutsche Liebe\u201c<\/a> (23.45 Uhr).<\/li>\n<\/ul>\n<h2 id=\"montag4.juni\" style=\"text-align: center;\">Montag, 4. Juni<\/h2>\n<ul>\n<li>\u201eDie Welt der Antike\u201c geht um 20.15 Uhr auf <strong>Phoenix<\/strong> weiter mit dem Beitrag <a href=\"http:\/\/www.phoenix.de\/content\/phoenix\/die_sendungen\/die_welt_der_antike_(3_6)\/2526051?datum=2018-06-04\" target=\"_blank\" rel=\"noopener\">\u201eGriechische Mythologie\u201c<\/a>, gefolgt von Teil 2 um 21 Uhr: <a href=\"http:\/\/www.phoenix.de\/content\/phoenix\/die_sendungen\/die_welt_der_antike_(4_6)\/2526055?datum=2018-06-04\" target=\"_blank\" rel=\"noopener\">\u201eMythos Alexander der Gro\u00dfe\u201c<\/a>.<\/li>\n<li><a href=\"https:\/\/www.mdr.de\/tv\/programm\/sendung-298664_date-2018-06-04_ipgctx-true_zc-12f7dc4f.html\" target=\"_blank\" rel=\"noopener\">\u201eD\u00fcnkirchen, 2. Juni 1940\u201c<\/a> (FRA, ITA 1964, Regie: Henri Verneuil), deutsche Truppen haben Frankreich und seine Alliierten in einem Blitzfeldzug besiegt, aber man l\u00e4sst es zu, dass die eingeschlossenen englischen Truppen \u00fcber den Kanal evakuiert werden. Der Film <em>\u201eschildert ein dramatisches Kapitel des Zweiten Weltkriegs, die Evakuierung alliierter Truppen aus Nordfrankreich. Vom 27. Mai bis zum 4. Juni 1940 wurde das Gros der britisch-franz\u00f6sischen Nordarmeen, rund 338.000 Mann, darunter 123.000 Franzosen, unter massiver deutscher Bedrohung nach Gro\u00dfbritannien eingeschifft. Regisseur Henri Verneuil gelang es h\u00f6chst eindrucksvoll, in diesem aufwendigen Film die milit\u00e4rische Seite der schwierigen Rettungsaktion mit der Darstellung individueller Schicksale zu verkn\u00fcpfen. In den Hauptrollen \u00fcberzeugen Jean-Paul Belmondo und Catherine Spaak.\u201c<\/em> (<strong>MDR<\/strong>, 23.10 Uhr).<\/li>\n<li>In der Reihe \u201eGeheimnisvolle Orte\u201c stellt die <strong>ARD<\/strong> um 23.30 Uhr den <a href=\"http:\/\/www.daserste.de\/information\/reportage-dokumentation\/geheimnisvolle-orte\/sendung\/geheimnisvolle-orte-folge-2-114.html\" target=\"_blank\" rel=\"noopener\">\u201eFlughafen Berlin-Tempelhof\u201c<\/a> vor.<\/li>\n<\/ul>\n<h2 id=\"dienstag5.juni\" style=\"text-align: center;\">Dienstag, 5. Juni<\/h2>\n<ul>\n<li>Das Dokudrama <a href=\"https:\/\/www.arte.tv\/de\/videos\/054765-000-A\/der-traum-von-olympia\/\" target=\"_blank\" rel=\"noopener\">\u201eDer Traum von Olympia\u201c<\/a> (BRD 2016, Regie: Mira Thiel, Florian Huber) erinnert um 20.15 Uhr auf <strong>Arte<\/strong> an die \u201eNazi-Spiele von 1936\u201c. <em>\u201eAls Adolf Hitler am 1. August 1936 die Olympischen Sommerspiele von Berlin er\u00f6ffnet, ist das zugleich der Startschuss f\u00fcr eine perfekte Inszenierung. Die Spiele werden zum Propagandafest der Nationalsozialisten. Das Dokudrama zeichnet die Ereignisse nach. Im Mittelpunkt der Dokumentation steht Wolfgang F\u00fcrstner (Simon Schwarz), der Kommandant des Olympischen Dorfes.\u201c<\/em> \u2014 <em>\u201eStra\u00dfburg war eine von drei Reichsuniversit\u00e4ten, die von den Nationalsozialisten gegr\u00fcndet wurden, und galt als Herzensprojekt von Adolf Hitler. Ber\u00fcchtigt wurde die 1941 gegr\u00fcndete Hochschule vor allem wegen der Menschenexperimente, die Professoren der medizinischen Fakult\u00e4t an KZ-H\u00e4ftlingen durchf\u00fchrten. Was wusste der Dekan dieser Fakult\u00e4t von den NS-Verbrechen?\u201c<\/em> <a href=\"https:\/\/www.arte.tv\/de\/videos\/070795-000-A\/forschung-und-verbrechen-die-reichsuniversitaet-strassburg\/\" target=\"_blank\" rel=\"noopener\">\u201eForschung und Verbrechen: die Reichsuniversit\u00e4t Stra\u00dfburg\u201c<\/a> (21.45 Uhr). \u2014 Der Film <a href=\"https:\/\/www.arte.tv\/de\/videos\/065861-000-A\/die-kinder-aus-der-rue-saint-maur\/\" target=\"_blank\" rel=\"noopener\">\u201eDie Kinder aus der Rue Saint-Maur\u201c<\/a> besch\u00e4ftigt sich um 22.40 Uhr mit den Bewohnern eines zuf\u00e4llig ausgew\u00e4hlten Pariser Hauses w\u00e4hrend der deutschen Besatzungszeit. \u2014 Am Schluss des Themenabends steht der Film <a href=\"https:\/\/www.arte.tv\/de\/videos\/081520-000-A\/son-of-saul\/\" target=\"_blank\" rel=\"noopener\">\u201eSon of Saul\u201c<\/a> (HUN 2015, Regie: L\u00e1szl\u00f3 Nemes) <em>\u201eSaul Ausl\u00e4nder geh\u00f6rt zum Sonderkommando, einer Spezialeinheit der j\u00fcdischen H\u00e4ftlinge, die gezwungen wurden, in der Maschinerie der Nazi-Konzentrationslager zu helfen. W\u00e4hrend der Arbeit entdeckt er die Leiche eines Jungen \u2026 \u2013 Mit dem Golden Globe und dem Oscar f\u00fcr den besten fremdsprachigen Film 2015 ausgezeichnetes Deb\u00fct des ungarischen Regisseurs Laszlo Nemes.\u201c<\/em><\/li>\n<li>Auf <strong>Phoenix<\/strong> n\u00e4hert sich \u201eDie Welt der Antike\u201c ihrem Ende. Um 20.15 Uhr l\u00e4uft Teil 5 der Reihe mit dem Titel <a href=\"http:\/\/www.phoenix.de\/content\/phoenix\/die_sendungen\/die_welt_der_antike_(5_6)\/2526060?datum=2018-06-05\" target=\"_blank\" rel=\"noopener\">\u201eDas r\u00f6mische Imperium\u201c<\/a>, ehe um 21 Uhr <a href=\"http:\/\/www.phoenix.de\/content\/phoenix\/die_sendungen\/_die_welt_der_antike_(6_6)\/2526064?datum=2018-06-05\" target=\"_blank\" rel=\"noopener\">\u201eDer Aufstieg des Christentums\u201c<\/a> folgt.<\/li>\n<li>Die wechselvolle Geschichte der Vitzenburg erz\u00e4hlt die Doku <a href=\"https:\/\/www.mdr.de\/tv\/programm\/sendung790310_date-2018-06-05_ipgctx-true_zc-b0b398db.html\" target=\"_blank\" rel=\"noopener\">\u201eM\u00e4rchenschloss \u00fcber der Unstrut\u201c<\/a> um 20.15 Uhr im <strong>MDR<\/strong>. \u2014 Um 21.15 Uhr gibt es wieder die <a href=\"https:\/\/www.mdr.de\/tv\/programm\/sendung-294848_date-2018-06-05_ipgctx-true_zc-b0b398db.html\" target=\"_blank\" rel=\"noopener\">\u201eMDR Zeitreise\u201c<\/a>.<\/li>\n<li><strong>RBB<\/strong> entf\u00fchrt seine Zuschauer um 20.15 Uhr wieder in <a href=\"https:\/\/www.rbb-online.de\/fernsehen\/programm\/05_06_2018\/699115211.html\" target=\"_blank\" rel=\"noopener\">\u201eGeheimnisvolle Orte\u201c<\/a>, diesmal entscheiden die Zuschauer, wohin es geht. \u2014 Danach sind um 21 Uhr <a href=\"https:\/\/www.rbb-online.de\/fernsehen\/programm\/05_06_2018\/699115562.html\" target=\"_blank\" rel=\"noopener\">\u201eReisef\u00fchrer als Spiegel des Zeitgeistes\u201c<\/a> Gegenstand der heutigen Folge der Reihe \u201eErlebnis Geschichte\u201c. <em>\u201eSeit \u00fcber 300 Jahren planen Menschen ihren Urlaub mit Reisef\u00fchrern. Wer darin schm\u00f6kert, kommt aus dem Staunen nicht mehr heraus. Reisef\u00fchrer sind ein Spiegel ihrer Zeit. Moderator Urs Rechn sucht in dem regionalhistorischen Magazin \u201aErlebnis Geschichte\u2018 nach den Sehensw\u00fcrdigkeiten vergangener Zeiten\u201c<\/em><\/li>\n<\/ul>\n<h2 id=\"mittwoch6.juni\" style=\"text-align: center;\">Mittwoch, 6. Juni<\/h2>\n<ul>\n<li>Der Weltraum und die Geschichte. Thema heute auf <strong>Phoenix<\/strong>, wenn es um den \u201eMythos Mond\u201c geht. Um 20.15 Uhr Teil 1 <a href=\"https:\/\/programm.ard.de\/TV\/Programm\/Sender\/?sendung=28725700631102\" target=\"_blank\" rel=\"noopener\">\u201eVon der Steinzeit bis Kopernikus\u201c<\/a> und um 21 Uhr Teil 2 <a href=\"http:\/\/www.phoenix.de\/content\/phoenix\/die_sendungen\/mythos_mond_(2_2)\/2550804?datum=2018-06-06\" target=\"_blank\" rel=\"noopener\">\u201eAufbruch ins All\u201c<\/a>.<\/li>\n<li>Da schlie\u00dft sich der <strong>ARD-alpha<\/strong>-Beitrag <a href=\"https:\/\/www.br.de\/fernsehen\/ard-alpha\/programmkalender\/ausstrahlung-1421602.html\" target=\"_blank\" rel=\"noopener\">\u201eDer Sputnik-Schock\u201c<\/a> um 21 Uhr thematisch nahtlos an. <em>\u201e\u201aSowjetmond rast um die Erde!\u2018, \u201aRussen schockieren Amerika\u2018, \u201aBlamage f\u00fcr den Westen\u2018. Wie eine Bombe schl\u00e4gt die Nachricht ein, dass es der Sowjetunion am 4. Oktober 1957 gelungen ist, zum ersten Mal in der Geschichte einen k\u00fcnstlichen Erd-Mond zu starten. Sputnik1 ist in aller Munde. Eine 83 kg leichte Metallkugel mit einem Durchmesser von 58 cm, die mit kosmischer Geschwindigkeit um die Erdkugel saust.\u201c<\/em><\/li>\n<li>In der Reihe \u201eDie Spur der Ahnen\u201c geht der <strong>MDR<\/strong> um 21.15 Uhr einer wichtigen Leipziger Pers\u00f6nlichkeit nach. In <a href=\"https:\/\/www.mdr.de\/tv\/programm\/sendung790430_date-2018-06-06_ipgctx-true_zc-7873ee68.html\" target=\"_blank\" rel=\"noopener\">\u201eDer legend\u00e4re Zoodirektor\u201c<\/a> sucht Renate Donat nach ihrem Vorfahren, dem Gr\u00fcnder des Leipziger Zoos. So sagt es zumindest die Familientradition. Aber ist es auch wahr? <em>\u201eRenate begibt sich auf die Suche und schon bald macht sie eine interessante Endeckung: In ihrer Ahnenreihe taucht tats\u00e4chlich eine geborene Pinkert auf. Ist das die erste hei\u00dfe Spur? Jetzt will es Renate Donat wissen. Gemeinsam mit Enkelin Janine begibt sich Renate auf eine Reise in die Anfangszeit des Zoos, auf der sie zwischen L\u00f6wen und Krokodilen auch auf Indianer, Riesen und Pygm\u00e4en sto\u00dfen werden. Aber vor allem werden die beiden das Geheimnis ihrer Familie l\u00fcften.\u201c<\/em><\/li>\n<\/ul>\n<h2 id=\"donnerstag7.juni\" style=\"text-align: center;\">Donnerstag, 7. Juni<\/h2>\n<ul>\n<li>Im <strong>HR<\/strong> schildert um 22.45 Uhr die Doku <a href=\"https:\/\/www.hr-fernsehen.de\/tv-programm\/68er---wie-die-revolte-begann,sendung-35110.html\" target=\"_blank\" rel=\"noopener\">\u201e68er \u2013 wie die Revolte begann\u201c<\/a> die Vorgeschichte der Ereignisse des Jahres 1968. \u2014 Und um 23.45 Uhr folgt <a href=\"https:\/\/www.hr-fernsehen.de\/tv-programm\/muenchen-1970,sendung-35116.html\" target=\"_blank\" rel=\"noopener\">\u201eM\u00fcnchen 1970 \u2013 Als der Terror zu uns kam\u201c<\/a>, denn auch der Terroranschlag von den Olympischen Spielen 1972 in M\u00fcnchen hatte seine Vorl\u00e4ufer.<\/li>\n<li>Die artifizielle Doku <a href=\"https:\/\/www.swrfernsehen.de\/-\/id=4141492\/sdpgid=1568228\/eodam6\/index.html\" target=\"_blank\" rel=\"noopener\">\u201e1917 \u2013 Der wahre Oktober\u201c<\/a> erz\u00e4hlt die historischen Ereignisse von der Februarrevolution 1917 bis zur bolschewistischen Macht\u00fcbernahme im Oktober aus der Sicht von K\u00fcnstlern, die damals bereits weltbekannt sind oder es noch werden sollen. (<strong>SWR<\/strong>, 1.25 Uhr).<\/li>\n<\/ul>\n<h2 id=\"freitag8.juni\" style=\"text-align: center;\">Freitag, 8. Juni<\/h2>\n<ul>\n<li>Heute l\u00e4uft auf <strong>ARD-alpha<\/strong> um 20.15 Uhr der dritte und letzte Teil der Doku-Reihe \u201eDer Tempelberg\u201c unter der \u00dcberschrift <a href=\"https:\/\/www.br.de\/fernsehen\/ard-alpha\/programmkalender\/ausstrahlung-1421796.html\" target=\"_blank\" rel=\"noopener\">\u201eDie Zukunft des Tempels\u201c<\/a>. \u2014 Um 21.05 Uhr schlie\u00dft sich ein Beitrag \u00fcber \u201eAntike Mega-Bauwerke\u201c an, n\u00e4mlich \u00fcber <a href=\"https:\/\/www.br.de\/fernsehen\/ard-alpha\/programmkalender\/ausstrahlung-1421798.html\" target=\"_blank\" rel=\"noopener\">\u201eDie Pyramiden von Gizeh\u201c<\/a>.<\/li>\n<li><a href=\"https:\/\/programm.ard.de\/TV\/tagesschau24\/Programmkalender\/?sendung=28721696332628\" target=\"_blank\" rel=\"noopener\">\u201eDer Flughafen Berlin-Tempelhof \u2013 Airport mit Geschichte\u201c<\/a> ist Thema einer Folge der Reihe \u201eGeheimnisvolle Orte\u201c auf <strong>Tagesschau 24<\/strong> um 21.17 Uhr. <em>\u201eVor 70 Jahren begann die erste Schlacht des Kalten Krieges. Fast ein Jahr lang versorgten die Westm\u00e4chte die Millionenstadt Berlin aus der Luft. Rosinenbomber landeten im Minutentakt am Flughafen Tempelhof. Die Blockade der Sowjetunion scheiterte. Und \u201aTempelhof\u2018, dieser Monumentalbau mit Start- und Landebahnen, mit Katakomben und unterirdischen Labyrinthen, wurde zum Mythos.\u201c<\/em> (Lief auch am Montag in der ARD).<\/li>\n<\/ul>\n","protected":false},"excerpt":{"rendered":"<p>Die Welt der Antike als Sechsteiler, geheimnisvolle Orte und der Leipziger Zoo sind nur ein paar Beispiele der Geschichtssendungen der kommenden Woche. Viel Spa\u00df bei der Auswahl.<\/p>\n","protected":false},"author":10,"featured_media":0,"comment_status":"open","ping_status":"open","sticky":false,"template":"","format":"standard","meta":{"footnotes":""},"categories":[1],"tags":[],"class_list":["post-4335","post","type-post","status-publish","format-standard","hentry","category-allgemein"],"aioseo_notices":[],"_links":{"self":[{"href":"http:\/\/historikerkraus.de\/blog\/wp-json\/wp\/v2\/posts\/4335","targetHints":{"allow":["GET"]}}],"collection":[{"href":"http:\/\/historikerkraus.de\/blog\/wp-json\/wp\/v2\/posts"}],"about":[{"href":"http:\/\/historikerkraus.de\/blog\/wp-json\/wp\/v2\/types\/post"}],"author":[{"embeddable":true,"href":"http:\/\/historikerkraus.de\/blog\/wp-json\/wp\/v2\/users\/10"}],"replies":[{"embeddable":true,"href":"http:\/\/historikerkraus.de\/blog\/wp-json\/wp\/v2\/comments?post=4335"}],"version-history":[{"count":2,"href":"http:\/\/historikerkraus.de\/blog\/wp-json\/wp\/v2\/posts\/4335\/revisions"}],"predecessor-version":[{"id":4337,"href":"http:\/\/historikerkraus.de\/blog\/wp-json\/wp\/v2\/posts\/4335\/revisions\/4337"}],"wp:attachment":[{"href":"http:\/\/historikerkraus.de\/blog\/wp-json\/wp\/v2\/media?parent=4335"}],"wp:term":[{"taxonomy":"category","embeddable":true,"href":"http:\/\/historikerkraus.de\/blog\/wp-json\/wp\/v2\/categories?post=4335"},{"taxonomy":"post_tag","embeddable":true,"href":"http:\/\/historikerkraus.de\/blog\/wp-json\/wp\/v2\/tags?post=4335"}],"curies":[{"name":"wp","href":"https:\/\/api.w.org\/{rel}","templated":true}]}}