{"id":4321,"date":"2018-05-18T12:00:14","date_gmt":"2018-05-18T10:00:14","guid":{"rendered":"http:\/\/historikerkraus.de\/blog\/?p=4321"},"modified":"2018-05-17T11:17:09","modified_gmt":"2018-05-17T09:17:09","slug":"tv-vorschau-19-25-mai-2018","status":"publish","type":"post","link":"http:\/\/historikerkraus.de\/blog\/2018\/05\/18\/tv-vorschau-19-25-mai-2018\/","title":{"rendered":"TV-Vorschau 19.  \u2013 25. Mai 2018"},"content":{"rendered":"<p>Der Beginn des 30j\u00e4hrigen Krieges j\u00e4hrt sich zum 400. Mal und wird in Dokus gew\u00fcrdigt. Jazz als Propaganda-Waffe, die Renaissance, Widerstand gegen Hitler und die deutsche Aufarbeitung der eigenen NS-Geschichte sind u. a. weitere Themen der Geschichtssendungen der kommenden Woche.<!--more--><\/p>\n<h2 id=\"samstag19.mai\" style=\"text-align: center;\">Samstag, 19. Mai<\/h2>\n<ul>\n<li><a href=\"https:\/\/www.n-tv.de\/mediathek\/tvprogramm\/?date=2018-05-19\" target=\"_blank\" rel=\"noopener\"><strong>N-TV<\/strong><\/a> protr\u00e4tiert um 20.15 Uhr \u201eHeinrich VIII. \u2013 Tyrann der Tudors\u201c.<\/li>\n<li>Ein weiteres historisches Jubil\u00e4um steht an. Der Beginn einer der gr\u00f6\u00dften Katastrophen Europas, heute weitgehend vergessen, aber die Gegenwart vielleicht mehr pr\u00e4gend, als uns lieb ist: Der Beginn des Drei\u00dfigj\u00e4hrigen Krieges vor vierhundert Jahren. <strong>Arte<\/strong> gedenkt dieses Ereignisses mit der Doku <a href=\"https:\/\/www.arte.tv\/de\/videos\/065304-000-A\/der-zweite-prager-fenstersturz\/\" target=\"_blank\" rel=\"noopener\">\u201eDer zweite Prager Fenstersturz\u201c<\/a> um 20.15 Uhr. <em>\u201eFanal im Aufstand gegen den herrschenden Kaiser Matthias: 1618 ereignete sich in Prag ein unerh\u00f6rter Akt der Gewalt. Vertreter der protestantischen St\u00e4nde warfen zwei k\u00f6nigliche Statthalter aus einem Fenster der Prager Burg. Der zweite Prager Fenstersturz markierte den H\u00f6hepunkt eines lange w\u00e4hrenden Religionskonflikts zwischen b\u00f6hmischen Protestanten und katholischen Habsburgern. [\u2026] 1618 brachte der Aufstand der b\u00f6hmischen St\u00e4nde eine Bewegung in Gang, die ganz Europa erfasste. Protestantischen Landesherren unter der F\u00fchrung mehrerer deutscher F\u00fcrsten standen katholische Reichsst\u00e4nde gegen\u00fcber, gef\u00fchrt von den habsburgischen M\u00e4chten \u00d6sterreich und Spanien. Die Auseinandersetzung drehte sich nicht allein um konfessionelle, sondern auch um politische Gegens\u00e4tze. W\u00e4hrend die Aufst\u00e4ndischen f\u00fcr eine Dezentralisierung der Macht k\u00e4mpften, strebten die katholischen Herrschenden eine absolute Monarchie an. Aus den regionalen Auseinandersetzungen entwickelte sich bald ein zerst\u00f6rerischer Krieg.\u201c<\/em><\/li>\n<li>Um die Verfolgung von Nazi-T\u00e4tern nach dem Krieg geht es auf <strong>Tagesschau 24<\/strong>. U. a. erz\u00e4hlt die Doku <a href=\"https:\/\/programm.tagesschau24.de\/tv\/Mein-Name-sei-Altmann\/2018-05-19\/eid_28721672035937\" target=\"_blank\" rel=\"noopener\">\u201eMein Name sei Altmann \u2013 Das zweite Leben eines Kriegsverbrechers\u201c<\/a> um 21.02 Uhr die Geschichte von <a href=\"https:\/\/de.wikipedia.org\/wiki\/Klaus_Barbie\" target=\"_blank\" rel=\"noopener\">\u201eKlaus Barbie\u201c<\/a>, dem Gestapochef von Lyon, der in Bolivien als Diener der dortigen Diktatoren wieder Regimegegner verfolgt, foltert und ermordert, bis er durch das Engagement von Beate und Serge Klarsfeld festgenommen und an Frankreich ausgeliefert wurde, wo ihm der Prozess gemacht und er zu einer lebenslangen Freiheitsstrafe wegen Verbrechen gegen die Menschlichkeit verurteilt wurde.<\/li>\n<li>Der Spielfilm <a href=\"http:\/\/programm.ard.de\/TV\/ONE\/Programmkalender\/?sendung=28722672225170\" target=\"_blank\" rel=\"noopener\">\u201eHannah Arendt\u201c<\/a> (BRD, Frankreich, Luxemburg, Israel 2012, Regie: Margarethe von Trotta) l\u00e4uft um 21.50 Uhr auf <strong>One<\/strong>.<\/li>\n<\/ul>\n<h2 id=\"sonntag20.maipfingsten\" style=\"text-align: center;\">Sonntag, 20. Mai \u2013 Pfingsten<\/h2>\n<ul>\n<li>Die Doku <a href=\"https:\/\/www.zdf.de\/dokumentation\/terra-x\/der-wormser-wunderbau-100.html\" target=\"_blank\" rel=\"noopener\">\u201eDer Wormser Wunderbau\u201c<\/a> erinnert um 19.30 Uhr im <strong>ZDF<\/strong> an \u201e1000 Jahre Kaiserdom\u201c. Der Film <em>\u201eerz\u00e4hlt die Geschichte des Wormser Doms, der im Lauf seiner 1000-j\u00e4hrigen Geschichte immer wieder Zeuge dramatischer Ereignisse und epochaler Entwicklungen wurde.\u201c<\/em><\/li>\n<li>Geschichte als Fernsehepos gibt\u2018s auf <a href=\"http:\/\/www.3sat.de\/programm\/?viewlong=viewlong&amp;d=20180520&amp;dayID=ClnDaN20&amp;cx=136#border1800\" target=\"_blank\" rel=\"noopener\"><strong>3sat<\/strong><\/a>. Der Mittelalterspielfilm \u201eDer Medicus\u201c (BRD 2013, Regie: Philipp St\u00f6lzl) nach einem Roman von Noah Gordon ist um 20.15 Uhr und nochmals um 1.30 Uhr zu sehen. <em>\u201eEngland, fr\u00fches elftes Jahrhundert: Der junge Halbwaise Rob Cole muss hilflos mit ansehen, wie seine Mutter an einer unheilbaren Krankheit stirbt. Das Erlebnis pr\u00e4gt ihn nachhaltig.\u201c<\/em><\/li>\n<li><strong>Arte<\/strong> sendet um 22.10 Uhr eine Doku \u00fcber ein Kulturprogramm der Eisenhower-Regierung, Jazzer als Botschafter der Freiheit einzusetzen: <a href=\"https:\/\/www.arte.tv\/de\/videos\/065309-000-A\/geheimwaffe-jazz\/\" target=\"_blank\" rel=\"noopener\">\u201eGeheimwaffe Jazz\u201c<\/a>.<\/li>\n<li>Zu sp\u00e4ter Stunde (1.20 Uhr) l\u00e4uft auf <strong>One<\/strong> nochmals der biografische Spielfilm <a href=\"http:\/\/programm.ard.de\/TV\/ONE\/Programmkalender\/?sendung=28722672222409\" target=\"_blank\" rel=\"noopener\">\u201eHannah Arendt\u201c<\/a> (BRD, Frankreich, Luxemburg, Israel 2012, Regie: Margarethe von Trotta).<\/li>\n<\/ul>\n<h2 id=\"montag21.maipfingstmontag\" style=\"text-align: center;\">Montag, 21. Mai \u2013 Pfingstmontag<\/h2>\n<ul>\n<li>Der Drei\u00dfigj\u00e4hrige Krieg ist Thema eines Dreiteilers auf <strong>ARD-alpha<\/strong>. Es beginnt um 20.15 Uhr mit <a href=\"https:\/\/www.br.de\/fernsehen\/ard-alpha\/programmkalender\/ausstrahlung\u20131407922.html\" target=\"_blank\" rel=\"noopener\">\u201eVon Feldherrn, S\u00f6ldnern, Karrieristen\u201c<\/a>, geht um 21 Uhr weiter mit <a href=\"https:\/\/www.br.de\/fernsehen\/ard-alpha\/programmkalender\/ausstrahlung-1407924.html\" target=\"_blank\" rel=\"noopener\">\u201eVon Bankiers, Wirten, Publizisten\u201c<\/a> und endet um 21.45 Uhr mit <a href=\"https:\/\/www.br.de\/fernsehen\/ard-alpha\/programmkalender\/ausstrahlung-1417186.html\" target=\"_blank\" rel=\"noopener\">\u201eVon Hexen, Nonnen, Ehefrauen\u201c<\/a>.<\/li>\n<li>Der Reihentitel \u201eHitlers Nachkriegsplan\u201c ist sehr weit formuliert. Es geht in den einzelnen Beitr\u00e4gen nicht unbedingt um die Pl\u00e4ne der Nationalsozialisten f\u00fcr die Zeit nach dem Krieg. Um 22.10 Uhr zeigt <a href=\"https:\/\/www.n-tv.de\/mediathek\/tvprogramm\/?date=2018-05-21\" target=\"_blank\" rel=\"noopener\"><strong>N-TV<\/strong><\/a> die Doku \u201eFreizeit\u00fcberwachung\u201c, die einen Einblick gibt, <em>\u201ewie Erholung und Freizeit es den Nazis erm\u00f6glichten, ein ganzes Land zu indoktrinieren.\u201c<\/em> \u2014 Um 22.05 Uhr folgt ein weiterer Beitrag dieser Reihe \u201eTransportwege des Reichs\u201c. \u2014 Die Folgen f\u00fcnf und sechs der Reihe \u201eApokalypse \u2013 Der Zweite Weltkrieg\u201c laufen um 0.10 Uhr und 0.55 Uhr.<\/li>\n<li><strong>Phoenix<\/strong> sendet heute einen Thementag: \u201eEuropas reiches Erbe\u201c. Es lohnt sich, das Programm zu studieren. Um 22.30 Uhr und 23.15 Uhr l\u00e4uft der Zweiteiler Zeitenwende \u00fcber die Renaissance. Teil 1 <a href=\"http:\/\/www.phoenix.de\/content\/phoenix\/die_sendungen\/zeitenwende_(1_2)\/2565673?datum=2018-05-21\" target=\"_blank\" rel=\"noopener\">\u201eDie Entdeckung der Neuzeit\u201c<\/a> und Teil 2 <a href=\"http:\/\/www.phoenix.de\/content\/phoenix\/die_sendungen\/zeitenwende_(2_2)\/2565679?datum=2018-05-21\" target=\"_blank\" rel=\"noopener\">\u201eDie Welt im Umbruch\u201c<\/a>.<\/li>\n<\/ul>\n<h2 id=\"dienstag22.mai\" style=\"text-align: center;\">Dienstag, 22. Mai<\/h2>\n<ul>\n<li>Zeitgeschichte auf <strong>Arte<\/strong>. Der Zweiteiler \u201e1968 \u2013 Die globale Revolte\u201c betrachtet die Jugendrevolte vor 50 Jahren. Teil 1 <a href=\"https:\/\/www.arte.tv\/de\/videos\/072424-001-A\/1968-die-globale-revolte-1-2\/\" target=\"_blank\" rel=\"noopener\">\u201eDie Welle (1965\u20131969)\u201c<\/a> um 20.15 Uhr, Teil 2<a href=\"https:\/\/www.arte.tv\/de\/videos\/072424-002-A\/1968-die-globale-revolte-2-2\/\" target=\"_blank\" rel=\"noopener\">\u201e\u201cDie Explosion\u201d (1970\u20131975)\u201c<\/a> um 21.50 Uhr.<\/li>\n<li>\u201eGeheimnisvolle Orte\u201c, darunter f\u00e4llt in <strong>RBB<\/strong> diesmal <a href=\"https:\/\/www.rbb-online.de\/fernsehen\/programm\/22_05_2018\/674577606.html\" target=\"_blank\" rel=\"noopener\">\u201eDer Spreewald\u201c<\/a> (20.15 Uhr). \u2014 Anschlie\u00dfend um 21 Uhr begibt sich das Geschichtsmagazin \u201eErlebnis Geschichte\u201c nach <a href=\"https:\/\/www.rbb-online.de\/fernsehen\/programm\/22_05_2018\/674577767.html\" target=\"_blank\" rel=\"noopener\">\u201eEberswalde \u2013 Wo unsere Industrie begann\u201c<\/a>. Denn: <em>\u201eBrandenburgs Industrie begann im Wald, am Wasser! Vor \u00fcber 400 Jahren in und um Eberswalde. Was ist davon noch zu sehen? Moderator Urs Rechn k\u00e4mpft sich durch Gestr\u00fcpp und Ruinen zur Wiege der industriellen Entwicklung der heutigen Region Berlin-Brandenburg \u2013 von den ersten Kupferh\u00e4mmern bis zum j\u00fcngst stillgelegten Walzwerk. Jahrhundertelang gingen vom Finowkanal aus Innovationen in alle Welt.\u201c<\/em><\/li>\n<li>Wiener Monarchie ist Thema auf <strong>Phoenix<\/strong>. Um 20.15 Uhr geht es um <a href=\"http:\/\/www.phoenix.de\/content\/phoenix\/die_sendungen\/zdf_history:_maria_theresia_\/2538280?datum=2018-05-22\" target=\"_blank\" rel=\"noopener\">\u201eMaria Theresia \u2013 \u00d6sterreichs gro\u00dfe Herrscherin\u201c<\/a> und um 21 Uhr um <a href=\"http:\/\/www.phoenix.de\/content\/phoenix\/die_sendungen\/die_koenigin_von_wien\/2526186?datum=2018-05-22\" target=\"_blank\" rel=\"noopener\">\u201eDie K\u00f6nigin von Wien \u2013 Anna Sacher und ihr Hotel\u201c<\/a>.<\/li>\n<li><strong>ARD-alpha<\/strong> widmet sich um 21 Uhr dem Drei\u00dfigj\u00e4hrigen Krieg mit Blick auf einen seiner Hauptakteure und eine der schlimmsten Schlachten: <a href=\"https:\/\/www.br.de\/fernsehen\/ard-alpha\/programmkalender\/ausstrahlung-1408020.html\" target=\"_blank\" rel=\"noopener\">\u201eGustav Adolf II. \u2013 Der Kampf um Magdeburg\u201c<\/a>.<\/li>\n<li>Die <a href=\"https:\/\/www.mdr.de\/tv\/programm\/sendung-292482_date-2018-05-22_ipgctx-true_zc-bc5a4285.html\" target=\"_blank\" rel=\"noopener\"><strong>MDR<\/strong> Zeitreise\u201c<\/a>, das Geschichtsmagazin mit Mirko Drotschmann startet um 21.15 Uhr.<\/li>\n<li><a href=\"https:\/\/www.br.de\/br-fernsehen\/programmkalender\/ausstrahlung-1403490.html\" target=\"_blank\" rel=\"noopener\">\u201eWie der Barock nach Bayern kam\u201c<\/a> untersucht der <strong>BR<\/strong> um 22.30 Uhr und hinterfragt dabei g\u00e4ngige Klischees.<\/li>\n<\/ul>\n<h2 id=\"mittwoch23.mai\" style=\"text-align: center;\">Mittwoch, 23. Mai<\/h2>\n<ul>\n<li>Viele \u00f6ffentliche Geb\u00e4ude und Schulen sind nach ihnen benannt: Die Geschwister Scholl \u2013 Studenten, die sich mutig gegen die Nazis stellten und daf\u00fcr hingerichtet wurden. Der Spielfilm <a href=\"https:\/\/www.arte.tv\/de\/videos\/031106-000-A\/sophie-scholl-die-letzten-tage\/\" target=\"_blank\" rel=\"noopener\">\u201eSophie Scholl \u2013 Die letzten Tage\u201c<\/a> (BRD 2005, Regie: Marc Rothemund) erz\u00e4hlt um 20.15 Uhr auf <strong>Arte<\/strong> deren Geschichte. \u2014 Eine KZ-Geschichte schildert der Film <a href=\"https:\/\/www.arte.tv\/de\/videos\/081520-000-A\/son-of-saul\/\" target=\"_blank\" rel=\"noopener\">\u201eSon of Saul\u201c<\/a> (HUN 2015, Regie: L\u00e1szl\u00f3 Nemes), der im Anschluss um 22.10 Uhr l\u00e4uft. <em>\u201eSaul Ausl\u00e4nder geh\u00f6rt zum Sonderkommando, einer Spezialeinheit der j\u00fcdischen H\u00e4ftlinge, die gezwungen wurden, in der Maschinerie der Nazi-Konzentrationslager zu helfen. W\u00e4hrend der Arbeit entdeckt er die Leiche eines Jungen \u2026 \u2013 Mit dem Golden Globe und dem Oscar f\u00fcr den besten fremdsprachigen Film 2015 ausgezeichnetes Deb\u00fct des ungarischen Regisseurs Laszlo Nemes.\u201c<\/em> \u2014 Um 23.55 Uhr folgt die Doku <a href=\"https:\/\/www.arte.tv\/de\/videos\/036365-000-A\/sonderkommando-auschwitz-birkenau\/\" target=\"_blank\" rel=\"noopener\">\u201eSonderkommando Auschwitz-Birkenau\u201c<\/a>. <em>\u201eNach der Befreiung des Vernichtungslagers Auschwitz-Birkenau durch die Rote Armee im Januar 1945 wurde bekannt, dass die Nazis j\u00fcdische KZ-Insassen gezwungen hatten, sich an der T\u00f6tung von Mith\u00e4ftlingen zu beteiligen. Die meisten Mitglieder der sogenannten Sonderkommandos wurden bei Aufgabe des KZs ermordet, um Zeugen des Grauens zu beseitigen.\u201c<\/em><\/li>\n<li>Der Doku-Spielfilm <a href=\"http:\/\/www.daserste.de\/unterhaltung\/film\/filmmittwoch-im-ersten\/sendung\/der-staat-gegen-fritz-bauer-104.html\" target=\"_blank\" rel=\"noopener\">\u201eDer Staat gegen Fritz Bauer\u201c<\/a> (BRD 2015, Regie: Lars Kraume) setzt dem Frankfurter Staatsanwalt Fritz Bauer ein Denkmal, dessen couragierter Einsatz ein Meilenstein in der deutschen NS-Aufkl\u00e4rung darstellt. Er wollte Adolf Eichmann, der in Argentinien untergetaucht war, vor Gericht stellen, scheiterte an der NS-durchsetzten deutschen Nachkriegsjustiz und half deshalb dem israelischen Geheimdienst, Eichmann zu entf\u00fchren und in Israel vor Gericht zu stellen. <em>\u201eF\u00fcr den Juden Bauer geht es dabei nicht um Rache f\u00fcr den Holocaust, es geht ihm um die Zukunft Deutschlands, dass in seiner Depression ebenso zu versinken droht wie Bauer selbst.\u201c<\/em> (<strong>ARD<\/strong>, 20.15 Uhr).<\/li>\n<\/ul>\n<h2 id=\"donnerstag24.mai\" style=\"text-align: center;\">Donnerstag, 24. Mai<\/h2>\n<ul>\n<li>1968 \u2013 der \u201edeutsche Herbst\u201c: Themen, die gerade sehr aktuell sind. <em>\u201eDer franz\u00f6sische Filmemacher Jean-Gabriel P\u00e9riot montiert Archivmaterial zur Bundesrepublik Deutschland der RAF-\u00c4ra zu einem scharfen Kommentar \u00fcber Gewalt und Geschichte. Sein Film dokumentiert den Konflikt zwischen Staat und RAF, der zugleich ein Krieg der Bilder war. Ein Krieg, der auch in der umtriebigen Filmszene hitzig diskutiert und kommentiert wurde.\u201c<\/em> <a href=\"https:\/\/www.arte.tv\/de\/videos\/057443-000-A\/eine-deutsche-jugend\/\" target=\"_blank\" rel=\"noopener\">\u201eEine deutsche Jugend\u201c<\/a>, <strong>Arte<\/strong>, 23.15 Uhr.<\/li>\n<\/ul>\n<h2 id=\"freitag25.mai\" style=\"text-align: center;\">Freitag, 25. Mai<\/h2>\n<ul>\n<li>Hitler hat viele Attentate \u00fcberlebt, was seinem mystischen Flair, Mann der Vorsehung zu sein, gro\u00dfen Auftrieb gab. Claus Schenk Graf von Stauffenberg und neuerdings Georg Elser sind bekannte Attent\u00e4ter. Henning von Tresckow und Fabian von Schlabrenndorff sind in der \u00d6ffentlichkeit eher vergessene Hitlerattent\u00e4ter aus dem Kreis der Wehrmachtsoffiziere, die um 20.15 Uhr auf <strong>ARD-alpha<\/strong> im Mittelpunkt der Doku <a href=\"https:\/\/www.br.de\/fernsehen\/ard-alpha\/programmkalender\/ausstrahlung-1408282.html\" target=\"_blank\" rel=\"noopener\">\u201eHitler \u2013 Ein Attentat und die Drahtzieher aus Magdeburg\u201c<\/a> stehen. \u2014 Ein trauriges \u201eMarkenzeichen\u201c des Zweiten Weltkriegs war der Luftkrieg. Je weniger die deutsche Luftwaffe den alliierten Bombern entgegenzusetzen hatten, desto bedeutender wurde die Rolle der Flak. <a href=\"https:\/\/www.br.de\/fernsehen\/ard-alpha\/programmkalender\/ausstrahlung-1408284.html\" target=\"_blank\" rel=\"noopener\">\u201eDie Flakhelfer\u201c<\/a> waren vor allem in den letzten Kriegsmonaten Jugendliche, die mit gro\u00dfen Gesch\u00fctzen versuchen sollten, die angreifenden Flugzeuge abzuschie\u00dfen und folgerichtig zu erstrangigen Zielen der Angreifer wurden. Die Doku um 21 Uhr stellt deren Schicksale vor.<\/li>\n<\/ul>\n","protected":false},"excerpt":{"rendered":"<p>Der Beginn des 30j\u00e4hrigen Krieges j\u00e4hrt sich zum 400. Mal und wird in Dokus gew\u00fcrdigt. Jazz als Propaganda-Waffe, die Renaissance, Widerstand gegen Hitler und die deutsche Aufarbeitung der eigenen NS-Geschichte sind u. a. weitere Themen der Geschichtssendungen der kommenden Woche.<\/p>\n","protected":false},"author":10,"featured_media":0,"comment_status":"open","ping_status":"open","sticky":false,"template":"","format":"standard","meta":{"footnotes":""},"categories":[1],"tags":[],"class_list":["post-4321","post","type-post","status-publish","format-standard","hentry","category-allgemein"],"aioseo_notices":[],"_links":{"self":[{"href":"http:\/\/historikerkraus.de\/blog\/wp-json\/wp\/v2\/posts\/4321","targetHints":{"allow":["GET"]}}],"collection":[{"href":"http:\/\/historikerkraus.de\/blog\/wp-json\/wp\/v2\/posts"}],"about":[{"href":"http:\/\/historikerkraus.de\/blog\/wp-json\/wp\/v2\/types\/post"}],"author":[{"embeddable":true,"href":"http:\/\/historikerkraus.de\/blog\/wp-json\/wp\/v2\/users\/10"}],"replies":[{"embeddable":true,"href":"http:\/\/historikerkraus.de\/blog\/wp-json\/wp\/v2\/comments?post=4321"}],"version-history":[{"count":4,"href":"http:\/\/historikerkraus.de\/blog\/wp-json\/wp\/v2\/posts\/4321\/revisions"}],"predecessor-version":[{"id":4325,"href":"http:\/\/historikerkraus.de\/blog\/wp-json\/wp\/v2\/posts\/4321\/revisions\/4325"}],"wp:attachment":[{"href":"http:\/\/historikerkraus.de\/blog\/wp-json\/wp\/v2\/media?parent=4321"}],"wp:term":[{"taxonomy":"category","embeddable":true,"href":"http:\/\/historikerkraus.de\/blog\/wp-json\/wp\/v2\/categories?post=4321"},{"taxonomy":"post_tag","embeddable":true,"href":"http:\/\/historikerkraus.de\/blog\/wp-json\/wp\/v2\/tags?post=4321"}],"curies":[{"name":"wp","href":"https:\/\/api.w.org\/{rel}","templated":true}]}}