{"id":4304,"date":"2018-04-20T12:15:47","date_gmt":"2018-04-20T10:15:47","guid":{"rendered":"http:\/\/historikerkraus.de\/blog\/?p=4304"},"modified":"2018-04-19T10:19:04","modified_gmt":"2018-04-19T08:19:04","slug":"tv-vorschau-21-27-april-2018","status":"publish","type":"post","link":"http:\/\/historikerkraus.de\/blog\/2018\/04\/20\/tv-vorschau-21-27-april-2018\/","title":{"rendered":"TV-Vorschau 21. \u2013 27. April 2018"},"content":{"rendered":"<p>Das Jahr 1968 und die Gr\u00fcndung des Staates Israel vor 70 Jahren stehen im Blickpunkt der Geschichtssendungen der kommenden Woche. Dazu die Geschichte der Krim, der Aufstand im Warschauer Ghetto und eine Reise durch die gesamte Menschheitsgeschichte. Viel Spa\u00df bei der Auswahl!<!--more--><\/p>\n<h2 id=\"samstag21.april\" style=\"text-align: center;\">Samstag, 21. April<\/h2>\n<ul>\n<li>Der ganze TV-Abend auf <a href=\"https:\/\/www.n-tv.de\/mediathek\/tvprogramm\/?date=2018-04-21\" target=\"_blank\" rel=\"noopener\"><strong>N-TV<\/strong><\/a> widmet sich den \u201eGiganten der Geschichte\u201c: \u201eDer K\u00f6lner Dom\u201c (20.15 Uhr), \u201eDie Akropolis\u201c (21.05 Uhr), \u201eDas Kolosseum\u201c (22.05 Uhr), \u201eTaj Mahal\u201c (23.05 Uhr) und \u201eDie Felsenstadt Petra\u201c (0.10 Uhr).<\/li>\n<li><strong>Arte<\/strong> begibt sich mit seinen Zuschauern auf \u201eDie Reise der Menschheit\u201c. Der Dreiteiler \u00fcber die Entwicklung des modernen Menschen beginnt um 20.15 Uhr mit <a href=\"https:\/\/www.arte.tv\/de\/videos\/069847-001-A\/die-reise-der-menschheit-1-3\/\" target=\"_blank\" rel=\"noopener\">\u201eDer Aufbruch\u201c<\/a>. Auf <a href=\"https:\/\/www.arte.tv\/de\/videos\/069847-002-A\/die-reise-der-menschheit-2-3\/\" target=\"_blank\" rel=\"noopener\">\u201eFremde Welten\u201c<\/a> treffen wir ab 21.05 Uhr, ab 22 Uhr ist <a href=\"https:\/\/www.arte.tv\/de\/videos\/069847-003-A\/die-reise-der-menschheit-3-3\/\" target=\"_blank\" rel=\"noopener\">\u201eWelt in Bewegung\u201c<\/a>.<\/li>\n<li><strong>Phoenix<\/strong> setzt die Reihe \u201eDie Europa-Saga\u201c fort mit Teil 4 <a href=\"http:\/\/www.phoenix.de\/content\/phoenix\/die_sendungen\/die_europa_saga_(4_6)\/2559106?datum=2018-04-21\" target=\"_blank\" rel=\"noopener\">\u201eWas wir erschaffen \u2013 was wir uns leisten\u201c<\/a> um 20.15 Uhr. Um 21 Uhr folgt <a href=\"http:\/\/www.phoenix.de\/content\/phoenix\/die_sendungen\/die_europa_saga_(5_6)\/2559111?datum=2018-04-21\" target=\"_blank\" rel=\"noopener\">\u201eWas uns eint \u2013 was uns teilt\u201c<\/a> und der abschlie\u00dfende sechste Teil mit dem Titel <a href=\"http:\/\/www.phoenix.de\/content\/phoenix\/die_sendungen\/die_europa_saga_(6_6)\/2559120?datum=2018-04-21\" target=\"_blank\" rel=\"noopener\">\u201eWo wir stehen \u2013 was uns bleibt\u201c<\/a> l\u00e4uft um 21.45 Uhr.<\/li>\n<li><a href=\"https:\/\/programm.tagesschau24.de\/tv\/Das-Tagebuch-der-letzten-Helden\/2018-04-21\/eid_28721617663449\" target=\"_blank\" rel=\"noopener\">\u201eDas Tagebuch der letzten Helden \u2013 Der Aufstand im Warschauer Ghetto 1943\u201c<\/a>, erz\u00e4hlt aus der Perspektive von sechs \u00dcberlebenden. <em>\u201eDer niederl\u00e4ndische Dokumentarfilmer Willy Lindwer hat ihre Berichte mit historischem Filmmaterial und Aufnahmen von \u00dcberresten des Ghettos illustriert.\u201c <\/em>(<em><strong>Tagesschau 24<\/strong>, 20.15 Uhr).<\/em> \u2014 Um 21.05 Uhr folgt zum gleichen Thema die Doku <a href=\"https:\/\/programm.tagesschau24.de\/tv\/Geheimsache-Ghettofilm\/2018-04-21\/eid_28721617663466\" target=\"_blank\" rel=\"noopener\">\u201eGeheimsache Ghettofilm \u2013 Das Warschauer Ghetto und die Propaganda der Nazis\u201c<\/a>.<em> \u201eEin meisterlich montierter, analytischer, aber hochemotionaler Dokumentarfilm, der das reale Schicksal der Ghettobewohner ins Ged\u00e4chtnis ruft und die Zuschauer zugleich auf einzigartige Weise das reflektierte Betrachten von Archivbildern lehrt.\u201c<\/em><\/li>\n<\/ul>\n<h2 id=\"sonntag22.april\" style=\"text-align: center;\">Sonntag, 22. April<\/h2>\n<ul>\n<li>Einer der vielen Streitpunkte der aktuellen Weltpolitik ist der Ukraine-Konflikt und dabei besonders die Annexion der Krim durch Russland. <strong>RBB<\/strong> zeigt mit der Doku <a href=\"https:\/\/www.rbb-online.de\/fernsehen\/programm\/22_04_2018\/618595041.html\" target=\"_blank\" rel=\"noopener\">\u201eDie Geschichte der Krim\u201c<\/a> weitergehende Hintergr\u00fcnde auf (22.55 Uhr). \u2014 Um 23.45 Uhr folgt <a href=\"https:\/\/www.rbb-online.de\/fernsehen\/programm\/22_04_2018\/618595066.html\" target=\"_blank\" rel=\"noopener\">\u201e1917 \u2013 Der wahre Oktober\u201c<\/a>, eine Doku \u00fcber das Jahr der russischen Revolution.<\/li>\n<li>Die <a href=\"https:\/\/www.mdr.de\/tv\/programm\/sendung785144_date-2018-04-22_ipgctx-true_zc-86c89414.html\" target=\"_blank\" rel=\"noopener\">\u201eGeheimsache Ghettofilm \u2013 Das Warschauer Ghetto und die Propaganda der Nazis\u201c<\/a> lief gestern auf Tagesschau 24 und heute im <strong>MDR<\/strong> um 23.15 Uhr.<\/li>\n<li>Im alten Rom waren sie reichlich umstritten: <a href=\"https:\/\/www.zdf.de\/dokumentation\/zdf-history\/gladiatrix---roms-weibliche-superstars-100.html\" target=\"_blank\" rel=\"noopener\">\u201eGladiatrix \u2013 Roms weibliche Superstars\u201c<\/a>. <em>\u201eFrauen, die in der Arena wie M\u00e4nner um Leben oder Tod k\u00e4mpfen. F\u00fcr die einen sind sie ein Skandal, f\u00fcr die anderen: Idole.\u201c<\/em> (<strong>ZDF<\/strong>, 23.45 Uhr).<\/li>\n<\/ul>\n<h2 id=\"montag23.april\" style=\"text-align: center;\">Montag, 23. April<\/h2>\n<ul>\n<li>Der \u201eMythos \u201868\u201c erreicht <strong>ARD-alpha<\/strong>. Um 20.15 Uhr ist es <a href=\"https:\/\/www.br.de\/fernsehen\/ard-alpha\/programmkalender\/ausstrahlung-1382008.html\" target=\"_blank\" rel=\"noopener\">\u201eEin wildes Jahr in Bayern\u201c<\/a> und um 21 Uhr <a href=\"https:\/\/www.br.de\/fernsehen\/ard-alpha\/programmkalender\/ausstrahlung-1382010.html\" target=\"_blank\" rel=\"noopener\">\u201eEin wildes Jahr und seine Folgen\u201c<\/a>. \u2014 <a href=\"https:\/\/www.br.de\/fernsehen\/ard-alpha\/programmkalender\/ausstrahlung-1382012.html\" target=\"_blank\" rel=\"noopener\">\u201ealpha-dialog\u201c<\/a> schlie\u00dft sich um 21.45 Uhr an mit dem Thema \u201eDie \u201868er \u2013 Ein Aufbruch und seine Folgen\u201c.<\/li>\n<li>Zwei \u201eMega-Projekte der Nazis\u201c stellt <a href=\"https:\/\/www.n-tv.de\/mediathek\/tvprogramm\/?date=2018-04-23\" target=\"_blank\" rel=\"noopener\"><strong>N-TV<\/strong><\/a> heute Abend vor. \u201eHitlers Adlerhorst\u201c um 22.10 Uhr und \u201eHitlers U-Boote\u201c um 23.05 Uhr.<\/li>\n<\/ul>\n<h2 id=\"dienstag24.april\" style=\"text-align: center;\">Dienstag, 24. April<\/h2>\n<ul>\n<li>70 Jahre liegt die Staatsgr\u00fcndung Israels zur\u00fcck und ist heute Thema auf <strong>Arte<\/strong>. Der Zweiteiler \u201eMein gelobtes Land\u201c zeichnet <em>\u201edie Entstehung des Nahostkonflikts nach. Von Theodor Herzls Projekt beim ersten Zionistenkongress 1897 bis hin zum Sechstagekrieg 1967 werden die verschiedenen Stationen dieses entscheidenden Kapitels der Gegenwartsgeschichte nachvollzogen.\u201c<\/em> <a href=\"https:\/\/www.arte.tv\/de\/videos\/073890-001-A\/mein-gelobtes-land-1-2\/\" target=\"_blank\" rel=\"noopener\">\u201eTeil 1\u201c<\/a> um 20.15 Uhr, <a href=\"https:\/\/www.arte.tv\/de\/videos\/073890-002-A\/mein-gelobtes-land-2-2\/\" target=\"_blank\" rel=\"noopener\">\u201eTeil 2\u201c<\/a> um 21.10 Uhr.<\/li>\n<\/ul>\n<h2 id=\"mittwoch25.april\" style=\"text-align: center;\">Mittwoch, 25. April<\/h2>\n<ul>\n<li><em>\u201eFritz Bauer ist Generalstaatsanwalt und hat sein Leben der Jagd auf NS-Verbrecher verschrieben. Sein gr\u00f6\u00dfter Fall: Adolf Eichmann. Bauer sieht den Fall schon als hoffnungslos an, als ihn ein Brief erreicht. Ein Mann behauptet, Adolf Eichmann in Argentinien aufgesp\u00fcrt zu haben \u2026 \u2013 Spannender und preisgekr\u00f6nter Film (2014) von Lars Kraume.\u201c<\/em> Eine wahre Geschichte verfilmt: <a href=\"https:\/\/www.arte.tv\/de\/videos\/052359-000-A\/der-staat-gegen-fritz-bauer\/\" target=\"_blank\" rel=\"noopener\">\u201eDer Staat gegen Fritz Bauer\u201c<\/a>, <strong>Arte<\/strong>, 20.15 Uhr.<\/li>\n<li><strong>Phoenix<\/strong> stellt zwei \u201eGeheimnisvolle Orte\u201c vor. Um 20.15 Uhr <a href=\"http:\/\/www.phoenix.de\/content\/phoenix\/die_sendungen\/geheimnisvolle_orte_der_anhalter_bahnhof\/2561036?datum=2018-04-25\" target=\"_blank\" rel=\"noopener\">\u201eDer Anhalter Bahnhof\u201c<\/a> in Berlin und um 21 Uhr <a href=\"http:\/\/www.phoenix.de\/content\/phoenix\/die_sendungen\/geheimnisvolle_orte_der_grunewald\/1131103?datum=2018-04-25\" target=\"_blank\" rel=\"noopener\">\u201eDer Grunewald\u201c<\/a>.<\/li>\n<li><strong>ARD-alpha<\/strong> fragt: <a href=\"https:\/\/www.br.de\/fernsehen\/ard-alpha\/programmkalender\/ausstrahlung-1382194.html\" target=\"_blank\" rel=\"noopener\">\u201eWie starb Benno Ohnesorg?\u201c<\/a> (21 Uhr). <em>\u201eEr liegt am Boden, eine junge Frau kniet neben ihm und h\u00e4lt den Kopf des Sterbenden. Das Bild wird zum Symbol. Es wird Hunderttausende auf die Stra\u00dfe treiben. Der 2. Juni 1967 wurde zum Katalysator des studentischen Aufbegehrens, der Tag ver\u00e4ndert das Land. An ihm begann \u201a1968\u2018.\u201c<\/em><\/li>\n<\/ul>\n<h2 id=\"donnerstag26.april\" style=\"text-align: center;\">Donnerstag, 26. April<\/h2>\n<ul>\n<li><a href=\"http:\/\/www.sr.de\/sr\/fernsehen\/srde_epg_srtv_623446070_100.html\" target=\"_blank\" rel=\"noopener\">\u201eLenchen Demuth und Karl Marx\u201c<\/a> oder <a href=\"http:\/\/www.sr.de\/sr\/fernsehen\/sendungen_a_-_z\/uebersicht\/saarthema\/index.html\" target=\"_blank\" rel=\"noopener\">\u201e\u201eWie ein saarl\u00e4ndisches Hausm\u00e4dchen Geschichte schrieb\u201c\u201c<\/a> erz\u00e4hlt um 20.15 Uhr die Doku im <strong>SR<\/strong>.<\/li>\n<\/ul>\n<h2 id=\"freitag27.april\" style=\"text-align: center;\">Freitag, 27. April<\/h2>\n<ul>\n<li><strong>Phoenix<\/strong> pr\u00e4sentiert um 22.30 Uhr <a href=\"http:\/\/www.phoenix.de\/content\/phoenix\/die_sendungen\/roms_rache\/547958?datum=2018-04-27\" target=\"_blank\" rel=\"noopener\">\u201eRoms Rache\u201c<\/a> f\u00fcr die verlorene Varusschlacht, denn <em>\u201edie R\u00f6mer haben sich nach der Varusschlacht nicht wie allgemein angenommen wird hinter dem Limes versteckt. Vielmehr kam es 230 Jahre nach dem angeblichen Vernichtungsschlag des Cheruskerf\u00fcrsten Arminius erneut zu einer blutigen Schlacht zwischen R\u00f6mern und Germanen: Die Schlacht im Harz.\u201c<\/em><\/li>\n<li>\u201eDer Zweite Weltkrieg in Farbe\u201c Folge 8 <a href=\"https:\/\/www.br.de\/fernsehen\/ard-alpha\/programmkalender\/ausstrahlung-1382372.html\" target=\"_blank\" rel=\"noopener\">\u201eDie russische Dampfwalze\u201c<\/a> um 20.15 Uhr und Folge 9 <a href=\"https:\/\/www.br.de\/fernsehen\/ard-alpha\/programmkalender\/ausstrahlung-1382374.html\" target=\"_blank\" rel=\"noopener\">\u201eOperation Overlord\u201c<\/a> um 21.05 Uhr auf <strong>ARD-alpha<\/strong>.<\/li>\n<\/ul>\n","protected":false},"excerpt":{"rendered":"<p>Das Jahr 1968 und die Gr\u00fcndung des Staates Israel vor 70 Jahren stehen im Blickpunkt der Geschichtssendungen der kommenden Woche. Dazu die Geschichte der Krim, der Aufstand im Warschauer Ghetto und eine Reise durch die gesamte Menschheitsgeschichte. Viel Spa\u00df bei der Auswahl!<\/p>\n","protected":false},"author":10,"featured_media":0,"comment_status":"open","ping_status":"open","sticky":false,"template":"","format":"standard","meta":{"footnotes":""},"categories":[1],"tags":[],"class_list":["post-4304","post","type-post","status-publish","format-standard","hentry","category-allgemein"],"aioseo_notices":[],"_links":{"self":[{"href":"http:\/\/historikerkraus.de\/blog\/wp-json\/wp\/v2\/posts\/4304","targetHints":{"allow":["GET"]}}],"collection":[{"href":"http:\/\/historikerkraus.de\/blog\/wp-json\/wp\/v2\/posts"}],"about":[{"href":"http:\/\/historikerkraus.de\/blog\/wp-json\/wp\/v2\/types\/post"}],"author":[{"embeddable":true,"href":"http:\/\/historikerkraus.de\/blog\/wp-json\/wp\/v2\/users\/10"}],"replies":[{"embeddable":true,"href":"http:\/\/historikerkraus.de\/blog\/wp-json\/wp\/v2\/comments?post=4304"}],"version-history":[{"count":3,"href":"http:\/\/historikerkraus.de\/blog\/wp-json\/wp\/v2\/posts\/4304\/revisions"}],"predecessor-version":[{"id":4307,"href":"http:\/\/historikerkraus.de\/blog\/wp-json\/wp\/v2\/posts\/4304\/revisions\/4307"}],"wp:attachment":[{"href":"http:\/\/historikerkraus.de\/blog\/wp-json\/wp\/v2\/media?parent=4304"}],"wp:term":[{"taxonomy":"category","embeddable":true,"href":"http:\/\/historikerkraus.de\/blog\/wp-json\/wp\/v2\/categories?post=4304"},{"taxonomy":"post_tag","embeddable":true,"href":"http:\/\/historikerkraus.de\/blog\/wp-json\/wp\/v2\/tags?post=4304"}],"curies":[{"name":"wp","href":"https:\/\/api.w.org\/{rel}","templated":true}]}}