{"id":4295,"date":"2018-04-13T12:00:17","date_gmt":"2018-04-13T10:00:17","guid":{"rendered":"http:\/\/historikerkraus.de\/blog\/?p=4295"},"modified":"2018-04-13T09:43:33","modified_gmt":"2018-04-13T07:43:33","slug":"tv-vorschau-14-20-april-2018","status":"publish","type":"post","link":"http:\/\/historikerkraus.de\/blog\/2018\/04\/13\/tv-vorschau-14-20-april-2018\/","title":{"rendered":"TV-Vorschau 14. \u2013 20. April 2018"},"content":{"rendered":"<p>In der kommenden Woche werden Geschichtsmythen thematisiert: Das Jahr 1968 ebenso wie der legend\u00e4re Marschallplan. Portr\u00e4ts bekannter (Hannah Arendt, Erich K\u00e4stner) und weniger bekannter (Fritz Platten, Ruth Mayenburg) historischer Pers\u00f6nlichkeiten sind zu sehen. Dazu wieder viele Dokus zu Arch\u00e4ologie und Geschichte.<!--more--><\/p>\n<h2 id=\"samstag14.april\" style=\"text-align: center;\">Samstag, 14. April<\/h2>\n<ul>\n<li>Die Reihe \u201eGiganten der Geschichte\u201c geht auf <a href=\"https:\/\/www.n-tv.de\/mediathek\/tvprogramm\/?date=2018-04-14\" target=\"_blank\" rel=\"noopener\"><strong>N-TV<\/strong><\/a> weiter. 20.15 Uhr \u201eStonehenge\u201c, 21.05 Uhr Stirling Castle \u2013 \u201eSchottlands Schicksalsburg\u201c, 22.05 Uhr \u201ePalace of Westminster\u201c, 23.05 Uhr \u201eDie Chinesische Mauer\u201c und 0.10 Uhr \u201eDie Terrakotta-Armee\u201c.<\/li>\n<li>Um 20.15 Uhr stellt <strong>Arte<\/strong> in der Reihe \u201eDenkm\u00e4ler der Ewigkeit\u201c vor, <a href=\"https:\/\/www.arte.tv\/de\/videos\/048172-000-A\/denkmaeler-der-ewigkeit\/\" target=\"_blank\" rel=\"noopener\">\u201eWo L\u00f6wen Aufzug fahren: Das Kolosseum in Rom\u201c<\/a>. <em>\u201eIm ersten Jahrhundert nach Christus wurde mitten in Rom das gr\u00f6\u00dfte Amphitheater aller Zeiten errichtet. Das Kolosseum verk\u00f6rpert das R\u00f6mische Reich wie kaum ein anderes Bauwerk. Die k\u00fcnstlerischen und technischen Spitzenleistungen machten den Besuch des Bauwerks und der dort abgehaltenen Veranstaltungen zu atemberaubenden Erlebnissen.\u201c<\/em><\/li>\n<li><a href=\"https:\/\/programm.tagesschau24.de\/tv\/1968---Westberlin\/2018-04-14\/eid_28721603569327\" target=\"_blank\" rel=\"noopener\">\u201e1968 \u2013 Westberlin\u201c<\/a> f\u00fchrt auf <strong>Tagesschau 24<\/strong> in den Abend (20.15 Uhr). <em>\u201e1968 ist ein Jahr, nach dem eine ganze Generation benannt wurde \u2013 eine Generation, die unsere Gesellschaft grundlegend ver\u00e4ndert haben soll. Mit dem Ruf \u201aUnter den Talaren der Muff von 1.000 Jahren\u2018 machten Studenten in den Universit\u00e4ten mobil gegen erstarrte gesellschaftliche Strukturen in der Bundesrepublik Deutschland. Es war ein Aufbegehren gegen die Etablierten, gegen \u00fcberholte Werte und f\u00fcr mehr Freiheit und Gerechtigkeit. In vorderster Front standen die Studenten der Freien Universit\u00e4t in Berlin. Ihr Kampf f\u00fcr ver\u00e4nderte Lebens- und Denkformen hat die westdeutsche Alltagskultur nachhaltig beeinflusst.\u201c<\/em> \u2014 Um 21.02 Uhr folgt ein Portr\u00e4t von <a href=\"https:\/\/programm.tagesschau24.de\/tv\/Rudi-Dutschke\/2018-04-14\/eid_28721603569361\" target=\"_blank\" rel=\"noopener\">\u201eRudi Dutschke\u201c<\/a>.<\/li>\n<li>Auch im <a href=\"https:\/\/www.wdr.de\/programmvorschau\/wdrfernsehen\/uebersicht\/2018-04-14\/\" target=\"_blank\" rel=\"noopener\"><strong>WDR<\/strong><\/a> stehen \u201eDie verr\u00fcckten 68er \u2013 Ein Jahr stellt die Welt auf den Kopf\u201c im Blickpunkt (20.15 Uhr).<\/li>\n<li>Zwei Revolution\u00e4re aus der Schweiz und \u00d6sterreich sind Thema auf <strong>3sat<\/strong>. Da ist zum einen (um 22.20 Uhr) <a href=\"http:\/\/www.3sat.de\/mediathek\/?mode=play&amp;obj=47105\" target=\"_blank\" rel=\"noopener\">\u201eDer rote Fritz\u201c<\/a>. <em>\u201eFritz Platten war eine schillernde und \u00fcberaus popul\u00e4re Figur der Schweizer Arbeiterbewegung. Er k\u00e4mpfte sein Leben lang f\u00fcr einen Traum: die sozialistische Weltrevolution.\u201c<\/em> \u2014 Zum anderen geht es um Ruth Mayenburg. Die \u201eLebensgeschichte einer Kommunistin\u201c wird um 23.15 Uhr unter dem Titel <a href=\"http:\/\/www.3sat.de\/page\/?source=\/dokumentationen\/196797\/index.html\" target=\"_blank\" rel=\"noopener\">\u201eBlaues Blut und rote Fahnen\u201c<\/a> erz\u00e4hlt.<\/li>\n<\/ul>\n<h2 id=\"sonntag15.april\" style=\"text-align: center;\">Sonntag, 15. April<\/h2>\n<ul>\n<li><em>\u201eAm 24. August des Jahres 79 nach Christus brach der Vesuv aus, und die Stadt Pompeji verschwand nicht nur von der Erde, sondern zun\u00e4chst auch aus dem Ged\u00e4chtnis der Menschen. Wie kam es dazu? Der Film \u201aPompeji \u2013 Der letzte Tag\u2018 rekonstruiert das dramatische Geschehen.\u201c<\/em> (<a href=\"http:\/\/www.3sat.de\/programm\/?viewlong=viewlong&amp;d=20180415&amp;dayID=ClnDaN15&amp;cx=135#border2345\" target=\"_blank\" rel=\"noopener\"><strong>3sat<\/strong><\/a>, 0.45 Uhr).<\/li>\n<\/ul>\n<h2 id=\"montag16.april\">Montag, 16. April<\/h2>\n<ul>\n<li>Auch heute stellt <a href=\"https:\/\/www.n-tv.de\/mediathek\/tvprogramm\/?date=2018-04-16\" target=\"_blank\" rel=\"noopener\"><strong>N-TV<\/strong><\/a> wieder \u201eMega-Projekte der Nazis\u201c vor. Um 22.10 Uhr sind es \u201eDie Kanalinseln\u201c und um 23.05 Uhr \u201eHitlers Blitzkrieg\u201c.<\/li>\n<li>Den Marshall-Plan kennt fast jeder \u2013 zumindest dem Namen nach. Er ist geradezu sprichw\u00f6rtlich geworden f\u00fcr jede Form der Aufbauhilfe. \u201eGeschichte im Ersten\u201c geht der Sache auf den Grund: <a href=\"http:\/\/www.daserste.de\/information\/reportage-dokumentation\/dokus\/sendung\/mythos-oder-masterplan-100.html\" target=\"_blank\" rel=\"noopener\">\u201eMythos oder Masterplan?\u201c<\/a> (<strong>ARD<\/strong>, 23.30 Uhr).<\/li>\n<\/ul>\n<h2 id=\"dienstag17.april\" style=\"text-align: center;\">Dienstag, 17. April<\/h2>\n<ul>\n<li><a href=\"https:\/\/www.arte.tv\/de\/videos\/067073-000-A\/fruehjahr-48\/\" target=\"_blank\" rel=\"noopener\">\u201eFr\u00fchjahr 48\u201c<\/a> hei\u00dft die Doku auf <strong>Arte<\/strong> um 22 Uhr. <em>\u201eDrei Jahre nach dem Ende des Zweiten Weltkriegs steht Europa wieder an einer historischen Schwelle. Wird der Kontinent endlich dauerhaft Frieden finden? Aus einstigen Alliierten wurden nach 1945 wieder Feinde. Das Fr\u00fchjahr 48 bringt entscheidende Wendepunkte. Die Dokumentation ist eine Zeitreise mit beeindruckenden Interviews, seltenem Archivmaterial und literarischen Zitaten.\u201c<\/em><\/li>\n<li>Im <strong>BR<\/strong> l\u00e4uft um 22.30 Uhr der zweite Teil der Doku \u201eMythos \u201968\u201c mit dem Titel <a href=\"https:\/\/www.br.de\/br-fernsehen\/programmkalender\/ausstrahlung-1366264.html\" target=\"_blank\" rel=\"noopener\">\u201eEin wildes Jahr und seine Folgen\u201c<\/a>.<\/li>\n<li>Das biografische Drama <a href=\"http:\/\/www.daserste.de\/unterhaltung\/film\/filme-im-ersten\/sendung\/hannah-arendt-174.html\" target=\"_blank\" rel=\"noopener\">\u201eHannah Arendt\u201c<\/a> (BRD\/FRA\/LUX\/ISR 2012, Regie: Margarethe von Trotta) l\u00e4uft um 0.55 Uhr in der <strong>ARD<\/strong>.<\/li>\n<\/ul>\n<h2 id=\"mittwoch18.april\" style=\"text-align: center;\">Mittwoch, 18. April<\/h2>\n<ul>\n<li>Zur\u00fcck in die ferne Vergangenheit f\u00fchrt uns <strong>Phoenix<\/strong>. Um 20.15 Uhr geht es um das bronzezeitliche <a href=\"http:\/\/www.phoenix.de\/content\/phoenix\/die_sendungen\/stonehenge\/1125990?datum=2018-04-18\" target=\"_blank\" rel=\"noopener\">\u201eStonehenge\u201c<\/a> und um 21 Uhr fragt ZDF-History \u201eWie viel Steinzeit steckt in uns?\u201c <a href=\"http:\/\/www.phoenix.de\/content\/phoenix\/die_sendungen\/zdf_history:_die_akte_mensch_\/916870?datum=2018-04-18\" target=\"_blank\" rel=\"noopener\">\u201eDie Akte Mensch\u201c<\/a>.<\/li>\n<li>Die Afroamerikaner, die einst als Sklaven auf den amerikanischen Kontinent verschleppt wurden, k\u00e4mpfen um ihre Geschichte. Die Doku <a href=\"https:\/\/www.arte.tv\/de\/videos\/073084-000-A\/das-schwarze-museum\/\" target=\"_blank\" rel=\"noopener\">\u201eDas Schwarze Museum \u2013 Ein Monument f\u00fcr die Geschichte und Kultur der Afroamerikaner\u201c<\/a> stellt diese Geschichte und den Kampf um ihre W\u00fcrdigung vor (<strong>Arte<\/strong>, 22.05 Uhr).<\/li>\n<\/ul>\n<h2 id=\"donnerstag19.april\" style=\"text-align: center;\">Donnerstag, 19. April<\/h2>\n<ul>\n<li>Ein Portr\u00e4t des Schriftstellers <a href=\"https:\/\/www.mdr.de\/tv\/programm\/sendung783518_date-2018-04-19_ipgctx-true_zc-f573aa17.html\" target=\"_blank\" rel=\"noopener\">\u201eErich K\u00e4stner \u2013 Das andere Ich\u201c<\/a> sendet der <strong>MDR<\/strong> um 23.05 Uhr. <em>\u201eErich K\u00e4stner verk\u00f6rpert wie kaum ein anderer deutscher Autor den Typus des unantastbaren Schriftstellers. Generationen von Lesern sind mit ihm aufgewachsen. Mit \u201aEmil und die Detektive\u2018 (1929) revolutioniert er die Kinderbuchliteratur. [\u2026] 1933 sieht K\u00e4stner in Berlin zu, wie seine B\u00fccher verbrannt werden. Dennoch wandert er nicht aus, ver\u00f6ffentlicht nun unter Pseudonym und im Ausland. 1941 schreibt er das Drehbuch f\u00fcr \u201aM\u00fcnchhausen\u2018. Sp\u00e4ter verhaftet ihn die Gestapo, l\u00e4sst ihn aber wieder frei. In der Nachkriegszeit ist K\u00e4stner eine moralische Instanz. Doch er kann an seine fr\u00fcheren Erfolg nicht mehr ankn\u00fcpfen.\u201c<\/em><\/li>\n<\/ul>\n<h2 id=\"freitag20.april\" style=\"text-align: center;\">Freitag, 20. April<\/h2>\n<ul>\n<li>\u201eDie Europa-Saga\u201c l\u00e4uft auf <strong>Phoenix<\/strong>. Heute die ersten drei Teile. Um 20.15 Uhr <a href=\"http:\/\/www.phoenix.de\/content\/phoenix\/die_sendungen\/die_europa_saga_(1_6)\/2557830?datum=2018-04-20\" target=\"_blank\" rel=\"noopener\">\u201eWoher wir kommen \u2013 wer wir sind\u201c<\/a>, um 21 Uhr <a href=\"http:\/\/www.phoenix.de\/content\/phoenix\/die_sendungen\/die_europa_saga_(2_6)\/2558791?datum=2018-04-20\" target=\"_blank\" rel=\"noopener\">\u201eWoran wir glauben \u2013 was wir denken\u201c<\/a> und um 21.45 Uhr <a href=\"http:\/\/www.phoenix.de\/content\/phoenix\/die_sendungen\/die_europa_saga_(3_6)\/2558796?datum=2018-04-20\" target=\"_blank\" rel=\"noopener\">\u201eWas uns antreibt \u2013 was wir uns nehmen\u201c<\/a>. Die Teile 4 bis 6 laufen morgen.<\/li>\n<li>Die Reihe \u201eDer Zweite Weltkrieg in Farbe\u201c wird auf <strong>ARD-alpha<\/strong> fortgesetzt mit den Folgen 6 <a href=\"https:\/\/www.br.de\/fernsehen\/ard-alpha\/programmkalender\/ausstrahlung-1374118.html\" target=\"_blank\" rel=\"noopener\">\u201eItaliens Parallelkrieg\u201c<\/a> (20.15 Uhr) und 7 <a href=\"https:\/\/www.br.de\/fernsehen\/ard-alpha\/programmkalender\/ausstrahlung-1374120.html\" target=\"_blank\" rel=\"noopener\">\u201eDas Blatt wendet sich\u201c<\/a> um 21.05 Uhr.<\/li>\n<li><em>\u201eDie wahre Geschichte des Marshall-Plans\u201c<\/em> erfahren alle, die am Montag die Doku in der ARD verpasst haben, um 21.17 Uhr auf <strong>Tagesschau 24<\/strong>: <a href=\"https:\/\/programm.tagesschau24.de\/tv\/Geschichte-im-Ersten%3A-Mythos-oder-Masterplan\/2018-04-20\/eid_28721603567128\" target=\"_blank\" rel=\"noopener\">\u201eMythos oder Masterplan?\u201c<\/a>.<\/li>\n<\/ul>\n","protected":false},"excerpt":{"rendered":"<p>In der kommenden Woche werden Geschichtsmythen thematisiert: Das Jahr 1968 ebenso wie der legend\u00e4re Marschallplan. Portr\u00e4ts bekannter (Hannah Arendt, Erich K\u00e4stner) und weniger bekannter (Fritz Platten, Ruth Mayenburg) historischer Pers\u00f6nlichkeiten sind zu sehen. Dazu wieder viele Dokus zu Arch\u00e4ologie und Geschichte.<\/p>\n","protected":false},"author":10,"featured_media":0,"comment_status":"open","ping_status":"open","sticky":false,"template":"","format":"standard","meta":{"footnotes":""},"categories":[1],"tags":[],"class_list":["post-4295","post","type-post","status-publish","format-standard","hentry","category-allgemein"],"aioseo_notices":[],"_links":{"self":[{"href":"http:\/\/historikerkraus.de\/blog\/wp-json\/wp\/v2\/posts\/4295","targetHints":{"allow":["GET"]}}],"collection":[{"href":"http:\/\/historikerkraus.de\/blog\/wp-json\/wp\/v2\/posts"}],"about":[{"href":"http:\/\/historikerkraus.de\/blog\/wp-json\/wp\/v2\/types\/post"}],"author":[{"embeddable":true,"href":"http:\/\/historikerkraus.de\/blog\/wp-json\/wp\/v2\/users\/10"}],"replies":[{"embeddable":true,"href":"http:\/\/historikerkraus.de\/blog\/wp-json\/wp\/v2\/comments?post=4295"}],"version-history":[{"count":4,"href":"http:\/\/historikerkraus.de\/blog\/wp-json\/wp\/v2\/posts\/4295\/revisions"}],"predecessor-version":[{"id":4300,"href":"http:\/\/historikerkraus.de\/blog\/wp-json\/wp\/v2\/posts\/4295\/revisions\/4300"}],"wp:attachment":[{"href":"http:\/\/historikerkraus.de\/blog\/wp-json\/wp\/v2\/media?parent=4295"}],"wp:term":[{"taxonomy":"category","embeddable":true,"href":"http:\/\/historikerkraus.de\/blog\/wp-json\/wp\/v2\/categories?post=4295"},{"taxonomy":"post_tag","embeddable":true,"href":"http:\/\/historikerkraus.de\/blog\/wp-json\/wp\/v2\/tags?post=4295"}],"curies":[{"name":"wp","href":"https:\/\/api.w.org\/{rel}","templated":true}]}}