{"id":4292,"date":"2018-04-06T12:06:19","date_gmt":"2018-04-06T10:06:19","guid":{"rendered":"http:\/\/historikerkraus.de\/blog\/?p=4292"},"modified":"2018-04-05T10:11:39","modified_gmt":"2018-04-05T08:11:39","slug":"tv-vorschau-7-13-april-2018","status":"publish","type":"post","link":"http:\/\/historikerkraus.de\/blog\/2018\/04\/06\/tv-vorschau-7-13-april-2018\/","title":{"rendered":"TV-Vorschau 7. \u2013 13. April 2018"},"content":{"rendered":"<p>Von Konfuzius \u00fcber Oliver Cromwell, Karl Marx und Ghandi bis zu Rudi Dutschke, Martin Luther King und Malcolm X spannen sich die Portr\u00e4ts historischer Pers\u00f6nlichkeiten in der kommenden TV-Woche (das ist nur ein Ausschnitt!). Dazu jede Menge Dokus allen erdenklichen Themen der Arch\u00e4ologie und Geschichte. Viel Spa\u00df bei der Auswahl.<!--more--><\/p>\n<h2 id=\"samstag7.april\" style=\"text-align: center;\">Samstag, 7. April<\/h2>\n<ul>\n<li>Das alte \u00c4gypten steht heute im Mittelpunkt des Programms von <a href=\"https:\/\/www.n-tv.de\/mediathek\/tvprogramm\/?date=2018-04-07\" target=\"_blank\" rel=\"noopener\"><strong>N-TV<\/strong><\/a>. \u201eGeheimnisse der Pyramiden\u201c wird um 20.15 Uhr und 21.05 Uhr gel\u00fcftet. Dann folgen drei Beitr\u00e4ge der Reihe \u201eGiganten der Geschichte\u201c. Um 22.05 Uhr \u201eTutanchamuns Grab\u201c, um 23.05 Uhr \u201eDie Sphinx\u201c und um 0.10 Uhr \u201eDie Tempel der Pharaonen\u201c.<\/li>\n<li>Das Portr\u00e4t eines der gr\u00f6\u00dften Denker der Weltgeschichte zeichnet <strong>Arte<\/strong> um 20.15 Uhr. <em>\u201eVor 2.500 Jahren wurde ein Mann geboren, dessen Ideen das Leben von Milliarden Menschen pr\u00e4gten \u2013 und das Denken einer ganzen Nation. Seine Heimat war China. Sein Name war Kong-tse. Der Westen kennt ihn als Konfuzius. Doch wer war der Gelehrte? Was ist sein Erbe? Und inwieweit ist sein Gedankengut noch heute aktuell? Die Doku-Fiktion zeichnet seine Geschichte nach.\u201c<\/em> <a href=\"https:\/\/www.arte.tv\/de\/videos\/055170-000-A\/konfuzius\/\" target=\"_blank\" rel=\"noopener\">\u201eKonfuzius\u201c<\/a>.<\/li>\n<li><strong>Phoenix<\/strong> erinnert an die Ermordung Martin Luther King Jrs. mit der ZDF-History-Doku <a href=\"http:\/\/www.phoenix.de\/content\/phoenix\/die_sendungen\/zdf_history:_amerika_jagt_einen_moerder_\/2555046?datum=2018-04-07\" target=\"_blank\" rel=\"noopener\">\u201eAmerika jagt einen M\u00f6rder \u2013 Wer erschoss Martin Luther King?\u201c<\/a> (21.45 Uhr).<\/li>\n<\/ul>\n<h2 id=\"sonntag8.april\" style=\"text-align: center;\">Sonntag, 8. April<\/h2>\n<ul>\n<li><em>\u201eKeine europ\u00e4ische Metropole, die nicht ein Luxuskaufhaus als Aush\u00e4ngeschild hat.\u201c<\/em> Drei davon und deren Geschichte stellt <strong>Tagesschau 24<\/strong> vor. Um 20.15 Uhr <a href=\"https:\/\/programm.tagesschau24.de\/tv\/Das-KaDeWe\/2018-04-08\/eid_28721591658500\" target=\"_blank\" rel=\"noopener\">\u201eDas KaDeWe\u201c<\/a> in Berlin, um 21.02 Uhr <a href=\"https:\/\/programm.tagesschau24.de\/tv\/Galeries-Lafayette-Paris\/2018-04-08\/eid_28721591658517\" target=\"_blank\" rel=\"noopener\">\u201eGaleries Lafayette Paris\u201c<\/a> und um 21.55 Uhr das <a href=\"https:\/\/programm.tagesschau24.de\/tv\/Macy's-New-York\/2018-04-08\/eid_28721591658524\" target=\"_blank\" rel=\"noopener\">\u201eMacy\u2019s New York\u201c<\/a>.<\/li>\n<li>Das filmische Portr\u00e4t Mahatma Ghandis l\u00e4uft auf <strong>3sat<\/strong> um 21.35 Uhr: <a href=\"http:\/\/www.3sat.de\/page\/?source=\/film\/196803\/index.html\" target=\"_blank\" rel=\"noopener\">\u201eGandhi\u201c<\/a> (GB 1982, Regie: Richard Attenborough).<\/li>\n<li>Jerusalem ist immer wieder Schauplatz von Konflikten mit historischem Hintergrund. <em>\u201eDrei Weltreligionen, zwei V\u00f6lker und eine Heilige Stadt \u2013 Jerusalem. Seit Jahrtausenden ist diese Sehnsuchtsort f\u00fcr Pilger und Schauplatz der Geschichte. Doch wem geh\u00f6rt Jerusalem?\u201c<\/em> Eine Ann\u00e4herung an diese Stadt bietet <strong>ZDF<\/strong>-History <a href=\"https:\/\/www.zdf.de\/dokumentation\/zdf-history\/jerusalem---ewiger-kampf-um-die-heilige-stadt-100.html\" target=\"_blank\" rel=\"noopener\">\u201eJerusalem \u2013 ewiger Kampf um die Heilige Stadt\u201c<\/a> um 23.30 Uhr.<\/li>\n<\/ul>\n<h2 id=\"montag9.april\" style=\"text-align: center;\">Montag, 9. April<\/h2>\n<ul>\n<li>Western-Legenden und Nazi-Geheimnisse pr\u00e4gen den TV-Abend auf <a href=\"https:\/\/www.n-tv.de\/mediathek\/tvprogramm\/?date=2018-04-09\" target=\"_blank\" rel=\"noopener\"><strong>N-TV<\/strong><\/a>. Um 20.15 Uhr lernen wie \u201eBilly the Kid\u201c kennen, um 21.05 Uhr \u201eJesse James\u201c. Um 22.10 Uhr hei\u00dft es \u201eHimmlers dunkle Macht\u201c, um 23.05 Uhr \u201eHitler und der Papst\u201c und um 0.10 Uhr \u201eHitlers okkulter Wahn\u201c.<\/li>\n<li><a href=\"https:\/\/de.wikipedia.org\/wiki\/Oliver_Cromwell\" target=\"_blank\" rel=\"noopener\">\u201eOliver Cromwell\u201c<\/a> (1599\u20131658) war ein K\u00e4mpfer des Protestantismus und der Republik in England. Er f\u00fchrte die Parlamentspartei im B\u00fcrgerkrieg gegen K\u00f6nig Karl I., den er hinrichten lie\u00df, ohne sein Ziel, England in eine Republik zu verwandeln, dauerhaft zu erreichen. <strong>Phoenix<\/strong> sendet ein zweiteiliges Portr\u00e4t dieses Mannes. Um 20.15 Uhr steht der <a href=\"http:\/\/www.phoenix.de\/content\/phoenix\/die_sendungen\/oliver_cromwell_(1_2)\/2554843?datum=2018-04-09\" target=\"_blank\" rel=\"noopener\">\u201eFeldherr und K\u00f6nigsm\u00f6rder\u201c<\/a> im Mittelpunkt, um 21 Uhr der <a href=\"http:\/\/www.phoenix.de\/content\/phoenix\/die_sendungen\/oliver_cromwell_(2_2)\/2554846?datum=2018-04-09\" target=\"_blank\" rel=\"noopener\">\u201eDiktator und Gotteskrieger\u201c<\/a>.<\/li>\n<li>Um 23.30 Uhr nimmt \u201eGeschichte im Ersten\u201c <a href=\"http:\/\/www.daserste.de\/information\/reportage-dokumentation\/dokus\/sendung\/die-slawen-102.html\" target=\"_blank\" rel=\"noopener\">\u201eDie Slawen\u201c<\/a> in den Fokus. <em>\u201eVor 1.300 Jahren gibt es zwischen Elbe und Oder vor allem eines: menschenleere Weite. Doch dann lassen sich Fremde aus dem Osten in diesem fruchtbaren Land nieder \u2013 die Slawen. Sie z\u00e4hlen sp\u00e4ter zu den letzten Heiden in der Mitte Europas und haben eine bis heute geheimnisvolle Geschichte, in der viele Fragen offen sind und viel Raum f\u00fcr Sagen und Mythen bleibt.\u201c<\/em><\/li>\n<\/ul>\n<h2 id=\"dienstag10.april\" style=\"text-align: center;\">Dienstag, 10. April<\/h2>\n<ul>\n<li>Der Kampf um die Frauengleichberechtigung war und ist langwierig. Gerade hat sich der neue Bundestag wieder als r\u00fcckschrittlich erwiesen, da erstmals der Anteil der weiblichen Bundestagsabgeordneten zur\u00fcck gegangen ist (was an der CDU\/CSU und der AFD liegt). <a href=\"http:\/\/www.3sat.de\/programm\/?viewlong=viewlong&amp;d=20180410&amp;dayID=ClnDaN10&amp;cx=135\" target=\"_blank\" rel=\"noopener\"><strong>3sat<\/strong><\/a> erinnert um 20.15 Uhr mit dem Historienfilm \u201eSternstunde ihres Lebens\u201c (BRD 2014, Regie: Erica von Moeller) an eine Vork\u00e4mpferin der Frauenrechte in der Bundesrepublik. Ihrem Engagement ist es zu verdenken, dass der kleine Satz \u201eM\u00e4nner und Frauen sind gleichberechtigt.\u201c ins Grundgesetz aufgenommen wurde. Es handelt sich um die Sozialdemokratin <a href=\"https:\/\/de.wikipedia.org\/wiki\/Elisabeth_Selbert\" target=\"_blank\" rel=\"noopener\">\u201eElisabeth Selbert\u201c<\/a>.<\/li>\n<li><a href=\"https:\/\/www.rbb-online.de\/fernsehen\/programm\/10_04_2018\/594554737.html\" target=\"_blank\" rel=\"noopener\">\u201eMauerkinder \u2013 Die 60er Jahre in Berlin\u201c<\/a> sind Thema einer Doku um 20.15 Uhr auf <strong>RBB<\/strong>.<\/li>\n<li><em>\u201eDie Dokumentation <\/em><a href=\"http:\/\/www.phoenix.de\/content\/phoenix\/die_sendungen\/flucht_aus_dem_hoellenkerker\/2554884?datum=2018-04-10\" target=\"_blank\" rel=\"noopener\">\u201aDie Flucht aus dem H\u00f6llenkerker\u2018<\/a> <em>erz\u00e4hlt die au\u00dfergew\u00f6hnliche Geschichte der waghalsigen Rettung von sechs irischen Rebellen aus dem ber\u00fcchtigten Straflager im australischen Fremantle 1876. Die Geschichte wurde zum Weltereignis und gilt als einer der gr\u00f6\u00dften Progranda-Coups der damaligen Zeit. Nur mit einem raffinierten Plan und finanzieller Unterst\u00fctzung von mehr als 7000 irischen Amerikanern konnte die Befreiung gelingen.\u201c<\/em> <strong>Phoenix<\/strong>, 21 Uhr.<\/li>\n<li><em>\u201eDer 11. M\u00e4rz 1938 ist ein entscheidender Tag in der \u00f6sterreichischen Geschichte. Am fr\u00fchen Morgen wird der damalige Bundeskanzler Kurt von Schuschnigg telefonisch mit der Meldung geweckt, die Grenze zum Deutschen Reich sei gesperrt. Zwei Tage vor der f\u00fcr den Sonntag anberaumten Volksbefragung \u00fcber die Unabh\u00e4ngigkeit \u00d6sterreichs eskalieren die Drohungen Hitler-Deutschlands gegen \u00d6sterreich. Kanzler Schuschnigg l\u00e4sst sich im Morgengrauen zum Stephansdom f\u00fchren und betritt anschlie\u00dfend das Kanzleramt am Ballhausplatz. Er wird es 18 Stunden sp\u00e4ter unter Bewachung von SS-M\u00e4nnern verlassen.\u201c<\/em> <a href=\"https:\/\/www.br.de\/fernsehen\/ard-alpha\/programmkalender\/ausstrahlung-1395198.html\" target=\"_blank\" rel=\"noopener\">\u201eDer l\u00e4ngste Tag \u2013 18 Stunden, die \u00d6sterreichs Schicksal entscheiden\u201c<\/a> um 21 Uhr auf <strong>ARD-alpha<\/strong>. \u2014 Um 21.50 Uhr folgt aus der Reihe \u201eDie gro\u00dfen Geheimnisse der Geschichte\u201c der Beitrag <a href=\"https:\/\/www.br.de\/fernsehen\/ard-alpha\/programmkalender\/ausstrahlung-1395200.html\" target=\"_blank\" rel=\"noopener\">\u201eHitler\u201c<\/a>.<\/li>\n<li>Der bayerische CSU-Politiker Alexander Dobrindt hat k\u00fcrzlich laut dar\u00fcber nachgedacht, dass es <em>\u201eF\u00fcnfzig Jahre nach 1968 Zeit f\u00fcr eine b\u00fcrgerlich konservative Wende in Deutschland\u201c<\/em> [\u201ewird\u201c]. Wie es wirklich damals in Bayern war, versucht die Doku \u201eMythos \u201968\u201c nachzuzeichnen. Der erste Teil l\u00e4uft im <strong>BR<\/strong> um 22.30 Uhr und tr\u00e4gt den Titel <a href=\"https:\/\/www.br.de\/br-fernsehen\/programmkalender\/ausstrahlung-1360958.html\" target=\"_blank\" rel=\"noopener\">\u201eEin wildes Jahr in Bayern\u201c<\/a>. Der zweite Teil l\u00e4uft in einer Woche.<\/li>\n<\/ul>\n<h2 id=\"mittwoch11.april\" style=\"text-align: center;\">Mittwoch, 11. April<\/h2>\n<ul>\n<li>\u201e1968\u201c ist das gro\u00dfe Thema des Abends (und der Nacht) auf <strong>Phoenix<\/strong>. Los geht es um 20.15 Uhr mit der ZDF-History-Doku <a href=\"http:\/\/www.phoenix.de\/content\/phoenix\/die_sendungen\/zdf_history:_1968_mythos_und_wahrheit\/2556297?datum=2018-04-11\" target=\"_blank\" rel=\"noopener\">\u201e1968 \u2013 Mythos und Wahrheit\u201c<\/a>. \u2013 Eine Reizfigur dieser Zeit war <a href=\"http:\/\/www.phoenix.de\/content\/phoenix\/die_sendungen\/dokumentationen\/axel_springer\/458880?datum=2018-04-11\" target=\"_blank\" rel=\"noopener\">\u201eAxel Springer \u2013 Ein deutscher Verleger\u201c<\/a>, dessen rechte politische Haltung in seinen Zeitungen, vor allem Bild und Welt, die \u00f6ffentliche Meinung kr\u00e4ftig beeinflusste, wogegen sich (nicht nur) Studenten und Intellektuelle massiv zur Wehr setzten. Um 21 Uhr stellt Phoenix ihn vor. \u2014 Das Jahr 1968 war nicht nur in Deutschland ein Meilenstein. Der Film <a href=\"http:\/\/www.phoenix.de\/content\/phoenix\/die_sendungen\/aufbrueche_1968\/2562342?datum=2018-04-12\" target=\"_blank\" rel=\"noopener\">\u201eAufbr\u00fcche 1968 \u2013 Es brennt! In Berkeley und Berlin, in Paris und Prag\u201c<\/a> weitet den Blick \u00fcber die bundesrepublikanischen Grenzen hinaus (0.45 Uhr). \u2014 <em>\u201eEr will humoristischer Schriftsteller werden und studiert Literaturwissenschaft, Theaterwissenschaft und Publizistik. Er ist Gr\u00fcndungsmitglied der \u201aKommune 1\u2018. Er ist dabei, als Studenten das Rathaus besetzen und die Universit\u00e4t, schl\u00fcpft in den Ornat des Rektors und nennt Professoren \u201aautorit\u00e4re Schleimschei\u00dfer\u2018. Er verspottet Richter und Staatsanw\u00e4lte und will die Gesellschaft ver\u00e4ndern.\u201c<\/em> Die Doku <a href=\"http:\/\/www.phoenix.de\/content\/phoenix\/die_sendungen\/fritz_teufel_oder_warum_haben_sie_nicht_geschossen_\/2556301?datum=2018-04-12\" target=\"_blank\" rel=\"noopener\">\u201eFritz Teufel oder Warum haben Sie nicht geschossen?\u201c<\/a> stellt ihn um 1.20 Uhr vor.<\/li>\n<li>Auch <a href=\"http:\/\/www.3sat.de\/programm\/?viewlong=viewlong&amp;d=20180411&amp;dayID=ClnDaN11&amp;cx=135#border1800\" target=\"_blank\" rel=\"noopener\"><strong>3sat<\/strong><\/a> widmet den TV-Abend einer Ikone der 68er: Rudi Dutschke. Das Portr\u00e4t des rebellischen Studenten, der heute vor 50 Jahren bei einem Attentat lebensgef\u00e4hrlich verletzt wurde, l\u00e4uft um 20.15 Uhr (Teil 1) und 21 Uhr (Teil 2).<\/li>\n<li><a href=\"https:\/\/www.br.de\/fernsehen\/ard-alpha\/programmkalender\/ausstrahlung-1367894.html\" target=\"_blank\" rel=\"noopener\">\u201eGespr\u00e4che gegen das Vergessen. Im M\u00fcnchner Volkstheater\u201c<\/a> finden um 21 Uhr auf <strong>ARD-alpha<\/strong> statt. <em>\u201eIm Gespr\u00e4ch mit Andreas B\u00f6nte erz\u00e4hlen Zeitzeugen und Experten vom Umgang mit den Verbrechen w\u00e4hrend der NS-Zeit, von Anklage-Prozessen, Schuldverdr\u00e4ngung, Aufarbeitung und Erinnerung. Untermalt wir die Veranstaltung im M\u00fcnchner Volkstheater von musikalischen Intermezzi sowie Beitr\u00e4gen von Sch\u00fclern aus dem Publikum. Zu Gast sind die Zeitzeugin und Musikerin Esther Bejarano mit ihrer Band Microphone Mafia sowie der Oberstaatsanwalt a.D. Dr. Dietrich Kuhlbrodt, Nazi-J\u00e4ger Christian Springer und Prof. Dr. Sibylle Steinbacher, Direktorin des Fritz Bauer Instituts in Frankfurt am Main.\u201c<\/em><\/li>\n<\/ul>\n<h2 id=\"donnerstag12.april\" style=\"text-align: center;\">Donnerstag, 12. April<\/h2>\n<ul>\n<li>Vor 200 Jahren wurde Karl Marx geboren. Zu diesem Anlass werden wir in den kommenden Monaten noch so manche Doku und Spielfilm zu sehen bekommen. Heute diskutiert Gert Scobel in seiner Talkshow auf <strong>3sat<\/strong> um 21 Uhr \u00fcber die Frage: War Karl Marx am Ende eher Vision\u00e4r oder Revolution\u00e4r? <a href=\"http:\/\/www.3sat.de\/page\/?source=\/scobel\/196664\/index.html\" target=\"_blank\" rel=\"noopener\">\u201escobel: Marx heute\u201c<\/a>. \u2014 Eine andere herausragende Figur dieser Zeit war der B\u00fcrgerrechtler <a href=\"http:\/\/www.3sat.de\/page\/?source=\/film\/196809\/index.html\" target=\"_blank\" rel=\"noopener\">\u201eMalcolm X\u201c<\/a> (USA 1992). Obwohl bereits 1965 verstorben, pr\u00e4gte er die Umbruchsbewegungen in der ganzen Welt noch viele Jahre sp\u00e4ter. <em>\u201eAmerikas ber\u00fchmtester afro-amerikanischer Regisseur Spike Lee setzte der Symbolfigur f\u00fcr ein neues schwarzes Selbstbewusstsein ein filmisches Denkmal. In der Hauptrolle ist Oscar-Preistr\u00e4ger Denzel Washington zu sehen.\u201c<\/em> Zu sehen um 22.25 Uhr.<\/li>\n<li>Die Technische Universit\u00e4t M\u00fcnchen (TUM) feiert ihr 150j\u00e4hriges Jubil\u00e4um. <em>\u201eAmerikas ber\u00fchmtester afro-amerikanischer Regisseur Spike Lee setzte der Symbolfigur f\u00fcr ein neues schwarzes Selbstbewusstsein ein filmisches Denkmal. In der Hauptrolle ist Oscar-Preistr\u00e4ger Denzel Washington zu sehen.\u201c<\/em> <strong>ARD-alpha<\/strong> w\u00fcrdigt um 21 Uhr <a href=\"https:\/\/www.br.de\/fernsehen\/ard-alpha\/programmkalender\/ausstrahlung-1367978.html\" target=\"_blank\" rel=\"noopener\">\u201e150 Jahre TUM\u201c<\/a>.<\/li>\n<\/ul>\n<h2 id=\"freitag13.april\" style=\"text-align: center;\">Freitag, 13. April<\/h2>\n<ul>\n<li>Zwei weitere Folgen der Reihe \u201eDer Zweite Weltkrieg in Farbe\u201c sind auf <strong>ARD-alpha<\/strong> zu sehen. Teil 4 behandelt um 20.15 Uhr <a href=\"https:\/\/www.br.de\/fernsehen\/ard-alpha\/programmkalender\/ausstrahlung-1368062.html\" target=\"_blank\" rel=\"noopener\">\u201eDie Ostfront\u201c<\/a>. Um 21.05 Uhr steht <a href=\"https:\/\/www.br.de\/fernsehen\/ard-alpha\/programmkalender\/ausstrahlung-1368064.html\" target=\"_blank\" rel=\"noopener\">\u201eJapan und der Pazifikkrieg\u201c<\/a> im Mittelpunkt.<\/li>\n<li><strong>Tagesschau 24<\/strong> wiederholt den Beitrag \u00fcber <a href=\"https:\/\/programm.tagesschau24.de\/tv\/Geschichte-im-Ersten%3A-Die-Slawen-\/2018-04-13\/eid_28721591661071\" target=\"_blank\" rel=\"noopener\">\u201eDie Slawen\u201c<\/a> um 21.17 Uhr, der am Montag bereits in der ARD lief.<\/li>\n<\/ul>\n","protected":false},"excerpt":{"rendered":"<p>Von Konfuzius \u00fcber Oliver Cromwell, Karl Marx und Ghandi bis zu Rudi Dutschke, Martin Luther King und Malcolm X spannen sich die Portr\u00e4ts historischer Pers\u00f6nlichkeiten in der kommenden TV-Woche (das ist nur ein Ausschnitt!). Dazu jede Menge Dokus allen erdenklichen Themen der Arch\u00e4ologie und Geschichte. Viel Spa\u00df bei der Auswahl.<\/p>\n","protected":false},"author":10,"featured_media":0,"comment_status":"open","ping_status":"open","sticky":false,"template":"","format":"standard","meta":{"footnotes":""},"categories":[1],"tags":[],"class_list":["post-4292","post","type-post","status-publish","format-standard","hentry","category-allgemein"],"aioseo_notices":[],"_links":{"self":[{"href":"http:\/\/historikerkraus.de\/blog\/wp-json\/wp\/v2\/posts\/4292","targetHints":{"allow":["GET"]}}],"collection":[{"href":"http:\/\/historikerkraus.de\/blog\/wp-json\/wp\/v2\/posts"}],"about":[{"href":"http:\/\/historikerkraus.de\/blog\/wp-json\/wp\/v2\/types\/post"}],"author":[{"embeddable":true,"href":"http:\/\/historikerkraus.de\/blog\/wp-json\/wp\/v2\/users\/10"}],"replies":[{"embeddable":true,"href":"http:\/\/historikerkraus.de\/blog\/wp-json\/wp\/v2\/comments?post=4292"}],"version-history":[{"count":2,"href":"http:\/\/historikerkraus.de\/blog\/wp-json\/wp\/v2\/posts\/4292\/revisions"}],"predecessor-version":[{"id":4294,"href":"http:\/\/historikerkraus.de\/blog\/wp-json\/wp\/v2\/posts\/4292\/revisions\/4294"}],"wp:attachment":[{"href":"http:\/\/historikerkraus.de\/blog\/wp-json\/wp\/v2\/media?parent=4292"}],"wp:term":[{"taxonomy":"category","embeddable":true,"href":"http:\/\/historikerkraus.de\/blog\/wp-json\/wp\/v2\/categories?post=4292"},{"taxonomy":"post_tag","embeddable":true,"href":"http:\/\/historikerkraus.de\/blog\/wp-json\/wp\/v2\/tags?post=4292"}],"curies":[{"name":"wp","href":"https:\/\/api.w.org\/{rel}","templated":true}]}}