{"id":4265,"date":"2018-03-02T12:00:00","date_gmt":"2018-03-02T11:00:00","guid":{"rendered":"http:\/\/historikerkraus.de\/blog\/?p=4265"},"modified":"2018-03-01T12:27:10","modified_gmt":"2018-03-01T11:27:10","slug":"tv-vorschau-3-9-maerz-2018","status":"publish","type":"post","link":"http:\/\/historikerkraus.de\/blog\/2018\/03\/02\/tv-vorschau-3-9-maerz-2018\/","title":{"rendered":"TV-Vorschau 3. \u2013 9. M\u00e4rz 2018"},"content":{"rendered":"<p>Meine Auswahl an Geschichtssendungen der kommenden Woche beginnt und endet mit Hitlers Aufstieg und Unterang. Dazwischen liegt ein bunter Reigen von arch\u00e4ologischen Beitr\u00e4gen, Dokus \u00fcber die Geschichte Russlands und der deutsch-sowjetischen Beziehungen, zeitgeschichtlich aktuell das Geiseldrama von Gladbeck aus dem Jahr 1988 und eine neue Geschichtsreihe ist auch mit dabei.<!--more--><\/p>\n<h2 id=\"samstag3.mrz\" style=\"text-align: center;\">Samstag, 3. M\u00e4rz<\/h2>\n<ul>\n<li>\u201eHitlers Aufstieg und Untergang\u201c f\u00fcllt den TV-Abend auf <a href=\"https:\/\/www.n-tv.de\/mediathek\/tvprogramm\/?date=2018-03-03\" target=\"_blank\" rel=\"noopener\"><strong>N-TV<\/strong><\/a>. Um 20.15 Uhr geht es los mit \u201eDer Opportunist\u201c, gefolgt von \u201eDer Schauspieler\u201c um 21.05 Uhr. \u201eDer F\u00fchrer\u201c (22.05 Uhr), \u201eDer Psychopath\u201c (23.05 Uhr) und \u201eDas Monster\u201c (0.10 Uhr). \u201eDas Ende\u201c beschlie\u00dft die Dokureihe um 1.10 Uhr.<\/li>\n<li>Die Erforschung der Schrift der Maya ist Thema einer Doku um 20.15 Uhr auf <strong>Arte<\/strong>. <em>\u201eLange Zeit konnte die Schrift der Maya, deren Urspr\u00fcnge bis ins erste Jahrhundert nach Christus zur\u00fcckreichen, nicht entschl\u00fcsselt werden. Die Konquistadoren hatten die meisten Exemplare der B\u00fccher vernichtet. Erst im letzten Jahrhundert gelang Forschern die Entzifferung der Schrift einer der bedeutendsten Zivilisationen der Welt.\u201c<\/em> <a href=\"https:\/\/www.arte.tv\/de\/videos\/034880-000-A\/der-maya-code\/\" target=\"_blank\" rel=\"noopener\">\u201eDer Maya-Code\u201c<\/a>.<\/li>\n<\/ul>\n<h2 id=\"sonntag4.mrz\" style=\"text-align: center;\">Sonntag, 4. M\u00e4rz<\/h2>\n<ul>\n<li>Terra X setzt die Reihe \u201eSuperhelden\u201c mit dem dritten und letzten Teil <a href=\"https:\/\/www.zdf.de\/dokumentation\/terra-x\/superhelden-parzival-100.html\" target=\"_blank\" rel=\"noopener\">\u201eParzival\u201c<\/a> um 19.30 Uhr im <strong>ZDF<\/strong> fort. <em>\u201eDer Roman \u00fcber den unbedarften Helden, der erst lernen muss, einer zu sein, spielt in der gewaltsamen Welt der Ritter. Eine ebenso humorvolle wie tiefsinnige Antwort auf die verheerenden Verh\u00e4ltnisse im R\u00f6misch-Deutschen Reich zur Zeit der Kreuzz\u00fcge.\u201c<\/em> \u2014 Um 23.45 Uhr enth\u00fcllt ZDF-History <a href=\"https:\/\/www.zdf.de\/dokumentation\/zdf-history\/walter-ulbricht---sein-geheimes-doppelleben-100.html\" target=\"_blank\" rel=\"noopener\">\u201eWalter Ulbricht \u2013 sein geheimes Doppelleben\u201c<\/a>.<\/li>\n<li>Unter der \u00dcberschrift \u201eGeschichte und Entdeckungen\u201c sendet der <strong>SWR<\/strong> um 20.15 Uhr den Beitrag <a href=\"https:\/\/www.swr.de\/geschichte\/starke-frauen-im-suedwesten\/-\/id=100754\/did=21015730\/nid=100754\/sdpgid=1531265\/1r32pf1\/index.html\" target=\"_blank\" rel=\"noopener\">\u201eStarke Frauen im S\u00fcdwesten\u201c<\/a>. <em>\u201eWenn Frauen in Geschichtsb\u00fcchern erw\u00e4hnt werden, dann meist als Gattin oder Mutter im Hintergrund von m\u00e4chtigen M\u00e4nnern. Die wenigen Ausnahmen sind meist Heilige oder Hexen wie Hildegard von Bingen und Katharina Kepler, deren wahre Lebensleistung in der Geschichtsschreibung mitunter verkannt wird. Doch zu allen Zeiten gibt es selbstbewusste Frauen, die an die Grenzen der Gesellschaft sto\u00dfen. [\u2026] Der Weg zu Selbstbestimmung und Emanzipation war lang \u2013 sie haben ihn mutig beschritten, sind heute noch Vorbilder. Starke Frauen im S\u00fcdwesten verdienen ihren Platz in der Geschichte.\u201c<\/em><\/li>\n<li><a href=\"http:\/\/www.daserste.de\/unterhaltung\/film\/filme-im-ersten\/sendung\/lauf-junge-lauf-110.html\" target=\"_blank\" rel=\"noopener\">\u201eLauf Junge lauf\u201c<\/a> (BRD, FRA 2013, Regie: Pepe Danquart) <em>\u201eerz\u00e4hlt die wahre Geschichte des neunj\u00e4hrigen Jungen Srulik, dem die Flucht aus dem Warschauer Ghetto gelingt. Bis zum Ende des Krieges muss er sich allein durch die W\u00e4lder schlagen, er lernt, auf B\u00e4umen zu schlafen und Eichh\u00f6rnchen mit der Schleuder zu jagen. Um nicht verhaftet zu werden, muss Srulik eine andere Identit\u00e4t annehmen.\u201c<\/em> (<strong>ARD<\/strong>, 23.35 Uhr).<\/li>\n<\/ul>\n<h2 id=\"montag5.mrz\" style=\"text-align: center;\">Montag, 5. M\u00e4rz<\/h2>\n<ul>\n<li><a href=\"http:\/\/www.daserste.de\/information\/reportage-dokumentation\/dokus\/sendung\/krieg-und-frieden-106.html\" target=\"_blank\" rel=\"noopener\">\u201eKrieg und Frieden\u201c<\/a> ist der ebenso knappe wie vielsagende Titel einer Doku \u00fcber die Beziehungen Deutschlands und der Sowjetunion. Ihren Anfang nahmen diese vor 100 Jahren mit dem Friedensvertrag von Brest-Litowsk. Mit diesem Vertrag erkannte das deutsche Kaiserreich die Sowjetunion als Nachfolger des Zarenreichs an. <em>\u201eDer Film von Artem Demenok und Andreas Christoph Schmidt erz\u00e4hlt aus der wechselvollen Geschichte beider L\u00e4nder und der Menschen in ihnen. Einer der beiden Staaten hat vor mehr als einem Vierteljahrhundert aufgeh\u00f6rt zu existieren.\u201c<\/em> (<strong>ARD<\/strong>, 23.15 Uhr).<\/li>\n<\/ul>\n<h2 id=\"dienstag6.mrz\" style=\"text-align: center;\">Dienstag, 6. M\u00e4rz<\/h2>\n<ul>\n<li><strong>Phoenix<\/strong> stellt heute Abend gleich zwei \u201eGeheimnisvolle Orte\u201c vor. Um 20.15 Uhr ist es <a href=\"http:\/\/www.phoenix.de\/content\/phoenix\/die_sendungen\/geheimnisvolle_orte\/2544065?datum=2018-03-06\" target=\"_blank\" rel=\"noopener\">\u201eHelgoland\u201c<\/a>, <em>\u201eder rote Fels in der Weite der Nordsee \u2013 bekannt als R\u00fcckzugsort f\u00fcr Naturliebhaber und Ruhesuchende, als Sehnsuchtsort f\u00fcr Dichter und Denker.\u201c<\/em> Aber: <em>\u201eHeute fast vergessen, wandelte sich das heutige Urlaubsparadies zu Zeiten der beiden Weltkriege in rasantem Tempo in eine waffenstarrende Seefestung, die nach Pl\u00e4nen des NS-Regimes zu einer noch monumentaleren Marinebasis ausgebaut werden sollte.\u201c<\/em> Daher wollten die Alliierten am 18. April 1947 die milit\u00e4rischen Einrichtungen auf der Insel mit \u00fcber 6.000 t Sprengstoff ein f\u00fcr allemal zerst\u00f6ren. Die Doku <em>\u201eblickt anhand rarer und nie gezeigter Dokumente auf das Schicksal einer Insel und ihrer Bewohner, deren Zukunft mehrere Male ungewissen Zeiten entgegensah. Von der \u00dcbergabe Helgolands an die Deutschen im Jahr 1890 bis zur bislang nie erz\u00e4hlten Geschichte einer mutigen Widerstandsgruppe, die 1945 die Insel kampflos an die Engl\u00e4nder \u00fcbergeben wollte, bewegt sich der Film an den \u201aGeheimnisvollen Orten\u2018 einer Insel entlang, deren d\u00fcstere Seiten heute erst auf den zweiten Blick ins Auge fallen.\u201c<\/em> \u2014 Um 21 Uhr erfahren wir etwas \u00fcber das <a href=\"http:\/\/www.phoenix.de\/content\/phoenix\/die_sendungen\/geheimnisvolle_orte\/2544070?datum=2018-03-06\" target=\"_blank\" rel=\"noopener\">\u201eGeheimnis Duisburger Hafen\u201c<\/a>. <em>\u201eDer Duisburger Hafen ist der gr\u00f6\u00dfte Binnenhafen Europas und das geheime Herz des Ruhrgebiets. Wie ein riesiges Labyrinth erstreckt er sich zwischen der Duisburger Innenstadt und Duisburg Ruhrort \u2013 und ist kaum zu durchschauen. 22 Hafenbecken mit insgesamt 40 Kilometern Ufer. 20.000 Schiffe aus aller Welt laufen den Hafen im Jahr an. Hinter der modernen Kulisse der Containerterminals verbergen sich menschliche Schicksale und dramatische Geschichten.\u201c<\/em><\/li>\n<\/ul>\n<h2 id=\"mittwoch7.mrz\" style=\"text-align: center;\">Mittwoch, 7. M\u00e4rz<\/h2>\n<ul>\n<li>Das Geiseldrama von Gladbeck ist jetzt knapp 30 Jahre her. <em>\u201eAm 16. August 1988 \u00fcberfallen zwei maskierte M\u00e4nner eine Bankfiliale im nordrhein-westf\u00e4lischen Gladbeck und nehmen zwei Bankangestellte als Geiseln. Schnell wird den Ermittlern um Einsatzleiter Meise klar, dass es sich bei den beiden Kriminellen um Hans-J\u00fcrgen R\u00f6sner und Dieter Degowski handelt. Beide verbindet ihr Hang zu Brutalit\u00e4t, ihr Hass gegen Polizisten und die Gier nach Aufmerksamkeit. [\u2026] 54 Stunden lang h\u00e4lt das Verbrechen die Republik in Atem. Drei Menschen kommen ums Leben..\u201c<\/em> Die <strong>ARD<\/strong> erinnert daran mit einem zweiteiligen Doku-Spielfilm <a href=\"http:\/\/www.daserste.de\/unterhaltung\/film\/gladbeck\/sendung\/gladbeck-folge-1-100.html\" target=\"_blank\" rel=\"noopener\">\u201eGladbeck \u2013 Der Film\u201c<\/a> (BRD 2018, Regie: Kilian Riedhof) um 20.15 Uhr. Fortsetzung morgen.<\/li>\n<\/ul>\n<h2 id=\"donnerstag8.mrz\" style=\"text-align: center;\">Donnerstag, 8. M\u00e4rz<\/h2>\n<ul>\n<li>Um 20.15 Uhr folgt der zweite Teil des Doku-Spielfilms <a href=\"http:\/\/www.daserste.de\/unterhaltung\/film\/gladbeck\/sendung\/gladbeck-folge-2-100.html\" target=\"_blank\" rel=\"noopener\">\u201eGladbeck \u2013 Der Film\u201c<\/a> (BRD 2018, Regie: Kilian Riedhof) in der <strong>ARD<\/strong>. Um 21.45 Uhr folgt die erl\u00e4uternde Doku zum Filmevent: <a href=\"http:\/\/www.daserste.de\/unterhaltung\/film\/gladbeck\/doku\/index.html\" target=\"_blank\" rel=\"noopener\">\u201eDas Geiseldrama von Gladbeck\u201c<\/a>.<\/li>\n<\/ul>\n<h2 id=\"freitag9.mrz\" style=\"text-align: center;\">Freitag, 9. M\u00e4rz<\/h2>\n<ul>\n<li>\u201eRussland, mein Schicksal\u201c ist eine dreiteilige Doku \u00fcber die Geschichte der drei gro\u00dfen russischen St\u00e4dte <a href=\"http:\/\/www.phoenix.de\/content\/phoenix\/die_sendungen\/russland_mein_schicksal_(1_3)\/825998?datum=2018-03-09\" target=\"_blank\" rel=\"noopener\">\u201eMoskau\u201c<\/a> (20.15 Uhr), <a href=\"http:\/\/www.phoenix.de\/content\/phoenix\/die_sendungen\/russland_mein_schicksal_(2_3)\/826063?datum=2018-03-09\" target=\"_blank\" rel=\"noopener\">\u201eSankt Petersburg\u201c<\/a> (21 Uhr) und <a href=\"http:\/\/www.phoenix.de\/content\/phoenix\/die_sendungen\/russland_mein_schicksal_(3_3)\/826227?datum=2018-03-09\" target=\"_blank\" rel=\"noopener\">\u201eWolgograd\u201c<\/a>, das auch schon mal Stalingrad hie\u00df (21.45 Uhr). Alles auf <strong>Phoenix<\/strong>.<\/li>\n<li><a href=\"http:\/\/www.br.de\/presse\/inhalt\/pressemitteilungen\/ard-alpha-akte-habsburg-100.html\" target=\"_blank\" rel=\"noopener\">\u201eDie Akte Habsburg\u201c<\/a> ist eine neue Geschichtsreihe auf <strong>ARD-alpha<\/strong>. Los geht es heute mit den ersten beiden von f\u00fcnf Folgen. Um 20.15 Uhr geht es um <a href=\"http:\/\/www.br.de\/fernsehen\/ard-alpha\/programmkalender\/ausstrahlung-1333596.html\" target=\"_blank\" rel=\"noopener\">\u201eDie Thronfolger, die keine waren\u201c<\/a>, um 21 Uhr steht <a href=\"http:\/\/www.br.de\/fernsehen\/ard-alpha\/programmkalender\/ausstrahlung-1342420.html\" target=\"_blank\" rel=\"noopener\">\u201eDer Kaiser, der das Reich verlor\u201c<\/a> im Fokus.<\/li>\n<li><a href=\"https:\/\/programm.tagesschau24.de\/tv\/Geheimnisvolle-Orte-\/2018-03-09\/eid_28721536150199\" target=\"_blank\" rel=\"noopener\">\u201eDas Berliner Olympiastadion \u2013 Von Hitlers Arena zur Spionagezentrale\u201c<\/a> ist um 21.02 Uhr Thema der Reihe \u201eGeheimnisvolle Orte\u201c auf <strong>Tagesschau 24<\/strong>.<\/li>\n<li>Der <a href=\"https:\/\/www.wdr.de\/programmvorschau\/wdrfernsehen\/uebersicht\/2018-03-09\/\" target=\"_blank\" rel=\"noopener\"><strong>WDR<\/strong><\/a> l\u00fcftet um 20.15 Uhr das \u201eGeheimnis Aachener Dom\u201c. <em>\u201eGeheimnisse, Wunder und Legenden \u2013 kaum ein Bauwerk in Deutschland kann es in dieser Hinsicht mit dem Aachener Dom aufnehmen. Im Jahre 803 wurde die Kathedrale fertiggestellt, entworfen von Karl dem Gro\u00dfen, der schon zu Lebzeiten Legende war. Seit zw\u00f6lf Jahrhunderten ist der Dom ein Magnet f\u00fcr Gl\u00e4ubige wie f\u00fcr Kunstliebhaber \u2013 seit dem Mittelalter Wallfahrtskirche, 600 Jahre lang der Kr\u00f6nungsort r\u00f6misch-deutscher K\u00f6nige und eines der ersten zw\u00f6lf Baudenkm\u00e4ler weltweit, die als UNESCO-Weltkulturerbe anerkannt wurden.\u201c<\/em><\/li>\n<li>Die letzten Stunden Adolf Hitlers im F\u00fchrerbunker werden im Historiendrama \u201eDer Untergang\u201c (BRD 2004, Regie: Oliver Hirschbiegel) um 1.20 Uhr in der <strong>ARD<\/strong> beleuchtet.<\/li>\n<\/ul>\n","protected":false},"excerpt":{"rendered":"<p>Meine Auswahl an Geschichtssendungen der kommenden Woche beginnt und endet mit Hitlers Aufstieg und Unterang. Dazwischen liegt ein bunter Reigen von arch\u00e4ologischen Beitr\u00e4gen, Dokus \u00fcber die Geschichte Russlands und der deutsch-sowjetischen Beziehungen, zeitgeschichtlich aktuell das Geiseldrama von Gladbeck aus dem Jahr 1988 und eine neue Geschichtsreihe ist auch mit dabei.<\/p>\n","protected":false},"author":10,"featured_media":0,"comment_status":"open","ping_status":"open","sticky":false,"template":"","format":"standard","meta":{"footnotes":""},"categories":[1],"tags":[],"class_list":["post-4265","post","type-post","status-publish","format-standard","hentry","category-allgemein"],"aioseo_notices":[],"_links":{"self":[{"href":"http:\/\/historikerkraus.de\/blog\/wp-json\/wp\/v2\/posts\/4265","targetHints":{"allow":["GET"]}}],"collection":[{"href":"http:\/\/historikerkraus.de\/blog\/wp-json\/wp\/v2\/posts"}],"about":[{"href":"http:\/\/historikerkraus.de\/blog\/wp-json\/wp\/v2\/types\/post"}],"author":[{"embeddable":true,"href":"http:\/\/historikerkraus.de\/blog\/wp-json\/wp\/v2\/users\/10"}],"replies":[{"embeddable":true,"href":"http:\/\/historikerkraus.de\/blog\/wp-json\/wp\/v2\/comments?post=4265"}],"version-history":[{"count":2,"href":"http:\/\/historikerkraus.de\/blog\/wp-json\/wp\/v2\/posts\/4265\/revisions"}],"predecessor-version":[{"id":4267,"href":"http:\/\/historikerkraus.de\/blog\/wp-json\/wp\/v2\/posts\/4265\/revisions\/4267"}],"wp:attachment":[{"href":"http:\/\/historikerkraus.de\/blog\/wp-json\/wp\/v2\/media?parent=4265"}],"wp:term":[{"taxonomy":"category","embeddable":true,"href":"http:\/\/historikerkraus.de\/blog\/wp-json\/wp\/v2\/categories?post=4265"},{"taxonomy":"post_tag","embeddable":true,"href":"http:\/\/historikerkraus.de\/blog\/wp-json\/wp\/v2\/tags?post=4265"}],"curies":[{"name":"wp","href":"https:\/\/api.w.org\/{rel}","templated":true}]}}