{"id":4253,"date":"2018-02-09T12:00:32","date_gmt":"2018-02-09T11:00:32","guid":{"rendered":"http:\/\/historikerkraus.de\/blog\/?p=4253"},"modified":"2018-02-08T10:42:37","modified_gmt":"2018-02-08T09:42:37","slug":"tv-vorschau-10-16-februar-2018","status":"publish","type":"post","link":"http:\/\/historikerkraus.de\/blog\/2018\/02\/09\/tv-vorschau-10-16-februar-2018\/","title":{"rendered":"TV-Vorschau 10. \u2013 16. Februar 2018"},"content":{"rendered":"<p>Endlich kommt passend zur f\u00fcnften Jahreszeit auch eine Doku \u00fcber dessen Geschichte. Jenseits des Karnevals gibt es Neuigkeiten aus der Vorgeschichte Amerikas, die Deutschland-Saga l\u00e4uft komplett, neue Erkenntnisse der Mittelalterarch\u00e4ologie und ein Blick in die Polizeiarbeit zu Beginn des 20. Jahrhunderts geh\u00f6ren auch zum Geschichtsprogramm der kommenden Woche. Zum Abschluss l\u00e4uft ein Themenabend zur Wei\u00dfen Rose, dem studentischen Widerstand gegen die Nazis in M\u00fcnchen.<!--more--><\/p>\n<h2 id=\"samstag10.februar\" style=\"text-align: center;\">Samstag, 10. Februar<\/h2>\n<ul>\n<li>Die Hauptstadt der alten Bundesrepublik war Bonn am Rhein. Nach der Wiedervereinigung 1990 stellte sich die Frage, ob das so bleiben sollte, oder ob Deutschland wieder von Berlin aus regiert werden sollte. Sollte aus der Bonner Republik (wieder) eine Berliner werden? Und was w\u00fcrde das f\u00fcr das Land und seine Politik bedeuten? Ja f\u00fcr ganz Europa? <em>\u201eDer Wettstreit zwischen den Pro-Berlin- und Pro-Bonn-Fraktionen beginnt direkt nach der Wiedervereinigung. Von Oktober 1990 bis Juni 1991 k\u00e4mpfen die Lobbyisten, spekulieren die Medien und diskutieren die Parteien. Es geht um viel, und der Riss geht mitten durch die politischen Lager.\u201c<\/em> Die Doku <a href=\"http:\/\/www.br.de\/fernsehen\/ard-alpha\/programmkalender\/ausstrahlung-1310168.html\" target=\"_blank\" rel=\"noopener\">\u201eDas Bonn-Berlin Duell\u201c<\/a> zeichnet um 20.15 Uhr auf <strong>ARD-alpha<\/strong> diesen spannenden Vorgang nach.<\/li>\n<li><strong>Arte<\/strong> f\u00fchrt uns um 20.15 Uhr in die pr\u00e4kolumbianische Arch\u00e4ologie Mittelamerikas. Die Doku <a href=\"https:\/\/www.arte.tv\/de\/videos\/058857-000-A\/naachtun-verborgene-stadt-der-mayas\/\" target=\"_blank\" rel=\"noopener\">\u201eNaachtun \u2013 Verborgene Stadt der Mayas\u201c<\/a> begibt sich auf die Spuren der alten Mayas: \u201eIm Herzen des guatemaltekischen Dschungels macht ein internationales Team von Arch\u00e4ologen zum ersten Mal Grabungen in Naachtun, der letzten Stadt des Goldenen Zeitalters der Maya-Hochkultur. Warum hatte gerade Naachtun so au\u00dferordentlich lange bestand und \u00fcberlebte den Untergang seiner m\u00e4chtigen Nachbarst\u00e4dte um fast 200 Jahre?\u201c*<\/li>\n<\/ul>\n<h2 id=\"sonntag11.februar\" style=\"text-align: center;\">Sonntag, 11. Februar<\/h2>\n<ul>\n<li>In <strong>ZDF_neo<\/strong> l\u00e4uft um 20.15 Uhr und 21.50 Uhr der Zweiteiler <a href=\"https:\/\/www.zdf.de\/filme\/landgericht\" target=\"_blank\" rel=\"noopener\">\u201eLandgericht \u2013 Geschichte einer Familie\u201c<\/a> (BRD, Tschechien 2017) nach dem gleichnamigen Roman von von Ursula Krechel. <em>\u201eEine Familie, die Verfolgung und Exil in der Nazizeit \u00fcberlebt, wagt nach Kriegsende in Westdeutschland einen Neuanfang.\u201c<\/em><\/li>\n<li>Auf <strong>Phoenix<\/strong> zeigt die Reihe \u201eSpurensuche aus dem Weltall\u201c um 20.15 Uhr den Beitrag <a href=\"http:\/\/www.phoenix.de\/content\/phoenix\/die_sendungen\/rom_von_oben\/708732?datum=2018-02-11\" target=\"_blank\" rel=\"noopener\">\u201eRom von oben\u201c<\/a>. <em>\u201eEiniges haben die Arch\u00e4ologen in den letzten Jahrhunderten ausgegraben, doch vieles ist noch immer im Erdreich verborgen oder im Meer versunken. Mithilfe modernster Ortungsmethoden haben nun Luftbildarch\u00e4ologen eine neue Landkarte des R\u00f6mischen Reiches erstellt. Laserscans, aufgenommen von Weltraumsatelliten, geben Hinweise auf die Lage versch\u00fctteter St\u00e4dte und Siedlungen, Pal\u00e4ste und Tempel, historischer Schlachtfelder und Marschrouten, Stra\u00dfen und Grenzen.\u201c<\/em><\/li>\n<li>Passend zur Jahrszeit die Doku: <a href=\"https:\/\/www.zdf.de\/dokumentation\/zdf-history\/narrenrepublik-deutschland-die-geschichte-des-karnevals-100.html\" target=\"_blank\" rel=\"noopener\">\u201eNarrenrepublik Deutschland\u201c<\/a> aus der Reihe <strong>ZDF<\/strong>-History erz\u00e4hlt um 23.40 Uhr die Geschichte des Karnevals. <em>\u201eRheinischer Karneval und schw\u00e4bisch-alemannische Fasnet: Es sind die beiden n\u00e4rrischen Gegenwelten in Deutschland. Hier die Pappnase, da die Holzlarve. Gegenseitiges Verst\u00e4ndnis \u2013 Fehlanzeige. Die Gr\u00fcnde daf\u00fcr liegen weit zur\u00fcck, tief im Mittelalter.\u201c<\/em><\/li>\n<\/ul>\n<h2 id=\"montag12.februarrosenmontag\" style=\"text-align: center;\">Montag, 12. Februar \u2013 Rosenmontag<\/h2>\n<ul>\n<li><strong>Phoenix<\/strong> sendet heute alle sechs Teile der \u201eDeutschland-Saga\u201c, ein Streifzug durch die deutsche Geschichte. 18.30 Uhr: <a href=\"http:\/\/www.phoenix.de\/content\/phoenix\/die_sendungen\/deutschland_saga_(1_6)\/995330?datum=2018-02-12\" target=\"_blank\" rel=\"noopener\">\u201eWoher wir kommen\u201c<\/a>, 19.15 Uhr: <a href=\"http:\/\/www.phoenix.de\/content\/phoenix\/die_sendungen\/deutschland_saga_(2_6)\/994860?datum=2018-02-12\" target=\"_blank\" rel=\"noopener\">\u201eWas uns eint\u201c<\/a>, 20.15 Uhr: <a href=\"http:\/\/www.phoenix.de\/content\/phoenix\/die_sendungen\/deutschland_saga_(3_6)\/994868?datum=2018-02-12\" target=\"_blank\" rel=\"noopener\">\u201eWovon wir schw\u00e4rmen\u201c<\/a>, 21 Uhr: <a href=\"http:\/\/www.phoenix.de\/content\/phoenix\/die_sendungen\/deutschland_saga_(4_6)\/994875?datum=2018-02-12\" target=\"_blank\" rel=\"noopener\">\u201eWonach wir suchen\u201c<\/a>, 22.15 Uhr: <a href=\"http:\/\/www.phoenix.de\/content\/phoenix\/die_sendungen\/deutschland_saga_(5_6)\/994883?datum=2018-02-12\" target=\"_blank\" rel=\"noopener\">\u201eWas uns antreibt\u201c<\/a> und 23.30 Uhr: <a href=\"http:\/\/www.phoenix.de\/content\/phoenix\/die_sendungen\/deutschland_saga_(6_6)\/994890?datum=2018-02-12\" target=\"_blank\" rel=\"noopener\">\u201eWer wir sind\u201c<\/a>.<\/li>\n<li>Auf <a href=\"https:\/\/www.n-tv.de\/mediathek\/tvprogramm\/?date=2018-02-12\" target=\"_blank\" rel=\"noopener\"><strong>N-TV<\/strong><\/a> gibt es zwei neue \u201eMega-Projekte der Nazis\u201c. Um 22.10 Uhr \u201eDer Atlantik-Wall\u201c und um 23.05 Uhr \u201eU-Boot-Basis\u201c.<\/li>\n<\/ul>\n<h2 id=\"dienstag13.februar\" style=\"text-align: center;\">Dienstag, 13. Februar<\/h2>\n<ul>\n<li>Die <a href=\"https:\/\/www.mdr.de\/tv\/programm\/sendung-256016_date-2018-02-13_ipgctx-true_zc-0216b225.html\" target=\"_blank\" rel=\"noopener\"><strong>MDR<\/strong> Zeitreise\u201c<\/a> ist wieder um 21.15 Uhr zu sehen. \u2014 Um 22.05 Uhr folgt die Doku <a href=\"https:\/\/www.mdr.de\/tv\/programm\/sendung-256020_date-2018-02-13_ipgctx-true_zc-0216b225.html\" target=\"_blank\" rel=\"noopener\">\u201eMythos Dresden \u2013 Der lange Schatten einer Bombennacht\u201c<\/a>.<\/li>\n<li><a href=\"https:\/\/www.n-tv.de\/mediathek\/tvprogramm\/?date=2018-02-13\" target=\"_blank\" rel=\"noopener\"><strong>N-TV<\/strong><\/a> begibt sich um 22.10 Uhr auf die \u201eSpuren der Vergangenheit \u2013 Der Vietnam-Krieg\u201c.<\/li>\n<li>Die Franco-Diktatur ist in Spanien noch lange nicht aufgearbeitet. <em>\u201eBis heute sind die Menschenrechtsverbrechen der Franco-Diktatur in Spanien unges\u00fchnt. Die Dokumentation begleitet die argentinische Untersuchungsrichterin Mar\u00eda Servini bei ihren Bem\u00fchungen, mutma\u00dflichen T\u00e4tern des Franco-Regimes aufgrund begangener Verbrechen gegen die Menschlichkeit den Prozess zu machen, die bislang von einem 1977 in Spanien erlassenen Amnestiegesetz profitieren.\u201c<\/em> <a href=\"https:\/\/www.arte.tv\/de\/videos\/057456-000-A\/die-klage-gegen-die-franco-diktatur\/\" target=\"_blank\" rel=\"noopener\">\u201eDie Klage gegen die Franco-Diktatur\u201c<\/a> (<strong>Arte<\/strong>, 23.50 Uhr). \u2014 Um 23.05 Uhr folgt ein Portr\u00e4t des US-Politikers Robert McNamara, einem <em>\u201eder umstrittensten Politiker des 20 Jahrhunderts. Gleichzeitig geh\u00f6rt er zu den brillantesten K\u00f6pfen seiner \u00c4ra. In seiner Position als US-Verteidigungsminister stand er in engem Kontakt mit Kennedy und Johnson. Sein Status verlieh ihm enorme politische Macht. McNamara gibt in der preisgekr\u00f6nten Dokumentation aufschlussreiche Hintergr\u00fcnde preis, die in den 60ern ma\u00dfgeblich \u00fcber die Kubakrise und den Vietnamkrieg entschieden.\u201c<\/em> Die Doku \u201eThe Fog of War\u201c hat einen Oscar gewonnen.<\/li>\n<\/ul>\n<h2 id=\"mittwoch14.februaraschermittwoch\" style=\"text-align: center;\">Mittwoch, 14. Februar \u2013 Aschermittwoch<\/h2>\n<ul>\n<li><em>\u201eDas Mittelalter gilt vielen als eher d\u00fcstere Epoche. Doch es gibt Menschen, die Licht in dieses Dunkel bringen wollen indem sie in Gr\u00e4bern und auf ehemaligen Schlachtfeldern in ganz Europa nach Skeletten und menschlichen \u00dcberresten aus jener Zeitepoche suchen.\u201c<\/em> Licht in das Dunkel sollen auch die Beitr\u00e4ge der Reihe \u201eMysterien des Mittelalters\u201c auf <strong>Phoenix<\/strong> bringen. Um 20.15 Uhr geht es um den <a href=\"http:\/\/www.phoenix.de\/content\/phoenix\/die_sendungen\/mysterien_des_mittelalters\/2539467?datum=2018-02-14\" target=\"_blank\" rel=\"noopener\">\u201eRitter von St. Bees\u201c<\/a> aus dem 14. Jahrhundert. \u2014 Um 21 Uhr geht es um \u201eDie verschwundene Armee von Azincourt\u201c (leider kein Link vorhanden).<\/li>\n<li>In der Reihe \u201eUnsere Geschichte\u201c macht der <strong>NDR<\/strong> heute wieder einen \u201eHausbesuch\u201c auf dem <a href=\"https:\/\/www.ndr.de\/fernsehen\/sendungen\/unsere_geschichte\/Der-Harmshof-im-Alten-Land,sendung46726.html\" target=\"_blank\" rel=\"noopener\">\u201eHarmshof im Alten Land\u201c<\/a> (21 Uhr). <em>\u201eIn der Reihe \u201cHausbesuch\u201c wird die Geschichte eines bedeutenden Geb\u00e4udes und der Alltag seiner heutigen Bewohner erz\u00e4hlt \u2013 in opulenten Bildern und v\u00f6llig neuen Perspektiven. [\u2026] Diese Folge f\u00fchrt nach Niedersachsen ins \u201dAlte Land&#8220;, ins gr\u00f6\u00dfte zusammenh\u00e4ngende Obstanbaugebiet Nordeuropas. Dort lebt der Apfelbauer Heinrich St\u00f6lken mit seiner Familie auf einem prachtvollen Altl\u00e4nder Hof, der komplett unter Denkmalschutz steht.\u201c<\/em><\/li>\n<li>\u201eDie Spur der Ahnen\u201c f\u00fchrt im <strong>MDR<\/strong> um 21.15 Uhr zum <a href=\"https:\/\/www.mdr.de\/tv\/programm\/sendung776886_date-2018-02-14_ipgctx-true_zc-5fb032ec.html\" target=\"_blank\" rel=\"noopener\">\u201eSherlock Holmes von Dresden\u201c<\/a>. <em>\u201eGregor Schubert ist Hobbygenealoge. Bei seinen Recherchen zur Familiengeschichte st\u00f6\u00dft er auf einen sogenannten \u201aNS-Ahnenpass\u2018: Ein Stammbaum, wie ihn jeder in der NS-Zeit anfertigen musste, um seine lupenreine Abstammung von \u201aAriern\u2018 nachzuweisen. Dort entdeckt Gregor, dass sein Ururgro\u00dfvater Julius Zimmer \u2013 geboren 1844 in Nimtitz bei Mei\u00dfen, gestorben 1903 in Dresden \u2013 Stadtgendarm in Dresden war. \u201aSeit ich diesen Ahnenpass gefunden habe, hat mich die Frage nicht losgelassen: wie sah die Polizeiarbeit damals aus? Welche spektakul\u00e4ren F\u00e4lle gab es in dieser Zeit in Dresden? Und war mein Urur-Opa, Inspektor Zimmer, daran beteiligt?\u2018\u201c<\/em><\/li>\n<\/ul>\n<h2 id=\"donnerstag15.februar\" style=\"text-align: center;\">Donnerstag, 15. Februar<\/h2>\n<ul>\n<li>Die Doku <a href=\"http:\/\/www.phoenix.de\/content\/phoenix\/die_sendungen\/der_untergang_der_sowjetunion\/1176788?datum=2018-02-15\" target=\"_blank\" rel=\"noopener\">\u201eDer Untergang der Sowjetunion\u201c<\/a> erz\u00e4hlt um 21 Uhr auf <strong>Phoenix<\/strong> von der Zeit \u201eVon Gorbatschow bis Putin\u201c.<\/li>\n<\/ul>\n<h2 id=\"freitag16.februar\" style=\"text-align: center;\">Freitag, 16. Februar<\/h2>\n<ul>\n<li>Der Themenabend auf <strong>ARD-alpha<\/strong> steht heute unter der \u00dcberschrift \u201eVor 75 Jahren: Die Wei\u00dfe Rose\u201c. Um 20.15 Uhr geht es mit der biografischen Doku <a href=\"http:\/\/www.br.de\/fernsehen\/ard-alpha\/programmkalender\/ausstrahlung-1310750.html\" target=\"_blank\" rel=\"noopener\">\u201eDie Widerst\u00e4ndigen \u201aalso machen wir das weiter\u2026\u2018\u201c<\/a> los. <em>\u201eEs ist anr\u00fchrend und ersch\u00fctternd zugleich zu h\u00f6ren, wie die studentischen Widerstandsk\u00e4mpfer aus dem Kreis der Wei\u00dfen Rose aufgrund ihrer innersten \u00dcberzeugung gegen die unmenschlich brutale Nazi-Diktatur aufbegehrten. Vor Katrin Seybolds konzentrierter Kamera kommen sie ausf\u00fchrlich zu Wort: Traute Lafrenz-Page, die Freundin von Hans Scholl, Birgit Wei\u00df-Huber, die Tochter von Kurt Huber, Marie-Louise Schulze-Jahn, Gerda Freise, Ilse Ledin, J\u00fcrgen Wittenstein, Karin Friedrich u.v.a. \u2026 Ihre Erinnerungen vergegenw\u00e4rtigen eine Welt, in der die Menschenrechte au\u00dfer Kraft gesetzt und die Menschlichkeit verloren gegangen war.\u201c<\/em> \u2014 Im alpha-Forum kommt um 21.35 Uhr <a href=\"http:\/\/www.br.de\/fernsehen\/ard-alpha\/programmkalender\/ausstrahlung-1310752.html\" target=\"_blank\" rel=\"noopener\">\u201eHildegard Kronawitter, Vorsitzende Wei\u00dfe Rose Stiftung, ehemalige Vorsitzende Rotes Kreuz M\u00fcnchen\u201c<\/a> zu Wort. \u2014 Ein Beitrag aus dem Jahr 1958 folgt um 22.20 Uhr: <a href=\"http:\/\/www.br.de\/fernsehen\/ard-alpha\/programmkalender\/ausstrahlung-1310754.html\" target=\"_blank\" rel=\"noopener\">\u201eDie Wei\u00dfe Rose\u201c<\/a>.<\/li>\n<li><em>\u201eEinst war sie die Vollendung Preu\u00dfisch Arkadiens \u2013 wundersch\u00f6n gelegen am Havelufer: die Sacrower Heilandskirche. Nach dem Mauerbau lag sie auf einmal im Niemandsland. Eine verbotene Zone, die dem Verfall preisgegeben war. Das Gotteshaus wurde so zum steinernen Symbol des Kalten Krieges.\u201c<\/em> <a href=\"https:\/\/programm.tagesschau24.de\/tv\/Geheimnisvolle-Orte%3A-Die-Sacrower-Heilandskirche\/2018-02-16\/eid_28721495428228\" target=\"_blank\" rel=\"noopener\">\u201eGeheimnisvolle Orte: Die Sacrower Heilandskirche\u201c<\/a> (<strong>Tagesschau 24<\/strong>, 21.17 Uhr).<\/li>\n<\/ul>\n","protected":false},"excerpt":{"rendered":"<p>Endlich kommt passend zur f\u00fcnften Jahreszeit auch eine Doku \u00fcber dessen Geschichte. Jenseits des Karnevals gibt es Neuigkeiten aus der Vorgeschichte Amerikas, die Deutschland-Saga l\u00e4uft komplett, neue Erkenntnisse der Mittelalterarch\u00e4ologie und ein Blick in die Polizeiarbeit zu Beginn des 20. Jahrhunderts geh\u00f6ren auch zum Geschichtsprogramm der kommenden Woche. Zum Abschluss &#8230;<\/p>\n","protected":false},"author":10,"featured_media":0,"comment_status":"open","ping_status":"open","sticky":false,"template":"","format":"standard","meta":{"footnotes":""},"categories":[1],"tags":[],"class_list":["post-4253","post","type-post","status-publish","format-standard","hentry","category-allgemein"],"aioseo_notices":[],"_links":{"self":[{"href":"http:\/\/historikerkraus.de\/blog\/wp-json\/wp\/v2\/posts\/4253","targetHints":{"allow":["GET"]}}],"collection":[{"href":"http:\/\/historikerkraus.de\/blog\/wp-json\/wp\/v2\/posts"}],"about":[{"href":"http:\/\/historikerkraus.de\/blog\/wp-json\/wp\/v2\/types\/post"}],"author":[{"embeddable":true,"href":"http:\/\/historikerkraus.de\/blog\/wp-json\/wp\/v2\/users\/10"}],"replies":[{"embeddable":true,"href":"http:\/\/historikerkraus.de\/blog\/wp-json\/wp\/v2\/comments?post=4253"}],"version-history":[{"count":2,"href":"http:\/\/historikerkraus.de\/blog\/wp-json\/wp\/v2\/posts\/4253\/revisions"}],"predecessor-version":[{"id":4255,"href":"http:\/\/historikerkraus.de\/blog\/wp-json\/wp\/v2\/posts\/4253\/revisions\/4255"}],"wp:attachment":[{"href":"http:\/\/historikerkraus.de\/blog\/wp-json\/wp\/v2\/media?parent=4253"}],"wp:term":[{"taxonomy":"category","embeddable":true,"href":"http:\/\/historikerkraus.de\/blog\/wp-json\/wp\/v2\/categories?post=4253"},{"taxonomy":"post_tag","embeddable":true,"href":"http:\/\/historikerkraus.de\/blog\/wp-json\/wp\/v2\/tags?post=4253"}],"curies":[{"name":"wp","href":"https:\/\/api.w.org\/{rel}","templated":true}]}}