{"id":4179,"date":"2017-10-13T12:16:45","date_gmt":"2017-10-13T10:16:45","guid":{"rendered":"http:\/\/historikerkraus.de\/blog\/?p=4179"},"modified":"2017-10-12T11:17:31","modified_gmt":"2017-10-12T09:17:31","slug":"tv-vorschau-14-20-oktober-2017","status":"publish","type":"post","link":"http:\/\/historikerkraus.de\/blog\/2017\/10\/13\/tv-vorschau-14-20-oktober-2017\/","title":{"rendered":"TV-Vorschau 14. \u2013 20. Oktober 2017"},"content":{"rendered":"<p>Die Geschichte des Buchdrucks und die Bedeutung alter B\u00fccher f\u00fcr das Wissen der Menschheit sind Themen, die von der Frankfurter Buchmesse inspiriert sind. Nach wie vor breit behandelt werden Spione wie Mata Hari und die Geiselbefreiung von Mogadischu im Jahre 1977. Die erste nachgewiesene Kernfamilie der Menschheit steht dagegen im Mittelpunkt einer Arch\u00e4ologie-Doku.<!--more--><\/p>\n<h2 style=\"text-align: center;\">Samstag, 14. Oktober<\/h2>\n<ul>\n<li><a href=\"http:\/\/www.n-tv.de\/mediathek\/tvprogramm\/?date=2017-10-14\" target=\"_blank\" rel=\"noopener\"><strong>N-TV<\/strong><\/a> sendet wieder die Reihe \u201eAlltag unterm Hakenkreuz\u201c. Heute \u201eMit der Kamera an der Ostfront\u201c um 20.15 Uhr, 21.05 Uhr und 22.05 Uhr. \u2014 Ein Portr\u00e4t von \u201eHitlers Leibarzt\u201c folgt um 23.05 Uhr und um 0.10 Uhr wird \u201eDer Tag, an dem Hitler starb\u201c rekonstruiert.<\/li>\n<li>Eine der wichtigsten Einschnitte in der Geschichte der Menschheit war die Erfindung des Buchdrucks mit beweglichen Lettern. <em>\u201eJohannes Gutenbergs Erfindung des Buchdrucks hat die Welt unumkehrbar ver\u00e4ndert. Das Gedankengut der Reformatoren h\u00e4tte ohne ihn und den Druck mit beweglichen Lettern keine so rasche Verbreitung finden k\u00f6nnen. Was hat ihn angetrieben, waren es k\u00fcnstlerische Interessen oder ging es ihm eher ums Gesch\u00e4ft? Welche technischen Detailprobleme musste er l\u00f6sen?\u201d<\/em> <strong>Arte<\/strong> ergr\u00fcndet diese Fragen um 20.15 Uhr. <a href=\"https:\/\/www.arte.tv\/de\/videos\/064434-000-A\/gutenberg-genie-und-geschaeftsmann\" target=\"_blank\" rel=\"noopener\">\u201eGutenberg \u2013 Genie und Gesch\u00e4ftsmann\u201d<\/a>. \u2014 Eine besondere Form der Archivarbeit stellt der Beitrag <a href=\"https:\/\/www.arte.tv\/de\/videos\/066281-000-A\/die-buecherjaeger\/\" target=\"_blank\" rel=\"noopener\">\u201eDie B\u00fccherj\u00e4ger \u2013 Kampf um das Wissen der Welt\u201d<\/a> um 21.40 Uhr vor. <em>\u201eOhne B\u00fccherj\u00e4ger w\u00e4re das Wissen der Antike oder des Mittelalters heute verloren. Sie sammelten und kopierten B\u00fccher in einem Wettlauf gegen die Zeit. B\u00fccherj\u00e4ger stemmten sich gegen die Barbarei, und sie tun das bis heute. Daf\u00fcr riskierten sie Kopf und Kragen. Sie sind die heimlichen Helden der Geschichte.\u201c<\/em><\/li>\n<li><strong>Phoenix<\/strong> beleuchtet weiterhin den Deutschen Herbst 1977 und den Terror der damaligen RAF. Um 20.15 Uhr beginnt der Themenabend mit der Doku <a href=\"http:\/\/www.phoenix.de\/content\/phoenix\/die_sendungen\/dokumentationen\/die_raf_toedliche_illusion\/135715?datum=2017-10-14\" target=\"_blank\" rel=\"noopener\">\u201eDie RAF \u2013 T\u00f6dliche Illusion\u201d<\/a>. Um 21 Uhr folgt <a href=\"http:\/\/www.phoenix.de\/content\/phoenix\/die_sendungen\/die_raf_phantom_ohne_gnade\/1101575?datum=2017-10-14\" target=\"_blank\" rel=\"noopener\">\u201eDie RAF \u2013 Phantom ohne Gnade\u201d<\/a>. Um 21.45 Uhr ist aus der Reihe ZDF-History der Film <a href=\"http:\/\/www.phoenix.de\/content\/phoenix\/die_sendungen\/zdf_history:_die_jagd_nach_der_raf\/2501294?datum=2017-10-14\" target=\"_blank\" rel=\"noopener\">\u201eDie Jagd nach der RAF\u201d<\/a> zu sehen. Um 22.30 Uhr werfen wir schlie\u00dflich einen Blick auf die letzte RAF-Generation und die Wunden, die die Bundesrepublik bis heute daran tr\u00e4gt: <a href=\"http:\/\/www.phoenix.de\/content\/phoenix\/die_sendungen\/dokumentationen\/black_box_brd\/123746?datum=2017-10-14\" target=\"_blank\" rel=\"noopener\">\u201eBlack Box BRD\u201d<\/a>.<\/li>\n<li><strong>ARD-alpha<\/strong> startet den Abend mit einem Blick auf <a href=\"http:\/\/www.br.de\/fernsehen\/ard-alpha\/programmkalender\/ausstrahlung-1194002.html\" target=\"_blank\" rel=\"noopener\">\u201eSchalck-Golodkowski und die Pleite der DDR\u201d<\/a> um 20.15 Uhr, ehe um 21 Uhr <a href=\"http:\/\/www.br.de\/fernsehen\/ard-alpha\/programmkalender\/ausstrahlung-1194004.html\" target=\"_blank\" rel=\"noopener\">\u201eAuf den Spuren Alexanders \u2013 Das Land des Goldenen Vlies\u201d<\/a> in den Blickpunkt ger\u00e4t.<\/li>\n<\/ul>\n<h2 style=\"text-align: center;\">Sonntag, 15. Oktober<\/h2>\n<ul>\n<li>Spionage ist heute das Thema auf <strong>RBB<\/strong>. Um 22.55 Uhr erfahren wir im Doku-Drama <a href=\"http:\/\/www.rbb-online.de\/fernsehen\/programm\/15_10_2017\/347688426.html\" target=\"_blank\" rel=\"noopener\">\u201eMata Hari \u2013 Tanz mit dem Tod\u201d<\/a> (BRD 2017, Regie: Kai Christiansen) viel \u00fcber die wohl bekannteste Spionin der Weltgeschichte. <em>\u201eMitten im Ersten Weltkrieg bildet die 28-j\u00e4hrige Dr. Elsbeth Schragm\u00fcller (Nora Waldst\u00e4tten) die zehn Jahre \u00e4ltere T\u00e4nzerin Mata Hari (Natalia W\u00f6rner) zur Spionin aus. Zwei Frauen wie Licht und Schatten starten eine heimliche Zusammenarbeit, die sich mehr und mehr als riskanter Tanz mit dem Tod offenbart.\u201c<\/em> \u2014 Um 0.25 Uhr folgt der Beitrag <a href=\"http:\/\/www.rbb-online.de\/fernsehen\/programm\/16_10_2017\/347672477.html\" target=\"_blank\" rel=\"noopener\">\u201eBerlin Berlin: Die Spione\u201d<\/a>. <em>\u201eNach Ende des Zweiten Weltkriegs ist Berlin das Eldorado der Geheimdienste. Die alliierten Besatzungsm\u00e4chte liefern sich hier ein Duell der Informationen. Orte wie die Glienicker Br\u00fccke oder die Abh\u00f6rstation auf dem Teufelsberg werden zum Mythos und festigen Berlins Ruf als Hauptstadt der Spione.\u201c<\/em><\/li>\n<li>Um 23.45 Uhr zeigt das <strong>ZDF<\/strong> aus der Reihe ZDF-History den Beitrag <a href=\"https:\/\/www.zdf.de\/dokumentation\/zdf-history\/mata-hari---die-schoene-spionin-100.html\" target=\"_blank\" rel=\"noopener\">\u201eMata Hari \u2013 Die sch\u00f6ne Spionin\u201d<\/a>. <em>\u201eAls Nacktt\u00e4nzerin machte sie Karriere, als Kurtisane lagen ihr die M\u00e4nner zu F\u00fc\u00dfen. Am Ende des Ersten Weltkrieges wurde Mata Hari als Spionin hingerichtet. War sie wirklich schuldig?\u201c<\/em><\/li>\n<\/ul>\n<h2 style=\"text-align: center;\">Montag, 16. Oktober<\/h2>\n<ul>\n<li>\u201eWir Deutschen \u2013 Vom Reich zur Republik\u201c ist eine mehrteilige Doku-Reihe, die die deutsche Geschichte sehr detailgenau nachzeichnet. Bislang im \u00f6ffentlich-rechtlichen Fernsehen zu sehen, zeigt nun <a href=\"http:\/\/www.n-tv.de\/mediathek\/tvprogramm\/?date=2017-10-16\" target=\"_blank\" rel=\"noopener\"><strong>N-TV<\/strong><\/a> diese Reihe. Heute geht es los um 20.15 Uhr mit \u201eVom Kaiserreich zur Katastrophe\u201c Teil 1 und um 21.04 Uhr mit \u201eVom Kaiserreich zur Katastrophe\u201c Teil 2. Fortsetzung n\u00e4chste Woche. \u2014 Um 23.05 Uhr folgt noch der Beitrag \u201eNazi-Geheimnisse \u2013 Hitler und der Papst\u201c. <em>\u201eEs ist einer der gigantischsten Machtk\u00e4mpfe des Zweiten Weltkrieges: Der Papst gegen den selbst ernannten deutschen F\u00fchrer. Mit dem Versuch eine neue deutsche Kirche zu gr\u00fcnden, die die j\u00fcdisch-christliche Theologie ablehnt und Jesus als Arier inszeniert, wollte Hitler ein eigenes Christentum errichten. Die n-tv Dokumentation wirft einen Blick auf das Dritte Reich und die r\u00f6misch-katholische Kirche und deckt ihre Intrigen und Geheimnisse auf.\u201c<\/em><\/li>\n<li>\u201eGeschichte im Ersten\u201c erz\u00e4hlt in der <strong>ARD<\/strong> um 23.30 Uhr vom <a href=\"http:\/\/www.daserste.de\/information\/reportage-dokumentation\/dokus\/sendung\/widerstand-unter-hitler-100.html\" target=\"_blank\" rel=\"noopener\">\u201eWiderstand unter Hitler\u201d<\/a>. Genauer von Georg Ferdinand Duckwitz, dem \u201eSchindler von Kopenhagen\u201c, wie er auch genannt wird. Der Diplomat Duckwitz ist fast sein ganzes Leben immer wieder gegen den Strom geschwommen. Es ist die Lebensgeschichte eines Mannes, der heute vom Ausw\u00e4rtigen Amt als jemand bezeichnet wird, \u201eder sich gegen den Zeitgeist und erst recht gegen die Verbrechen der Nazis stellte, dessen moralischer \u201aKompass\u2018 nicht nur weiterhin funktionierte, sondern Richtschnur seines Handelns wurde.\u201c<\/li>\n<\/ul>\n<h2 style=\"text-align: center;\">Dienstag, 17. Oktober<\/h2>\n<ul>\n<li>Die Reihe \u201eGeheimnisvolle Orte\u201c f\u00fchrt uns auf <strong>RBB<\/strong> diesmal zu <a href=\"http:\/\/www.rbb-online.de\/fernsehen\/programm\/17_10_2017\/349836080.html\" target=\"_blank\" rel=\"noopener\">\u201eHitlers Reichskanzlei\u201d<\/a> (20.15 Uhr). <em>\u201e \u201aWer die Reichskanzlei betritt, muss das Gef\u00fchl haben, vor den Herrn der Welt zu treten.\u2018 Einzig diese Bestimmung hatte f\u00fcr Adolf Hitler sein 1939 fertiggestellter erster \u201aBau des Gro\u00dfdeutschen Reiches\u2018. Architektur als Inszenierung einer unbarmherzigen, r\u00fccksichtslosen Macht. Eine spannende Spurensuche in der Mitte Berlins.\u201c<\/em> \u2014 Um 21 Uhr folgt ein weiterer Beitrag der Reihe \u201eErlebnis Geschichte\u201c. Es geht um Stadt- und Landmigration: <a href=\"http:\/\/www.rbb-online.de\/fernsehen\/programm\/17_10_2017\/349836152.html\" target=\"_blank\" rel=\"noopener\">\u201eRein in die Stadt \u2013 raus auf&#8217;s Land\u201d<\/a>.<\/li>\n<li>Die Geschichte der Geiselbefreiung in <a href=\"http:\/\/www.daserste.de\/unterhaltung\/film\/filme-im-ersten\/videos\/mogadischu-116.html\" target=\"_blank\" rel=\"noopener\">\u201eMogadischu\u201d<\/a> erz\u00e4hlt der gleichnamige Spielfilm unter der Regie von Roland Suso Richter aus dem Jahr 2008. Zu sehen in der <strong>ARD<\/strong> um 0.35 Uhr.<\/li>\n<\/ul>\n<h2 style=\"text-align: center;\">Mittwoch, 18. Oktober<\/h2>\n<ul>\n<li>Die Geiselbefreiung von Mogadischu von vor 40 Jahren ist heute Schwerpunkt im <strong>SWR<\/strong>. Um 20.15 Uhr stehen <a href=\"https:\/\/www.swr.de\/betrifft\/die-geiseln-von-mogadischu\/-\/id=98466\/did=20206006\/nid=98466\/sdpgid=1473463\/1oqpfkg\/index.html\" target=\"_blank\" rel=\"noopener\">\u201eDie Geiseln von Mogadischu\u201d<\/a> im Blickpunkt. \u2014 Um 21 Uhr folgt <a href=\"https:\/\/www.swr.de\/betrifft\/rueckkehr-landshut-flugzeug-raf-mogadishu-betrifft\/-\/id=98466\/did=20234152\/nid=98466\/sdpgid=1473462\/38pu6p\/index.html\" target=\"_blank\" rel=\"noopener\">\u201ebetrifft: Die R\u00fcckkehr der \u201aLandshut\u2018\u201d<\/a>. Das Flugzeug ist vor einigen Wochen, nachdem es noch viele Jahre in regul\u00e4rem Flugdienst stand, nach Deutschland zur\u00fcck gebracht worden und soll als Museum dienen. \u2014 Der schon gestern in der ARD gezeigte Spielfilm <a href=\"https:\/\/www.swr.de\/film\/40-jahre-deutscher-herbst-bis-5-mogadischu\/-\/id=5791128\/did=20233920\/nid=5791128\/sdpgid=1473472\/12pygd0\/index.html\" target=\"_blank\" rel=\"noopener\">\u201eMogadischu\u201d<\/a> (BRD 2008, Regie: Roland Suso Richter) l\u00e4uft um Mitternacht.<\/li>\n<li>Die letzte Folge der <a href=\"http:\/\/www.wdr.de\/programmvorschau\/wdrfernsehen\/uebersicht\/2017-10-18\/\" target=\"_blank\" rel=\"noopener\"><strong>WDR<\/strong><\/a>-Reihe \u201eDie 70er\u201c heute an einem ungewohnten Sendeplatz: \u201e1979 \u2013 Der Afghanistan-Krieg ver\u00e4ndert die Welt\u201c. <em>\u201eEnde Dezember 1979 marschierten sowjetische Truppen in Afghanistan ein. Damit begann ein Krieg, der schwerwiegende Entwicklungen in Gang setzte: Die letztlich desastr\u00f6se Intervention beschleunigte den Untergang der UdSSR und schuf den Brandherd f\u00fcr die Entstehung der islamistischen Terrororganisation Al-Kaida. Mit diesem Konflikt war auch die \u00c4ra der Entspannung zwischen den Superm\u00e4chten vorbei.\u201c<\/em> (23.25 Uhr).<\/li>\n<li>Ein schwieriges Thema aus Sicht der Bodendenkmalpflege waren und sind \u201eDie Schatzsucher\u201c. Als ehrenamtliche Mitarbeiter der Bodendenkmalpflege durchaus gesch\u00e4tzt, als Antiquit\u00e4tensammler gef\u00fcrchtet. <em>\u201eIn Deutschlands Fl\u00e4chenl\u00e4ndern sind Hunderte ehrenamtliche Schatzsucher im Einsatz: In Baden-W\u00fcrttemberg und Mecklenburg-Vorpommern sind es zum Beispiel rund 200, in Th\u00fcringen etwa 350, in Sachsen und Brandenburg jeweils 120 Personen, in Berlin etwa 100.\u201c<\/em> Die Doku um 23.55 Uhr auf <a href=\"http:\/\/www.3sat.de\/programm\/?viewlong=viewlong&amp;d=20171018&amp;dayID=ClnDaN18&amp;cx=129#border1800\" target=\"_blank\" rel=\"noopener\"><strong>3sat<\/strong><\/a> begleitetet die Schatzsucher bei Grabungen und Sondeng\u00e4ngen durch ein Jahr.<\/li>\n<\/ul>\n<h2 style=\"text-align: center;\">Donnerstag, 19. Oktober<\/h2>\n<ul>\n<li><em>\u201eWir schreiben das Jahr 2205: Albert Einsteins Relativit\u00e4tstheorie wird 300 Jahre alt. Sein Todestag j\u00e4hrt sich zum 250. Mal. Dr. Schneller und Dr. Mayer \u2013 zwei Wissenschaftler aus der Zukunft \u2013 recherchieren das Leben und das Werk von Albert Einstein. Frau Dr. Schneller reist zur\u00fcck in die Vergangenheit und trifft das Genie des 20. Jahrhunderts dort pers\u00f6nlich. Denn Zeitreisen sind m\u00f6glich im Jahr 2205. \u201aDas Einstein-Projekt\u2018 ist eine fantasievolle und unterhaltsame sechsteilige Serie, die \u00fcber den Umweg in die Zukunft das vergangene Leben des gro\u00dfen Physikers und Nobelpreistr\u00e4gers Albert Einstein in unsere Gegenwart transportiert. Die damalige Zeit und die Person Albert Einstein werden durch diese ungew\u00f6hnliche und spannende Mixtur von Spielszenen und Originalmaterial greifbar und lebendig.\u201c<\/em> Der Sechsteiler l\u00e4uft auf <strong>ARD-alpha<\/strong> und startet um 21.45 Uhr mit der Folge <a href=\"http:\/\/www.br.de\/fernsehen\/ard-alpha\/programmkalender\/ausstrahlung-1194468.html\" target=\"_blank\" rel=\"noopener\">\u201eDie fr\u00fchen Jahre\u201d<\/a>.<\/li>\n<\/ul>\n<h2 style=\"text-align: center;\">Freitag, 20. Oktober<\/h2>\n<ul>\n<li>Die Wiederholung der Montagsdoku der ARD <a href=\"http:\/\/programm.tagesschau24.de\/tv\/Widerstand-unter-Hitler\/2017-10-20\/eid_28721346872179\" target=\"_blank\" rel=\"noopener\">\u201eWiderstand unter Hitler \u2013 Der Diplomat Duckwitz\u201d<\/a> ist um 21.17 Uhr auf <strong>Tagesschau 24<\/strong> zu sehen.<\/li>\n<li><em>\u201eIm Mittelpunkt der Dokumentation <a href=\"http:\/\/www.phoenix.de\/content\/phoenix\/die_sendungen\/tatort_eulau\/745019?datum=2017-10-20\" target=\"_blank\" rel=\"noopener\">\u201eTatort Eulau \u2013 Das R\u00e4tsel der 13 Skelette\u201d<\/a> steht der spektakul\u00e4re Fund der gut erhaltenen Steinzeitgr\u00e4ber in der Kiesgrube von Eulau bei Naumburg: Drei Frauen, zwei M\u00e4nner und acht Kinder, vor 4500 Jahren liebevoll und zum Teil in inniger Umarmung bestattet. Weltweit zum ersten Mal konnte hier 2008 durch eine DNA-Analyse der fr\u00fcheste Nachweis f\u00fcr die Existenz einer Kernfamilie erbracht werden. Eine Sensation! Aber warum starben diese Menschen zur gleichen Zeit? Wurden sie Opfer eines Gewaltverbrechens? Wer waren sie und wie konnte dieses schreckliche Drama geschehen?\u201c<\/em> (<strong>Phoenix<\/strong>, 21.45 Uhr).<\/li>\n<\/ul>\n","protected":false},"excerpt":{"rendered":"<p>Die Geschichte des Buchdrucks und die Bedeutung alter B\u00fccher f\u00fcr das Wissen der Menschheit sind Themen, die von der Frankfurter Buchmesse inspiriert sind. Nach wie vor breit behandelt werden Spione wie Mata Hari und die Geiselbefreiung von Mogadischu im Jahre 1977. Die erste nachgewiesene Kernfamilie der Menschheit steht dagegen im &#8230;<\/p>\n","protected":false},"author":10,"featured_media":0,"comment_status":"open","ping_status":"open","sticky":false,"template":"","format":"standard","meta":{"footnotes":""},"categories":[4,8],"tags":[],"class_list":["post-4179","post","type-post","status-publish","format-standard","hentry","category-geschichte-im-fernsehen","category-history-tv"],"aioseo_notices":[],"_links":{"self":[{"href":"http:\/\/historikerkraus.de\/blog\/wp-json\/wp\/v2\/posts\/4179","targetHints":{"allow":["GET"]}}],"collection":[{"href":"http:\/\/historikerkraus.de\/blog\/wp-json\/wp\/v2\/posts"}],"about":[{"href":"http:\/\/historikerkraus.de\/blog\/wp-json\/wp\/v2\/types\/post"}],"author":[{"embeddable":true,"href":"http:\/\/historikerkraus.de\/blog\/wp-json\/wp\/v2\/users\/10"}],"replies":[{"embeddable":true,"href":"http:\/\/historikerkraus.de\/blog\/wp-json\/wp\/v2\/comments?post=4179"}],"version-history":[{"count":2,"href":"http:\/\/historikerkraus.de\/blog\/wp-json\/wp\/v2\/posts\/4179\/revisions"}],"predecessor-version":[{"id":4181,"href":"http:\/\/historikerkraus.de\/blog\/wp-json\/wp\/v2\/posts\/4179\/revisions\/4181"}],"wp:attachment":[{"href":"http:\/\/historikerkraus.de\/blog\/wp-json\/wp\/v2\/media?parent=4179"}],"wp:term":[{"taxonomy":"category","embeddable":true,"href":"http:\/\/historikerkraus.de\/blog\/wp-json\/wp\/v2\/categories?post=4179"},{"taxonomy":"post_tag","embeddable":true,"href":"http:\/\/historikerkraus.de\/blog\/wp-json\/wp\/v2\/tags?post=4179"}],"curies":[{"name":"wp","href":"https:\/\/api.w.org\/{rel}","templated":true}]}}