{"id":4132,"date":"2017-08-11T12:02:17","date_gmt":"2017-08-11T10:02:17","guid":{"rendered":"http:\/\/historikerkraus.de\/blog\/?p=4132"},"modified":"2017-08-10T16:15:40","modified_gmt":"2017-08-10T14:15:40","slug":"tv-vorschau-12-18-august-2017","status":"publish","type":"post","link":"http:\/\/historikerkraus.de\/blog\/2017\/08\/11\/tv-vorschau-12-18-august-2017\/","title":{"rendered":"TV-Vorschau 12. \u2013 18. August 2017"},"content":{"rendered":"<p>In der kommenden Woche ist Indiens Unabh\u00e4ngigkeit von Gro\u00dfbritannien ein Thema mehrerer Dokus, dazu Marx und Lenin und Arch\u00e4ologie und noch vieles mehr. Viel Spa\u00df bei der Auswahl.<!--more--><\/p>\n<h2 id=\"samstag12august\" style=\"text-align: center;\">Samstag, 12. August<\/h2>\n<ul>\n<li>Der Geschichtsabend auf <a href=\"http:\/\/www.n-tv.de\/mediathek\/tvprogramm\/?date=2017-08-12\" target=\"_blank\" rel=\"noopener\"><strong>N-TV<\/strong><\/a> beginnt um 20.15 Uhr mit \u201eGeheimwaffe auf Schienen \u2013Der Amerikanische B\u00fcrgerkrieg\u201c. <em>\u201eDie S\u00fcdstaaten gegen die Nordstaaten: Der Amerikanische B\u00fcrgerkrieg verbreitet Mitte des 19. Jahrhunderts Angst und Schrecken. Die Art, Krieg zu f\u00fchren, ver\u00e4ndert sich dabei durch eine Erfindung: die Eisenbahn. K\u00e4mpfe k\u00f6nnen \u00f6fter ausgefochten werden, die Gener\u00e4le auf den Schienen schnell Verst\u00e4rkung anfordern.\u201c<\/em> \u2014 Um 21.05 Uhr folgt \u201eGeheimwaffe auf Schienen \u2013Die Thailand-Burma-Eisenbahn\u201c. \u2014 Es geht weiter mit zwei Folgen der Reihe \u201eMega-Projekte der Nazis\u201c. Um 22.05 Uhr \u201eDer Atlantik-Wall\u201c und um 23.05 Uhr \u201eU-Boot-Basis\u201c.<\/li>\n<li>Wie jeden Samstag-Abend: \u201eDas bayerische Jahrtausend\u201c um 20.15 Uhr auf <strong>ARD-alpha<\/strong>. Diesmal<a href=\"http:\/\/www.br.de\/fernsehen\/ard-alpha\/programmkalender\/ausstrahlung-1132212.html\" target=\"_blank\" rel=\"noopener\">\u201e16. Jahrhundert: Augsburg\u201c<\/a>. \u2014 Um 21 Uhr dann die vorletzte Folge von <a href=\"http:\/\/www.br.de\/fernsehen\/ard-alpha\/programmkalender\/ausstrahlung-1132214.html\" target=\"_blank\" rel=\"noopener\">\u201eDie Welt im Krieg \u2013 Abrechnung (1945 und danach \/ \u201aReckoning\u2018)\u201c<\/a>.<\/li>\n<\/ul>\n<h2 id=\"sonntag13august\" style=\"text-align: center;\">Sonntag, 13. August<\/h2>\n<ul>\n<li>Zwei gro\u00dfe Pers\u00f6nlichkeiten des Sozialismus sind heute Abend im <strong>MDR<\/strong> im Portr\u00e4t zu sehen. Um 20. 15 Uhr <a href=\"http:\/\/www.mdr.de\/tv\/programm\/sendung748334_date-2017-08-13_ipgctx-true_zc-9b576f61.html\" target=\"_blank\" rel=\"noopener\">\u201eKarl Marx \u2013Staatsfeind Nr. 1\u201c<\/a>. <em>\u201eGut 200 Jahre nachdem Karl Marx in Trier geboren wurde, feiert der Philosoph ein \u00fcberraschendes Comeback. Seine fundamentale Kapitalismuskritik scheint im Schatten von Globalisierung und digitaler Revolution pl\u00f6tzlich wieder hochaktuell. Doch wer war der Mann eigentlich?\u201c<\/em> \u2014 Um 21 Uhr folgt <a href=\"http:\/\/www.mdr.de\/tv\/programm\/sendung750930_date-2017-08-13_ipgctx-true_zc-9b576f61.html\" target=\"_blank\" rel=\"noopener\">\u201eLenin, die Deutschen und der Zarenmord\u201c<\/a>.<\/li>\n<li>\u201eR\u00e4tselhafte Mumien\u201c sind Thema des sp\u00e4teren <a href=\"http:\/\/www.n-tv.de\/mediathek\/tvprogramm\/?date=2017-08-13\" target=\"_blank\" rel=\"noopener\"><strong>N-TV<\/strong><\/a>-Abendprogramms. \u201eDer Mann aus dem Eis\u201c \u2013 \u00d6tzi \u2013 um 22.05 Uhr und 23.05 Uhr \u201eDer ermordete Pharao\u201c: <em>\u201eIn einer Pyramide finden Forscher mehrere gut erhaltene Mumien. Eine ist darunter, die aber R\u00e4tsel aufgibt. Es handelt sich um einen Pharao, \u00fcber den man fast nichts wei\u00df. Seine \u00dcberreste weisen schreckliche Verletzungen auf. Was ist damals passiert?\u201c<\/em><\/li>\n<\/ul>\n<h2 id=\"montag14august\" style=\"text-align: center;\">Montag, 14. August<\/h2>\n<ul>\n<li>In der Reihe \u201eGiganten der Geschichte\u201c berichtet <a href=\"http:\/\/www.n-tv.de\/mediathek\/tvprogramm\/?date=2017-08-14\" target=\"_blank\" rel=\"noopener\"><strong>N-TV<\/strong><\/a> \u00fcber \u201eDie Chinesische Mauer\u201c.<\/li>\n<\/ul>\n<h2 id=\"dienstag15august\" style=\"text-align: center;\">Dienstag, 15. August<\/h2>\n<ul>\n<li>Vier hessische Prinzessinnen heirateten im Laufe der Jahrhunderte ins russische Zarenhaus und wurden Zarinnen. Die Doku <a href=\"http:\/\/www.hr-online.de\/website\/fernsehen\/sendungen\/programm_popup.jsp?key=hr-fernsehen_2017-08-15&amp;row=35\" target=\"_blank\" rel=\"noopener\">\u201eDie Zarinnen aus Hessen\u201c<\/a> stellt sie vor (<strong>HR<\/strong>, 21 Uhr).<\/li>\n<li>Im Sommer 1947 wurde die vormals britische Kolonie Indien unabh\u00e4ngig.Anlass f\u00fcr diverse Dokus \u00fcber die Geschichte Indiens und Pakistans, das ebenfalls aus der britischen Kolonie hervorging. \u2014 Ein wenig bekanntes Kapitel der franz\u00f6sischen Geschichte ist das Schicksal der 150.000 indischen Soldaten, die in Frankreich und Belgien im Ersten Weltkrieg k\u00e4mpften. Die Doku <a href=\"http:\/\/www.arte.tv\/de\/videos\/074563-000-A\/leb-wohl-mein-indischer-soldat\" target=\"_blank\" rel=\"noopener\">\u201eLeb&#8216; wohl, mein indischer Soldat!\u201c<\/a> (<strong>Arte<\/strong>, 22.35 Uhr). <em>\u201eSeltene Archivaufnahme, jahrhundertealte indische Kriegsges\u00e4nge und rund 600 Briefe, in denen die Soldaten ihre Erfahrungen im fernen Frankreich beschrieben, illustrieren die Erlebnisse dieser M\u00e4nner, von denen 10.000 niemals in die Heimat zur\u00fcckkehrten. \u201aLeb\u2018 wohl, mein indischer Soldat\u2018 beleuchtet erstmals die Erfahrung von Soldaten einer ehemaligen Kolonie aus einer nichteurop\u00e4ischen Perspektive.\u201c<\/em><\/li>\n<li><em>\u201eUm den Anspruch des NS-Regimes auf Weltherrschaft mit wissenschaftlichen Methoden zu begr\u00fcnden, r\u00fcstete das \u201aDritte Reich\u2018 aufwendige Expeditionen aus, die nur einem einzigen Ziel dienen sollten: Beweise f\u00fcr die kulturelle \u00dcberlegenheit der germanischen Rasse zu finden. Dazu diente auch ein Forschungsunternehmen, das von Heinrich Himmler und seinem Amt \u201aSS-Ahnenerbe\u2018 geleitet wurde. Im Auftrag des SS-Chefs fahndete 1938 der Zoologe Ernst Sch\u00e4fer mit seinem Team nach Beweisen f\u00fcr abstruse Theorien, die im Dunstkreis Himmlers als \u201aWissenschaft\u2018 gehandelt wurden. Himmler glaubte an eine nordische Herrenrasse, die den Untergang des sagenhaften Atlantis \u00fcberlebt habe. Einige \u00dcberlebende sollten sich angeblich nach Tibet gerettet haben. [\u201e\u2026\u201c] Bruno Beger, Anthropologe und SS Obersturmf\u00fchrer, verma\u00df die Sch\u00e4del von \u00fcber 200 Tibetern und forschte in den Gesichtern der Himalaja-Bewohner nach \u201aarischen Z\u00fcgen\u2018. Aber was mit spinnerter Germanen-Schw\u00e4rmerei begann, endete bei grausamen Experimenten an vermeintlichen \u201aUntermenschen\u2018. Nach der Reise zum Dach der Welt arbeitete Beger an einem Forschungsprogramm zur Erstellung einer vergleichenden Skelettsammlung. Dazu wurden H\u00e4ftlinge eines Konzentrationslagers selektiert und ermordet. Der Film beleuchtet ein weitgehend unbekanntes Kapitel der NS-Wissenschaft zwischen Tibet und Auschwitz.\u201c<\/em> Die Doku <a href=\"http:\/\/www.br.de\/fernsehen\/ard-alpha\/programmkalender\/ausstrahlung-1132492.html\" target=\"_blank\" rel=\"noopener\">\u201eDie Expeditionen der Nazis \u2013 Abenteuer und Rassenwahn\u201c<\/a> erz\u00e4hlt von diesem bizarren Kapitel NS-Geschichte (<strong>ARD-alpha<\/strong>, 22.45 Uhr).<\/li>\n<li>Mahatma Gandhi wird heute auf <strong>Phoenix<\/strong> geehrt. Um 23 Uhr l\u00e4uft die Doku <a href=\"http:\/\/www.phoenix.de\/content\/phoenix\/die_sendungen\/mahatma_gandhi\/2468040?datum=2017-08-15\" target=\"_blank\" rel=\"noopener\">\u201eSterben f\u00fcr den Frieden\u201c<\/a>. <em>\u201eAm 20. Januar 1948 ver\u00fcbte der fanatische Hindu Gopal Godse einen Mordanschlag auf Mahatma Gandhi, der jedoch fehlschlug. Zehn Tage sp\u00e4ter gelang seinem Bruder Nathuram, was Gopal nicht geschafft hatte: Er t\u00f6tete Gandhi. Mehr als 50 Jahre danach zeigt die Dokumentation, wie Nationalismus und religi\u00f6se Konflikte Indien in die Unabh\u00e4ngigkeit begleitet haben und bis heute fortbestehen.\u201c<\/em> \u2014 Um 23.55 Uhr folgt aus der ZDF-History-Reihe der Beitrag <a href=\"http:\/\/www.phoenix.de\/content\/phoenix\/die_sendungen\/zdf_history\/2470395?datum=2017-08-15\" target=\"_blank\" rel=\"noopener\">\u201eMahatma Gandhi\u201c<\/a>.<\/li>\n<\/ul>\n<h2 id=\"mittwoch16august\" style=\"text-align: center;\">Mittwoch, 16. August<\/h2>\n<ul>\n<li><strong>Phoenix<\/strong> dokumentiert die \u201eFlucht in die Freiheit\u201c aus der DDR. <em>\u201eSie sprangen \u00fcber Stacheldraht, f\u00e4lschten P\u00e4sse, riskierten ihr Leben im Todesstreifen, kaperten U-Bahnen \u2013einer stahl sogar einen Panzerwagen, um die Mauer zu \u00fcberwinden. Nachdem das SED-Regime in der Nacht zum 13. August 1961 in Berlin die Sektorengrenzen zum Westen geschlossen hatte, versuchten Tausende Menschen die Absperrungen zu \u00fcberwinden und in den Westen zu fliehen.\u201c<\/em> Um 20.15 Uhr <a href=\"http:\/\/www.phoenix.de\/content\/phoenix\/die_sendungen\/flucht_in_die_freiheit_(1_2)\/265937?datum=2017-08-16\" target=\"_blank\" rel=\"noopener\">\u201eMit dem Mut der Verzweiflung\u201c<\/a> und um 21 Uhr <a href=\"http:\/\/www.phoenix.de\/content\/phoenix\/die_sendungen\/flucht_in_die_freiheit_(2_2)\/266262?datum=2017-08-16\" target=\"_blank\" rel=\"noopener\">\u201eMit allen Mitteln\u201c<\/a>.<\/li>\n<li><em>\u201eAls zu Beginn des 20. Jahrhunderts die ersten Flugzeuge in den Himmel stiegen, wurde schnell klar, dass sie auch von gro\u00dfem milit\u00e4rischen Nutzen sein k\u00f6nnen \u2013als Tr\u00e4ger von Waffen und Bomben. Die zweiteilige Dokumentation \u201aBombenkrieg \u2013 Von Guernica bis Hiroshima\u2018 zeichnet diesen verheerenden Weg der massiven Aufr\u00fcstung am Himmel nach.\u201c<\/em> <a href=\"http:\/\/www.3sat.de\/programm\/?viewlong=viewlong&amp;d=20170816&amp;dayID=ClnDaN16&amp;cx=127#border1800\" target=\"_blank\" rel=\"noopener\"><strong>3sat<\/strong><\/a>, 20.15 Uhr und 21 Uhr.<\/li>\n<li>Auf <a href=\"http:\/\/www.n-tv.de\/mediathek\/tvprogramm\/?date=2017-08-16\" target=\"_blank\" rel=\"noopener\"><strong>N-TV<\/strong><\/a> gibt es den Zweiteiler \u201eHitlers Aufstieg und Untergang\u201c. Um 22.10 Uhr \u201eDer Opportunist\u201c und um 23.05 Uhr \u201eDer Schauspieler\u201c. \u2014 Um 0.10 Uhr erf\u00e4hrt der Zuschauer einiges \u00fcber \u201eNordhausen \u2013Hitlers Raketenbunker\u201c. <em>\u201eDie sogenannten Vergeltungswaffen gelten als das gr\u00f6\u00dfte Staatsgeheimnis des Dritten Reiches. Mit ihnen will Hitler den Krieg gewinnen. Unter unmenschlichen Bedingungen m\u00fcssen KZ-H\u00e4ftlinge daf\u00fcr in einem Tunnelsystem nahe der Stadt Nordhausen schuften. 20.000 von ihnen kommen dabei ums Leben. Im April 1945 wird die Stadt Ziel eines verheerenden Angriffs. Nordhausen gleicht einem Tr\u00fcmmerfeld. Doch die Raketenfabrik bleibt nahezu unversehrt.\u201c<\/em><\/li>\n<li><em>\u201e\u201aAidas Geheimnisse\u2018 erz\u00e4hlt von Familiengeheimnissen, die sieben Jahrzehnte umfassen und die in detektivischer Spurensuche nach und nach aufgedeckt werden. Eine tief ber\u00fchrende Geschichte \u00fcber die Suche nach der eigenen Identit\u00e4t\u201c<\/em> Eine historische Biografie der besonderen Art. <a href=\"http:\/\/www.daserste.de\/information\/reportage-dokumentation\/dokus\/sendung\/aidas-geheimnisse-102.html\" target=\"_blank\" rel=\"noopener\">\u201eAidas Geheimnisse\u201c<\/a> (<strong>ARD<\/strong>, 22.45 Uhr).<\/li>\n<\/ul>\n<h2 id=\"donnerstag17august\" style=\"text-align: center;\">Donnerstag, 17. August<\/h2>\n<ul>\n<li>Der <strong>SWR<\/strong> stellt um 20.15 Uhr im Baden-W\u00fcrttemberg-Kanal <a href=\"https:\/\/www.swr.de\/geschichte\/geheimnisse-der-tiefe-die-schiffswracks-vom-bodensee\/-\/id=100754\/did=15581212\/nid=100754\/sdpgid=1449708\/aio4ud\/index.html\" target=\"_blank\" rel=\"noopener\">\u201eDie Schiffswracks vom Bodensee \u2013 Geheimnisse der Tiefe\u201c<\/a> vor. \u2014 Um 22.45 Uhr geht es um <a href=\"https:\/\/www.swr.de\/geschichte\/die-roemer-im-suedwesten\/-\/id=100754\/did=9139482\/nid=100754\/sdpgid=1449717\/mdxzua\/index.html\" target=\"_blank\" rel=\"noopener\">\u201e Die R\u00f6mer im S\u00fcdwesten \u2013 Die Eroberung Germaniens\u201c<\/a>.<\/li>\n<li>Die heutige Folge der \u201eStil-Epochen\u201c dreht sich um <a href=\"http:\/\/www.br.de\/fernsehen\/ard-alpha\/programmkalender\/ausstrahlung-1132676.html\" target=\"_blank\" rel=\"noopener\">\u201eJugendstil und Art Deco (um 1900-1940)\u201c<\/a> (<strong>ARD-alpha<\/strong>, 21.45 Uhr).<\/li>\n<li>Englische Geschichte auf <strong>Phoenix<\/strong>. Um 22.15 Uhr geht es um <a href=\"http:\/\/www.phoenix.de\/content\/phoenix\/die_sendungen\/zdf_history:_die_letzten_tage_der_anne_boleyn\/879586?datum=2017-08-17\" target=\"_blank\" rel=\"noopener\">\u201eDie letzten Tage der Anne Boleyn\u201c<\/a>, eine der Frauen Heinrichs VIII., die er hinrichten lie\u00df. \u2014 <a href=\"http:\/\/www.phoenix.de\/content\/phoenix\/die_sendungen\/elisabeth_i_\u2013_moerderin_auf_dem_thron\/547673?datum=2017-08-17\" target=\"_blank\" rel=\"noopener\">\u201eElisabeth I. \u2013 M\u00f6rderin auf dem Thron\u201c<\/a> folgt um 23 Uhr. Sie war die Tochter Heinrichs und Anne Boleyns. \u2014 Um 23.45 Uhr erfahren wir alles \u00fcber <a href=\"http:\/\/www.phoenix.de\/content\/phoenix\/die_sendungen\/zdf_history:_queen_victorias_kinder\/729724?datum=2017-08-17\" target=\"_blank\" rel=\"noopener\">\u201eQueen Victorias Kinder\u201c<\/a>.<\/li>\n<\/ul>\n<h2 id=\"freitag18august\" style=\"text-align: center;\">Freitag, 18. August<\/h2>\n<ul>\n<li>1971 \u2013 das war \u201eDas Jahr der Skandale\u201c. Der <a href=\"http:\/\/www.wdr.de\/programmvorschau\/wdrfernsehen\/uebersicht\/2017-08-18\/\" target=\"_blank\" rel=\"noopener\"><strong>WDR<\/strong><\/a> erinnert u. a. an den Bundesligaskandal und zeichnet <em>\u201evielf\u00e4ltig bewegende Geschichten der Menschen in Nordrhein-Westfalen nach.\u201c<\/em><\/li>\n<\/ul>\n","protected":false},"excerpt":{"rendered":"<p>In der kommenden Woche ist Indiens Unabh\u00e4ngigkeit von Gro\u00dfbritannien ein Thema mehrerer Dokus, dazu Marx und Lenin und Arch\u00e4ologie und noch vieles mehr. Viel Spa\u00df bei der Auswahl.<\/p>\n","protected":false},"author":10,"featured_media":0,"comment_status":"open","ping_status":"open","sticky":false,"template":"","format":"standard","meta":{"footnotes":""},"categories":[1],"tags":[],"class_list":["post-4132","post","type-post","status-publish","format-standard","hentry","category-allgemein"],"aioseo_notices":[],"_links":{"self":[{"href":"http:\/\/historikerkraus.de\/blog\/wp-json\/wp\/v2\/posts\/4132","targetHints":{"allow":["GET"]}}],"collection":[{"href":"http:\/\/historikerkraus.de\/blog\/wp-json\/wp\/v2\/posts"}],"about":[{"href":"http:\/\/historikerkraus.de\/blog\/wp-json\/wp\/v2\/types\/post"}],"author":[{"embeddable":true,"href":"http:\/\/historikerkraus.de\/blog\/wp-json\/wp\/v2\/users\/10"}],"replies":[{"embeddable":true,"href":"http:\/\/historikerkraus.de\/blog\/wp-json\/wp\/v2\/comments?post=4132"}],"version-history":[{"count":2,"href":"http:\/\/historikerkraus.de\/blog\/wp-json\/wp\/v2\/posts\/4132\/revisions"}],"predecessor-version":[{"id":4134,"href":"http:\/\/historikerkraus.de\/blog\/wp-json\/wp\/v2\/posts\/4132\/revisions\/4134"}],"wp:attachment":[{"href":"http:\/\/historikerkraus.de\/blog\/wp-json\/wp\/v2\/media?parent=4132"}],"wp:term":[{"taxonomy":"category","embeddable":true,"href":"http:\/\/historikerkraus.de\/blog\/wp-json\/wp\/v2\/categories?post=4132"},{"taxonomy":"post_tag","embeddable":true,"href":"http:\/\/historikerkraus.de\/blog\/wp-json\/wp\/v2\/tags?post=4132"}],"curies":[{"name":"wp","href":"https:\/\/api.w.org\/{rel}","templated":true}]}}