{"id":4126,"date":"2017-08-04T12:04:16","date_gmt":"2017-08-04T10:04:16","guid":{"rendered":"http:\/\/historikerkraus.de\/blog\/?p=4126"},"modified":"2017-08-03T11:05:06","modified_gmt":"2017-08-03T09:05:06","slug":"tv-vorschau-5-11-august-2017","status":"publish","type":"post","link":"http:\/\/historikerkraus.de\/blog\/2017\/08\/04\/tv-vorschau-5-11-august-2017\/","title":{"rendered":"TV-Vorschau 5. \u2013 11. August 2017"},"content":{"rendered":"<p>Ausf\u00fchrliche Informationen \u00fcber den Beginn der Moderne in der Renaissance, japanische Geschichte (alte wie Zeitgeschichte) und ein Themenschwerpunkt \u00fcber die Wikinger sind einige Highlights des Geschichtsfernsehens der kommenden Woche. Viel Spa\u00df beim Aussuchen.<!--more--><\/p>\n<h2 style=\"text-align: center;\">Samstag, 5. August<\/h2>\n<ul>\n<li><a href=\"http:\/\/www.n-tv.de\/mediathek\/tvprogramm\/?date=2017-08-05\" target=\"_blank\" rel=\"noopener\"><strong>N-TV<\/strong><\/a> startet den Geschichtsabend mit einer Doku mit dem etwas rei\u00dferischen Titel \u201eHitler und die Apostel des B\u00f6sen\u201c. <em>\u201eHitler ist f\u00fcr das gr\u00f6\u00dfte Verbrechen in der Geschichte verantwortlich. Doch ohne Hilfe h\u00e4tte er seinen teuflischen Plan niemals in die Tat umsetzen k\u00f6nnen. Mehr als 15 Jahre lang rekrutierte er sorgsam seine \u201aApostel des B\u00f6sen\u2018, die ihm zur Macht verhalfen. Wer waren die M\u00e4nner in seinem Schatten? Die Dokumentation untersucht bislang unbekannte Aspekte von Hitlers Pers\u00f6nlichkeit und zeigt auf, welchen Einfluss seine Hinterm\u00e4nner hatten.\u201c<\/em> \u2014 Um 23.05 Uhr beleuchtet die Doku \u201eNazis im Exil \u2013 Der Nahe Osten\u201c, wie es vielen f\u00fchrenden Nationalsozialisten nach Kriegsende gelungen ist, sich vor der Strafverfolgung durch die Siegerm\u00e4chte zu entziehen. <em>\u201eMit dem Ziel Naher Osten gelingt nach dem Zweiten Weltkrieg vielen f\u00fchrenden Nationalsozialisten die Flucht vor der Justiz. Doch warum suchten sie sich ausgerechnet die arabischen Staaten aus? Und welchen Einfluss hatten Institutionen wie die Kirche in Rom darauf? Die n-tv Dokumentation gibt seltene Einblicke in die Verbindungen zwischen dem Nationalsozialismus und der arabischen Welt im Dritten Reich.\u201c<\/em><\/li>\n<li>Zwischen Mittelalter und Neuzeit liegt ein grundlegender Wandel aller Lebensbereiche in Europa. Gemeinhin verkn\u00fcpft wird dieser Wandel mit dem Zeitalter der Renaissance. Die zweiteilige Doku \u201eZeitenwende \u2013 Die Renaissance\u201c geht auf <strong>Arte<\/strong> diesen Ver\u00e4nderungsprozessen nach. <a href=\"http:\/\/www.arte.tv\/de\/videos\/060129-002-A\/zeitenwende-die-renaissance-1-2\" target=\"_blank\" rel=\"noopener\">\u201eTeil 1\u201c<\/a> um 20.15 Uhr und <a href=\"http:\/\/www.arte.tv\/de\/videos\/060129-001-A\/zeitenwende-die-renaissance-2-2\" target=\"_blank\" rel=\"noopener\">\u201eTeil 2\u201c<\/a> um 21.10 Uhr. \u2014 Ein weiterer Zweiteiler schlie\u00dft sich an: \u201eUran und Mensch \u2013 Ein gespaltenes Verh\u00e4ltnis\u201c. <em>\u201eDer Abwurf der Atombomben \u00fcber Hiroshima und Nagasaki ist Sinnbild f\u00fcr die Macht und Zerst\u00f6rungskraft von Uran und beweist gleichzeitig, dass Uran eine ungeheure Energiequelle ist. Der Zweiteiler zeichnet die Geschichte des Urans nach.\u201c<\/em> Teil 1: <a>\u201eEin Metall wird zur Bombe\u201c<\/a> um 22.05 Uhr, Teil 2: <a href=\"http:\/\/www.arte.tv\/de\/videos\/054001-002-A\/uran-und-mensch-ein-gespaltenes-verhaltnis-2-2\" target=\"_blank\" rel=\"noopener\">\u201eEin Metall ver\u00e4ndert die Welt\u201c<\/a> folgt um 22.55 Uhr.<\/li>\n<li>In der Reihe \u201eDas bayerische Jahrtausend\u201c geht es diesmal ins <a href=\"http:\/\/www.br.de\/fernsehen\/ard-alpha\/programmkalender\/ausstrahlung-1123956.html\" target=\"_blank\" rel=\"noopener\">\u201e15. Jahrhundert [\u201enach\u201c] N\u00fcrnberg\u201c<\/a> (20.15 Uhr). \u2014 Um 21 Uhr folgt <a href=\"http:\/\/www.br.de\/fernsehen\/ard-alpha\/programmkalender\/ausstrahlung-1123958.html\" target=\"_blank\" rel=\"noopener\">\u201eDie Welt im Krieg \u2013 Die Atombombe (Februar \u2013 September 1945 \/ \u201aThe Bomb\u2018)\u201c<\/a> (<strong>ARD-alpha<\/strong>).<\/li>\n<\/ul>\n<h2 style=\"text-align: center;\">Sonntag, 6. August<\/h2>\n<ul>\n<li><em>\u201eAuf das Thema muss man erst mal kommen: die Liebesgeschichte des langj\u00e4hrigen DDR-Staats- und Parteichefs Erich H. und seiner Frau \u2013 f\u00fcrs Fernsehen nacherz\u00e4hlt.\u201c<\/em> wundert sich TVSpielfilm. <em>\u201eVerehrt von den einen, gef\u00fcrchtet von den anderen: Margot Honecker war in den 1970er und 1980er Jahren ohne Zweifel die m\u00e4chtigste Frau der DDR. Stark und unnahbar, intelligent und attraktiv: Eine Frau mit sozialistischer Bilderbuchkarriere, die sich strikt an die Regeln der Partei hielt. Mit einer Ausnahme: ihrer Liebe zu Erich Honecker. Einer verbotenen Liebe, mit der sie den Zorn vieler Genossen auf sich zog und die ihre Karriere fast beendet h\u00e4tte, bevor sie richtig begann.\u201c<\/em> schreibt dagegen der <strong>MDR<\/strong>. Man mache sich selbst ein Bild: <a href=\"http:\/\/www.mdr.de\/tv\/programm\/sendung749286_date-2017-08-06_ipgctx-true_zc-86fe67f9.html\" target=\"_blank\" rel=\"noopener\">\u201eMargot Honecker und die verbotene Liebe\u201c<\/a> (20.15 Uhr). \u2014 Um 21 Uhr folgt dazu passend der Beitrag <a href=\"http:\/\/www.mdr.de\/tv\/programm\/sendung749288_date-2017-08-06_ipgctx-true_zc-86fe67f9.html\" target=\"_blank\" rel=\"noopener\">\u201eLotte Ulbricht \u2013 Zwischen Parteidisziplin und Mutterrolle\u201c<\/a>.<\/li>\n<li>Aus der Reihe \u201eR\u00e4tselhafte Mumien\u201c stellt <a href=\"http:\/\/www.n-tv.de\/mediathek\/tvprogramm\/?date=2017-08-05\" target=\"_blank\" rel=\"noopener\"><strong>N-TV<\/strong><\/a> zwei F\u00e4lle vor. \u201eDer Revolverheld\u201c um 22.05 Uhr: <em>\u201eAus der legend\u00e4ren Zeit des Wilden Westens ist bis heute eine Mumie erhalten. Sie ist die Attraktion eines Kuriosit\u00e4tenladens in Seattle, doch der Legende nach war der Mann einst ein Bandit und Revolverheld. Mit aktuellsten wissenschaftlichen, forensischen und ballistischen Methoden stellt ein Expertenteam die Legende auf den Pr\u00fcfstand. Ist die Wahrheit vielleicht noch seltsamer als die bisherige m\u00fcndliche \u00dcberlieferung?\u201c<\/em> \u2014 \u201eDie mysteri\u00f6sen Moorleichen\u201c sind um 23.05 Uhr Thema. <em>\u201eForscher entdecken die \u00dcberreste zweier Moorleichen aus der irischen Eisenzeit. Welches Drama verbirgt sich hinter ihrem Tod? Experten aus Geschichte, Naturwissenschaft und Gerichtsmedizin entr\u00e4tseln eine schockierende Detektivgeschichte, die sich vor mehr als 2.000 Jahren ereignet hat.\u201c<\/em><\/li>\n<\/ul>\n<h2 style=\"text-align: center;\">Montag, 7. August<\/h2>\n<ul>\n<li>In der Reihe \u201eGeheimnisvolle Orte\u201c stellt <strong>Tagesschau 24<\/strong> um 22.45 Uhr <a href=\"http:\/\/programm.tagesschau24.de\/tv\/Geheimnisvolle-Orte\/2017-08-07\/eid_28721207325900\" target=\"_blank\" rel=\"noopener\">\u201eDas preu\u00dfische Gest\u00fct \u2013 Neustadt\/Dosse\u201c<\/a> vor. <em>\u201eNeustadt an der Dosse \u2013 das Sanssouci der Pferde. K\u00f6nig Friedrich Wilhelm II. von Preu\u00dfen lie\u00df das Gest\u00fct 1788 errichten. Zu DDR-Zeiten war es eine beliebte Adresse f\u00fcr Pferdeh\u00e4ndler aus Westeuropa, die hier billig Pferde erwerben konnten. Nach der Wende sorgte die \u201aWunderstute\u2018 Poetin f\u00fcr Schlagzeilen. Heute ist Neustadt an der Dosse ein Mekka f\u00fcr Pferdeliebhaber.\u201c<\/em><\/li>\n<\/ul>\n<h2 style=\"text-align: center;\">Dienstag, 8. August<\/h2>\n<ul>\n<li><em>\u201eDie Atombombe, die 1945 auf Hiroshima fiel, t\u00f6tete mehr als 100.000 Menschen und symbolisierte das Ende des Zweiten Weltkriegs, aber auch den Beginn des Atomzeitalters. Der Dokumentarfilm schildert die Ereignisse vor, w\u00e4hrend und nach der Detonation und erz\u00e4hlt anhand von Berichten der letzten \u00dcberlebenden die Geschichte dieses Wendepunktes mitten im 20. Jahrhundert.\u201c<\/em> <a href=\"http:\/\/www.arte.tv\/de\/videos\/054197-000-A\/count-down-in-ein-neues-zeitalter-hiroshima\" target=\"_blank\" rel=\"noopener\">\u201eCount-Down in ein neues Zeitalter: Hiroshima\u201c<\/a> (<strong>Arte<\/strong>, 20.15 Uhr). \u2014 Direkt im Anschluss (21.50 Uhr) <a href=\"http:\/\/www.arte.tv\/de\/videos\/053392-000-A\/death-by-hanging-der-kriegsverbrecherprozess-von-tokio\" target=\"_blank\" rel=\"noopener\">\u201eDeath by hanging! \u2013 Der Kriegsverbrecherprozess von Tokio\u201c<\/a>: <em>\u201eIm Jahr 1946 wurden 28 Personen der h\u00f6chsten japanischen F\u00fchrungsriege wegen Kriegsverbrechen angeklagt. Wie bei den N\u00fcrnberger Prozessen im Nachkriegsdeutschland sollte auch mit den Tokioter Prozessen ein Exempel statuiert werden. Die Geschichte eines vergessenen Prozesses.\u201c<\/em><\/li>\n<li>Nach der <a href=\"http:\/\/www.mdr.de\/tv\/programm\/sendung750496_date-2017-08-08_ipgctx-true_zc-b8cf3884.html\" target=\"_blank\" rel=\"noopener\"><strong>MDR<\/strong> Zeitreise\u201c<\/a> um 21.15 Uhr folgt um 22.05 Uhr die Doku <a href=\"http:\/\/www.mdr.de\/tv\/programm\/sendung746684_date-2017-08-08_ipgctx-true_zc-b8cf3884.html\" target=\"_blank\" rel=\"noopener\">\u201eWaldheim \u2013 Geschichte eines Gef\u00e4ngnisses\u201c<\/a>. <em>\u201eDas \u00e4lteste noch aktive Gef\u00e4ngnis Deutschlands liegt mitten im s\u00e4chsischen Waldheim. Sp\u00f6tter sagen: es ist der Ortskern. Die Anlage mit eigener Kirche war zun\u00e4chst Burg, dann Augustinerkloster, sp\u00e4ter Jagdschloss und wurde unter August dem Starken zum s\u00e4chsischen Zucht-, Armen- und Waisenhaus. Durch alle Zeiten hindurch war die Strafanstalt ein gef\u00fcrchteter Ort \u2013 hier wurden Verbrecher, aber gern auch den jeweils M\u00e4chtigen unliebsame Personen weggesperrt.\u201c<\/em><\/li>\n<\/ul>\n<h2 style=\"text-align: center;\">Mittwoch, 9. August<\/h2>\n<ul>\n<li>Geschichte gibt es heute \u201esatt\u201c auf <a href=\"http:\/\/www.n-tv.de\/mediathek\/tvprogramm\/?date=2017-08-05\" target=\"_blank\" rel=\"noopener\"><strong>N-TV<\/strong><\/a>. Um 20.15 Uhr l\u00e4uft ein Portr\u00e4t von \u201eHeinrich VIII. \u2013 Tyrann der Tudors\u201c. <em>\u201eEr lie\u00df zwei seiner sechs Ehefrauen hinrichten und gilt als eine der dunkelsten Figuren der Geschichte: Heinrich VIII. Welche Intrigen wurden an seinem Hof gesponnen? Und wie sahen seine prunkvollen Schl\u00f6sser aus?\u201c<\/em> \u2014 \u201ePompeji \u2013 Geheimnisse einer versunkenen Stadt\u201c sind Thema um 21.05 Uhr. \u2014 Der \u201eAufstand der Barbaren\u201c geht weiter. Der n\u00e4chste Teil der Reihe befasst sich um 22.10 Uhr mit dem Goten \u201eAlarich\u201c, sowie um 23.05 Uhr \u201eAttila und Geiserich\u201c. \u2014 Um 0.10 Uhr schlie\u00dflich lernen wir noch \u201eDas Handbuch der Hexenjagd\u201c kennen, den \u201eHexenhammer\u201c.<\/li>\n<\/ul>\n<h2 style=\"text-align: center;\">Donnerstag, 10. August<\/h2>\n<ul>\n<li>Die \u201eStil-Epochen\u201c auf <strong>ARD-alpha<\/strong> haben heute um 21.45 Uhr den <a href=\"http:\/\/www.br.de\/fernsehen\/ard-alpha\/programmkalender\/ausstrahlung-1124434.html\" target=\"_blank\" rel=\"noopener\">\u201eRealismus und Impressionismus (1850-1900)\u201c<\/a> zum Thema.<\/li>\n<li>Am sp\u00e4teren Abend stehen auf <strong>Phoenix<\/strong> die Wikinger im Blickpunkt. <a href=\"http:\/\/www.phoenix.de\/content\/phoenix\/die_sendungen\/zdf_history:_das_wikinger_raetsel\/717549?datum=2017-08-10\" target=\"_blank\" rel=\"noopener\">\u201eDas Wikinger-R\u00e4tsel\u201c<\/a> steht am Beginn des Themenabends um 22.15 Uhr. <em>\u201e\u201aNoch nie hat man M\u00e4nner von derartiger Gr\u00f6\u00dfe und St\u00e4rke auf einem Schlachtfeld liegen sehen.\u2018 So beschreibt ein Zeitgenosse jene Krieger, die vom 8. bis ins 11. Jahrhundert die Welt in Atem hielten: Auf der Suche nach Land, Sklaven, Gold und Silber fielen die Wikinger von Skandinavien aus \u00fcber ganz Europa her.\u201c<\/em> \u2014 Es folgt der Zweiteiler \u201eDie Frauen der Wikinger\u201c. Um 23 Uhr <a href=\"http:\/\/www.phoenix.de\/content\/phoenix\/die_sendungen\/die_frauen_der_wikinger_(1_2\" target=\"_blank\" rel=\"noopener\">\u201eSigruns Flucht nach Island\u201c<\/a>\/924081?datum=2017-08-10) und um 23.45 Uhr <a href=\"http:\/\/www.phoenix.de\/content\/phoenix\/die_sendungen\/die_frauen_der_wikinger_(2_2\" target=\"_blank\" rel=\"noopener\">\u201eJovas Erbe und der Untergang Haithabus\u201c<\/a>\/924091?datum=2017-08-10). \u2014 Um 0.30 Uhr endet die Themenreihe mit dem Beitrag <a href=\"http:\/\/www.phoenix.de\/content\/phoenix\/die_sendungen\/untergang_der_wikinger\/505005?datum=2017-08-11\" target=\"_blank\" rel=\"noopener\">\u201eUntergang der Wikinger \u2013 Die Missionierung des Nordens\u201c<\/a>.<\/li>\n<li><em>\u201eDie Sendereihe \u201aLebensl\u00e4ufe\u2018 portr\u00e4tierte 2012 aus Anlass der Feierlichkeiten zu 800 Jahre Anhalt Leopold III. Friedrich Franz, F\u00fcrst von Anhalt Dessau, den vorbildlichen Landesvater. [\u201e\u2026\u201c] Ausgiebige Recherchen in den Archiven sp\u00fcren den Lebensweg von F\u00fcrst Franz auf. Gedreht wird an Originalschaupl\u00e4tzen.\u201c<\/em> <strong>MDR<\/strong>, 23.05 Uhr: <a href=\"http:\/\/www.mdr.de\/tv\/programm\/sendung750692_date-2017-08-10_ipgctx-true_zc-a1c8c430.html\" target=\"_blank\" rel=\"noopener\">\u201eF\u00fcrst Franz \u2013 Ein vorbildlicher Landesvater\u201c<\/a>.<\/li>\n<\/ul>\n<h2 style=\"text-align: center;\">Freitag, 11. August<\/h2>\n<ul>\n<li>Japan bildet den Schwerpunkt des <strong>Phoenix<\/strong>-Abends. Um 20.15 Uhr erfahren wir \u201eDie Wahrheit \u00fcber die schwarz vermummten Killer\u201c: <a href=\"http:\/\/www.phoenix.de\/content\/phoenix\/die_sendungen\/ninja_japans_schattenkrieger\/831369?datum=2017-08-11\" target=\"_blank\" rel=\"noopener\">\u201eNinja \u2013 Japans Schattenkrieger\u201c<\/a>. <em>\u201eNinja waren gef\u00fcrchtete Krieger, Spione und Attent\u00e4ter im alten Japan. Ab dem 14. Jahrhundert lebten sie westlich von Kyoto und verteidigten ihre Unabh\u00e4ngigkeit gegen die Feudalherren der umgebenden Provinzen. Im 16. Jahrhundert verloren die Shogune immer mehr an Macht, w\u00e4hrend ihre Vasallen um die Vorherrschaft k\u00e4mpften. In diesen Kriegen boten die Ninja ihre Dienste jedem an, der sie bezahlen konnte und spielten die Kriegsf\u00fcrsten gegeneinander aus.\u201c<\/em> \u2014 Um 21 Uhr geht es weiter mit <a href=\"http:\/\/www.phoenix.de\/content\/phoenix\/die_sendungen\/imperium_das_schwert_der_shogune\/996113?datum=2017-08-11\" target=\"_blank\" rel=\"noopener\">\u201eImperium \u2013 Das Schwert der Shogune\u201c<\/a>. \u2014 <a href=\"http:\/\/www.phoenix.de\/content\/phoenix\/die_sendungen\/das_wahre_gesicht_der_samurai_\/2467191?datum=2017-08-11\" target=\"_blank\" rel=\"noopener\">\u201eDas wahre Gesicht der Samurai\u201c<\/a> wird schlie\u00dflich um 21.45 Uhr enth\u00fcllt.<\/li>\n<li><a href=\"http:\/\/programm.tagesschau24.de\/tv\/Die-Charit\u00e9---Geschichten-von-Leben-und-Tod\/2017-08-11\/eid_28721207322078\" target=\"_blank\" rel=\"noopener\">\u201eDie Charit\u00e9 \u2013 Geschichten von Leben und Tod\u201c<\/a> erz\u00e4hlt die Geschichte des ber\u00fchmten Berliner Krankenhauses. <em>\u201eEinst Weltzentrum der Medizin. Ein Ort der t\u00e4glichen Duelle um Leben und Tod, aber auch um Einfluss und Macht. Der Glanz der Spitzenleistungen der Mediziner spiegelt auf die jeweils Herrschenden zur\u00fcck. Im Gegenzug vergeben sie Privilegien und \u00c4mter. Der Mythos der \u201aHalbg\u00f6tter in Wei\u00df\u2018 ist untrennbar verbunden mit dem der Charit\u00e9.\u201c<\/em> (<strong>Tagesschau 24<\/strong>, 21.17 Uhr).<\/li>\n<\/ul>\n<p><span style=\"border-radius: 2px; text-indent: 20px; width: auto; padding: 0px 4px 0px 0px; text-align: center; font: bold 11px\/20px 'Helvetica Neue',Helvetica,sans-serif; color: #ffffff; background: #bd081c no-repeat scroll 3px 50% \/ 14px 14px; position: absolute; opacity: 1; z-index: 8675309; display: none; cursor: pointer;\">Merken<\/span><\/p>\n<p><span style=\"border-radius: 2px; text-indent: 20px; width: auto; padding: 0px 4px 0px 0px; text-align: center; font: bold 11px\/20px 'Helvetica Neue',Helvetica,sans-serif; color: #ffffff; background: #bd081c  no-repeat scroll 3px 50% \/ 14px 14px; position: absolute; opacity: 1; z-index: 8675309; display: none; cursor: pointer;\">Merken<\/span><\/p>\n","protected":false},"excerpt":{"rendered":"<p>Ausf\u00fchrliche Informationen \u00fcber den Beginn der Moderne in der Renaissance, japanische Geschichte (alte wie Zeitgeschichte) und ein Themenschwerpunkt \u00fcber die Wikinger sind einige Highlights des Geschichtsfernsehens der kommenden Woche. Viel Spa\u00df beim Aussuchen.<\/p>\n","protected":false},"author":10,"featured_media":0,"comment_status":"open","ping_status":"open","sticky":false,"template":"","format":"standard","meta":{"footnotes":""},"categories":[4,8],"tags":[],"class_list":["post-4126","post","type-post","status-publish","format-standard","hentry","category-geschichte-im-fernsehen","category-history-tv"],"aioseo_notices":[],"_links":{"self":[{"href":"http:\/\/historikerkraus.de\/blog\/wp-json\/wp\/v2\/posts\/4126","targetHints":{"allow":["GET"]}}],"collection":[{"href":"http:\/\/historikerkraus.de\/blog\/wp-json\/wp\/v2\/posts"}],"about":[{"href":"http:\/\/historikerkraus.de\/blog\/wp-json\/wp\/v2\/types\/post"}],"author":[{"embeddable":true,"href":"http:\/\/historikerkraus.de\/blog\/wp-json\/wp\/v2\/users\/10"}],"replies":[{"embeddable":true,"href":"http:\/\/historikerkraus.de\/blog\/wp-json\/wp\/v2\/comments?post=4126"}],"version-history":[{"count":3,"href":"http:\/\/historikerkraus.de\/blog\/wp-json\/wp\/v2\/posts\/4126\/revisions"}],"predecessor-version":[{"id":4130,"href":"http:\/\/historikerkraus.de\/blog\/wp-json\/wp\/v2\/posts\/4126\/revisions\/4130"}],"wp:attachment":[{"href":"http:\/\/historikerkraus.de\/blog\/wp-json\/wp\/v2\/media?parent=4126"}],"wp:term":[{"taxonomy":"category","embeddable":true,"href":"http:\/\/historikerkraus.de\/blog\/wp-json\/wp\/v2\/categories?post=4126"},{"taxonomy":"post_tag","embeddable":true,"href":"http:\/\/historikerkraus.de\/blog\/wp-json\/wp\/v2\/tags?post=4126"}],"curies":[{"name":"wp","href":"https:\/\/api.w.org\/{rel}","templated":true}]}}