{"id":4116,"date":"2017-07-21T11:44:36","date_gmt":"2017-07-21T09:44:36","guid":{"rendered":"http:\/\/historikerkraus.de\/blog\/?p=4116"},"modified":"2017-07-20T11:45:33","modified_gmt":"2017-07-20T09:45:33","slug":"tv-vorschau-22-28-juli-2017","status":"publish","type":"post","link":"http:\/\/historikerkraus.de\/blog\/2017\/07\/21\/tv-vorschau-22-28-juli-2017\/","title":{"rendered":"TV-Vorschau 22. \u2013 28. Juli 2017"},"content":{"rendered":"<p>Heute wieder die Vorschau auf die Geschichtssendungen der kommenden Woche. Darunter befinden Dokus zur mittelalterlichen Hanse, zur Pers\u00f6nlichkeit Heinrich Himmlers und zur Geschichte der CIA. Es gibt aber noch viel mehr und jeder Geschichtsinteressierte d\u00fcrfte etwas Sehenswertes finden. Viel Spa\u00df.<!--more--><\/p>\n<h2 style=\"text-align: center;\">Samstag, 22. Juli<\/h2>\n<ul>\n<li><em>\u201eAm 24. Juni 1948 senkten sich rund um die West-Sektoren Berlins die Schlagb\u00e4ume. Moskau verh\u00e4ngte eine totale Sperre f\u00fcr alle Schienen-, Stra\u00dfen-, und Wasserwege. Fast elf Monate sollte sie dauern, die Berlin-Blockade. Anlass war die Einf\u00fchrung der D-Mark im Westteil der Stadt. Vor allem aber wollte Stalin die Westm\u00e4chte herausfordern \u2013 er empfand ihren Br\u00fcckenkopf im eigenen Imperium wie einen Stachel im Fleisch.\u201c<\/em> Die Antwort der drei Westm\u00e4chte war <a href=\"http:\/\/www.phoenix.de\/content\/phoenix\/die_sendungen\/dokumentationen\/die_luftbruecke\/59514?datum=2017-07-22\" target=\"_blank\" rel=\"noopener\">\u201eDie Luftbr\u00fccke\u201c<\/a>, mit der West-Berlin fast ein Jahr ausschlie\u00dflich mit Lebensmitteln und G\u00fctern aller Art versorgt wurde. Die ausf\u00fchrliche Doku l\u00e4uft um 20.15 Uhr auf <strong>Phoenix<\/strong>. \u2014 Um 21.45 Uhr sind noch <a href=\"http:\/\/www.phoenix.de\/content\/phoenix\/die_sendungen\/zdf_history:_deutschlands_herrscher\/2462755?datum=2017-07-22\" target=\"_blank\" rel=\"noopener\">\u201eDeutschlands Herrscher \u2013 Die Sachsen\u201c<\/a> zu sehen.<\/li>\n<li><a href=\"http:\/\/www.br.de\/fernsehen\/ard-alpha\/programmkalender\/ausstrahlung-1109834.html\" target=\"_blank\" rel=\"noopener\">\u201eDAS BAYERISCHE JAHRTAUSEND\u201c<\/a> f\u00fchrt heute ins 13. Jahrhundert nach Regensburg (<strong>ARD-alpha<\/strong>, 20.15 Uhr). \u2014 Um 21 Uhr ist <a href=\"http:\/\/www.br.de\/fernsehen\/ard-alpha\/programmkalender\/ausstrahlung-1109836.html\" target=\"_blank\" rel=\"noopener\">\u201eDie Welt im Krieg Japan (1941 \u2013 1945 \/ \u201aJapan\u2018)\u201c<\/a>.<\/li>\n<li><a href=\"http:\/\/www.arte.tv\/de\/videos\/064440-000-A\/winnetou-und-der-prinz-aus-deutschland\" target=\"_blank\" rel=\"noopener\">\u201eWinnetou und der Prinz aus Deutschland \u2013 Auf den Spuren einer Legende\u201c<\/a> ist eine Doku \u00fcber eine Forschungs- und Entdeckungsreise nach Nordamerika, die u. a. zur Inspiration f\u00fcr Karl Mays Indianer-Romane werden sollte. <em>\u201ePrinz Maximilian zu Wied und Karl Bodmer reisten 1832 zu den Ureinwohnern Nordamerikas und dokumentierten deren Welt. Ihre Berichte und Bilder pr\u00e4gen bis heute unsere Vorstellung von den Indianern. Sie dienten auch als Vorlage f\u00fcr die Romanfigur Winnetou des Schriftstellers Karl May \u2013 er selbst war nie in Amerika. Der Film sp\u00fcrt der Welt dieses legend\u00e4ren Mythos nach&#8230;\u201c<\/em> (<strong>Arte<\/strong>, 20.15 Uhr).<\/li>\n<li>\u201eBefreiung \u2013 Ende einer Nazi-Herrschaft\u201c ist das Thema einer zweiteiligen Doku (22.05 Uhr und 23.05 Uhr) auf <a href=\"http:\/\/www.n-tv.de\/mediathek\/tvprogramm\/?date=2017-07-22\" target=\"_blank\" rel=\"noopener\"><strong>N-TV<\/strong><\/a> \u00fcber die Befreiung Frankreichs durch die Alliierten im Zweiten Weltkrieg. \u2014 Um 0.10 Uhr folgt \u201eDeutschland 1945 \u2013 Von Frieden keine Spur\u201c.<\/li>\n<\/ul>\n<h2 style=\"text-align: center;\">Sonntag, 23. Juli<\/h2>\n<ul>\n<li>Die Dokumentation <a href=\"http:\/\/www.phoenix.de\/content\/phoenix\/die_sendungen\/von_peter_bis_putin\/2461428?datum=2017-07-23\" target=\"_blank\" rel=\"noopener\">\u201eVon Peter bis Putin \u2013 Russlands starke M\u00e4nner und eine deutsche Frau\u201c<\/a> beschreibt um 20.15 Uhr auf <strong>Phoenix<\/strong> die Geschichte russischer Herrscher. \u2014 Im Anschluss folgt um 21 Uhr <a href=\"http:\/\/www.phoenix.de\/content\/phoenix\/die_sendungen\/der_untergang_der_sowjetunion\/1176788?datum=2017-07-23\" target=\"_blank\" rel=\"noopener\">\u201eDer Untergang der Sowjetunion \u2013 Von Gorbatschow bis Putin\u201c<\/a>.<\/li>\n<li>Der <strong>MDR<\/strong> dokumentiert die Pers\u00f6nlichkeit Heinrich Himmlers um 22.45 Uhr. <em>\u201eAm 6. Mai 1945 besetzen Soldaten der 88. US-Armeedivision das Haus der Familie Himmler in Gmund am Tegernsee. Sie finden Hunderte von privaten Briefen, Dokumenten, Tageb\u00fcchern und Fotos. Anhand dieses Materials und mit zahlreichen historischen Aufnahmen skizziert der Film das Denken, die Ideale, Pl\u00e4ne und Geheimnisse des SS-F\u00fchrers und Architekten der Endl\u00f6sung Heinrich Himmler. Wie konnte aus dem nationalistischen Kleinb\u00fcrgersohn jener enge Gefolgsmann Hitlers werden, der die Strategien zur Ermordung von Millionen Juden, Homosexuellen, Kommunisten, Sinti und Roma entwarf und durchf\u00fchrte? Woher kam seine Ideologie? Wie sah er sich selbst und wie wurde er von seinem privaten Umfeld wahrgenommen, der Frau Margarete, der Tochter Gudrun, der Geliebten Hedwig? Wie konnte der Mann, der sich in Briefen stets auf die \u201adeutschen Tugenden\u2018 Ordnung, Anstand, G\u00fcte berief, mitten im Grauen von Krieg und Holocaust nach Hause schreiben: \u201aTrotz der vielen Arbeit bin ich wohlauf und schlafe gut\u2018? Ein Film \u00fcber die Anma\u00dfungen eines Massenm\u00f6rders und die Verdr\u00e4ngung jeglicher Schuld.\u201c<\/em> <a href=\"http:\/\/www.mdr.de\/tv\/programm\/sendung747030_date-2017-07-23_ipgctx-true_zc-60f5b593.html\" target=\"_blank\" rel=\"noopener\">\u201eDer Anst\u00e4ndige\u201c<\/a>.<\/li>\n<li>Gerade l\u00e4uft die Fu\u00dfballeuropameisterschaft der Frauen. Der <strong>SWR<\/strong> pr\u00e4sentiert eine Doku \u00fcber Anf\u00e4nge des Frauenfu\u00dfballs und die Vorurteile die ihm damals entgegen schlugen: <a href=\"https:\/\/www.swrfernsehen.de\/oh-gott-frauenfussball\/-\/id=2798\/did=19698720\/nid=2798\/sdpgid=1432763\/1eldg1q\/index.html\" target=\"_blank\" rel=\"noopener\">\u201eOh Gott, Frauenfu\u00dfball \u2013 Eine Geschichte von Frauenschwei\u00df und M\u00e4nner\u00e4ngsten\u201c<\/a> (23 Uhr).<\/li>\n<\/ul>\n<h2 style=\"text-align: center;\">Montag, 24. Juli<\/h2>\n<ul>\n<li>\u201eDie Deutsche Hanse\u201c war \u201eEine heimliche Supermacht\u201c, wei\u00df die zweiteilige Doku auf <strong>Phoenix<\/strong> \u00fcber die mittelalterliche Handelsvereinigung zu berichten. <em>\u201eSie waren &#8222;Global Player&#8220; des Mittelalters: Deutsche Kaufleute und Abenteurer, die mit gro\u00dfem Gesch\u00e4ftssinn und Pioniergeist ein gigantisches Handelsnetzwerk gr\u00fcndeten, das von Island \u00fcber England und Flandern bis nach Russland reichte. Die zweiteilige [\u201e\u2026\u201c] Dokumentation erz\u00e4hlt vom Aufstieg eines weitgehend unbekannten und unter-sch\u00e4tzten Wirtschaftsimperiums, das Europa pr\u00e4gte und in der europ\u00e4ischen Geschichte einzigartig ist. Die Hanse \u2013 ein Bund ohne Regierung und ohne festes Territorium, aber dennoch ein Imperium.\u201c<\/em> <a href=\"http:\/\/www.phoenix.de\/content\/phoenix\/die_sendungen\/die_deutsche_hanse\/2462777?datum=2017-07-24\" target=\"_blank\" rel=\"noopener\">\u201eTeil 1\u201c<\/a> um 20.15 Uhr, <a href=\"http:\/\/www.phoenix.de\/content\/phoenix\/die_sendungen\/die_deutsche_hanse\/2462783?datum=2017-07-24\" target=\"_blank\" rel=\"noopener\">\u201eTeil 2\u201c<\/a> um 21 Uhr.<\/li>\n<li><a href=\"http:\/\/www.br.de\/fernsehen\/ard-alpha\/programmkalender\/ausstrahlung-1138962.html\" target=\"_blank\" rel=\"noopener\">\u201eDie Adria der Habsburger\u201c<\/a> <em>\u201ewar ein Sehnsuchtsort der Haute-Vol\u00e9e des 19. Jahrhunderts \u2013 die k.u.k.-Adria, die zum Sommerrefugium der Reichen und M\u00e4chtigen wurde. Mit der S\u00fcdbahn, mit der man schon damals ann\u00e4hernd so schnell reiste wie heute, fuhren die Erholungssuchenden in Orte, die damals noch kaum jemand kannte: Opatija, Lovran, Losinj, Rijeka, Portoroz und andere. Diese ORF-III-Produktion begibt sich auf die Suche nach dem k.u.k. Charme und dem Lifestyle der damaligen Zeit. Die Patina jener \u00c4ra, in der der fr\u00fche Sommertourismus erfunden wurde, liegt dort heute noch auf vielen historischen Hotels und Caf\u00e9s.\u201c<\/em> (<strong>ARD-alpha<\/strong>, 23 Uhr).<\/li>\n<\/ul>\n<h2 style=\"text-align: center;\">Dienstag, 25. Juli<\/h2>\n<ul>\n<li>Zuverl\u00e4ssig alle 14 Tage startet die <a href=\"http:\/\/www.mdr.de\/tv\/programm\/sendung747740_date-2017-07-25_ipgctx-true_zc-8f2f33a5.html\" target=\"_blank\" rel=\"noopener\"><strong>MDR<\/strong> Zeitreise\u201c<\/a> um 21.15 Uhr.<\/li>\n<li><strong>Phoenix<\/strong> begibt sich heute Abend auf die Spuren von \u201eMenschen, Mythen und Legenden\u201c. Um 22.15 Uhr geht es los mit den <a href=\"http:\/\/www.phoenix.de\/content\/phoenix\/die_sendungen\/menschen_mythen_und_legenden_(1_6\/1176035?datum=2017-07-25)\" target=\"_blank\" rel=\"noopener\">\u201ePyramiden von Bosnien\u201c<\/a>: <em>\u201eGab es in Bosnien vor Hunderten von Jahren tats\u00e4chlich Pyramiden, die gr\u00f6\u00dfer waren als die in \u00c4gypten?\u201c<\/em> \u2014 <a href=\"http:\/\/www.phoenix.de\/content\/phoenix\/die_sendungen\/menschen_mythen_und_legenden_(3_6\/1176042?datum=2017-07-25)\" target=\"_blank\" rel=\"noopener\">\u201eDie Mumien des Abendlandes\u201c<\/a> folgen um 23 Uhr. \u2014 Um 23.45 Uhr folgt ein Beitrag \u00fcber <a href=\"http:\/\/www.phoenix.de\/content\/phoenix\/die_sendungen\/menschen_mythen_und_legenden_(5_6\/1176050?datum=2017-07-25)\" target=\"_blank\" rel=\"noopener\">\u201eVersunkene Welten\u201c<\/a> im Salzkammergut. \u2014 Schlie\u00dflich werden um 0.30 Uhr die <a href=\"http:\/\/www.phoenix.de\/content\/phoenix\/die_sendungen\/menschen_mythen_und_legenden_(6_6\/1176053?datum=2017-07-26)\" target=\"_blank\" rel=\"noopener\">\u201eTore zur Unterwelt\u201c<\/a> ge\u00f6ffnet.<\/li>\n<\/ul>\n<h2 style=\"text-align: center;\">Mittwoch, 26. Juli<\/h2>\n<ul>\n<li>\u201eHitlers Rassenwahn\u201c um 20.15 Uhr und \u201eHitlers Killer-Bakterien\u201c um 21.05 Uhr er\u00f6ffnen die Geschichtsdokus des Abends auf <a href=\"http:\/\/www.n-tv.de\/mediathek\/tvprogramm\/?date=2017-07-26\" target=\"_blank\" rel=\"noopener\"><strong>N-TV<\/strong><\/a>. \u2014 Um 22.10 Uhr folgt aus der Reihe \u201eAufstand der Barbaren\u201c ein Beitrag \u00fcber \u201eSpartakus\u201c und um 23.05 Uhr einer \u00fcber \u201eArminius\u201c.<\/li>\n<li><strong><em><em>\u201e<\/em>Auf den Schienen des Doppeladlers<\/em><\/strong><em><em>\u201c<\/em>: \u201eMehr als 170 Jahre nach der Er\u00f6ffnung des ersten Streckenabschnitts auf \u00f6sterreichischem Boden hat die Eisenbahn nichts von ihrer Faszination verloren. Unvergleichlich gr\u00f6\u00dfer und fundamentaler muss dieses Erlebnis wohl f\u00fcr die Menschen im \u00d6sterreich der Donaumonarchie gewesen sein. Es waren die Eisenbahnen, die Menschen und Waren zirkulieren lie\u00dfen und die Eroberung von Landschaften erm\u00f6glichten. Mit dem Ersten Weltkrieg versank dieser einzigartige Staat f\u00fcr immer \u2013 Namen \u00e4nderten sich, und neue Grenzen wurden gezogen. Die Nachbarn und Mitb\u00fcrger von gestern wurden zu Fremden, zu Feinden und \u201aAusl\u00e4ndern\u2018. \u201aAuf den Schienen des Doppeladlers\u2018 zeigt, wie es zur Entstehung des gigantischen Bahnnetzes der Donaumonarchie gekommen ist, welche bautechnischen Meisterleistungen vollbracht wurden, um die Steppen Galiziens mit den K\u00fcsten der Adria zu verbinden.\u201c<\/em> (<a href=\"http:\/\/www.3sat.de\/programm\/?viewlong=viewlong&amp;d=20170726&amp;dayID=ClnDaN26&amp;cx=126#border1800\" target=\"_blank\" rel=\"noopener\">\u201e<strong>3sat<\/strong><\/a>, 21.40 Uhr).<\/li>\n<\/ul>\n<h2 style=\"text-align: center;\">Donnerstag, 27. Juli<\/h2>\n<ul>\n<li>Die \u201eStil-Epochen\u201c auf <strong>ARD-alpha<\/strong> betrachten heute um 21.45 Uhr <a href=\"http:\/\/www.br.de\/fernsehen\/ard-alpha\/programmkalender\/ausstrahlung-1110328.html\" target=\"_blank\" rel=\"noopener\">\u201eKlassizismus (1770-1830) und Romantik (1790-1830)\u201c<\/a>.<\/li>\n<li><strong>Phoenix<\/strong> pr\u00e4sentiert heute Abend den Vierteiler \u201eDas Jahrhundert der Kinder\u201c. <em>\u201eDas 20. Jahrhundert werde \u201aDas Jahrhundert des Kindes\u2018 postulierte die P\u00e4dagogin Ellen Key in ihrem 1902 erschienen Buch. Innerhalb dieser hundert Jahre ver\u00e4ndern sich die Lebenswelten der Kinder in der Tat entscheidend. Die Dokumentation zeigt, wie Kinder in den verschiedenen Jahrzehnten aufwuchsen, erzogen wurden und sich entfalten konnten.\u201c<\/em> Teil 1 <a href=\"http:\/\/www.phoenix.de\/content\/phoenix\/die_sendungen\/das_jahrhundert_der_kinder_(1_4\/725002?datum=2017-07-27)\" target=\"_blank\" rel=\"noopener\">\u201eKaiserreich und Weimarer Republik\u201c<\/a> um 22.15 Uhr, Teil 2 <a href=\"http:\/\/www.phoenix.de\/content\/phoenix\/die_sendungen\/das_jahrhundert_der_kinder_(2_4\/725010?datum=2017-07-27)\" target=\"_blank\" rel=\"noopener\">\u201eNationalsozialismus und der Zweite Weltkrieg\u201c<\/a> um 23 Uhr, Teil 3 <a href=\"http:\/\/www.phoenix.de\/content\/phoenix\/die_sendungen\/das_jahrhundert_der_kinder_(3_4\/725014?datum=2017-07-27)\" target=\"_blank\" rel=\"noopener\">\u201eNachkriegszeit und Wirtschaftswunder\u201c<\/a> um 23.45 Uhr und Teil 4 <a href=\"http:\/\/www.phoenix.de\/content\/phoenix\/die_sendungen\/das_jahrhundert_der_kinder_(4_4\/725019?datum=2017-07-28)\" target=\"_blank\" rel=\"noopener\">\u201eWohlstandsgesellschaft und Krisenjahre\u201c<\/a> beendet die Reihe um 0.30 Uhr.<\/li>\n<\/ul>\n<h2 style=\"text-align: center;\">Freitag, 28. Juli<\/h2>\n<ul>\n<li>Die Geschichte der CIA steht im Mittelpunkt einer dreiteiligen Doku auf <strong>Phoenix<\/strong>: \u201eDie CIA von innen\u201c. Teil 1 <a href=\"http:\/\/www.phoenix.de\/content\/phoenix\/die_sendungen\/die_cia_von_innen_(1_3\/1100811?datum=2017-07-28)\" target=\"_blank\" rel=\"noopener\">\u201eDie ersten Jahre: Geheimaktionen\u201c<\/a> behandelt um 20.15 Uhr die Anf\u00e4nge dieser Organisation, Teil 2 titelt <a href=\"http:\/\/www.phoenix.de\/content\/phoenix\/die_sendungen\/cia_von_innen_(2_3\/1100817?datum=2017-07-28)\" target=\"_blank\" rel=\"noopener\">\u201eKalter Krieg: Gescheiterte Mission\u201c<\/a> (21 Uhr) und Teil 3 <a href=\"http:\/\/www.phoenix.de\/content\/phoenix\/die_sendungen\/cia_von_innen_(3_3\/1100821?datum=2017-07-28)\" target=\"_blank\" rel=\"noopener\">\u201eTerror: Der neue Feind\u201c<\/a> befasst sich um 21.45 Uhr mit der gegenw\u00e4rtigen Situation des CIA.<\/li>\n<li><strong>ARD-alpha<\/strong> sendet zwei Dokus zum Warschauer Ghetto. Um 21 Uhr <a href=\"http:\/\/www.br.de\/fernsehen\/ard-alpha\/programmkalender\/ausstrahlung-1110448.html\" target=\"_blank\" rel=\"noopener\">\u201eGeheimsache Ghettofilm \u2013 Das Warschauer Ghetto und die Propaganda der Nazis\u201c<\/a>. <em>\u201eAusgangspunkt des au\u00dfergew\u00f6hnlichen Dokumentarfilms sind 62 Minuten Archivmaterial. Unbetitelt, unvertont, nur teilweise geschnitten \u2013 alles, was an Filmbildern aus dem Warschauer Ghetto \u00fcberliefert ist. Bei n\u00e4herem Betrachten verst\u00f6ren die Bilder: Zu sehen ist das nackte Elend verhungernder Bettler neben auffallend wohl gekleideten M\u00e4nnern und Frauen beim Tangotanzen. Unter welchen Umst\u00e4nden wurde dieses Material aus welchen Gr\u00fcnden gedreht? Jahrzehntelang wurden diese Ghettobilder von Dokumentaristen und Museen in der ganzen Welt als authentisches Archivmaterial verstanden und verwendet. Erstmals ist nun das Material im Ganzen zu betrachten. Und erstmals fahndet die israelische Regisseurin Yael Heronski auch nach den Auftraggebern dieser Filmaufnahmen und fragt nach, was diese Bilder wirklich zeigen \u2013 und was nicht. Es stellt sich heraus, dass deutsche Propagandafilmer nur wenige Wochen vor der gro\u00dfen Deportation im Fr\u00fchjahr 1942 gezielt ins Ghetto geschickt wurden, um Szene f\u00fcr Szene &#8222;j\u00fcdischen Lebens&#8220; f\u00fcr die Nachwelt zu inszenieren. Regieanweisungen f\u00fcr Todgeweihte.\u201c<\/em> \u2014 Um 22.25 Uhr folgt <a href=\"http:\/\/www.br.de\/fernsehen\/ard-alpha\/programmkalender\/ausstrahlung-1110450.html\" target=\"_blank\" rel=\"noopener\">\u201eWiderstand im Untergrund \u2013 Die Kanalisation von Warschau\u201c<\/a>. <em>\u201eDer Warschauer Aufstand der Polnischen Heimatarmee gegen die deutschen Truppen im besetzten Warschau ab 1. August 1944 stellte die gr\u00f6\u00dfte einzelne bewaffnete Erhebung im besetzten Europa w\u00e4hrend des Zweiten Weltkrieges dar. Die Widerst\u00e4ndler k\u00e4mpften 63 Tage gegen die deutschen Besatzungstruppen, bevor sie angesichts der aussichtslosen Situation kapitulierten. Die deutschen Truppen begingen Massenmorde unter der Zivilbev\u00f6lkerung, und die Stadt wurde nach dem Aufstand fast vollst\u00e4ndig zerst\u00f6rt.\u201c<\/em><\/li>\n<li><strong>Tagesschau 24<\/strong> stellt um 21.17 Uhr die Frage nach den <a href=\"http:\/\/programm.tagesschau24.de\/tv\/Nazi-Karrieren-in-der-DDR\/2017-07-28\/eid_28721177073834\" target=\"_blank\" rel=\"noopener\">\u201eNazi-Karrieren in der DDR?\u201c<\/a> \u2014 Mit der Geschichte italienischer Gastarbeiter im Saarland besch\u00e4ftigt sich um 23.15 Uhr die Doku <a href=\"http:\/\/programm.tagesschau24.de\/tv\/Italiener-im-Saarland\/2017-07-28\/eid_28721177074011\" target=\"_blank\" rel=\"noopener\">\u201eItaliener im Saarland \u2013 Vom Gastarbeiter zum Nachbarn\u201c<\/a>.<\/li>\n<\/ul>\n<p><span style=\"border-radius: 2px; text-indent: 20px; width: auto; padding: 0px 4px 0px 0px; text-align: center; font: bold 11px\/20px 'Helvetica Neue',Helvetica,sans-serif; color: #ffffff; background: #bd081c no-repeat scroll 3px 50% \/ 14px 14px; position: absolute; opacity: 1; z-index: 8675309; display: none; cursor: pointer;\">Merken<\/span><\/p>\n<p><span style=\"border-radius: 2px; text-indent: 20px; width: auto; padding: 0px 4px 0px 0px; text-align: center; font: bold 11px\/20px 'Helvetica Neue',Helvetica,sans-serif; color: #ffffff; background: #bd081c  no-repeat scroll 3px 50% \/ 14px 14px; position: absolute; opacity: 1; z-index: 8675309; display: none; cursor: pointer;\">Merken<\/span><\/p>\n","protected":false},"excerpt":{"rendered":"<p>Heute wieder die Vorschau auf die Geschichtssendungen der kommenden Woche. Darunter befinden Dokus zur mittelalterlichen Hanse, zur Pers\u00f6nlichkeit Heinrich Himmlers und zur Geschichte der CIA. Es gibt aber noch viel mehr und jeder Geschichtsinteressierte d\u00fcrfte etwas Sehenswertes finden. Viel Spa\u00df.<\/p>\n","protected":false},"author":10,"featured_media":0,"comment_status":"open","ping_status":"open","sticky":false,"template":"","format":"standard","meta":{"footnotes":""},"categories":[4,8],"tags":[],"class_list":["post-4116","post","type-post","status-publish","format-standard","hentry","category-geschichte-im-fernsehen","category-history-tv"],"aioseo_notices":[],"_links":{"self":[{"href":"http:\/\/historikerkraus.de\/blog\/wp-json\/wp\/v2\/posts\/4116","targetHints":{"allow":["GET"]}}],"collection":[{"href":"http:\/\/historikerkraus.de\/blog\/wp-json\/wp\/v2\/posts"}],"about":[{"href":"http:\/\/historikerkraus.de\/blog\/wp-json\/wp\/v2\/types\/post"}],"author":[{"embeddable":true,"href":"http:\/\/historikerkraus.de\/blog\/wp-json\/wp\/v2\/users\/10"}],"replies":[{"embeddable":true,"href":"http:\/\/historikerkraus.de\/blog\/wp-json\/wp\/v2\/comments?post=4116"}],"version-history":[{"count":3,"href":"http:\/\/historikerkraus.de\/blog\/wp-json\/wp\/v2\/posts\/4116\/revisions"}],"predecessor-version":[{"id":4120,"href":"http:\/\/historikerkraus.de\/blog\/wp-json\/wp\/v2\/posts\/4116\/revisions\/4120"}],"wp:attachment":[{"href":"http:\/\/historikerkraus.de\/blog\/wp-json\/wp\/v2\/media?parent=4116"}],"wp:term":[{"taxonomy":"category","embeddable":true,"href":"http:\/\/historikerkraus.de\/blog\/wp-json\/wp\/v2\/categories?post=4116"},{"taxonomy":"post_tag","embeddable":true,"href":"http:\/\/historikerkraus.de\/blog\/wp-json\/wp\/v2\/tags?post=4116"}],"curies":[{"name":"wp","href":"https:\/\/api.w.org\/{rel}","templated":true}]}}