{"id":3894,"date":"2016-10-24T11:10:51","date_gmt":"2016-10-24T10:10:51","guid":{"rendered":"http:\/\/historikerkraus.de\/blog\/?p=3894"},"modified":"2016-10-21T09:17:55","modified_gmt":"2016-10-21T08:17:55","slug":"marlene-dietrich-liederabend","status":"publish","type":"post","link":"http:\/\/historikerkraus.de\/blog\/2016\/10\/24\/marlene-dietrich-liederabend\/","title":{"rendered":"Marlene Dietrich-Liederabend"},"content":{"rendered":"<p>Das Begleitprogramm der Gedenkhalle zur Ausstellung \u201eMarlene Dietrich. Die Diva. Ihre Haltung. Und die Nazis.\u201c geht weiter. Nachdem am vergangenen Sonntag der Film \u201eBEATE UND MARLENE \u2013 Eine GESELLschaft braucht die Ausnahmen\u201c in Anwesenheit von Beate Klarsfeld in Oberhausen Premiere hatte (einen kurzen Zeitungsbericht findet sich <a href=\"http:\/\/www.derwesten.de\/nrz\/staedte\/oberhausen\/viel-beifall-fuer-beate-und-marlene-aimp-id12287850.html\" target=\"_blank\">hier<\/a>), und der Zuschauer einen Einblick in die Arbeit beider Frauen gegen den Nationalsozialismus in Vergangenheit und Gegenwart erhielt, veranstaltet das <strong>Theater Oberhausen am Donnerstag, dem 27. Oktober um 20 Uhr<\/strong> einen <strong>politischen Liederabend mit Karin Kettling und Holger Kirleis<\/strong> unter dem Motto <strong>\u201eMarlene Dietrich: Die Diva und das ewige Exil.\u201c<\/strong> Weitere Infos erh\u00e4lt man <a href=\"http:\/\/www.gedenkhalle-oberhausen.de\/node\/43\" target=\"_blank\">hier<\/a>.<\/p>\n<p><img loading=\"lazy\" decoding=\"async\" src=\"http:\/\/www.gedenkhalle-oberhausen.de\/sites\/default\/files\/MarleneHollaender.jpg\" alt=\"\" width=\"1063\" height=\"994\" \/><\/p>\n<p><a href=\"http:\/\/www.theater-oberhausen.de\/programm\/stuecke.php?SID=540\" target=\"_blank\">Das Theater Oberhausen schreibt dazu<\/a>:<\/p>\n<blockquote><p><em>Marlene Dietrich war vieles: Schauspielerin, S\u00e4ngerin, Weltstar und Diva, aber auch eine K\u00fcnstlerin, die sich stark politisch engagierte. Anl\u00e4sslich der Ausstellung, die die Gedenkhalle Schloss Oberhausen dieser facettenreichen Pers\u00f6nlichkeit widmet, pr\u00e4sentieren Karin Kettling (Gesang) und Holger Kirleis (Klavier) ihren politischen Liederabend. Es geht um die Haltung der Dietrich im Exil, als sie, von Heimweh geplagt, Eigenst\u00e4ndigkeit, Mut und Solidarit\u00e4t mit denen zeigte, die drohten unterzugehen.<\/em><\/p><\/blockquote>\n<p><span style=\"border-radius: 2px; text-indent: 20px; width: auto; padding: 0px 4px 0px 0px; text-align: center; font: bold 11px\/20px 'Helvetica Neue',Helvetica,sans-serif; color: #ffffff; background: #bd081c no-repeat scroll 3px 50% \/ 14px 14px; position: absolute; opacity: 1; z-index: 8675309; display: none; cursor: pointer;\">Merken<\/span><\/p>\n<p><span style=\"border-radius: 2px; text-indent: 20px; width: auto; padding: 0px 4px 0px 0px; text-align: center; font: bold 11px\/20px 'Helvetica Neue',Helvetica,sans-serif; color: #ffffff; background: #bd081c no-repeat scroll 3px 50% \/ 14px 14px; position: absolute; opacity: 1; z-index: 8675309; display: none; cursor: pointer;\">Merken<\/span><\/p>\n<p><span style=\"border-radius: 2px; text-indent: 20px; width: auto; padding: 0px 4px 0px 0px; text-align: center; font: bold 11px\/20px 'Helvetica Neue',Helvetica,sans-serif; color: #ffffff; background: #bd081c  no-repeat scroll 3px 50% \/ 14px 14px; position: absolute; opacity: 1; z-index: 8675309; display: none; cursor: pointer;\">Merken<\/span><\/p>\n","protected":false},"excerpt":{"rendered":"<p>Das Begleitprogramm der Gedenkhalle zur Ausstellung \u201eMarlene Dietrich. Die Diva. Ihre Haltung. Und die Nazis.\u201c geht weiter. Nachdem am vergangenen Sonntag der Film \u201eBEATE UND MARLENE \u2013 Eine GESELLschaft braucht die Ausnahmen\u201c in Anwesenheit von Beate Klarsfeld in Oberhausen Premiere hatte (einen kurzen Zeitungsbericht findet sich hier), und der Zuschauer &#8230;<\/p>\n","protected":false},"author":10,"featured_media":0,"comment_status":"open","ping_status":"open","sticky":false,"template":"","format":"standard","meta":{"footnotes":""},"categories":[11,7],"tags":[114,27,95,91,24,118,117],"class_list":["post-3894","post","type-post","status-publish","format-standard","hentry","category-ausstellung","category-veranstaltungen","tag-ausstellung","tag-gedenkhalle-oberhausen","tag-musik","tag-nationalsozialismus","tag-oberhausen","tag-theater","tag-theater-oberhausen"],"aioseo_notices":[],"_links":{"self":[{"href":"http:\/\/historikerkraus.de\/blog\/wp-json\/wp\/v2\/posts\/3894","targetHints":{"allow":["GET"]}}],"collection":[{"href":"http:\/\/historikerkraus.de\/blog\/wp-json\/wp\/v2\/posts"}],"about":[{"href":"http:\/\/historikerkraus.de\/blog\/wp-json\/wp\/v2\/types\/post"}],"author":[{"embeddable":true,"href":"http:\/\/historikerkraus.de\/blog\/wp-json\/wp\/v2\/users\/10"}],"replies":[{"embeddable":true,"href":"http:\/\/historikerkraus.de\/blog\/wp-json\/wp\/v2\/comments?post=3894"}],"version-history":[{"count":4,"href":"http:\/\/historikerkraus.de\/blog\/wp-json\/wp\/v2\/posts\/3894\/revisions"}],"predecessor-version":[{"id":3898,"href":"http:\/\/historikerkraus.de\/blog\/wp-json\/wp\/v2\/posts\/3894\/revisions\/3898"}],"wp:attachment":[{"href":"http:\/\/historikerkraus.de\/blog\/wp-json\/wp\/v2\/media?parent=3894"}],"wp:term":[{"taxonomy":"category","embeddable":true,"href":"http:\/\/historikerkraus.de\/blog\/wp-json\/wp\/v2\/categories?post=3894"},{"taxonomy":"post_tag","embeddable":true,"href":"http:\/\/historikerkraus.de\/blog\/wp-json\/wp\/v2\/tags?post=3894"}],"curies":[{"name":"wp","href":"https:\/\/api.w.org\/{rel}","templated":true}]}}