{"id":3530,"date":"2015-07-22T12:00:44","date_gmt":"2015-07-22T11:00:44","guid":{"rendered":"http:\/\/historikerkraus.de\/blog\/?p=3530"},"modified":"2015-07-18T23:47:37","modified_gmt":"2015-07-18T22:47:37","slug":"tv-vorschau-18-24-juli-2015-teil-2","status":"publish","type":"post","link":"http:\/\/historikerkraus.de\/blog\/2015\/07\/22\/tv-vorschau-18-24-juli-2015-teil-2\/","title":{"rendered":"TV-Vorschau 18. \u2013 24. Juli 2015 \u2013 Teil 2"},"content":{"rendered":"<p>Hier nun die Geschichtssendungen des Restes der Woche:<!--more--><\/p>\n<h2 style=\"text-align: center;\">Donnerstag, 23. Juli<\/h2>\n<ul>\n<li>Heute mal wieder eine Fehlanzeige.<\/li>\n<\/ul>\n<h2 style=\"text-align: center;\">Freitag, 24. Juli<\/h2>\n<ul>\n<li>Im <strong>WDR<\/strong> beginnt die f\u00fcnfteilige Dokumentation <a href=\"http:\/\/www1.wdr.de\/fernsehen\/dokumentation_reportage\/dokuamfreitag\/sendungen\/uebersichtwirvorhundertjahren100.html\" target=\"_blank\">\u201eWir vor 100 Jahren \u2013 Mit Volldampf in die Zukunft\u201d<\/a> \u2013 eine Zeitreise quer durch NRW in die Alltagswelt zu Beginn des vergangenen Jahrhunderts. <a href=\"http:\/\/www1.wdr.de\/fernsehen\/dokumentation_reportage\/dokuamfreitag\/sendungen\/wir-vor-hundert-jahren-mit-volldampf-in-die-zukunft100.html\" target=\"_blank\">Teil 1: \u201eMit Volldampf in die Zukunft\u201d<\/a> l\u00e4uft um 20.15 Uhr. Die n\u00e4chste Folge gibt es dann in einer Woche. <em>\u201eDie Eisenbahn war vor hundert Jahre der Motor des Fortschritts, eine der ersten und wichtigsten Strecken war die von Minden nach K\u00f6ln. Auf dieser Strecke startet Martin von Mauschwitz seine Zeitreise: durchs l\u00e4ndliche Westfalen ins Ruhrgebiet und dann weiter an den Rhein, nat\u00fcrlich stilecht unter Dampf.\u201d<\/em><\/li>\n<li>Queen Victoria ist eine geradezu legend\u00e4re Gestalt auf dem englischen K\u00f6nigsthron. Sie hat dem \u201eViktorianischen Zeitalter\u201d seinen Namen gegeben. <strong>Phoenix<\/strong> stellt diese Frau in der dreiteiligen Doku \u201eQueen Victoria \u2013 Eine k\u00f6nigliche Familiensaga\u201d vor. Um 20.15 Uhr geht es los mit dem ersten Teil: <a href=\"http:\/\/www.phoenix.de\/content\/phoenix\/die_sendungen\/dokumentationen\/queen_victoria_eine_koenigliche_familiensaga_%281_3%29\/978932?datum=2015-07-24\" target=\"_blank\">\u201eNachwuchs f\u00fcr die Monarchie\u201d<\/a>. <em>\u201eMehr als 63 Jahre im Amt, Herrscherin \u00fcber ein Drittel der Weltbev\u00f6lkerung, neun Kinder: K\u00f6nigin Victoria war in vielerlei Hinsicht eine Monarchin der Superlative. Unter ihrer Regentschaft erlebte Gro\u00dfbritannien seine wirtschaftliche Bl\u00fctezeit, ein ganzes Zeitalter tr\u00e4gt ihren Namen. Doch wie war die K\u00f6nigin privat? Wie war ihre Beziehung zu Prinz Albert von Sachsen-Coburg und Gotha und zu ihren Kindern?\u201d<\/em> \u2014 Um 21.15 Uhr geht es weiter mit <a href=\"http:\/\/www.phoenix.de\/content\/phoenix\/die_sendungen\/dokumentationen\/queen_victoria_eine_koenigliche_familiensaga_%282_3%29\/978943?datum=2015-07-24\" target=\"_blank\">\u201eDie eiserne Regentin\u201d<\/a>. \u2014 Und um 22.15 Uhr folgt der letzte Teil mit der \u00dcberschrift <a href=\"http:\/\/www.phoenix.de\/content\/phoenix\/die_sendungen\/dokumentationen\/queen_victoria_eine_koenigliche_familiensaga_%283_3%29\/978949?datum=2015-07-24\" target=\"_blank\">\u201eEin K\u00f6nigreich f\u00fcr einen Prinzen\u201d<\/a>. \u2014 Um 23.15 Uhr wirft die Doku <a href=\"http:\/\/www.phoenix.de\/content\/phoenix\/die_sendungen\/1913\/978844?datum=2015-07-24\" target=\"_blank\">\u201e1913 \u2013 Der letzte Tanz des Kaisers\u201d<\/a> noch einen Blick auf einen Verwandten des britischen K\u00f6ngishauses, auf Kaiser Wilhelm II. <em>\u201eBerlin im Mai 1913. Kaiser Wilhelm II. inszeniert eine beispiellose Jubelfeier: die Hochzeit seiner einzigen Tochter Prinzessin Viktoria Luise mit dem Welfenprinzen Ernst August von Hannover. Der Kaiser ruft und der europ\u00e4ische Hochadel kommt \u2013 sogar seine Cousins, K\u00f6nig George V. von England und der russische Zar Nikolai II. Die drei m\u00e4chtigsten Monarchen der Welt sind nach Kaiser Wilhelms \u00dcberzeugung Garanten f\u00fcr Sicherheit und Frieden in Europa. Das Berliner Stadtschloss wird zur B\u00fchne eines ebenso prunkvollen wie extravaganten Heiratsspektakels.\u201d<\/em> Nur ein gutes Jahr sp\u00e4ter ist es mit dem Frieden vorbei \u2026<\/li>\n<\/ul>\n","protected":false},"excerpt":{"rendered":"<p>Hier nun die Geschichtssendungen des Restes der Woche:<\/p>\n","protected":false},"author":10,"featured_media":0,"comment_status":"open","ping_status":"open","sticky":false,"template":"","format":"standard","meta":{"footnotes":""},"categories":[4,8],"tags":[],"class_list":["post-3530","post","type-post","status-publish","format-standard","hentry","category-geschichte-im-fernsehen","category-history-tv"],"aioseo_notices":[],"_links":{"self":[{"href":"http:\/\/historikerkraus.de\/blog\/wp-json\/wp\/v2\/posts\/3530","targetHints":{"allow":["GET"]}}],"collection":[{"href":"http:\/\/historikerkraus.de\/blog\/wp-json\/wp\/v2\/posts"}],"about":[{"href":"http:\/\/historikerkraus.de\/blog\/wp-json\/wp\/v2\/types\/post"}],"author":[{"embeddable":true,"href":"http:\/\/historikerkraus.de\/blog\/wp-json\/wp\/v2\/users\/10"}],"replies":[{"embeddable":true,"href":"http:\/\/historikerkraus.de\/blog\/wp-json\/wp\/v2\/comments?post=3530"}],"version-history":[{"count":2,"href":"http:\/\/historikerkraus.de\/blog\/wp-json\/wp\/v2\/posts\/3530\/revisions"}],"predecessor-version":[{"id":3533,"href":"http:\/\/historikerkraus.de\/blog\/wp-json\/wp\/v2\/posts\/3530\/revisions\/3533"}],"wp:attachment":[{"href":"http:\/\/historikerkraus.de\/blog\/wp-json\/wp\/v2\/media?parent=3530"}],"wp:term":[{"taxonomy":"category","embeddable":true,"href":"http:\/\/historikerkraus.de\/blog\/wp-json\/wp\/v2\/categories?post=3530"},{"taxonomy":"post_tag","embeddable":true,"href":"http:\/\/historikerkraus.de\/blog\/wp-json\/wp\/v2\/tags?post=3530"}],"curies":[{"name":"wp","href":"https:\/\/api.w.org\/{rel}","templated":true}]}}