{"id":3511,"date":"2015-06-27T11:06:41","date_gmt":"2015-06-27T10:06:41","guid":{"rendered":"http:\/\/historikerkraus.de\/blog\/?p=3511"},"modified":"2015-06-27T11:09:04","modified_gmt":"2015-06-27T10:09:04","slug":"tv-vorschau-27-juni-3-juli-2015","status":"publish","type":"post","link":"http:\/\/historikerkraus.de\/blog\/2015\/06\/27\/tv-vorschau-27-juni-3-juli-2015\/","title":{"rendered":"TV-Vorschau 27. Juni \u2013 3. Juli 2015"},"content":{"rendered":"<p>Der Juni geht zu Ende, der Juli beginnt. Neue (und alte) Geschichtssendungen im deutschen Fernsehen. Bedeutende K\u00f6niginnen aus Frankreich und Schweden werden vorgestellt, die Hanse wird erkl\u00e4rt und zur puren Unterhaltung gibt\u2019s \u201eDie Wanderhure\u201d. Viel Spa\u00df!<!--more--><\/p>\n<h2 style=\"text-align: center;\">Samstag, 27. Juni<\/h2>\n<ul>\n<li>\u201eHitlers Blitzkrieg\u201d ist der Titel der vierteiligen Doku auf <a href=\"http:\/\/www.n-tv.de\/mediathek\/tvprogramm\/?date=2015-06-27\" target=\"_blank\"><strong>N-TV<\/strong><\/a>. <em>\u201eDer Westfeldzug gilt als eines der wichtigsten Kapitel deutscher Kriegsgeschichte. Aufgrund sp\u00e4terer Katastrophen geriet Hitlers Feldzug aus dem Blickfeld \u2013 trotz seiner Relevanz im dramatischen Verlauf der Ereignisse des Zweiten Weltkrieges. n-tv wirft in der Spiegel TV-Dokumentation einen Blick auf den Blitzkrieg des Regimes Adolf Hitlers.\u201d<\/em> Die einzelnen Teile laufen um 20.15 Uhr, 21.05 Uhr, 22.05 Uhr und 23.05 Uhr.<\/li>\n<li>Die Geschichte der Befreier vom Nationalsozialismus steht im Mittelpunkt des Abends auf <strong>Phoenix<\/strong>. Um 20.15 Uhr geht es um die Zeit <a href=\"http:\/\/www.phoenix.de\/content\/phoenix\/die_sendungen\/als_die_russen_kamen_und_gingen\/971477?datum=2015-06-27\" target=\"_blank\">\u201eAls die Russen kamen &#8230; und gingen\u201d<\/a>. \u2014 Um 21 Uhr folgen <a href=\"http:\/\/www.phoenix.de\/content\/phoenix\/die_sendungen\/die_verbrechen_der_befreier\/971961?datum=2015-06-27\" target=\"_blank\">\u201eDie Verbrechen der Befreier \u2013 Amerikas dunkle Geheimnisse im Zweiten Weltkrieg<\/a>. <em>\u201eDer Vormarsch der Alliierten gegen Hitlers Tyrannei war nicht nur im Osten begleitet von Gr\u00e4ueltaten der Sieger. So mancher US-Soldat h\u00fctet neben gl\u00e4nzenden Orden auch ein finsteres Geheimnis. GIs erschossen deutsche Gefangene und vergewaltigten tausende Frauen. Sch\u00e4tzungen der deutschen Opferzahlen gehen weit auseinander und sorgen f\u00fcr Streit unter den Experten auch weil sie ein Tabubruch sind und in der Bundesrepublik jahrzehntelang als potenzielle Belastung f\u00fcr das Verh\u00e4ltnis zu den westlichen B\u00fcndnispartnern galten.\u201d<\/em> \u2014 Um 21.45 Uhr besch\u00e4ftigt sich ZDF-History mit dem <a href=\"http:\/\/www.phoenix.de\/content\/phoenix\/die_sendungen\/zdf_history:_caesarenwahn\/719957?datum=2015-06-27\" target=\"_blank\">\u201eC\u00e4sarenwahn\u201d<\/a>, der Droge der Macht. <em>\u201eDer Friedensnobelpreistr\u00e4ger Ludwig Quidde hat das Ph\u00e4nomen 1894 erstmals am Beispiel des r\u00f6mischen Kaisers Caligula beschrieben, der sich \u00fcber Recht und Gesetz selbstherrlich hinwegsetzte und immer mehr in seiner Scheinwelt lebte.\u201d<\/em><\/li>\n<li>Die vierte Folge der Reihe \u201eDu bist der Fels \u2013 Die Geschichte der P\u00e4pste\u201d titelt: <a href=\"http:\/\/www.br.de\/fernsehen\/ard-alpha\/programmkalender\/ausstrahlung-364714.html\" target=\"_blank\">\u201eNeue Welt und neuer Glaube<\/a> und nimmt die Reformation in den Blick (20.15 Uhr, <strong>ARD-alpha<\/strong>). \u2014 Es folgen wieder zwei Beitr\u00e4ge der Reihe \u201eDie gro\u00dfen Geheimnisse der Geschichte\u201d. Um 21.05 Uhr <a href=\"http:\/\/www.br.de\/fernsehen\/ard-alpha\/programmkalender\/ausstrahlung-364716.html\" target=\"_blank\">\u201eZorro\u201d<\/a> und um 21.30 Uhr <a href=\"http:\/\/www.br.de\/fernsehen\/ard-alpha\/programmkalender\/ausstrahlung-364718.html\" target=\"_blank\">\u201eJack the Ripper\u201d<\/a>.<\/li>\n<li><strong>Arte<\/strong> pr\u00e4sentiert <a href=\"http:\/\/www.arte.tv\/guide\/de\/045353-000\/christina-wasa-die-wilde-koenigin\" target=\"_blank\">\u201eChristina Wasa \u2013 Die wilde K\u00f6nigin\u201d<\/a>. <em>\u201eNach dem Tod ihres Vaters wird Christina Wasa bereits im Kindesalter schwedische K\u00f6nigin. Als junge Frau jedoch verl\u00e4sst sie den Thron, wechselt zum katholischen Glauben und fl\u00fcchtet nach Rom. Das Leben K\u00f6nigin Christinas von Schweden (1626-1689) faszinieren die Welt bis heute. Auf den Spuren der unangepassten K\u00f6nigin, die f\u00fcr viele Feministinnen noch immer ein Vorbild ist.\u201d<\/em><\/li>\n<\/ul>\n<h2 style=\"text-align: center;\">Sonntag, 28. Juni<\/h2>\n<ul>\n<li>Sie war wohl die ber\u00fchmteste Tochter der \u00f6sterreichischen Kaiserin Maria Theresia: Marie Antoinette. Teil 1 <a href=\"http:\/\/www.phoenix.de\/content\/phoenix\/die_sendungen\/marie_antoinette_%281_2%29\/836152?datum=2015-06-28\" target=\"_blank\">\u201eSchicksalsjahre einer Prinzessin\u201d<\/a> l\u00e4uft um 20.15 Uhr, Teil 2 <a href=\"http:\/\/www.phoenix.de\/content\/phoenix\/die_sendungen\/marie_antoinette_%282_2%29\/836159?datum=2015-06-28\" target=\"_blank\">\u201eNiedergang einer K\u00f6nigin\u201d<\/a> um 21 Uhr, alles auf <strong>Phoenix<\/strong>.<\/li>\n<li><strong>tagesschau 24<\/strong> bringt seinen Zuschauern um 21.02 Uhr die <a href=\"http:\/\/programm.tagesschau24.de\/tv\/Die-Geschichte-der-Zeppeline\/2015-06-28\/eid_2872114856860968\" target=\"_blank\">\u201eDie Geschichte der Zeppeline\u201d<\/a> nahe.<\/li>\n<\/ul>\n<h2 style=\"text-align: center;\">Montag, 29. Juni<\/h2>\n<ul>\n<li><em>\u201eSie waren \u201aGlobal Player\u2019 des Mittelalters: Deutsche Kaufleute und Abenteurer, die mit gro\u00dfem Gesch\u00e4ftssinn und Pioniergeist ein gigantisches Handelsnetzwerk gr\u00fcndeten, das von Island \u00fcber England und Flandern bis nach Russland reichte. Die zweiteilige \u201aTerra X\u2019-Dokumentation erz\u00e4hlt vom Aufstieg eines weitgehend unbekannten Wirtschaftsimperiums, das Europa pr\u00e4gte und in der europ\u00e4ischen Geschichte einzigartig ist. Die Hanse \u2013 ein Bund ohne Regierung und festes Territorium, aber dennoch ein Imperium.\u201d<\/em> <a href=\"http:\/\/www.phoenix.de\/content\/phoenix\/die_sendungen\/eine_heimliche_supermacht_%281_2%29\/832880?datum=2015-06-29\" target=\"_blank\">\u201eEine heimliche Supermacht \u2013 Teil 1\u201d<\/a> um 20.15 Uhr auf <strong>Phoenix<\/strong>, <a href=\"http:\/\/www.phoenix.de\/content\/phoenix\/die_sendungen\/eine_heimliche_supermacht_%282_2%29\/832885?datum=2015-06-29\" target=\"_blank\">\u201eEine heimliche Supermacht \u2013 Teil 2\u201d<\/a> um 21 Uhr.<\/li>\n<\/ul>\n<h2 style=\"text-align: center;\">Dienstag, 30. Juni<\/h2>\n<ul>\n<li>Naja, es hat mit Geschichte nicht wirklich viel zu tun, aber es spielt nunmal im Mittelalter und war ein gro\u00dfer Buch- und Filmerfolg: <a href=\"http:\/\/www.sat1.de\/film\/der-sat-1-filmfilm\/die-wanderhure\" target=\"_blank\">\u201eDie Wanderhure\u201d<\/a> (BRD 2010, Regie: Hansj\u00f6rg Thurn). Ich zitiere mal <a href=\"http:\/\/my.tvspielfilm.de\/tv-programm\/sendung\/die-wanderhure,107074950206.html\" target=\"_blank\">TV-Spielfilm<\/a> mit dem pr\u00e4gnanten Kommentar: <em>\u201eEs war einmal ein Bestseller \u00fcber das harte Los einer tapferen Dirne in finsteren Zeiten, der schrie geradezu nach einer Verfilmung. Sat.1 h\u00f6rte den Ruf, steckte sein Zugpferd Alexandra Neldel in die Leidenskutte und landete damit einen pomp\u00f6sen Fernsehhit. Der lie\u00df Historiker gruseln, aber Trashfans jubeln.\u201d<\/em> Wer m\u00f6chte, kann sich um 20.15 Uhr auf <strong>Sat 1<\/strong> selbst ein Bild davon machen. Zum Inhalt: <em>\u201eDie sch\u00f6ne junge Marie soll gegen ihren Willen Ruppertus, den unehelichen Sohn des Grafen von Keilburg heiraten. Als Ruppertus ihre Abneigung sp\u00fcrt, plant er eine furchtbare Intrige: Er l\u00e4sst Marie brutal vergewaltigen, der Hurerei beschuldigen und in den Kerker werfen. Marie wird schuldig gesprochen, gefoltert und halb tot in den Fluss geworfen. Sie wird von der Wanderhure Hiltrud und ihren Gef\u00e4hrtinnen schwerverletzt gefunden. Nur der Gedanke an Rache l\u00e4sst sie \u00fcberleben \u2026\u201d<\/em> Die Romanvorlage stammt \u00fcbrigens von Iny Lorentz.<\/li>\n<li>Auf <a href=\"http:\/\/www.n-tv.de\/mediathek\/tvprogramm\/?date=2015-06-30\" target=\"_blank\"><strong>N-TV<\/strong><\/a> beleuchtet die zweiteilige Doku \u201eWir Deutschen \u2013 Vom Reich zur Republik 1933-1945\u201d die Geschichte des \u201eDritten Reiches\u201d (20.15 Uhr, 21.05 Uhr). \u2014 Es folgt der Dreiteiler \u201eTageb\u00fccher des 2. Weltkriegs\u201d (22.15 Uhr, 23.05 Uhr, 0.05 Uhr).<\/li>\n<li><a href=\"http:\/\/www.rbb-online.de\/fernsehen\/programm\/30_06_2015\/14359452456.html\" target=\"_blank\">\u201eTr\u00fcmmerkinder\u201d<\/a> und die Nachkriegsjahre in Berlin stehen im Mittelpunkt der Doku im <strong>RBB<\/strong> um 20.15 Uhr. <a href=\"http:\/\/www.rbb-online.de\/fernsehen\/programm\/30_06_2015\/14359452475.html\" target=\"_blank\">\u201eVerr\u00e4terkinder \u2013 Die T\u00f6chter und S\u00f6hne des Widerstands\u201d<\/a> folgen um 21 Uhr.<\/li>\n<li>Gerade hat sie zum f\u00fcnften Mal Deutschland besucht: Die Queen. Das <strong>ZDF<\/strong> stellt um 20.15 Uhr die Frage <a href=\"http:\/\/www.zdf.de\/ZDF\/zdfportal\/programdata\/554e767c-004d-36a6-9be7-ceec661f1b5a\/20455696?doDispatch=1\" target=\"_blank\">\u201eWie deutsch ist die Queen? Die Wurzeln des Hauses Windsor\u201d<\/a>. <em>\u201eQueen Elizabeth ist bei den Deutschen sehr beliebt, verk\u00f6rpert sie doch typisch deutsche Tugenden. Auch die in England gern verschwiegenen Wurzeln ihrer Dynastie liegen in Deutschland.Zum ersten Mal berichten in der Dokumentation \u201aWie deutsch ist die Queen?\u2019 Vertreter deutscher Adelsh\u00e4user \u00fcber ihre Verbindung zum britischen K\u00f6nigshaus und zur historischen Verantwortung ihrer Familien \u2013 auch in der Zeit des Nationalsozialismus.\u201d<\/em><\/li>\n<li>Propaganda geh\u00f6rte zum Kalten Krieg. Eine wichtige Waffe auf Seiten der USA war \u201eRadio Freies Europa\u201d, das weit \u00fcber die Blockgrenzen nach Osten ausgestrahlt wurde. Die Doku <a href=\"http:\/\/www.br.de\/fernsehen\/bayerisches-fernsehen\/programmkalender\/ausstrahlung-364398.html\" target=\"_blank\">\u201eLiebesgr\u00fc\u00dfe nach Moskau \u2013 Der gro\u00dfe Radiokrieg\u201d<\/a> erz\u00e4hlt diese Geschichte im <strong>BR<\/strong> um 22.45 Uhr. \u2013 Am sp\u00e4ten Abend folgt die dreiteilige Doku \u201e1990 \u2013 Aufbruch zur Einheit\u201d. Um 23.15 Uhr geht es um den <a href=\"http:\/\/www.rbb-online.de\/fernsehen\/programm\/30_06_2015\/14860036036.html\" target=\"_blank\">\u201eFr\u00fchling\u201d<\/a>, um Mitternacht folgt der <a href=\"http:\/\/www.rbb-online.de\/fernsehen\/programm\/01_07_2015\/14867121897.html\" target=\"_blank\">\u201eSommer\u201d<\/a> und um schlie\u00dflich der <a href=\"http:\/\/www.rbb-online.de\/fernsehen\/programm\/01_07_2015\/14867121999.html\" target=\"_blank\">\u201eHerbst\u201d<\/a> mit dem H\u00f6hepunkt des 3. Oktobers, des Tages der Vereinigung beider deutscher Staaten.<\/li>\n<\/ul>\n<h2 style=\"text-align: center;\">Mittwoch, 1. Juli<\/h2>\n<ul>\n<li><em>\u201eJugendkultur, Fitness, Burnout, Globalisierung der Nahrungsstr\u00f6me, Medien, die Politiker ins Straucheln bringen vieles von dem, was man als typische Kennzeichen der Gegenwart h\u00e4lt, hat schon vor \u00fcber 100 Jahren begonnen, vor 1914, vor dem Ersten Weltkrieg. Es war eine Zeit des Aufbruchs, sagt der Historiker Philipp Blom in seinem Buch \u201aThe Vertigo Years\u2019, das unter dem Titel \u201aDer taumelnde Kontinent\u2019 auf Deutsch erschienen ist. Die dreiteilige Reihe \u201aDer taumelnde Kontinent\u2019 blickt deshalb bewusst nicht nur auf das pr\u00e4gende Ereignis des Ersten Weltkriegs, dessen Beginn sich 2014 zum 100. Mal j\u00e4hrt, sondern stellt die Zeit von 1900 bis 1914 in den Fokus der Betrachtung.\u201d<\/em> Teil 1 <a href=\"http:\/\/www.zdf.de\/ZDF\/zdfportal\/programdata\/cd946bca-3138-33a7-9ff7-c183e90cd233\/20452890?doDispatch=1\" target=\"_blank\">\u201eHinter den Fassaden\u201d<\/a> l\u00e4uft um 20.15 Uhr, Teil 2 <a href=\"http:\/\/www.zdf.de\/ZDF\/zdfportal\/programdata\/cd946bca-3138-33a7-9ff7-c183e90cd233\/20452891?doDispatch=1\" target=\"_blank\">\u201eRasende Ver\u00e4nderung\u201d<\/a> um 21 Uhr und Teil 3 <a href=\"http:\/\/www.zdf.de\/ZDF\/zdfportal\/programdata\/cd946bca-3138-33a7-9ff7-c183e90cd233\/20452892?doDispatch=1\" target=\"_blank\">\u201eDie neuen Massen\u201d<\/a> um 21.45 Uhr, alle auf <strong>ZDF_kultur<\/strong>. \u2014 Es schlie\u00dft sich um 22.30 Uhr eine Doku \u00fcber <a href=\"http:\/\/www.zdf.de\/ZDF\/zdfportal\/programdata\/cd946bca-3138-33a7-9ff7-c183e90cd233\/20452893?doDispatch=1\" target=\"_blank\">\u201eFranz Marc\u201d<\/a> an, den Maler, dessen Bilder <em>\u201eals Postkarten und Poster l\u00e4ngst Allgemeingut\u201d<\/em> sind.<\/li>\n<li>In zwei Jahren steht das Reformationsjubil\u00e4um an. Sogenannte Vorl\u00e4ufer der Reformation gab es schon viel fr\u00fcher, einer der bekanntesten ist \u201eJan Hus\u201d, dessen Leben und Wirken mehr als 100 Jahre vor Luther <strong>Arte<\/strong> in einem zweiteilgen Doku-Spielfilm darstellt. <a href=\"http:\/\/www.arte.tv\/guide\/de\/053433-001\/jan-hus-1-2\" target=\"_blank\">Teil 1<\/a> um 20.15 Uhr und <a href=\"http:\/\/www.arte.tv\/guide\/de\/053433-002\/jan-hus-2-2\" target=\"_blank\">Teil 2<\/a> um 22.15 Uhr.<\/li>\n<\/ul>\n<h2 style=\"text-align: center;\">Donnerstag, 2. Juli<\/h2>\n<ul>\n<li><strong>ARD-alpha<\/strong> stellt in 15min\u00fctigen Kurzbeitr\u00e4gen immer donnerstags ber\u00fchmte Forscher und ihre Leistungen vor. Wissenschaftler-Biografien in Kurzform. Den Anfang macht um 21.45 Uhr <a href=\"http:\/\/www.br.de\/fernsehen\/ard-alpha\/programmkalender\/ausstrahlung-365178.html\" target=\"_blank\">\u201eJohannes Kepler\u201d<\/a>.<\/li>\n<li>Eine filmische Biografie von <a href=\"http:\/\/www.mdr.de\/tv\/programm\/sendung548068.html\" target=\"_blank\">\u201eChristian F\u00fcrchtegott Gellert \u2013 Bestsellerautor der Aufkl\u00e4rung\u201d<\/a> liefert der <strong>MDR<\/strong> um 23.05 Uhr. <em>\u201eChristian F\u00fcrchtegott Gellert (1715-1769) geh\u00f6rte zu den meist gelesenen Autoren seiner Zeit. [\u2026] Kein Geringerer als Lessing sch\u00e4tzte seine Bestsellerqualit\u00e4ten sehr. Leopold Mozart stand mit ihm in engem Briefwechsel. Goethe besuchte seine Vorlesungen und staunte \u00fcber seine Beliebtheit, besonders bei den jungen Leuten.\u201d<\/em><\/li>\n<\/ul>\n<h2 style=\"text-align: center;\">Freitag, 3. Juli<\/h2>\n<ul>\n<li>Im <a href=\"http:\/\/www.wdr.de\/programmvorschau\/suche.html?medium=F&amp;sender=10&amp;datum=2015-07-03&amp;zeit=1900-2400\" target=\"_blank\"><strong>WDR<\/strong><\/a> erf\u00e4hrt man alles \u00fcber das \u201eTraumschiff f\u00fcr alle \u2013 die gro\u00dfe Geschichte der Rhein-Flotte\u201d (20.15 Uhr). <em>\u201eDie Begeisterung f\u00fcr den Rhein beginnt schon im fr\u00fchen 19. Jahrhundert: Ausgel\u00f6st durch die Bilder der Rheinromantik kommen die Menschen, um die realen Orte zu bestaunen, die sie aus Sagen und M\u00e4rchen kennen. Und dabei hilft die Dampfschifffahrt. Zun\u00e4chst sind es reiche Touristen, f\u00fcr die die Schiffe luxuri\u00f6s eingerichtet werden: \u201aMan hatte feine Kabinen, der Speisesaal war mit Mahagoni get\u00e4felt und mit goldenen Spiegeln ausgestattet, damit sie beim Speisen auch auf die andere Rheinseite schauen konnten\u2019, erz\u00e4hlt Historikerin Annette Fimpeler. In nur wenigen Jahrzehnten aber wird der Rhein zu einem Ziel f\u00fcr den fr\u00fchen \u201aMassentourismus\u2019 In dieser Zeit beginnt auch die Geschichte der \u201aK\u00f6ln-D\u00fcsseldorfer\u2019 \u2013 kurz KD: Bis 1853 liefern sich die K\u00f6lner und die D\u00fcsseldorfer Dampfschifffahrt-Gesellschaft einen erbitterten Konkurrenzkampf \u00fcber die Vorherrschaft auf dem Rhein. Dann schlie\u00dfen sie sich zusammen und einigen sich auf einen gemeinsamen Fahrplan. Die Dokumentation erz\u00e4hlt, wie aus der Konkurrenz zweier Rheinst\u00e4dte ein \u00fcber 160 Jahre florierendes Unternehmen werden konnte \u2013 mit der gr\u00f6\u00dften Schiffsflotte Europas.\u201d<\/em><\/li>\n<\/ul>\n","protected":false},"excerpt":{"rendered":"<p>Der Juni geht zu Ende, der Juli beginnt. Neue (und alte) Geschichtssendungen im deutschen Fernsehen. Bedeutende K\u00f6niginnen aus Frankreich und Schweden werden vorgestellt, die Hanse wird erkl\u00e4rt und zur puren Unterhaltung gibt\u2019s \u201eDie Wanderhure\u201d. Viel Spa\u00df!<\/p>\n","protected":false},"author":10,"featured_media":0,"comment_status":"open","ping_status":"open","sticky":false,"template":"","format":"standard","meta":{"footnotes":""},"categories":[4,8],"tags":[],"class_list":["post-3511","post","type-post","status-publish","format-standard","hentry","category-geschichte-im-fernsehen","category-history-tv"],"aioseo_notices":[],"_links":{"self":[{"href":"http:\/\/historikerkraus.de\/blog\/wp-json\/wp\/v2\/posts\/3511","targetHints":{"allow":["GET"]}}],"collection":[{"href":"http:\/\/historikerkraus.de\/blog\/wp-json\/wp\/v2\/posts"}],"about":[{"href":"http:\/\/historikerkraus.de\/blog\/wp-json\/wp\/v2\/types\/post"}],"author":[{"embeddable":true,"href":"http:\/\/historikerkraus.de\/blog\/wp-json\/wp\/v2\/users\/10"}],"replies":[{"embeddable":true,"href":"http:\/\/historikerkraus.de\/blog\/wp-json\/wp\/v2\/comments?post=3511"}],"version-history":[{"count":2,"href":"http:\/\/historikerkraus.de\/blog\/wp-json\/wp\/v2\/posts\/3511\/revisions"}],"predecessor-version":[{"id":3514,"href":"http:\/\/historikerkraus.de\/blog\/wp-json\/wp\/v2\/posts\/3511\/revisions\/3514"}],"wp:attachment":[{"href":"http:\/\/historikerkraus.de\/blog\/wp-json\/wp\/v2\/media?parent=3511"}],"wp:term":[{"taxonomy":"category","embeddable":true,"href":"http:\/\/historikerkraus.de\/blog\/wp-json\/wp\/v2\/categories?post=3511"},{"taxonomy":"post_tag","embeddable":true,"href":"http:\/\/historikerkraus.de\/blog\/wp-json\/wp\/v2\/tags?post=3511"}],"curies":[{"name":"wp","href":"https:\/\/api.w.org\/{rel}","templated":true}]}}