{"id":3165,"date":"2014-05-23T16:17:17","date_gmt":"2014-05-23T14:17:17","guid":{"rendered":"http:\/\/historikerkraus.de\/blog\/?p=3165"},"modified":"2014-05-23T16:19:51","modified_gmt":"2014-05-23T14:19:51","slug":"tv-vorschau-24-30-mai-2014","status":"publish","type":"post","link":"http:\/\/historikerkraus.de\/blog\/2014\/05\/23\/tv-vorschau-24-30-mai-2014\/","title":{"rendered":"TV-Vorschau 24. \u2013 30. Mai 2014"},"content":{"rendered":"<p>Die letzte Mai-Woche bringt u. a. Geschichtsdokus zum Vietnamkrieg, das Leben w\u00e4hrend des Ersten Weltkriegs in Berlin und den antiken olympischen Spielen.<!--more--><\/p>\n<h2 style=\"text-align: center;\">Samstag, 24. Mai<\/h2>\n<ul>\n<li><a href=\"http:\/\/www.n-tv.de\/mediathek\/tvprogramm\/?date=2014-05-24\" target=\"_blank\"><strong>N-TV<\/strong><\/a> wendet sich mal wieder der Antike zu. Um 20.05 Uhr geht es um \u201eRettung f\u00fcr die \u00e4lteste Pyramide der Welt\u201d. <em>\u201eS\u00fcdlich von Kairo, mitten in der W\u00fcste, liegt die \u00e4lteste Pyramide \u00c4gyptens \u2013 die Stufenpyramide von Sakkara. Erbaut wurde sie um 2650 vor Christus von Pharao Djoser und gilt bis heute als Meilenstein in der alt\u00e4gyptischen Architektur. Doch der Zahn der Zeit nagt an dem 62 Meter hohen Bauwerk. Pl\u00fcnderer, Erdbeben und Erosion setzen der neunth\u00f6chsten der \u00e4gyptischen Pyramiden zu. F\u00fcnf Jahre lang hat ein Team britischer und \u00e4gyptischer Experten das alte Bauwerk restauriert und stabilisiert. Doch die Arbeit in dem alten Gem\u00e4uer ist gef\u00e4hrlich, denn das Innere ist stark einsturzgef\u00e4hrdet.\u201d<\/em> \u2014 Anschlie\u00dfend geht es wieder um antike R\u00fcstungstechnik. Um 21.05 Uhr um \u201eWaffen im alten \u00c4gypten\u201d, um 22.05 Uhr um \u201eElitetruppen\u201d und abschlie\u00dfend um 23.05 Uhr noch um \u201eWettk\u00e4mpfe im Alten China\u201d.<\/li>\n<li>Ein Kapitel aus den Anf\u00e4ngen der Bundesrepublik wird in dem Spielfilm <a href=\"http:\/\/www.einsfestival.de\/sendungen\/sendung.jsp?ID=12134681297\" target=\"_blank\">\u201eSternstunde ihres Lebens\u201d<\/a> (BRD 2014, Regie: Erica von Moeller) erz\u00e4hlt. <em>\u201eBonn 1948. Die Abgeordnete und Juristin Elisabeth Selbert k\u00e4mpft unerm\u00fcdlich f\u00fcr die Aufnahme des Satzes &#8222;M\u00e4nner und Frauen sind gleichberechtigt&#8220; in das Grundgesetz der zuk\u00fcnftigen Bundesrepublik Deutschland. Trotz der Widerst\u00e4nde, die sie w\u00e4hrend der Sitzungen im Parlamentarischen Rat zu sp\u00fcren bekommt, gibt sie nicht auf und h\u00e4lt hartn\u00e4ckig an ihrem Vorhaben fest. Selbert erlebt einen grandiosen Triumph, als ihr Antrag im neuen Grundgesetz unter Artikel 3, Absatz 2 aufgenommen wird. Sie legt damit den Grundstein f\u00fcr eine nunmehr 65-j\u00e4hrige politische und gesellschaftliche Auseinandersetzung zum Thema Gleichberechtigung.\u201d<\/em> (<strong>einsfestival<\/strong>, 20.15 Uhr).<\/li>\n<li>Ein weiteres Kapitel aus den ersten Jahren und Jahrzehnten der Republik schildert die Doku <a href=\"http:\/\/www.br.de\/fernsehen\/br-alpha\/programmkalender\/sendung823642.html\" target=\"_blank\">\u201eAls der Staat rot sah &#8230; Justizopfer im Kalten Krieg\u201d<\/a>. <em>\u201eEiner der Protagonisten dieser Dokumentation ist Jupp Angenfort aus D\u00fcsseldorf \u2013 1950 der j\u00fcngste Landtagsabgeordnete in Nordrhein -Westfalen. Trotz Immunit\u00e4t wird er drei Jahre sp\u00e4ter verhaftet und zu f\u00fcnf Jahren Zuchthaus verurteilt. Der Grund: politische Aktivit\u00e4ten als Kommunist. Insgesamt wurden in Deutschland zwischen 1950 und 1968 mehrere tausend M\u00e4nner und Frauen wegen politischer Aktivit\u00e4ten verurteilt. Die Urteile wurden meist von ehemaligen Nazi-Juristen ausgesprochen.\u201d<\/em> (<strong>BR-alpha<\/strong>, 20.15 Uhr). \u2014 Im Anschluss folgt um 21 Uhr der zweite Teil der Doku-Reihe <a href=\"http:\/\/www.br.de\/fernsehen\/br-alpha\/programmkalender\/sendung823644.html\" target=\"_blank\">\u201eDie Maya \u2013 Mythos und Wirklichkeit\u201d<\/a>.<\/li>\n<li>Um 21 Uhr sendet <strong>3sat<\/strong> aus Anlass seines 100. Geburtstages von George Tabori den Theaterfilm <a href=\"http:\/\/www.3sat.de\/page\/?source=\/theater\/176517\/index.html\" target=\"_blank\">\u201eMein Kampf\u201d<\/a> nach dem gleichnamigen Theaterst\u00fcck. <em>\u201eDer junge Hitler (Tom Schilling) kommt aus tiefster \u00f6sterreichischer Provinz nach Wien, um als Maler die Welt zu erobern. Doch zuerst muss er in die Akademie der sch\u00f6nen K\u00fcnste aufgenommen werden \u2026 \u201d<\/em> (Ebenfalls auf <a href=\"http:\/\/www.zdf.de\/ZDF\/zdfportal\/programdata\/73d48777-0bae-407e-a15d-c3c6b4568297\/20305861\" target=\"_blank\"><strong>ZDF_kultur<\/strong><\/a> am Donnerstag, 29. Mai um 20.15 Uhr).<\/li>\n<\/ul>\n<h2 style=\"text-align: center;\">Sonntag, 25. Mai<\/h2>\n<ul>\n<li>Die Europawahl verdr\u00e4ngt heute die meisten Geschichtsdokus aus dem Programm. Aber auf <strong>ZDF<\/strong>-History ist Verlass. Zu sehr sp\u00e4ter Stunde und passend zum Wahltag sendet man 0.55 Uhr die Doku <a href=\"http:\/\/history.zdf.de\/ZDF\/zdfportal\/programdata\/c5479add-a5dd-35ff-99cf-ca2843da6ec4\/20306422?doDispatch=1\" target=\"_blank\">\u201eDie Deutschen und Europa \u2013 Vom Schlachtfeld zur Union\u201d<\/a>. <em>\u201eDie Dokumentation von Stefan Brauburger w\u00e4hlt eine historische \u201aFlugh\u00f6he\u2019, blickt auf das Verh\u00e4ltnis der Deutschen zu Europa im Lauf einer tausendj\u00e4hrigen Geschichte. Immer war die Frage von Krieg und Frieden in der Mitte des Kontinents eine europ\u00e4ische und eine deutsche zugleich. Der Film zeigt, wie Europa zum st\u00e4ndigen Kriegsschauplatz wurde. Er f\u00fchrt vor Augen, wie Versuche, Frieden zu schaffen, immer wieder scheiterten, wie imperiale, dynastische und nationale Konflikte seit der \u00c4ra Karls des Gro\u00dfen den Kontinent pr\u00e4gten. Nach dem Zweiten Weltkrieg reifte in immer mehr Staaten die \u00dcberzeugung, auf eigene Macht zu verzichten, um am Bau des geeinten Europa mitzuwirken, zun\u00e4chst im Westen, schlie\u00dflich auch im Osten \u2013 ein Gemeinschaftswerk, das sich den Friedensnobelpreis verdiente.\u201d<\/em><\/li>\n<\/ul>\n<h2 style=\"text-align: center;\">Montag, 26. Mai<\/h2>\n<ul>\n<li><a href=\"http:\/\/www.n-tv.de\/mediathek\/tvprogramm\/?date=2014-05-26\" target=\"_blank\"><strong>N-TV<\/strong><\/a> stellt den Vietnam-Krieg in den Mittelpunkt seines Abendprogramms: \u201eVietnam-Krieg ohne Fronten\u201d, Teil 1 um 20.05 Uhr, Teil 2 um 21.05 Uhr und Teil 3 um 22.10 Uhr.<\/li>\n<li>Auf <strong>Phoenix<\/strong> geht es weiter mit den letzten beiden Teilen der ersten Staffel der Serie \u201eDie Deutschen\u201d. Um 20.15 Uhr gibt es Folge 9 <a href=\"http:\/\/www.phoenix.de\/content\/phoenix\/die_sendungen\/die_deutschen_i_%289_10%29\/216829?datum=2014-05-26\" target=\"_blank\">\u201eBismark und das Deutsche Reich\u201d<\/a> und im Anschluss um 21 Uhr <a href=\"http:\/\/www.phoenix.de\/content\/phoenix\/die_sendungen\/die_deutschen_i_%2810_10%29\/216832?datum=2014-05-26\" target=\"_blank\">\u201eWilhelm und die Welt\u201d<\/a>.<\/li>\n<\/ul>\n<h2 style=\"text-align: center;\">Dienstag, 27. Mai<\/h2>\n<ul>\n<li>Zeitzugen erinnern sich an das Leben w\u00e4hrend des Ersten Weltkriegs. <em>\u201eBerlin im Ersten Weltkrieg. In der deutschen Hauptstadt wird nicht geschossen, fallen keine Bomben und dennoch ist der Krieg allgegenw\u00e4rtig. Nicht allein in den Sch\u00fctzengr\u00e4ben k\u00e4mpfen die Menschen ums \u00dcberleben, auch in der Heimat, an der &#8222;Heimatfront&#8220;. F\u00fcnf Berliner, alle \u00fcber 100 Jahre alt, erinnern sich an diese Jahre, erz\u00e4hlen aus ihrer Kindheit, sprechen von den Entbehrungen und dem Leid.\u201d<\/em> \u2013 <a href=\"http:\/\/www.rbb-online.de\/fernsehen\/programm\/27_05_2014\/12184493237.html\" target=\"_blank\">\u201eHeimatfront \u2013 Die Berliner und der Erste Weltkrieg\u201d<\/a>, 20.15 Uhr, <strong>RBB<\/strong>.<\/li>\n<li>Arch\u00e4ologie auf <strong>Phoenix<\/strong>: Um 20.15 Uhr gibt es die Doku <a href=\"http:\/\/www.phoenix.de\/content\/phoenix\/die_sendungen\/der_geheimcode_von_stonehenge\/587136?datum=2014-05-27\" target=\"_blank\">\u201eDer Geheimcode von Stonehenge\u201d<\/a>. <em>\u201eStonehenge gilt als eines der gr\u00f6\u00dften Geheimnisse Europas. Bis heute kann niemand mit Sicherheit sagen, wer den Steinkreis erbaut hat oder welchen Zweck er erf\u00fcllt. Seit fast 5000 Jahren umschlie\u00dft er einen heiligen Ort, doch dessen kultische Bedeutung ist nur in Ans\u00e4tzen bekannt. Die Ausrichtung der Steine deutet darauf hin, dass das Heiligtum als vorzeitliches Observatorium genutzt wurde.\u201d<\/em> \u2014 Um 21 Uhr folgt <a href=\"http:\/\/www.phoenix.de\/content\/phoenix\/die_sendungen\/tatort_peru_im_bann_der_nasca_linien\/587158?datum=2014-05-27\" target=\"_blank\">\u201eTatort Peru \u2013 Im Bann der Nasca-Linien\u201d<\/a>. <em>\u201eDie Dokumentation &#8222;Im Bann der Nasca-Linien&#8220; stellt j\u00fcngste Forschungsergebnisse vor und verfolgt die Entschl\u00fcsselung des gr\u00f6\u00dften Bilderr\u00e4tsels der Menschheit. Eingebettet in Spielszenen wird das Leben der Nasca-Indianer wiedergegeben \u2013 von einer Rekonstruktion der Ritualhandlungen bis hin zum Untergang der r\u00e4tselhaftesten Kultur S\u00fcdamerikas.\u201d<\/em><\/li>\n<li><a href=\"http:\/\/www.mdr.de\/tv\/programm\/sendung398612.html\" target=\"_blank\">\u201eGeschichte Mitteldeutschlands \u2013 Das Magazin\u201d<\/a> l\u00e4uft wieder um 21.15 Uhr im <strong>MDR<\/strong>.<\/li>\n<li>Die <strong>ARD<\/strong> sendet die vierteilige Doku-Reihe \u201e14 \u2013 Tageb\u00fccher des Ersten Weltkriegs\u201d. <em>\u201eZum ersten Mal erz\u00e4hlt \u201a14 \u2013 Tageb\u00fccher des Ersten Weltkriegs\u2019 den Krieg aus einer multinationalen Perspektive. In den Filmen kommen Menschen vieler V\u00f6lker und Nationen zu Wort \u2013 mit teils \u00e4hnlichen, aber auch ganz unterschiedlichen Kriegserfahrungen. So werden pers\u00f6nliche und nationale Unterschiede in den Kriegserlebnissen und in der Wahrnehmung des Krieges deutlich. Um die unterschiedlichen nationalen Erlebniswelten so glaubhaft wie m\u00f6glich zu inszenieren, standen deutsche, britische, russische, italienische, franz\u00f6sische und \u00f6sterreichische Schauspielerinnen und Schauspieler vor der Kamera.\u201d<\/em> Teil 1 <a href=\"http:\/\/programm.daserste.de\/pages\/programm\/detail.aspx?id=3DE78AC0F3FC75D0DEA33B15B1C0FA38\" target=\"_blank\">\u201eDer Aufbruch\u201d<\/a> um 21.45 Uhr. \u2014 Teil 2 <a href=\"http:\/\/programm.daserste.de\/pages\/programm\/detail.aspx?id=3DE78AC0F3FC75D02B2B0A7107F603F4\" target=\"_blank\">\u201eDie Front\u201d<\/a> folgt um 23 Uhr. \u2014 Zu dem Projekt gibt es ein aufw\u00e4ndiges <a href=\"www.14-tagebuecher.de\" target=\"_blank\">Web-Special unter 14-tagebuecher.de<\/a>.<\/li>\n<li>22.45 Uhr auf <strong>BR-alpha<\/strong>: <a href=\"http:\/\/www.br.de\/fernsehen\/br-alpha\/programmkalender\/sendung823920.html\" target=\"_blank\">\u201eMythen \u2013 Michael K\u00f6hlmeier erz\u00e4hlt Sagen des klassischen Altertums: Gyges\u201d<\/a>.<\/li>\n<\/ul>\n<h2 style=\"text-align: center;\">Mittwoch, 28. Mai<\/h2>\n<ul>\n<li>Auf <strong>3sat<\/strong> l\u00e4uft die zweiteilige Dokumentation <a href=\"http:\/\/www.3sat.de\/page\/?source=\/dokumentationen\/176646\/index.html\" target=\"_blank\">\u201eAuf den Schienen des Doppeladlers\u201d<\/a>. <em>\u201eMehr als 170 Jahre nach der Er\u00f6ffnung des ersten Streckenabschnittes auf \u00f6sterreichischem Boden hat die Eisenbahn nichts von ihrer Faszination verloren. Faszinierend ist vor allem aber auch, mit welchem Weitblick das gigantische Eisenbahnnetz im Kaisertum \u00d6sterreich und in der sp\u00e4teren Doppelmonarchiegeplant und angelegt wurde.\u201d<\/em> Teil 1 um 20.15 Uhr, Teil 2 folgt um 21.05 Uhr.<\/li>\n<li>Um 21.45 Uhr geht es in der <strong>ARD<\/strong> weiter mit dem dritten Teil der Doku-Reihe \u201e14 \u2013 Tageb\u00fccher des Ersten Weltkriegs\u201d. Thema ist <a href=\"http:\/\/programm.daserste.de\/pages\/programm\/detail.aspx?id=3DE78AC0F3FC75D0F70264601B3A9F24\" target=\"_blank\">\u201eDie Heimat\u201d<\/a>. \u2014 Der vierte und letzte Teil <a href=\"http:\/\/programm.daserste.de\/pages\/programm\/detail.aspx?id=3DE78AC0F3FC75D073AFE544FA219FFD\" target=\"_blank\">\u201eDie Entscheidung\u201d<\/a> folgt um 23 Uhr.<\/li>\n<\/ul>\n<h2 style=\"text-align: center;\">Donnerstag, 29. Mai \u2013 Christi Himmelfahrt<\/h2>\n<ul>\n<li>Wie schon am Samstag auf 3sat, so auch heute auf <strong>ZDF_kultur<\/strong>: <a href=\"http:\/\/www.zdf.de\/ZDF\/zdfportal\/programdata\/73d48777-0bae-407e-a15d-c3c6b4568297\/20305861\" target=\"_blank\">\u201eMein Kampf\u201d<\/a> nach der Vorlage von George Tabori (20.15 Uhr).<\/li>\n<\/ul>\n<h2 style=\"text-align: center;\">Freitag, 30. Mai<\/h2>\n<ul>\n<li>\u201eOlympia in der Antike\u201d ist das Thema der Doku <a href=\"http:\/\/www.phoenix.de\/content\/phoenix\/die_sendungen\/dokumentationen\/olympia_in_der_antike\/279813?datum=2014-05-30\" target=\"_blank\">\u201eDie Spiele sind er\u00f6ffnet\u201d<\/a> um 20.15 Uhr auf <strong>Phoenix<\/strong>. <em>\u201eDurch Computeranimationen werden die Wettkampfst\u00e4tten der Antike zum Leben erweckt, durch aufw\u00e4ndige Inszenierungen werden die verschiedenen Disziplinen wie Ringen, Boxen, Weitspringen, Diskuswurf bis hin zum spektakul\u00e4ren Pferdewagenrennen dargestellt. Die Historiker wissen heute, dass die K\u00e4mpfe teilweise blutig und brutal waren und dass das Publikum genau das wollte. Wir erfahren zum Beispiel, warum Frauen nicht an den Spielen der Antike teilnehmen durften, und welche Rolle die olympischen Rituale in der griechischen Welt spielten.\u201d<\/em><\/li>\n<\/ul>\n","protected":false},"excerpt":{"rendered":"<p>Die letzte Mai-Woche bringt u. a. Geschichtsdokus zum Vietnamkrieg, das Leben w\u00e4hrend des Ersten Weltkriegs in Berlin und den antiken olympischen Spielen.<\/p>\n","protected":false},"author":10,"featured_media":0,"comment_status":"open","ping_status":"open","sticky":false,"template":"","format":"standard","meta":{"footnotes":""},"categories":[4,8],"tags":[],"class_list":["post-3165","post","type-post","status-publish","format-standard","hentry","category-geschichte-im-fernsehen","category-history-tv"],"aioseo_notices":[],"_links":{"self":[{"href":"http:\/\/historikerkraus.de\/blog\/wp-json\/wp\/v2\/posts\/3165","targetHints":{"allow":["GET"]}}],"collection":[{"href":"http:\/\/historikerkraus.de\/blog\/wp-json\/wp\/v2\/posts"}],"about":[{"href":"http:\/\/historikerkraus.de\/blog\/wp-json\/wp\/v2\/types\/post"}],"author":[{"embeddable":true,"href":"http:\/\/historikerkraus.de\/blog\/wp-json\/wp\/v2\/users\/10"}],"replies":[{"embeddable":true,"href":"http:\/\/historikerkraus.de\/blog\/wp-json\/wp\/v2\/comments?post=3165"}],"version-history":[{"count":2,"href":"http:\/\/historikerkraus.de\/blog\/wp-json\/wp\/v2\/posts\/3165\/revisions"}],"predecessor-version":[{"id":3167,"href":"http:\/\/historikerkraus.de\/blog\/wp-json\/wp\/v2\/posts\/3165\/revisions\/3167"}],"wp:attachment":[{"href":"http:\/\/historikerkraus.de\/blog\/wp-json\/wp\/v2\/media?parent=3165"}],"wp:term":[{"taxonomy":"category","embeddable":true,"href":"http:\/\/historikerkraus.de\/blog\/wp-json\/wp\/v2\/categories?post=3165"},{"taxonomy":"post_tag","embeddable":true,"href":"http:\/\/historikerkraus.de\/blog\/wp-json\/wp\/v2\/tags?post=3165"}],"curies":[{"name":"wp","href":"https:\/\/api.w.org\/{rel}","templated":true}]}}