{"id":3151,"date":"2014-05-03T11:39:18","date_gmt":"2014-05-03T09:39:18","guid":{"rendered":"http:\/\/historikerkraus.de\/blog\/?p=3151"},"modified":"2014-05-03T11:41:51","modified_gmt":"2014-05-03T09:41:51","slug":"tv-vorschau-3-9-mai-2014","status":"publish","type":"post","link":"http:\/\/historikerkraus.de\/blog\/2014\/05\/03\/tv-vorschau-3-9-mai-2014\/","title":{"rendered":"TV-Vorschau 3. \u2013 9. Mai 2014"},"content":{"rendered":"<p>Auf geht es in die erste komplette Mai-Woche u. a. mit Neuem zur mittelalterlichen Welt der Ritter, dem Ersten Weltkrieg, der Spiegel-Aff\u00e4re und dem Beginn einer Reihe \u00fcber Person und Werk Charles Darwins.<!--more--><\/p>\n<h2 style=\"text-align: center;\">Samstag, 3. Mai<\/h2>\n<ul>\n<li><a href=\"http:\/\/www.n-tv.de\/mediathek\/tvprogramm\/?date=2014-05-03\" target=\"_blank\"><strong>N-TV<\/strong><\/a> startet um 20.05 Uhr mit der Doku \u201eDunkle Epochen: Hexenjagd in Europa\u201d. <em>\u201eIm sp\u00e4ten 16. Jahrhundert war Europas Geschichte \u00fcberschattet von einer blutr\u00fcnstigen Hexenjagd. Tausende wurden gefoltert und auf dem Scheiterhaufen verbrannt. In Frankreich und Deutschland kamen bis zu 40.000 Unschuldige zu Tode. England und Schottland blieben von dem grassierenden Wahn nahezu unber\u00fchrt. Bis der damals schottische K\u00f6nig Jakob I 1597 ein Buch ver\u00f6ffentlichen lie\u00df, das den Hexenwahn auch hier anstachelte. Die Dokumentation zeigt, wie ein Kontinent erbarmungslos Jagd auf Unschuldige machte.\u201d<\/em> \u2014 Anschlie\u00dfend geht es wieder einmal um antike Waffen- und Kriegstechnik. Um 21.05 Uhr l\u00e4uft die Doku \u201eTechnik der Kriegswaffen\u201d, um 22.05 Uhr \u201eUrsprung der Technik: Super-Schiffe\u201d und um 23.05 Uhr \u201eTechnik &amp; Taktik: Kampfkunst des Mittelalters\u201d.<\/li>\n<li>Der dritte und letzte Teil der Reihe \u201eDie K\u00f6nige Amerikas\u201d l\u00e4uft um 20.15 Uhr auf <strong>Phoenix<\/strong>. <a href=\"http:\/\/www.phoenix.de\/content\/phoenix\/die_sendungen\/zdf_history:_die_koenige_amerikas_%283_3%29\/830378?datum=2014-05-03\" target=\"_blank\">\u201eFord und die Zukunft\u201d<\/a> sind das Thema.<\/li>\n<li><a href=\"http:\/\/www.br.de\/fernsehen\/br-alpha\/programmkalender\/sendung782176.html\" target=\"_blank\">\u201eDie Geschichte der NATO\u201d<\/a> wird um 20.15 Uhr auf <strong>BR-alpha<\/strong> vorgestellt. <em>\u201eDer Film erz\u00e4hlt die Geschichte der NATO seit ihrer Gr\u00fcndung 1949, \u00fcber den Kalten Krieg bis zum Einsatz in Afghanistan im Jahr 2009. Zudem zeigt er wie NATO-Soldaten heute leben und stellt eine NATO-Einheit in Stettin vor, die schon in Afghanistan im Einsatz war.\u201d<\/em><\/li>\n<\/ul>\n<h2 style=\"text-align: center;\">Sonntag, 4. Mai<\/h2>\n<ul>\n<li>Die Reise durch \u201eDie Welt der Ritter\u201d geht im <strong>ZDF<\/strong> um 19.30 Uhr weiter. Der zweite Beitrag der Terra X-Reihe tr\u00e4gt den Titel <a href=\"http:\/\/terra-x.zdf.de\/ZDF\/zdfportal\/programdata\/893f31cb-04ff-3cec-b768-ccdc04d351b6\/20297665?doDispatch=1\" target=\"_blank\">\u201eF\u00fcr Ruhm und Ehre \u2013 Der christliche Ritter auf Kreuzzug\u201d<\/a>.<\/li>\n<li>Die Dokumentation <em>\u201e<a href=\"http:\/\/www.phoenix.de\/content\/phoenix\/die_sendungen\/goldschmidts_kinder\/830390?datum=2014-05-04\" target=\"_blank\">\u2019Goldschmidts Kinder \u2013 \u00dcberleben in Hitlers Schatten\u2019<\/a> erz\u00e4hlt die bislang weitgehend unbekannte Geschichte einer mutigen und listigen Frau, die f\u00fcr viele j\u00fcdische Kinder Berlins zum Schutzengel wurde. Vor allem aber l\u00e4sst die Dokumentation nacherleben, wie Rassismus und Antisemitismus in die Gesellschaft einsickerten und die Seelen der j\u00fcdischen Kinder peinigten: \u00dcberlebende Sch\u00fcler, heute alle weit \u00fcber 80 Jahre alt, berichten in ber\u00fchrenden Statements, wie sehr sie unter Ausgrenzung und Drangsalierungen litten. Aus allen aber spricht tiefe Dankbarkeit f\u00fcr eine Frau, die eine \u201aOase inmitten der H\u00f6lle\u2019 schuf und &#8222;ihre&#8220; Kinder vorbereitete auf ein neues Leben im Exil.\u201d<\/em> (<strong>Phoenix<\/strong>, 20.15 Uhr). \u2014 Im Anschluss folgt der Beitrag <a href=\"http:\/\/www.phoenix.de\/content\/phoenix\/die_sendungen\/auschwitz_vor_gericht\/781564?datum=2014-05-04\" target=\"_blank\">\u201eAuschwitz vor Gericht\u201d<\/a> \u00fcber den Frankfurter Auschwitzprozess von 1963\u20131965 (21 Uhr).<\/li>\n<li>Willy Brandt, Berliner Regierender B\u00fcrgermeister, Au\u00dfenminister, Bundeskanzler, Friedensnobelpreistr\u00e4ger. Ihm ist auf <strong>tagesschau 24<\/strong> der TV-Abend gewidmet. Um 20.15 Uhr besch\u00e4ftigt sich der Beitrag <a href=\"http:\/\/programm.tagesschau24.de\/tv\/Berliner-Legenden\/2014-05-04\/eid_2872112025753937\" target=\"_blank\">\u201eBerliner Legenden \u2013 Willy Brandt\u201d<\/a> mit ihm, im Anschluss folgt um 21.02 Uhr die Doku <a href=\"http:\/\/programm.tagesschau24.de\/tv\/Willy-Brandt\/2014-05-04\/eid_2872112025753968\" target=\"_blank\">\u201eWilly Brandt \u2013 Erinnerungen an ein Politikerleben\u201d<\/a> (auch RBB am Dienstag um 23.30 Uhr).<\/li>\n<li>Eine Kulturgeschichte des Badens pr\u00e4sentiert der <strong>SWR<\/strong> mit dem Beitrag <a href=\"http:\/\/www.swr.de\/geschichte\/schoener-baden-vom-waschzuber-zur-wellnessoase\/-\/id=100754\/did=13162370\/nid=100754\/sdpgid=925002\/e74z5f\/index.html\" target=\"_blank\">\u201eSch\u00f6ner Baden \u2013 Vom Waschzuber zur Wellnessoase\u201d<\/a> der Reihe \u201eGeschichte im S\u00fcdwesten\u201d. <em>\u201eMit vielen einmaligen Archivsch\u00e4tzen erz\u00e4hlt der Film vom gro\u00dfen Wandel des Badens.\u201d<\/em><\/li>\n<\/ul>\n<h2 style=\"text-align: center;\">Montag, 5. Mai<\/h2>\n<ul>\n<li>Der deutsche \u00dcberfall auf die Sowjetunion im 2. Weltkrieg trug den Code-Namen \u201eUnternehmen Barbarossa\u201d. <a href=\"http:\/\/www.n-tv.de\/mediathek\/tvprogramm\/?date=2014-05-05\" target=\"_blank\"><strong>N-TV<\/strong><\/a> zeigt die vierteilige Doku gleichen Namens <em>\u201e\u00fcber den deutschen Krieg im Osten\u201d<\/em> um 20.05 Uhr, 21.05 Uhr, 22.10 Uhr und 23.05 Uhr.<\/li>\n<li>Der dritte Teil der Reihe \u201eDie Deutschen\u201d um 20.15 Uhr auf <strong>Phoenix<\/strong> tr\u00e4gt den Titel <a href=\"http:\/\/www.phoenix.de\/content\/phoenix\/die_sendungen\/die_deutschen_%283_10%29\/216341?datum=2014-05-05\" target=\"_blank\">\u201eBarbarossa und der L\u00f6we\u201d<\/a>, um 21 Uhr folgt <a href=\"http:\/\/www.phoenix.de\/content\/phoenix\/die_sendungen\/die_deutschen_%284_10%29\/216784?datum=2014-05-05\" target=\"_blank\">\u201eLuther und die Nation\u201d<\/a>.<\/li>\n<li>\u201eTom Hanks: Die Lincoln-Verschw\u00f6rung\u201d lautet der Titel eines Doku-Dramas auf <a href=\"http:\/\/www.3sat.de\/programm\/?viewlong=viewlong&amp;d=20140505&amp;dayID=ClnDaN05&amp;cx=88#border1800\" target=\"_blank\"><strong>3sat<\/strong><\/a> (USA 2010, Regie: Adrian Moat) um 20.15 Uhr. <em>\u201eW\u00e4hrend Abraham Lincoln (1809-1865) heute zu den beliebtesten und einflussreichsten US-Pr\u00e4sidenten der Geschichte geh\u00f6rt, war er zu Lebzeiten eine h\u00f6chst umstrittene Pers\u00f6nlichkeit. Am Abend des 13. Aprils des Jahres 1865 wurde Lincoln von dem fanatischen S\u00fcdstaatler John Wilkes Booth im Ford&#8217;s Theatre in Washington D.C. ermordet. Booth und seine Mitverschw\u00f6rer hatten das Attentat lange vorher durchgeplant, da sie mit dem Ausgang des Sezessionskrieges nicht zufrieden waren. Durch den Tod des Pr\u00e4sidenten, so hofften sie, w\u00fcrde auch die gesamte Regierung der USA scheitern.\u201d<\/em><\/li>\n<\/ul>\n<h2 style=\"text-align: center;\">Dienstag, 6. Mai<\/h2>\n<ul>\n<li>Auf <strong>Arte<\/strong> gibt es die dritte, vierte und f\u00fcnfte Folge der Reihe \u201e14 \u2013 Tageb\u00fccher des Ersten Weltkriegs\u201d. Um 20.15 Uhr <a href=\"http:\/\/www.arte.tv\/guide\/de\/044397-003\/14-tagebuecher-des-ersten-weltkriegs-3-8\" target=\"_blank\">\u201eDie Verwundung\u201d<\/a>, um 21.05 Uhr <a href=\"http:\/\/www.arte.tv\/guide\/de\/044397-004\/14-tagebuecher-des-ersten-weltkriegs-4-8\" target=\"_blank\">\u201eDie Sehnsucht\u201d<\/a> und um 22 Uhr <a href=\"http:\/\/www.arte.tv\/guide\/de\/044397-005\/14-tagebuecher-des-ersten-weltkriegs-5-8\" target=\"_blank\">\u201eDie Vernichtung\u201d<\/a>.<\/li>\n<li>Ein besonderes Naturdenkmal gibt es im th\u00fcringischen Saalfeld: die Feengrotten. Vor genau 100 Jahren wurden sie Besuchern zug\u00e4nglich gemacht. Die Doku <a href=\"http:\/\/www.mdr.de\/tv\/programm\/sendung390662.html\" target=\"_blank\">\u201eGlamour, Limo, Luftschutzbunker \u2013 Die Saalfelder Feengrotten\u201d<\/a> erz\u00e4hlt die Geschichte, die damit verbunden ist (<strong>MDR<\/strong>, 20.45 Uhr).<\/li>\n<li>Auf <strong>BR-alpha<\/strong> gibt es um 22.45 Uhr eine Folge der Reihe \u201eMythen \u2013 Michael K\u00f6hlmeier erz\u00e4hlt Sagen des klassischen Altertums\u201d. Diesmal tr\u00e4gt sie den Titel <a href=\"http:\/\/www.br.de\/fernsehen\/br-alpha\/programmkalender\/sendung-544618.html\" target=\"_blank\">\u201eTheseus und Phaedra\u201d<\/a>.<\/li>\n<\/ul>\n<h2 style=\"text-align: center;\">Mittwoch, 7. Mai<\/h2>\n<ul>\n<li><a href=\"http:\/\/programm.daserste.de\/pages\/programm\/detail.aspx?id=A97A3C429A481205132E2E1F68A7D1B4\" target=\"_blank\">\u201eDie Spiegel-Aff\u00e4re\u201d<\/a> ersch\u00fctterte 1962 die alte BRD. <em>\u201eDie Welt stand mit der Kubakrise am Rand eines Atomkrieges, in dessen strategischem Zentrum Deutschland gelegen h\u00e4tte. Vor diesem bedrohlichen Hintergrund fechten zwei au\u00dfergew\u00f6hnliche Alpha-M\u00e4nner eine beinahe archaisch anmutende Fehde aus: der Verteidigungsminister Franz Josef Strau\u00df und der \u201aSpiegel\u2019-Gr\u00fcnder und Herausgeber Rudolf Augstein.\u201d<\/em> Die <strong>ARD<\/strong> zeigt das gleichnamige Doku-Drama (BRD 2014, Regie: Roland Suso Richter) um 20.15 Uhr (Wiederholung um 0.45 Uhr). \u2014 Im Anschluss folgt die Doku zum Film: <a href=\"http:\/\/programm.daserste.de\/pages\/programm\/detail.aspx?id=B0638FE6DD2C48FE4EC04492B9B30D3C\" target=\"_blank\">\u201eBedingt abwehrbereit \u2013 Die Geschichte hinter der &#8222;Spiegel&#8220;-Aff\u00e4re\u201d<\/a> um 21.55 Uhr.<\/li>\n<li>Im <strong>BR<\/strong> gibt es die letzte Folge der Reihe \u201eDas bayerische Jahrtausend\u201d. Sie hei\u00dft <a href=\"http:\/\/www.br.de\/fernsehen\/bayerisches-fernsehen\/programmkalender\/sendung-542410.html\" target=\"_blank\">\u201e20. Jahrhundert: M\u00fcnchen\u201d<\/a> und l\u00e4uft um 22 Uhr.<\/li>\n<\/ul>\n<h2 style=\"text-align: center;\">Donnerstag, 8. Mai<\/h2>\n<ul>\n<li>Charles Darwin hat mit seinen Forschungen die Welt der Naturwissenschaft und weit dar\u00fcber hinaus revolutioniert. Der Sender <strong>BR-alpha<\/strong> bringt dem Zuschauer das Person und Werk Darwins in einer Doku-Reihe n\u00e4her. <em>\u201eDie 6-teilige Reihe \u201aCharles Darwin\u2019 vermittelt die Grundlagen des Darwinschen Gedankengutes und gibt damit den Zuschauern das biologische Basiswissen zum Thema Evolution. Darauf aufbauend wird die Weiterentwicklung seiner Theorie bis in unsere Gegenwart verst\u00e4ndlich.\u201d<\/em> Einen Gesamt\u00fcberblick findet man <a href=\"http:\/\/www.br.de\/fernsehen\/br-alpha\/sendungen\/charles-darwin\/charles-darwin102.html\" target=\"_blank\">hier<\/a>. Teil 1 <a href=\"http:\/\/www.br.de\/fernsehen\/br-alpha\/programmkalender\/sendung-544818.html\" target=\"_blank\">\u201eDie Suche nach dem Ursprung des Lebens\u201d<\/a> l\u00e4uft um 22.45 Uhr.<\/li>\n<\/ul>\n<h2 style=\"text-align: center;\">Freitag, 9. Mai<\/h2>\n<ul>\n<li>Der <strong>WDR<\/strong> portr\u00e4tiert zu sp\u00e4ter Stunde gleich zwei Kanzler der Republik. Um 23.55 Uhr steht <a href=\"http:\/\/www.wdr.de\/programmvorschau\/suche.html?medium=F&amp;sender=10&amp;datum=2014-05-09&amp;zeit=1900-2400\" target=\"_blank\">\u201eKurt Georg Kiesinger \u2013 Der vergessene Kanzler\u201d<\/a> im Mittelpunkt. Um Mitternacht folgt dann <a href=\"http:\/\/www.wdr.de\/programmvorschau\/suche.html?medium=F&amp;sender=10&amp;datum=2014-05-09&amp;zeit=2400-0530\" target=\"_blank\">\u201eLudwig Erhard und sein Wirtschaftswunder\u201d<\/a>.<\/li>\n<\/ul>\n","protected":false},"excerpt":{"rendered":"<p>Auf geht es in die erste komplette Mai-Woche u. a. mit Neuem zur mittelalterlichen Welt der Ritter, dem Ersten Weltkrieg, der Spiegel-Aff\u00e4re und dem Beginn einer Reihe \u00fcber Person und Werk Charles Darwins.<\/p>\n","protected":false},"author":10,"featured_media":0,"comment_status":"open","ping_status":"open","sticky":false,"template":"","format":"standard","meta":{"footnotes":""},"categories":[4,8],"tags":[],"class_list":["post-3151","post","type-post","status-publish","format-standard","hentry","category-geschichte-im-fernsehen","category-history-tv"],"aioseo_notices":[],"_links":{"self":[{"href":"http:\/\/historikerkraus.de\/blog\/wp-json\/wp\/v2\/posts\/3151","targetHints":{"allow":["GET"]}}],"collection":[{"href":"http:\/\/historikerkraus.de\/blog\/wp-json\/wp\/v2\/posts"}],"about":[{"href":"http:\/\/historikerkraus.de\/blog\/wp-json\/wp\/v2\/types\/post"}],"author":[{"embeddable":true,"href":"http:\/\/historikerkraus.de\/blog\/wp-json\/wp\/v2\/users\/10"}],"replies":[{"embeddable":true,"href":"http:\/\/historikerkraus.de\/blog\/wp-json\/wp\/v2\/comments?post=3151"}],"version-history":[{"count":3,"href":"http:\/\/historikerkraus.de\/blog\/wp-json\/wp\/v2\/posts\/3151\/revisions"}],"predecessor-version":[{"id":3155,"href":"http:\/\/historikerkraus.de\/blog\/wp-json\/wp\/v2\/posts\/3151\/revisions\/3155"}],"wp:attachment":[{"href":"http:\/\/historikerkraus.de\/blog\/wp-json\/wp\/v2\/media?parent=3151"}],"wp:term":[{"taxonomy":"category","embeddable":true,"href":"http:\/\/historikerkraus.de\/blog\/wp-json\/wp\/v2\/categories?post=3151"},{"taxonomy":"post_tag","embeddable":true,"href":"http:\/\/historikerkraus.de\/blog\/wp-json\/wp\/v2\/tags?post=3151"}],"curies":[{"name":"wp","href":"https:\/\/api.w.org\/{rel}","templated":true}]}}