{"id":3148,"date":"2014-04-28T14:57:53","date_gmt":"2014-04-28T12:57:53","guid":{"rendered":"http:\/\/historikerkraus.de\/blog\/?p=3148"},"modified":"2014-04-28T14:59:41","modified_gmt":"2014-04-28T12:59:41","slug":"das-attentat-sarajevo-1914","status":"publish","type":"post","link":"http:\/\/historikerkraus.de\/blog\/2014\/04\/28\/das-attentat-sarajevo-1914\/","title":{"rendered":"Das Attentat \u2013 Sarajevo 1914"},"content":{"rendered":"<p>Das <strong>ZDF<\/strong> hat heute einen besonderen Themenschwerpunkt f\u00fcr sein Abendprogramm: Der Beginn des Ersten Weltkriegs. Um 20.15 Uhr beginnt das Historiendrama <a href=\"http:\/\/sarajevo.zdf.de\/ZDF\/zdfportal\/programdata\/f7d1d007-040b-4983-8a8c-fa8cade54e4d\/20294042?doDispatch=2\" target=\"_blank\">\u201eDas Attentat \u2013 Sarajevo 1914\u201d<\/a> (CS \/ A 2014, Regie: Andreas Prochaska). <em>\u201eAm 28. Juni 1914 fallen der \u00f6sterreichische Thronfolger Franz Ferdinand und seine Frau Sophie in der bosnischen Hauptstadt Sarajevo einem Attentat zum Opfer. Untersuchungsrichter Leo Pfeffer vernimmt die serbischen Attent\u00e4ter und soll die Anklage vorbereiten. Der Druck, dem Leo Pfeffer aus Wien und Berlin ausgesetzt wird, ist gewaltig, denn Deutschland und \u00d6sterreich wollen Krieg. Doch Pfeffer entdeckt immer mehr Ungereimtheiten. [\u2026] W\u00e4hrend \u00d6sterreich sich bereits mit Deutschland \u00fcber den br\u00fcderlichen Beistand im Kriegsfall verst\u00e4ndigt und ein Ultimatum an Serbien verfasst wird, versucht Leo Pfeffer den drohenden Krieg in letzter Sekunde verhindern.\u201d<\/em><\/p>\n<p>Hintergr\u00fcnde und weitere Informationen zum Film und zum historischen Ereignis hat der Sender <a href=\"http:\/\/sarajevo.zdf.de\/ZDF\/zdfportal\/programdata\/f7d1d007-040b-4983-8a8c-fa8cade54e4d\/20294042?doDispatch=1\" target=\"_blank\">hier<\/a> zusammengestellt.<\/p>\n<p>Um 21.55 Uhr folgt die Dokumentation <a href=\"http:\/\/ersterweltkrieg.zdf.de\/ZDF\/zdfportal\/programdata\/80c2a4c2-1286-4405-8702-19cae2994fe6\/20294043?doDispatch=1\" target=\"_blank\">\u201eSarajevo \u2013 Der Weg in die Katastrophe\u201d<\/a>. Sie <em>\u201erekapituliert die wenigen Wochen zwischen den Todessch\u00fcssen und den ersten Salven des Krieges. Wie konnte ein einzelnes Attentat den Weltenbrand entfachen? War die Kettenreaktion im Juli 1914 nicht mehr zu stoppen? Wer sch\u00fcrte die Eskalation, wer h\u00e4tte die &#8222;Urkatastrophe des 20. Jahrhunderts&#8220; verhindern k\u00f6nnen?\u201d<\/em><\/p>\n","protected":false},"excerpt":{"rendered":"<p>Das ZDF hat heute einen besonderen Themenschwerpunkt f\u00fcr sein Abendprogramm: Der Beginn des Ersten Weltkriegs. Um 20.15 Uhr beginnt das Historiendrama \u201eDas Attentat \u2013 Sarajevo 1914\u201d (CS \/ A 2014, Regie: Andreas Prochaska). \u201eAm 28. Juni 1914 fallen der \u00f6sterreichische Thronfolger Franz Ferdinand und seine Frau Sophie in der bosnischen &#8230;<\/p>\n","protected":false},"author":10,"featured_media":0,"comment_status":"open","ping_status":"open","sticky":false,"template":"","format":"standard","meta":{"footnotes":""},"categories":[4,8],"tags":[],"class_list":["post-3148","post","type-post","status-publish","format-standard","hentry","category-geschichte-im-fernsehen","category-history-tv"],"aioseo_notices":[],"_links":{"self":[{"href":"http:\/\/historikerkraus.de\/blog\/wp-json\/wp\/v2\/posts\/3148","targetHints":{"allow":["GET"]}}],"collection":[{"href":"http:\/\/historikerkraus.de\/blog\/wp-json\/wp\/v2\/posts"}],"about":[{"href":"http:\/\/historikerkraus.de\/blog\/wp-json\/wp\/v2\/types\/post"}],"author":[{"embeddable":true,"href":"http:\/\/historikerkraus.de\/blog\/wp-json\/wp\/v2\/users\/10"}],"replies":[{"embeddable":true,"href":"http:\/\/historikerkraus.de\/blog\/wp-json\/wp\/v2\/comments?post=3148"}],"version-history":[{"count":2,"href":"http:\/\/historikerkraus.de\/blog\/wp-json\/wp\/v2\/posts\/3148\/revisions"}],"predecessor-version":[{"id":3150,"href":"http:\/\/historikerkraus.de\/blog\/wp-json\/wp\/v2\/posts\/3148\/revisions\/3150"}],"wp:attachment":[{"href":"http:\/\/historikerkraus.de\/blog\/wp-json\/wp\/v2\/media?parent=3148"}],"wp:term":[{"taxonomy":"category","embeddable":true,"href":"http:\/\/historikerkraus.de\/blog\/wp-json\/wp\/v2\/categories?post=3148"},{"taxonomy":"post_tag","embeddable":true,"href":"http:\/\/historikerkraus.de\/blog\/wp-json\/wp\/v2\/tags?post=3148"}],"curies":[{"name":"wp","href":"https:\/\/api.w.org\/{rel}","templated":true}]}}