{"id":3144,"date":"2014-04-25T11:52:26","date_gmt":"2014-04-25T09:52:26","guid":{"rendered":"http:\/\/historikerkraus.de\/blog\/?p=3144"},"modified":"2014-04-25T11:55:36","modified_gmt":"2014-04-25T09:55:36","slug":"tv-vorschau-26-april-2-mai-2014","status":"publish","type":"post","link":"http:\/\/historikerkraus.de\/blog\/2014\/04\/25\/tv-vorschau-26-april-2-mai-2014\/","title":{"rendered":"TV-Vorschau 26. April \u2013 2. Mai 2014"},"content":{"rendered":"<p>Der April geht zu Ende. Hier der Blick auf die Geschichtssendungen der kommenden Woche, die u.a. einiges zum Thema Mittelalter bereit halten, das Landleben in den vergangenen 100 Jahren beleuchten und die Geschichte Europas in den Blick nehmen:<!--more--><\/p>\n<h2 style=\"text-align: center;\">Samstag, 26. April<\/h2>\n<ul>\n<li>Gladiatoren stehen im Blick der Geschichts-Dokus auf <a href=\"http:\/\/www.n-tv.de\/mediathek\/tvprogramm\/?date=2014-04-26\" target=\"_blank\"><strong>N-TV<\/strong><\/a>. Um 20.05 Uhr hei\u00dft es \u201eLeben zwischen Triumph und Tod\u201d. <em>\u201eIn Nordengland liegt der bislang weltgr\u00f6\u00dfte Gladiatoren-Friedhof. \u00dcber 80 komplett erhaltene Skelette wurden bereits ausgegraben. Die sterblichen \u00dcberreste der Menschen, die in der Arena ihr Leben lie\u00dfen, zeugen von der Grausamkeit der K\u00e4mpfe. Was l\u00e4sst sich mit Hilfe modernster Wissenschaft \u00fcber sie herausfinden? Die Dokumentation erweckt die K\u00e4mpfer wieder zum Leben, die zwischen dem ersten bis vierten Jahrhundert nach Christus starben.\u201d<\/em> \u2014 Um 21.05 Uhr geht es weiter mit den \u201eHelden der Arena\u201d. <em>\u201eBisher waren Gladiatoren stets legend\u00e4re Figuren der Antike. \u00dcber ihr Leben war so gut wie nichts bekannt. Doch der sensationelle Fund eines Gladiatoren-Friedhofs gibt neue Aufschl\u00fcsse: Wie haben die K\u00e4mpfer gelebt? Wie haben sie gek\u00e4mpft? Und vor allem \u2013 wie sind sie gestorben? Die n-tv Dokumentation macht eine Reise durch die Zeit und erz\u00e4hlt die Geschichte derer, die sich ihre Freiheit im wahrsten Sinne des Wortes erk\u00e4mpfen mussten.\u201d<\/em> \u2014 Ein v\u00f6lliges anderes Thema hat dann die Doku um 22.05 Uhr. Es geht um den \u201eKu Klux Klan \u2013 Das Gesicht des B\u00f6sen\u201d. <em>\u201eGef\u00fcrchtet f\u00fcr seine rassistischen und brutalen Aufm\u00e4rsche, terrorisierte der Ku Klux Klan vor allem die schwarze Bev\u00f6lkerung der ehemaligen S\u00fcdstaaten in den USA. Auch heute existieren noch letzte Organisationen des Geheimbundes. Die n-tv Dokumentation erm\u00f6glicht einen exklusiven Einblick in die Unterwelt des Ku Klux Klans und begleitet f\u00fchrende KKK-Mitglieder, die zum ersten Mal ihre wahre Identit\u00e4t vor der Kamera preisgeben.\u201d<\/em><\/li>\n<li><a href=\"http:\/\/www.arte.tv\/guide\/de\/046601-000\/wilhelm-der-eroberer\" target=\"_blank\">\u201eWilhelm der Eroberer\u201d<\/a> war der letzte Feldherr, dem es gelang, in England einzufallen und es dauerhaft zu erobern. Das ist knapp 1000 Jahre her. <em>\u201eDokumentiert wird die Eroberung Englands in den zahlreichen Szenen des Teppichs von Bayeux, jener detailreichen Stickarbeit, die Aufschluss \u00fcber viele Aspekte der Herrschaft Wilhelms des Eroberers gibt. Ein weiteres wertvolles Zeugnis f\u00fcr die Nachwelt ist das auf Wilhelms Veranlassung hin erstellte Lehnsregister Domesday Book, in dem er den Besitzstand seiner Untertanen genauestens vermerken lie\u00df. Anhand dieser Quellen und mit Hilfe zahlreicher Nachstellungen historischer Szenen und Wortbeitr\u00e4gen von Experten rekonstruiert der Dokumentarfilm die Epoche Wilhelms des Eroberers.\u201d<\/em> (<strong>Arte<\/strong>, 20.15 Uhr)<\/li>\n<li><em>\u201eVor 70 Jahren lieferten sich deutsche U-Boote und alliierte Seestreitkr\u00e4fte ein t\u00f6dliches Katz-und-Maus-Spiel um die Vorherrschaft im Atlantik. Es war die l\u00e4ngste und wohl auch eine der wichtigsten Schlachten des Zweiten Weltkrieges. Drei Viertel der U-Boot-Fahrer bezahlten den Einsatz unter Wasser mit dem Leben. Mithilfe j\u00fcngst durchgef\u00fchrter Tiefseevermessungen lassen sich nun die exakten Positionen von hunderten U-Booten und den von ihnen versenkten Schiffen genau lokalisieren. Dadurch ist es erstmals m\u00f6glich, die dramatische Geschichte der Verfolgungsjagden unter Wasser bis ins Detail zu rekonstruieren.\u201d<\/em> Alles weitere in der Doku <a href=\"http:\/\/www.phoenix.de\/content\/phoenix\/die_sendungen\/zdf_history:_todesfalle_atlantik\/808791?datum=2014-04-26\" target=\"_blank\">\u201eTodesfalle Atlantik\u201d<\/a> um 21.45 Uhr auf <strong>Phoenix<\/strong>.<\/li>\n<li>In diesen Tagen feiern wir den 450. Geburtstag Shakespeares. Doch wer genau dieser gro\u00dfe englische Dichter war, ist bis heute umstritten, eben \u201eDas Shakespeare-R\u00e4tsel\u201d. <em>\u201eEs gibt nur wenige zeitgen\u00f6ssische Quellen, in denen sein Name auftaucht \u2013 keine biografischen Notizen, Manuskripte oder Briefe. Umso empf\u00e4nglicher wurde die Nachwelt f\u00fcr Ger\u00fcchte und Spekulationen. Man wei\u00df: Shakespeare war der Sohn eines Handschuhmachers und tauchte im Alter von 30 Jahren pl\u00f6tzlich in London als Autor und Schauspieler auf. Nur \u2013 schrieb dieser historisch fassbare Shakespeare tats\u00e4chlich &#8222;Hamlet&#8220;, &#8222;K\u00f6nig Lear&#8220;, &#8222;Romeo und Julia&#8220;? Seit Jahrhunderten h\u00e4lt die sogenannte &#8222;Urheberschaftsdebatte&#8220; an. Viele Forscher behaupten, der Verfasser der Shakespeareschen Werke sei ein anderer gewesen: Christopher Marlowe, der Star des elisabethanischen Theaters. Weil ihm wegen Ketzerei die Hinrichtung drohte, soll er seinen eigenen Mord fingiert und unter Shakespeares Namen im Exil weitergeschrieben haben. Eine provokante These, die durch j\u00fcngste Ver\u00f6ffentlichungen neue Brisanz gewonnen hat.\u201d<\/em> (<a href=\"http:\/\/www.3sat.de\/programm\/?viewlong=viewlong&amp;d=20140426&amp;dayID=ClnDaN26&amp;cx=87#border1800\" target=\"_blank\"><strong>3sat<\/strong><\/a>, 21.45 Uhr). \u2014 Im Anschluss folgen zwei Dokus zur Architekturgeschichte des 20. Jahrhunderts. Um 22.30 Uhr \u201eVom Jugendstil zur Moderne \u2013 Die Architektur des 20. Jahrhunderts\u201d und um 23.15 Uhr \u201eParabeton \u2013 Pier Luigi Nervi und r\u00f6mischer Beton\u201d.<\/li>\n<\/ul>\n<h2 style=\"text-align: center;\">Sonntag, 27. April<\/h2>\n<ul>\n<li>Terra X startet um 19.30 Uhr im <strong>ZDF<\/strong> die dreiteilige Dokureihe <a href=\"http:\/\/www.zdf.de\/terra-x\/terra-x-welt-der-ritter-mittelalter-turnier-32587906.html\" target=\"_blank\">\u201eDie Welt der Ritter\u201d<\/a>. Heute geht es um <a href=\"http:\/\/terra-x.zdf.de\/ZDF\/zdfportal\/programdata\/893f31cb-04ff-3cec-b768-ccdc04d351b6\/20294007?doDispatch=1\" target=\"_blank\">\u201eHelden aus Eisen \u2013 Vom einfachen Reiter zum adligen Ritter\u201d<\/a>. <em>\u201eWann wurde aus dem Reiter ein Ritter? Diese Frage besch\u00e4ftigt die Forschung seit Jahrzehnten. Einer der ersten wahren Ritter k\u00f6nnte Heinrich Tangel aus Tannroda in Th\u00fcringen gewesen sein. Mit seiner Geschichte beginnt die Terra X-Zeitreise in die \u201aWelt der Ritter\u2019.\u201d<\/em> \u2014 Sp\u00e4ter am Abend, um 23.30 Uhr, folgt die dritte und letzte Folge der Terra X-Reihe \u201eDie K\u00f6nige Amerikas\u201d. <a href=\"http:\/\/history.zdf.de\/ZDF\/zdfportal\/programdata\/c5479add-a5dd-35ff-99cf-ca2843da6ec4\/20294011?doDispatch=1\" target=\"_blank\">\u201eHenry Ford und die Zukunft\u201d<\/a> sind das Thema.<\/li>\n<li>Der <strong>SWR<\/strong> hat heute den Thementag <a href=\"http:\/\/www.swrfernsehen.de\/mittelalter-im-suedwesten\/-\/id=12829500\/ncfsdr\/index.html\" target=\"_blank\">\u201eDas Mittelalter im S\u00fcdwesten\u201d<\/a> anzubieten. W\u00e4hrend des ganzen TV-Tages laufen Dokus mit mittelalterlichen Themen. <a href=\"http:\/\/www.swrfernsehen.de\/mittelalter-im-suedwesten\/mittelalter-programmuebersicht\/-\/id=12829500\/did=13140634\/nid=12829500\/11jszqn\/index.html\" target=\"_blank\">Hier<\/a> findet man einen Programm\u00fcberblick. Herausgreifen will ich die die beiden Dokus am Abend. Um 20.15 Uhr geht es um <a href=\"http:\/\/www.swr.de\/geschichte\/mittelalter-im-suedwesten-ritter\/-\/id=100754\/did=13080474\/nid=100754\/sdpgid=922740\/wwaeo2\/index.html\" target=\"_blank\">\u201eDie Welt der Ritter\u201d<\/a> und um 21 Uhr steht <a href=\"http:\/\/www.swr.de\/geschichte\/mittelalter-im-suedwesten-konstanz\/-\/id=100754\/did=13080478\/nid=100754\/sdpgid=922742\/1s4sivg\/index.html\" target=\"_blank\">\u201eKonstanz \u2013 Stadt des Konzils\u201d<\/a> im Zentrum. <em>\u201eEs war das \u201aMega-Event\u2019 des Mittelalters: Das Konstanzer Konzil von 1414 bis 1418! Lena Ganschow erkundet das sp\u00e4tmittelalterliche Konstanz. Das Stadtleben w\u00e4hrend des Konzils erm\u00f6glicht \u00fcberraschende Einblicke in das politische und gesellschaftliche Leben einer Zeit, in der sich die mittelalterliche Weltordnung aufzul\u00f6sen beginnt.\u201d<\/em><\/li>\n<\/ul>\n<h2 style=\"text-align: center;\">Montag, 28. April<\/h2>\n<ul>\n<li>Unter der \u00dcberschrift \u201eHitlers Hauptst\u00e4dte\u201d stellt <a href=\"http:\/\/www.n-tv.de\/mediathek\/tvprogramm\/?date=2014-04-28\" target=\"_blank\"><strong>N-TV<\/strong><\/a> die Nazi-Architekturpl\u00e4ne f\u00fcr die Zeit nach dem Zweiten Weltkrieg vor. <em>\u201eGigantische Bauten, die alle herk\u00f6mmlichen Dimensionen sprengen sollten: Hitlers Gr\u00f6\u00dfenwahn spiegelt sich auch in seinen architektonischen Pl\u00e4nen.\u201d<\/em> Um 20.05 Uhr sind die \u201eNazibauten in M\u00fcnchen\u201d im Blick, um 21.05 Uhr die \u201eNazibauten in Berlin\u201d. \u2014 Um 22.10 Uhr erfahren wir \u201eDie Wahrheit \u00fcber Hermann G\u00f6ring\u201d und um 23.05 Uhr \u201eDie Wahrheit \u00fcber Heinrich Himmler\u201d.<\/li>\n<li><em>\u201eIn den letzten Kriegswochen 1945 starteten Amerikaner und Russen eine beispiellose Jagd auf Wissenschaftler, Technologie und Material des deutschen Atomforschungsprogramms. Was aus Angst vor einer deutschen Atombombe begann, endete in einem Wettlauf um das deutsche Know-How f\u00fcr die jeweiligen Atombombenprojekte der Alliierten.\u201d<\/em> Die Doku <a href=\"http:\/\/programm.tagesschau24.de\/tv\/Geheimsache-Nazi-Uran%3A-Atomjagd-in-Brandenburg\/2014-04-28\/eid_2872112182243693\" target=\"_blank\">\u201eGeheimsache Nazi-Uran: Atomjagd in Brandenburg\u201d<\/a> berichtet um 20.15 Uhr auf <strong>tagesschau 24<\/strong> dar\u00fcber.<\/li>\n<li>Die erste Staffel der Reihe \u201eDie Deutschen\u201d startet auf <strong>Phoenix<\/strong>. Um 20.15 Uhr geht es los mit <a href=\"http:\/\/www.phoenix.de\/content\/phoenix\/die_sendungen\/die_deutschen_i_%281_10%29\/216330?datum=2014-04-28\" target=\"_blank\">\u201eOtto und das Reich\u201d<\/a> gefolgt von <a href=\"http:\/\/www.phoenix.de\/content\/phoenix\/die_sendungen\/die_deutschen_i_%282_10%29_\/453125?datum=2014-04-28\" target=\"_blank\">\u201eHeinrich und der Papst\u201d<\/a> um 21 Uhr.<\/li>\n<li>Die dreiteilige Dokureihe \u201e100 Jahre Landleben\u201d beleuchtet auf <strong>BR-alpha<\/strong> die Entwicklung der Landgesellschaft im 20. Jahrhundert. <em>\u201eAuch im 21. Jahrhundert, in einer Zeit, in der die St\u00e4dte und Metropolregionen immer weiter wachsen, lebt die H\u00e4lfte der Deutschen auf dem Land. Die dreiteilige Doku zeigt, wie sich das d\u00f6rfliche Leben seit den Zeiten der Stellmacher, Schmiede und Dorflehrer entwickelt hat.\u201d<\/em> Teil 1 <a href=\"http:\/\/www.br.de\/fernsehen\/br-alpha\/programmkalender\/sendung782360.html\" target=\"_blank\">\u201eUnsere Heimat \u2013 Das Dorf\u201d<\/a> l\u00e4uft um 20.15 Uhr. \u2014 Um 23 Uhr folgt aus der Reihe \u201eGeschichte Mitteldeutschlands\u201d der Beitrag <a href=\"http:\/\/www.br.de\/fernsehen\/br-alpha\/programmkalender\/sendung782368.html\" target=\"_blank\">\u201eLiebe im Mittelalter \u2013 Die Skandale des echten Tannh\u00e4user\u201d<\/a>.<\/li>\n<\/ul>\n<h2 style=\"text-align: center;\">Dienstag, 29. April<\/h2>\n<ul>\n<li>Der zweite Teil der Dokureihe \u201e100 Jahre Landleben\u201d l\u00e4uft um 20.15 Uhr auf <strong>BR-alpha<\/strong>: <a href=\"http:\/\/www.br.de\/fernsehen\/br-alpha\/programmkalender\/sendung782460.html\" target=\"_blank\">\u201eUnser Leben auf dem Hof\u201d<\/a>. \u2014 Um 22.45 Uhr gibt es die w\u00f6chentliche Folge der Reihe \u201eMythen \u2013 Michael K\u00f6hlmeier erz\u00e4hlt Sagen des klassischen Altertums\u201d. Thema sind heute <a href=\"http:\/\/www.br.de\/fernsehen\/br-alpha\/programmkalender\/sendung782466.html\" target=\"_blank\">\u201eTheseus und Peirithoos\u201d<\/a>.<\/li>\n<li>Auf <strong>Arte<\/strong> startet die achtteilige Doku-Reihe \u201e14 \u2013 Tageb\u00fccher des Ersten Weltkriegs\u201d. Folge 1 um 20.15 Uhr hei\u00dft <a href=\"http:\/\/www.arte.tv\/guide\/de\/044397-001\/14-tagebuecher-des-ersten-weltkriegs-1-8\" target=\"_blank\">\u201eDer Abgrund\u201d<\/a>. <em>\u201eEuropa im Jahr 1914: Ein hochger\u00fcsteter, von Spannungen gezeichneter Kontinent. 40 Jahre nach dem deutsch-franz\u00f6sischen Krieg durchzieht Europa ein Geflecht von Feindschaften. Den Beginn des Krieges im Sommer erleben die Protagonisten der Dokureihe auf unterschiedliche Weise: Die 14-j\u00e4hrige Marina Jurlowa folgt ihrem Vater, dem Kosaken-Oberst Jurlow, in einem Zug an die Front.\u201d<\/em> \u2014 Teil 2 <a href=\"http:\/\/www.arte.tv\/guide\/de\/044397-002\/14-tagebuecher-des-ersten-weltkriegs-2-8\" target=\"_blank\">\u201eDer Angriff\u201d<\/a> folgt um 21.10 Uhr. <em>\u201eAus dem europ\u00e4ischen Konflikt wird ein Weltkrieg. Griechenland und Bulgarien, Japan und das Osmanische Reich sind in den Krieg eingetreten. Gek\u00e4mpft wird in Europa, in Afrika und im Pazifik. Mehr als 20 Millionen M\u00e4nner stehen unter Waffen. Moderne Waffensysteme treffen auf eine althergebrachte Form der Kriegsf\u00fchrung. Aus dem Bewegungs- wird ein Stellungskrieg.\u201d<\/em><\/li>\n<li>21.15 Uhr <a href=\"http:\/\/www.mdr.de\/tv\/programm\/sendung388440.html\" target=\"_blank\">\u201eGeschichte Mitteldeutschlands \u2013 Das Magazin\u201d<\/a> im <strong>MDR<\/strong>.<\/li>\n<\/ul>\n<h2 style=\"text-align: center;\">Mittwoch, 30. April<\/h2>\n<ul>\n<li>Auf <strong>BR-alpha<\/strong> geht die Reihe \u201e100 Jahre Landleben\u201d mit der Folge <a href=\"http:\/\/www.br.de\/fernsehen\/br-alpha\/programmkalender\/sendung782562.html\" target=\"_blank\">\u201eBauer aus Leidenschaft\u201d<\/a> zu Ende (20.15 Uhr).<\/li>\n<li><a href=\"http:\/\/www.phoenix.de\/content\/phoenix\/die_sendungen\/mordakte_museum\/829313?datum=2014-04-30\" target=\"_blank\">\u201eMordakte Museum\u201d<\/a> geht Verbrechen im Namen der Wissenschaft nach. <em>\u201eNamhafte Pers\u00f6nlichkeiten sind darin verwickelt, Museen weltweit betroffen. Durch kriminelle Machenschaften wurden Sch\u00e4del und Skelette f\u00fcr wissenschaftliche Untersuchungen beschafft. Sogar von Auftragsmord ist die Rede. [\u2026] Tats\u00e4chlich haben sich hochrangige Wissenschaftler auf dubiosen Wegen mit Hilfe von Kolonialkr\u00e4ften Sch\u00e4del und Skelette Eingeborener beschafft \u2013 f\u00fcr Studien der Entwicklungsgeschichte des Menschen.<br \/>\nSie wollten beweisen, dass die farbigen Naturv\u00f6lker nur so etwas wie Vorstufen des modernen, wei\u00dfen Menschen seien. Zu Hunderten wurden Sch\u00e4del der Herero-Krieger aus dem Kriegsgebiet in Deutsch-S\u00fcdwest-Afrika nach Deutschland verschifft. Und aus Australien, wo die Ureinwohner im Zuge der britischen Kolonisierung quasi zum Freiwild wurden, verschafften sich damalige Wissenschaftler soviel Forschungs-&#8222;Material&#8220; wie irgend m\u00f6glich. [\u2026] Nach und nach haben heute Aborigines und auch Vertreter afrikanischer St\u00e4mme begonnen, in deutschen und anderen europ\u00e4ischen Museen nach den verschwundenen \u00dcberresten ihrer Ahnen zu suchen, und ihre Herausgabe zu fordern.\u201d<\/em> (<strong>Phoenix<\/strong>, 20.15 Uhr).<\/li>\n<\/ul>\n<h2 style=\"text-align: center;\">Donnerstag, 1. Mai \u2013 Feiertag<\/h2>\n<ul>\n<li>Auf <strong>Phoenix<\/strong> steht heute Abend Europa im Mittelpunkt. Um 20.15 Uhr beleuchtet die Doku <a href=\"http:\/\/www.phoenix.de\/content\/phoenix\/die_sendungen\/dokumentationen\/das_wunder_von_europa\/125682?datum=2014-05-01\" target=\"_blank\">\u201eDas Wunder von Europa \u2013 Vom Schlachtfeld zur Union\u201d<\/a> die europ\u00e4ischen Vertr\u00e4ge, die vor 50 Jahren geschlossen wurden und einen Wendepunkt in der europ\u00e4ischen Geschichte darstellten. <em>\u201eBlickt man nur ein halbes Jahrhundert weiter zur\u00fcck, ins Jahr 1907 etwa, r\u00fcckt das Zeitalter des Nationalismus und Imperialismus in den Blick, Europa stand noch vor den beiden furchtbaren Weltkriegen; weitere hundert Jahre zuvor unterwarf Napoleon den Kontinent. Das nach den schlimmsten Vernichtungskriegen der Menschheitsgeschichte ehemalige Gegner den Entschluss fassten, Teile nationaler Souver\u00e4nit\u00e4t abzugeben, um sich einer gemeinsamen Sache zu verschreiben, markiert die fundamentale historische Wende in der Mitte des 20. Jahrhunderts: vom Schlachtfeld zur Union. Dass diese Union nach weiteren Jahrzehnten Kalten Krieges auch die Kontrahenten des Ost-West-Konfliks aufnahm, ist eine Fortsetzung der erstaunlichen Entwicklung.\u201d<\/em> \u2014 Um 20.45 Uhr folgt die Doku <a href=\"http:\/\/www.phoenix.de\/content\/phoenix\/die_sendungen\/karl_der_grosse\/792185?datum=2014-05-01\" target=\"_blank\">\u201eKarl der Gro\u00dfe\u201d<\/a>.<\/li>\n<li>Die Doku <a href=\"http:\/\/programm.tagesschau24.de\/tv\/Der-Kanzlerspion\/2014-05-01\/eid_2872111993146557\" target=\"_blank\">\u201eDer Kanzlerspion\u201d<\/a> schildert das Doppelleben des G\u00fcnter Guillaume, der als Referent im Bundeskanzleramt den damaligen Bundeskanzler Willy Brandt f\u00fcr die DDR ausspionierte. Als er 1974 aufflog, blieb Brandt nur der R\u00fccktritt. (<strong>tagesschau 24<\/strong>, 20.15 Uhr).<\/li>\n<\/ul>\n<h2 style=\"text-align: center;\">Freitag, 2. Mai<\/h2>\n<ul>\n<li><a href=\"http:\/\/www.arte.tv\/guide\/de\/049239-000\/die-spiegel-affare\" target=\"_blank\">\u201eDie Spiegel-Aff\u00e4re\u201d<\/a> ersch\u00fctterte 1962 die alte Bundesrepublik. Das Dokuspiel (BRD 2013, Regie: Roland Suso Richter) auf <strong>Arte<\/strong> f\u00fchrt um 20.15 Uhr die damaligen Vorg\u00e4nge noch einmal vor Augen. <em>\u201eUnter dem Menetekel des Wettr\u00fcstens der Superm\u00e4chte, das 1962 in der Kubakrise eskaliert und die Welt an den Rand eines Atomkriegs f\u00fchrt, fechten zwei exemplarische M\u00e4nnergestalten der Nachkriegszeit eine beinahe archaisch anmutende Fehde aus: der Verteidigungsminister Franz Josef Strau\u00df (Francis Fulton-Smith) und der Journalist Rudolf Augstein (Sebastian Rudolph). Wo f\u00fcr Strau\u00df die Devise gilt \u201aLieber tot als rot\u2019, lautet Augsteins Maxime \u201eNie wieder ein totalit\u00e4rer Staat\u201c. Strau\u00df will den drohenden Atomkrieg verhindern, indem er die neu geschaffene Bundeswehr bis an die Z\u00e4hne atomar bewaffnet, um den Warschauer Pakt als eigene Territorialmacht in Schach zu halten. Augstein ist \u00fcberzeugt, dass eine solche Politik des \u201eS\u00e4belrasselns\u201c fr\u00fcher oder sp\u00e4ter unweigerlich zur Katastrophe f\u00fchren muss. Augstein gibt an seine Leute beim \u201eSpiegel\u201c die Parole aus: \u201aDieser Mann darf niemals Kanzler werden.\u2019\u201d<\/em><\/li>\n<li>Gestern Guillaume, heute Willy Brandt. Der <a href=\"http:\/\/www.wdr.de\/programmvorschau\/suche.html?medium=F&amp;sender=10&amp;datum=2014-05-02&amp;zeit=1900-2400\" target=\"_blank\"><strong>WDR<\/strong><\/a> zeigt die Doku \u201eWilly Brandt \u2013 Erinnerungen an ein Politikerleben\u201d um 23.15 Uhr.<\/li>\n<\/ul>\n","protected":false},"excerpt":{"rendered":"<p>Der April geht zu Ende. Hier der Blick auf die Geschichtssendungen der kommenden Woche, die u.a. einiges zum Thema Mittelalter bereit halten, das Landleben in den vergangenen 100 Jahren beleuchten und die Geschichte Europas in den Blick nehmen:<\/p>\n","protected":false},"author":10,"featured_media":0,"comment_status":"open","ping_status":"open","sticky":false,"template":"","format":"standard","meta":{"footnotes":""},"categories":[4,8],"tags":[],"class_list":["post-3144","post","type-post","status-publish","format-standard","hentry","category-geschichte-im-fernsehen","category-history-tv"],"aioseo_notices":[],"_links":{"self":[{"href":"http:\/\/historikerkraus.de\/blog\/wp-json\/wp\/v2\/posts\/3144","targetHints":{"allow":["GET"]}}],"collection":[{"href":"http:\/\/historikerkraus.de\/blog\/wp-json\/wp\/v2\/posts"}],"about":[{"href":"http:\/\/historikerkraus.de\/blog\/wp-json\/wp\/v2\/types\/post"}],"author":[{"embeddable":true,"href":"http:\/\/historikerkraus.de\/blog\/wp-json\/wp\/v2\/users\/10"}],"replies":[{"embeddable":true,"href":"http:\/\/historikerkraus.de\/blog\/wp-json\/wp\/v2\/comments?post=3144"}],"version-history":[{"count":2,"href":"http:\/\/historikerkraus.de\/blog\/wp-json\/wp\/v2\/posts\/3144\/revisions"}],"predecessor-version":[{"id":3147,"href":"http:\/\/historikerkraus.de\/blog\/wp-json\/wp\/v2\/posts\/3144\/revisions\/3147"}],"wp:attachment":[{"href":"http:\/\/historikerkraus.de\/blog\/wp-json\/wp\/v2\/media?parent=3144"}],"wp:term":[{"taxonomy":"category","embeddable":true,"href":"http:\/\/historikerkraus.de\/blog\/wp-json\/wp\/v2\/categories?post=3144"},{"taxonomy":"post_tag","embeddable":true,"href":"http:\/\/historikerkraus.de\/blog\/wp-json\/wp\/v2\/tags?post=3144"}],"curies":[{"name":"wp","href":"https:\/\/api.w.org\/{rel}","templated":true}]}}