{"id":3139,"date":"2014-04-19T10:42:00","date_gmt":"2014-04-19T08:42:00","guid":{"rendered":"http:\/\/historikerkraus.de\/blog\/?p=3139"},"modified":"2014-04-19T10:45:07","modified_gmt":"2014-04-19T08:45:07","slug":"tv-vorschau-19-25-april-2014","status":"publish","type":"post","link":"http:\/\/historikerkraus.de\/blog\/2014\/04\/19\/tv-vorschau-19-25-april-2014\/","title":{"rendered":"TV-Vorschau 19. \u2013 25. April 2014"},"content":{"rendered":"<p>Geschichte an den Ostertagen und in der Osterwoche. Hier ein paar Tipps. Allen Lesern w\u00fcnsche ich ein frohes Osterfest:<!--more--><\/p>\n<h2 style=\"text-align: center;\">Samstag, 19. April \u2013 Karsamstag<\/h2>\n<ul>\n<li>Auf <a href=\"http:\/\/www.n-tv.de\/mediathek\/tvprogramm\/?date=2014-04-19\" target=\"_blank\"><strong>N-TV<\/strong><\/a> steht heute Abend die biblische Geschichte im Mittelpunkt. Um 20.05 Uhr geht es los mit zwei Beitr\u00e4gen der Reihe \u201eBibel-Geheimnisse\u201d. Zun\u00e4chst geht es um \u201eDie Wahrheit \u00fcber Jesus\u201d. <em>\u201eDas Neue Testament erz\u00e4hlt vom Leben und Sterben von Jesus Christus. Doch knapp zwanzig Jahre werden in der Bibel verschwiegen. Was passierte mit Jesus, als er zwischen zw\u00f6lf und drei\u00dfig Jahre alt war? Neue wissenschaftliche Hinweise geben Aufschl\u00fcsse dar\u00fcber, dass Jesus wom\u00f6glich ein Rebell war und am Beginn einer Revolution stand. In dieser Dokumentation untersuchen Wissenschaftler einen versteckten Bunker, der das Geheimnis offenbaren k\u00f6nnte.\u201d<\/em> \u2014 Um 21.05 Uhr folgt ein Beitrag \u00fcber \u201eMaria Magdalena\u201d. <em>\u201eObwohl Maria Magdalena im Neuen Testament kaum erw\u00e4hnt wird, ist sie Gegenstand der Forschung. In einigen alten Texten finden sich Hinweise darauf, dass sie wom\u00f6glich eine gr\u00f6\u00dfere Rolle gespielt haben k\u00f6nnte, als die Bibel ahnen l\u00e4sst. Doch was ist dran an diesen Ger\u00fcchten? Handelt es sich dabei nur um blo\u00dfe Theorien oder gibt es wissenschaftliche Beweise?\u201d<\/em> \u2014 Und um 22.05 Uhr geht es noch um \u201e Das geheime Leben der Apostel.\u201d <em>\u201eDer Legende nach reisten vor 2.000 Jahren zw\u00f6lf gew\u00f6hnliche M\u00e4nner tausende von Meilen, riskierten ihr Leben und opferten alles, was sie besa\u00dfen. Sie waren auserw\u00e4hlt von Jesus und sollten Gottes Botschaft \u00fcberbringen. Wer waren diese M\u00e4nner? Wo f\u00fchrte ihr Weg sie lang? Die Dokumentation folgt dem Weg der Apostel und erkl\u00e4rt, wie das Christentum geboren wurde.\u201d<\/em><\/li>\n<li>Filme \u00fcber Adolf Hitler gibt es viele. Auch eine ganze Zahl von Spielfilmen, die sich nicht auf dokumentarischer, sondern auf k\u00fcnstlerischer Ebene mit ihm auseinandersetzen. Der wohl fr\u00fcheste seiner Art und zweifelsohne einer der besten ist \u201eDer gro\u00dfe Diktator\u201d (USA 1940, Regie: Charles Chaplin) mit Charlie Chaplin in der Doppelrolle des j\u00fcdischen Friseurs und des Diktators Hynkel, eine Karikatur Hitlers. \u201eDer gro\u00dfe Diktator\u201d war Chaplins erster Dialog-Film, <em>\u201eist ein pers\u00f6nliches und politisches Bekenntnis. Eine traurige Farce, eine hellsichtige Slapstick-Satire mit tief bewegenden Z\u00fcgen.\u201d<\/em> (<a href=\"http:\/\/www.3sat.de\/programm\/?viewlong=viewlong&amp;d=20140419&amp;dayID=ClnDaN19&amp;cx=87#border1800\" target=\"_blank\"><strong>3sat<\/strong><\/a>, 20.15 Uhr). Auf N-TV gibt es am Montag eine passende Doku.<\/li>\n<li><em>\u201eDer \u201aLebensborn\u2019 diente der NS-Rassepolitik und war eine Idee Heinrich Himmlers, des Reichsf\u00fchrers der SS. Aufgenommen wurden nur solche schwangeren Frauen, die nachweisen konnten, dass sowohl sie selbst als auch der Vater des Kindes arisch im Sinne der NS-Rassegesetze waren. Dann konnten sie im Lebensbornheim diskret entbinden. [\u2026] Das Gef\u00fchl, \u201a&#8230;irgendwie Schuld zu haben an irgendwelchen Dingen, an denen ich im Grunde nicht Schuld habe\u2019, begleitet viele Kinder des Lebensborn ein Leben lang. In dieser ARD-Dokumentation erz\u00e4hlen drei von ihnen erstmals ihre bewegende Geschichte.\u201d<\/em> <a href=\"http:\/\/programm.tagesschau24.de\/tv\/Kinder-des-Lebensborn\/2014-04-19\/eid_2872111949233762\" target=\"_blank\">\u201eKinder des Lebensborn\u201d<\/a>, 21.02 Uhr <strong>tagesschau 24<\/strong>.<\/li>\n<li>In der zweiten Folge von \u201eDie K\u00f6nige Amerikas\u201d geht es auf <strong>Phoenix<\/strong> um 21.45 Uhr um <a href=\"http:\/\/www.phoenix.de\/content\/phoenix\/die_sendungen\/zdf_history:_die_koenige_amerikas_%282_3%29\/827711?datum=2014-04-19\" target=\"_blank\">\u201eJ.P. Morgan und das Geld\u201d<\/a>.<\/li>\n<\/ul>\n<h2 style=\"text-align: center;\">Sonntag, 20. April \u2013 Ostersonntag<\/h2>\n<ul>\n<li>Am Ostersonntag ist das Programm f\u00fcr den Geschichtsfreund eher d\u00fcnn, aber auf <strong>tagesschau 24<\/strong> gibt es um 22 Uhr immerhin die Doku <a href=\"http:\/\/programm.tagesschau24.de\/tv\/Weisses-Gold-vom-Main\/2014-04-20\/eid_2872112151803002\" target=\"_blank\">\u201eWei\u00dfes Gold vom Main \u2013 Die H\u00f6chster Porzellan-Geschichte\u201d<\/a>. Mitte des 18. Jahrhunderts entstand bei Frankfurt eine hervorragende Porzellan-Manufaktur, deren Produkte sich mit dem ber\u00fchmten Mei\u00dfner Porzellan messen konnten. 1947 wurde die Tradition aufgegriffen und die Manufaktur neu gegr\u00fcndet. <em>\u201eDie H\u00f6chster Manufaktur ist ein Kleinod, das Tradition und handwerkliche Perfektion weiterleben l\u00e4sst und zugleich ganz neue Wege der Porzellangestaltung geht.\u201d<\/em><\/li>\n<\/ul>\n<h2 style=\"text-align: center;\">Montag, 21. April \u2013 Ostermontag<\/h2>\n<ul>\n<li>Auf 3sat lief am Samstag \u201eDer gro\u00dfe Diktator\u201d von und mit Charlie Chaplin. <a href=\"http:\/\/www.n-tv.de\/mediathek\/tvprogramm\/?date=2014-04-21\" target=\"_blank\"><strong>N-TV<\/strong><\/a> zeigt um 20.05 Uhr die passende Doku \u201eDer Tramp und der Diktator\u201d. <em>\u201eAls Viktoria Chaplin im Nachlass ihres Vaters Charlie st\u00f6berte, fand sie per Zufall einige halbverrostete Filmb\u00fcchsen. Das erstaunlich gut erhaltene Filmmaterial wirft ein Schlaglicht auf eines der ehrgeizigsten Projekte Chaplins: seine Abrechnung mit dem Naziregime Adolf Hitlers. Mit satirischem Genie hatte er den &#8218;F\u00fchrer&#8216; nicht nur der L\u00e4cherlichkeit preisgegeben, sondern viel mehr das brutale Wesen des Diktators entlarvt. Die Spiegel TV-Doku zeigt zwei der einflussreichsten M\u00e4nner des Zwanzigsten Jahrhunderts.\u201d<\/em> \u2014 Um 21.05 folgt ein Beitrag \u00fcber \u201eHeinz R\u00fchmann \u2013 Ein Komiker und das Dritte Reich\u201d. \u2014 Und um 22.05 gibt es noch die Doku \u201eHitler und der Wagner-Clan\u201d.<\/li>\n<li>In einem \u201eFaktencheck mit Petra Gerster\u201d geht es um 19.30 Uhr im <strong>ZDF<\/strong> um die <a href=\"http:\/\/dokumentation.zdf.de\/ZDF\/zdfportal\/programdata\/ec7f5086-a119-3282-b350-36a3816e802f\/20292561?doDispatch=1\" target=\"_blank\">\u201eStrafsache Jesus\u201d<\/a>. <em>\u201eSeit Jahrhunderten besuchen fromme Pilger die angeblichen Schaupl\u00e4tze des Prozesses Jesu. Doch Arch\u00e4ologen und Historiker weisen auf zahlreiche Unstimmigkeiten hin, deuten die Widerspr\u00fcche in der biblischen \u00dcberlieferung. Was ist Wahrheit, was fromme Legende? Und mit welcher Absicht erz\u00e4hlen die Evangelisten vom dramatischen Ende des Jesus aus Nazareth?\u201d<\/em><\/li>\n<li>Auf <strong>3sat<\/strong> l\u00e4uft um 20.15 Uhr der prominent besetzte und opulent inszenierte <em>\u201eEventfilm \u00fcber eine der einflussreichsten deutschen K\u00fcnstlerfamilien mit Iris Berben als Cosima Wagner in der Hauptrolle\u201d<\/em>: <a href=\"http:\/\/www.3sat.de\/page\/?source=\/musik\/176179\/index.html\" target=\"_blank\">\u201eDer Wagner-Clan \u2013 Eine Familiengeschichte\u201d<\/a>.<\/li>\n<li><strong>tagesschau 24<\/strong> pr\u00e4sentiert um 22 Uhr das <a href=\"http:\/\/programm.tagesschau24.de\/tv\/Geheimnis-Villa-Huegel\/2014-04-21\/eid_2872111949267304\" target=\"_blank\">\u201eGeheimnis Villa H\u00fcgel\u201d<\/a>. <em>\u201eDie gewaltige Villa hoch \u00fcber dem Tal der Ruhr ist das Werk eines Besessenen. Alfred Krupp hat das prunkvolle Anwesen ab 1870 auf dem H\u00f6hepunkt seines unternehmerischen Erfolgs bauen lassen. Ein Monumentalbau, der zugleich Wohnhaus und Ort der angemessenen Repr\u00e4sentation f\u00fcr das damals schon weltweit t\u00e4tige Unternehmen Krupp sein sollte. [\u2026] Die Villa H\u00fcgel ist ein Ort, an dem die M\u00e4chtigen ein- und ausgingen und an dem Geschichte geschrieben wurde: im Kaiserreich, der Weimarer Republik, im nationalsozialistischen Deutschland und in der Bundesrepublik. \u201aGeheimnis Villa H\u00fcgel\u2019 \u2013 ein faszinierendes St\u00fcck deutscher Geschichte.\u201d<\/em><\/li>\n<\/ul>\n<h2 style=\"text-align: center;\">Dienstag, 22. April<\/h2>\n<ul>\n<li>\u201eDie Eroberung der Alpen\u201d ist das Thema einer f\u00fcnfteiligen Doku-Reihe, die auf <strong>Phoenix<\/strong> zu sehen ist. Um 20.15 Uhr l\u00e4uft Teil 1 <a href=\"http:\/\/www.phoenix.de\/content\/phoenix\/die_sendungen\/die_eroberung_der_alpen_%281_5%29\/311021?datum=2014-04-22\" target=\"_blank\">\u201e\u00dcber den Pass\u201d<\/a>. <em>\u201eM\u00e4chtige Gipfel und unpassierbare Schluchten beherrschen die Alpen, eine Barriere aus Fels, Schnee und Eis im Herzen Europas. Und doch werden sie passiert: Schon im Mittelalter sind sie Teil globaler Handelsrouten und europ\u00e4ischer Machtk\u00e4mpfe. Zum wichtigsten Alpenpass wird der Simplon. Napoleon l\u00e4sst erste Stra\u00dfen \u00fcber die Berge bauen, um seine Truppen so schnell wie m\u00f6glich durch das felsige Terrain bewegen zu k\u00f6nnen. Nutznie\u00dfer sind die zivilen Fuhrunternehmer. Bald schon \u00fcberspannt ein Netz von Postkutschenverbindungen die Alpen. Danach kommt die Eisenbahn \u2026\u201d<\/em> \u2014 Teil 2 <a href=\"http:\/\/www.phoenix.de\/content\/phoenix\/die_sendungen\/die_eroberung_der_alpen_%282_5%29\/311025?datum=2014-04-22\" target=\"_blank\">\u201eDer Durchbruch\u201d<\/a> folgt um 21 Uhr. <em>\u201eIm 19. Jahrhundert erobert die Eisenbahn Europa. Doch w\u00e4hrend der Kontinent rasant zusammenw\u00e4chst, bleiben die Alpen ein un\u00fcberwindbares Hindernis. Keine Lokomotive schaffte es, die steilen H\u00f6hen zu \u00fcberwinden oder in den winterlichen Bedingungen des Hochgebirges zu bestehen. Da entsteht der gewagte Plan, einen Tunnel durch die Berge zu treiben.\u201d<\/em><\/li>\n<li>Auf <strong>BR-alpha<\/strong> l\u00e4uft wieder um 22.45 Uhr eine Folge der Reihe \u201eMythen \u2013 Michael K\u00f6hlmeier erz\u00e4hlt Sagen des klassischen Altertums\u201d. Es geht um <a href=\"http:\/\/www.br.de\/fernsehen\/br-alpha\/programmkalender\/sendung-532254.html\" target=\"_blank\">\u201eK\u00f6nig Theseus\u201d<\/a>.<\/li>\n<\/ul>\n<h2 style=\"text-align: center;\">Mittwoch, 23. April<\/h2>\n<ul>\n<li>Auf <strong>Phoenix<\/strong> geht \u201eDie Eroberung der Alpen\u201d weiter. Um 20.15 Uhr gibt es den dritten Teil <a href=\"http:\/\/www.phoenix.de\/content\/311709\" target=\"_blank\">\u201eGipfelst\u00fcrmer\u201d<\/a>. <em>\u201eEnde des 19. Jahrhunderts entwickelt sich ein neuer Blickwinkel auf die Alpen. Es geht nicht mehr darum, die Berge aus der Ferne zu bestaunen, die Menschen wollen hinauf auf die sagenhaften Gipfel von Matterhorn oder Eiger. Ausgel\u00f6st durch wohlhabende Engl\u00e4nder, die in immer gr\u00f6\u00dferer Zahl die Schweizer Alpen bereisen, beginnt der Tourismus die Region zu erobern.\u201d<\/em> \u2014 <a href=\"http:\/\/www.phoenix.de\/content\/311715\" target=\"_blank\">\u201eWasserkraft\u201d<\/a> ist der Titel des vierten Teils um 21 Uhr. <em>\u201eDie Dokumentation zeigt, mit welchen Anstrengungen und Opfern die Menschen seit jeher versuchen, sich diese Energie zunutze zu machen. So dokumentiert sie mit historischen Archivaufnahmen, wie der Pionier Oskar von Miller zu Beginn des 20. Jahrhunderts um seine fl\u00e4chendeckende Elektrifizierung k\u00e4mpft und schlie\u00dflich mit dem Walchenseekraftwerk Technikgeschichte schreibt.\u201d<\/em><\/li>\n<li>Um 21 Uhr pr\u00e4sentiert Erwin Grosche im <a href=\"http:\/\/www.wdr.de\/programmvorschau\/suche.html?medium=F&amp;sender=10&amp;datum=2014-04-23&amp;zeit=1900-2400\" target=\"_blank\"><strong>WDR<\/strong><\/a> \u201eMeine Lieblings-Museen in Nordrhein-Westfalen\u201d. <em>\u201eDas Museum Folkwang in Essen, das Haus der Geschichte in Bonn, das Museum Ludwig in K\u00f6ln oder die Kunstsammlung NRW in D\u00fcsseldorf \u2013 das alles sind erste Adressen f\u00fcr Kunstliebhaber in Nordrhein-Westfalen. Auf der Hitliste der Lieblingsmuseen von Erwin Grosche finden allerdings ganz andere Museen ihren Platz. Die kleinen versteckten, skurrilen Museen im Land haben es dem Kleink\u00fcnstler und Schauspieler angetan. Das Sackmuseum zum Beispiel oder das Feuerwehrmuseum. Das Drahtmuseum oder das Gerichtsmuseum.\u201d<\/em><\/li>\n<li>Im <strong>BR<\/strong> gibt es um 22 Uhr eine weitere Folge der Reihe \u201eDas bayerische Jahrtausend\u201d. Thema heute: <a href=\"http:\/\/www.br.de\/fernsehen\/bayerisches-fernsehen\/programmkalender\/sendung-531740.html\" target=\"_blank\">\u201e19. Jahrhundert: F\u00fcrth\u201d<\/a>.<\/li>\n<\/ul>\n<h2 style=\"text-align: center;\">Donnerstag, 24. April<\/h2>\n<ul>\n<li>Um 20.15 Uhr zeigt <strong>Phoenix<\/strong> den letzten Teil der Reihe \u201eDie Eroberung der Alpen\u201d mit dem Titel <a href=\"http:\/\/www.phoenix.de\/content\/311725\" target=\"_blank\">\u201eH\u00f6henflug\u201d<\/a>. <em>\u201eHeute reist man mit Linienjets in 10.000 Meter H\u00f6he \u00fcber die Alpen, in bequemen Sitzen und mit Bordservice. Aber als sich vor hundert Jahren unerschrockene Flugpioniere daran machten, dieses Gebirge zu erobern, war jene Leichtigkeit unvorstellbar. In fliegenden Kisten aus Holz, Leinwand und Klavierdraht versuchten die Piloten, Europas h\u00f6chste Berge zu \u00fcberfliegen, und so mancher bezahlte daf\u00fcr mit seinem Leben. Doch im Juli 1913 gelingt dem Schweizer Oskar Bider eine Weltsensation: Er \u00fcberquert als erster Mensch den Alpen-Hauptkamm in einem Flugzeug.\u201d<\/em> \u2014 Der Zweiteiler \u201eIm Schatten der Macht\u201d erz\u00e4hlt die dramatische Geschichte der 14 Tage von der Enttarnung des Kanzlerspions G\u00fcnter Guillaume bis zum R\u00fccktritt Willy Brandts im Jahr 1974. Teil 1 <a href=\"http:\/\/www.phoenix.de\/content\/phoenix\/die_sendungen\/dokumentationen\/im_schatten_der_macht_%281_2%29\/68497?datum=2014-04-24\" target=\"_blank\">\u201eDie Falle\u201d<\/a> beginnt um 22.15 Uhr, Teil 2 <a href=\"http:\/\/www.phoenix.de\/content\/phoenix\/die_sendungen\/dokumentationen\/im_schatten_der_macht_%282_2%29\/68500?datum=2014-04-24\" target=\"_blank\">\u201eVier Tage im Mai\u201d<\/a> folgt um 23.45 Uhr.<\/li>\n<li>NS-Raubkunst und die Wege, die diese Kunstwerke nach dem Krieg genommen haben, sind ein aktuelles und ernstes Thema. <em>\u201eAm 30. November 2013 wurde zum Beispiel im Berliner Kunstauktionshaus Bassenge die Zeichnung \u201aMartha lesend\u2019 von Max Liebermann \u201aaus Privatbesitz\u2019 versteigert. Wurde hier still und unauff\u00e4llig mit NS-Raubkunst gehandelt? Mindestens bis 1935 geh\u00f6rte das Blatt schlie\u00dflich Martha Liebermann. Nach dem Tod ihres Mannes hatte sie die Zeichnung mit einem Nachlassstempel versehen. Doch was geschah danach?\u201d<\/em> Die Doku <a href=\"http:\/\/www.rbb-online.de\/fernsehen\/programm\/24_04_2014\/11991112898.html\" target=\"_blank\">\u201eAuf den Spuren der Sammlung Liebermann\u201d<\/a> um 22.45 Uhr auf <strong>RBB<\/strong> ist im wahrsten Sinn des Wortes \u201eEin Kunstkrimi\u201d.<\/li>\n<\/ul>\n<h2 style=\"text-align: center;\">Freitag, 25. April<\/h2>\n<ul>\n<li>Die dreiteilige Doku \u201eKap der St\u00fcrme \u2013 Land der Hoffnung\u201d beleuchtet die Geschichte S\u00fcdafrikas. Um 20.15 Uhr l\u00e4uft Teil 1 <a href=\"http:\/\/www.phoenix.de\/content\/phoenix\/die_sendungen\/kap_der_stuerme_land_der_hoffnung_%281_3%29\/307968?datum=2014-04-25\" target=\"_blank\">\u201e1652-1795\u201d<\/a>, um 21 Uhr Teil 2 <a href=\"http:\/\/www.phoenix.de\/content\/phoenix\/die_sendungen\/kap_der_stuerme_land_der_hoffnung_%282_3%29\/456568?datum=2014-04-25\" target=\"_blank\">\u201e1795-1913\u201d<\/a> und Teil 3 <a href=\"http:\/\/www.phoenix.de\/content\/phoenix\/die_sendungen\/kap_der_stuerme_land_der_hoffnung_%283_3%29\/456615?datum=2014-04-25\" target=\"_blank\">\u201e1913-2010\u201d<\/a> um 21.45 Uhr. Zu sehen ist die Doku auf <strong>Phoenix<\/strong>.<\/li>\n<\/ul>\n","protected":false},"excerpt":{"rendered":"<p>Geschichte an den Ostertagen und in der Osterwoche. Hier ein paar Tipps. Allen Lesern w\u00fcnsche ich ein frohes Osterfest:<\/p>\n","protected":false},"author":10,"featured_media":0,"comment_status":"open","ping_status":"open","sticky":false,"template":"","format":"standard","meta":{"footnotes":""},"categories":[4,8],"tags":[],"class_list":["post-3139","post","type-post","status-publish","format-standard","hentry","category-geschichte-im-fernsehen","category-history-tv"],"aioseo_notices":[],"_links":{"self":[{"href":"http:\/\/historikerkraus.de\/blog\/wp-json\/wp\/v2\/posts\/3139","targetHints":{"allow":["GET"]}}],"collection":[{"href":"http:\/\/historikerkraus.de\/blog\/wp-json\/wp\/v2\/posts"}],"about":[{"href":"http:\/\/historikerkraus.de\/blog\/wp-json\/wp\/v2\/types\/post"}],"author":[{"embeddable":true,"href":"http:\/\/historikerkraus.de\/blog\/wp-json\/wp\/v2\/users\/10"}],"replies":[{"embeddable":true,"href":"http:\/\/historikerkraus.de\/blog\/wp-json\/wp\/v2\/comments?post=3139"}],"version-history":[{"count":2,"href":"http:\/\/historikerkraus.de\/blog\/wp-json\/wp\/v2\/posts\/3139\/revisions"}],"predecessor-version":[{"id":3143,"href":"http:\/\/historikerkraus.de\/blog\/wp-json\/wp\/v2\/posts\/3139\/revisions\/3143"}],"wp:attachment":[{"href":"http:\/\/historikerkraus.de\/blog\/wp-json\/wp\/v2\/media?parent=3139"}],"wp:term":[{"taxonomy":"category","embeddable":true,"href":"http:\/\/historikerkraus.de\/blog\/wp-json\/wp\/v2\/categories?post=3139"},{"taxonomy":"post_tag","embeddable":true,"href":"http:\/\/historikerkraus.de\/blog\/wp-json\/wp\/v2\/tags?post=3139"}],"curies":[{"name":"wp","href":"https:\/\/api.w.org\/{rel}","templated":true}]}}