{"id":3119,"date":"2014-03-28T16:12:46","date_gmt":"2014-03-28T14:12:46","guid":{"rendered":"http:\/\/historikerkraus.de\/blog\/?p=3119"},"modified":"2014-03-28T16:16:28","modified_gmt":"2014-03-28T14:16:28","slug":"tv-vorschau-29-maerz-4-april-2014-teil-1","status":"publish","type":"post","link":"http:\/\/historikerkraus.de\/blog\/2014\/03\/28\/tv-vorschau-29-maerz-4-april-2014-teil-1\/","title":{"rendered":"TV-Vorschau 29. M\u00e4rz \u2013 4. April 2014 \u2013 Teil 1"},"content":{"rendered":"<p>Zum Monatswechsel hier wieder der Blick auf das Geschichts-TV der kommenden Woche. Diesmal bis einschlie\u00dflich Mittwoch. Die letzten zwei Tage der Woche folgen sp\u00e4testens am Donnerstag:<!--more--><\/p>\n<h2 style=\"text-align: center;\">Samstag, 29. M\u00e4rz<\/h2>\n<ul>\n<li>\u201eHitler privat\u201c bestimmt das Abendprogramm von <a href=\"http:\/\/www.n-tv.de\/mediathek\/tvprogramm\/?date=2014-03-29\" target=\"_blank\"><strong>N-TV<\/strong><\/a>. <em>\u201eDer Name Hitler steht als Synonym f\u00fcr Gewalt und Unmenschlichkeit, fanatischen Antisemitismus und pervertierten Nationalismus, f\u00fcr Krieg und V\u00f6lkermord. Die Inkarnation des B\u00f6sen sei er gewesen, ein Monster der Geschichte, meinen viele Experten. Die Darstellung Hitlers als Mensch ist immer noch ein Tabu. Die Dokumentation bricht damit und versucht so die politischen Handlungen zu erkl\u00e4ren.\u201c<\/em> (20.05 Uhr, 21.05 Uhr, 22.05 Uhr und 23.05 Uhr).<\/li>\n<li>Die beiden restlichen Folgen der Doku \u201eDie Wikinger\u201c, deren erster Teil gestern auf <strong>Phoenix<\/strong> lief, gibt es heute um 20.15 Uhr (<a href=\"http:\/\/www.phoenix.de\/content\/phoenix\/die_sendungen\/die_wikinger_%282_3%29\/819738?datum=2014-03-29\" target=\"_blank\">\u201eDer Anfang des Handelsimperiums\u201c<\/a>) und um 21 Uhr (<a href=\"http:\/\/www.phoenix.de\/content\/phoenix\/die_sendungen\/die_wikinger_%283_3%29\/819747?datum=2014-03-29\" target=\"_blank\">\u201eDas Ende der Entdecker\u201c<\/a>). \u2014 Die ZDF-History-Folge <a href=\"http:\/\/www.phoenix.de\/content\/phoenix\/die_sendungen\/zdf_history:_geraubte_kunst\/820340?datum=2014-03-29\" target=\"_blank\">\u201eGeraubte Kunst \u2013 Auf der Jagd nach verlorenen Sch\u00e4tzen\u201c<\/a> schlie\u00dft sich um 21.45 Uhr an.<\/li>\n<li><strong>Arte<\/strong> begibt sich heute Abend auf zwei uralte Handelsstra\u00dfen. Um 20.15 Uhr ist es zun\u00e4chst <a href=\"http:\/\/www.arte.tv\/guide\/de\/045752-000\/die-bernsteinstrasse\" target=\"_blank\">\u201eDie Bernsteinstrasse\u201c<\/a>. <em>\u201e\u201aTr\u00e4nen der G\u00f6tter\u2018 wird der Bernstein genannt. Das fossile Harz war bereits bei Herrschern des Altertums beliebt und wurde angeblich zwischen der Ostsee und dem Mittelmeer gehandelt. Der Dokumentarfilm folgt den Spuren der Bernsteinh\u00e4ndler der Antike und entdeckt in Bernstorf bei Freising eine versunkene, durch Bernsteinhandel einst unermesslich reiche Stadt.\u201c<\/em> \u2014 Um 21.40 Uhr folgt der Beitrag <a href=\"http:\/\/www.arte.tv\/guide\/de\/047512-000\/schatzjagd-an-der-seidenstrasse\" target=\"_blank\">\u201eSchatzjagd an der Seidenstra\u00dfe\u201c<\/a>: <em>\u201eWandeln in der chinesischen Terrakotta- Armee griechische Krieger? Was verraten Wandmalereien, omin\u00f6se Schriften und eine Silberschale \u00fcber fr\u00fche Kontakte zwischen Ost und West? Und was haben blonde Mumien im chinesischen W\u00fcstensand zu suchen? Eine spannende Spurensuche im \u201aReich der Mitte\u2018.\u201c<\/em><\/li>\n<\/ul>\n<h2 style=\"text-align: center;\">Sonntag, 30. M\u00e4rz<\/h2>\n<ul>\n<li>\u201eDer Untergang der Titanic\u201c ist Thema einer Doku um 20.05 Uhr auf <a href=\"http:\/\/www.n-tv.de\/mediathek\/tvprogramm\/?date=2014-03-30\" target=\"_blank\"><strong>N-TV<\/strong><\/a>.<\/li>\n<li><em>\u201eDer Film <a href=\"http:\/\/alleinflug.zdf.de\/ZDF\/zdfportal\/programdata\/2b55f2a4-7f1c-4c25-b39a-55d9fa04cd1e\/20283537?doDispatch=1\" target=\"_blank\">\u201eElly Beinhorn &#8211; Alleinflug\u201c<\/a> (BRD 2014, Regie: Christine Hartmann) erz\u00e4hlt die abenteuerliche Geschichte der Elly Beinhorn, der bedeutendsten Pilotin ihrer Zeit. Erz\u00e4hlt wird die Zeit von 1928 bis 1939. [\u2026] Sie geh\u00f6rte zu den modernen Frauen, die den Aufbruch des Jahrhunderts mitgestalten wollten. Sie gab nicht auf und umrundete 1932 als erste Frau mit ihrer einmotorigen Maschine die Welt &#8211; alleine! Dies war ihr pers\u00f6nlicher und beruflicher Durchbruch.\u201c<\/em> (<strong>ZDF<\/strong>, 20.15 Uhr). \u2014 Am sp\u00e4teren Abend folgt noch die passende ZDF-History-Doku <a href=\"http:\/\/www.zdf.de\/ZDF\/zdfportal\/programdata\/c5479add-a5dd-35ff-99cf-ca2843da6ec4\/20283540\" target=\"_blank\">\u201eElly Beinhorn\u201c<\/a> (0.10 Uhr).<\/li>\n<li>Zum 110. Geburtstag von Kurt Georg Kiesinger am 06.04. zeigt der <strong>SWR<\/strong> um 20.15 Uhr die biographische Doku <a href=\"http:\/\/www.swr.de\/geschichte\/zum-110-kanzler-und-koenig-von-baden-wuerttemberg\/-\/id=100754\/did=12950024\/nid=100754\/20aq56\/index.html\" target=\"_blank\">\u201eKanzler und \u201aK\u00f6nig von Baden-W\u00fcrttemberg\u2018\u201c<\/a>. <em>\u201eKurt Georg Kiesinger ist der Mann, der entscheidend dazu beitrug, Baden-W\u00fcrttemberg aus der Taufe zu heben. Doch seine Rolle als Kanzler war, nicht nur bei der Gr\u00fcndung des neuen Bundeslandes im S\u00fcdwesten, umstritten. [\u2026] Bis heute gehen die Einsch\u00e4tzungen auseinander. Die einen sehen ihn als Taktierer, als politisch kraftlosen Verwalter mit zweifelhafter Vergangenheit. Die anderen als klugen, untersch\u00e4tzten Staatsmann mit Weitblick. Wer war Kurt Georg Kiesinger wirklich?\u201c<\/em><\/li>\n<li><a href=\"http:\/\/www.phoenix.de\/content\/phoenix\/die_sendungen\/der_fall_borgia\/515325?datum=2014-03-30\" target=\"_blank\">\u201eDer Fall Borgia\u201c<\/a> wird auf <strong>Phoenix<\/strong> um 20.15 Uhr aufgerollt. <em>\u201eInzest, sexuelle Ausschweifungen, Korruption und Brudermord &#8211; es gibt kaum eine Tods\u00fcnde, die dem Borgia-Clan nicht nachgesagt wird. Allen voran Rodrigo Borgia, der adlige Empork\u00f6mmling aus Spanien, dem es 1492 unter dubiosen Umst\u00e4nden gelingt, als Alexander VI. den Papstthron zu besteigen. [\u2026] Bis heute polarisiert Papst Alexander VI., und zweifelhafte \u00dcberlieferungen erschweren ein klares Urteil \u00fcber seine Person. Wer war er wirklich, dieser Papst? Was ist Mythos, was Wirklichkeit im \u201aFall Borgia\u2018?\u201c<\/em> \u2014 Und um 21 Uhr folgt der Beitrag <a href=\"http:\/\/www.phoenix.de\/content\/phoenix\/die_sendungen\/zdf_history:_der_schwarze_tod\/375986?datum=2014-03-30\" target=\"_blank\">\u201eDer Schwarze Tod\u201c<\/a> aus der Reihe ZDF-History. <em>\u201eEs begann wie eine harmlose Erk\u00e4ltung. Doch dann kam das Fieber, schwarze Beulen bildeten sich am Nacken, schlie\u00dflich spuckte der Patient Blut. Der Tod trat nach wenigen Tagen ein &#8211; so geschehen im Jahr 1437. Es war die gr\u00f6\u00dfte biologische Katastrophe der Menschheit. Fast die H\u00e4lfte der europ\u00e4ischen Bev\u00f6lkerung starb an der geheimnisvollen Krankheit, deren Ursachen den Zeitgenossen R\u00e4tsel aufgaben.\u201c<\/em><\/li>\n<\/ul>\n<h2 style=\"text-align: center;\">Montag, 31. M\u00e4rz<\/h2>\n<ul>\n<li>Farbige Filmaufnahmen des Zweiten Weltkriegs gibt es auf <a href=\"http:\/\/www.n-tv.de\/mediathek\/tvprogramm\/?date=2014-03-31\" target=\"_blank\"><strong>N-TV<\/strong><\/a> um 20.05 Uhr. <em>\u201eHitlers Pilot und ein amerikanischer Gesch\u00e4ftsmann, Soldaten der Wehrmacht und Kameraleute der Alliierten, sie alle hatten eine gemeinsame Passion. Sie filmten Geschichte in Farbe. So haben einzigartige Dokumente die Zeit \u00fcberdauert. Die Spiegel TV-Doku zeigt die Bilder vom Naziterror und alliiertem Widerstand, Bilder vom Sterben an der Front und in der Heimat, Bilder von Verbrechen und Vergeltung, von Untergang und Neubeginn.\u201c<\/em> \u2014 Um 21.05 Uhr geht es um \u201eHightech-Nazijagd\u201c.<\/li>\n<\/ul>\n<h2 style=\"text-align: center;\">Dienstag, 1. April<\/h2>\n<ul>\n<li>Die Geschichte Rheinhessens ist Thema des Films <a href=\"http:\/\/www.hr-online.de\/website\/fernsehen\/sendungen\/index.jsp?rubrik=47706&amp;key=standard_document_40652581\" target=\"_blank\">\u201eGrenzgeschichten entlang des Rheins &#8211; Vom Nibelungenland zum M\u00e4useturm\u201c<\/a> um 20.15 Uhr im <strong>HR<\/strong> (bei dem Link stimmt der Sendetermin nicht!). \u2014 Um 21 Uhr geht es um <a href=\"http:\/\/www.hr-online.de\/website\/fernsehen\/sendungen\/index.jsp?rubrik=47706&amp;key=standard_document_40008425\" target=\"_blank\">\u201eHessisch-Westf\u00e4lische Grenzgeschichten \u2013 Entlang der Diemel\u201c<\/a> (auch hier bitte nicht von dem falschen Sendetermin im Link irritieren lassen).<\/li>\n<li>Die ersten zwei Teile der Dokureihe \u201eDie Geschichte der Nordsee\u201c erwarten den <strong>Phoenix<\/strong>-Zuschauer. Um 20.15 Uhr sind es <a href=\"http:\/\/www.phoenix.de\/content\/phoenix\/die_sendungen\/die_geschichte_der_nordsee_%281_3%29\/249067?datum=2014-04-01\" target=\"_blank\">\u201eErste K\u00fcstenbewohner\u201c<\/a> und um 21 Uhr der <a href=\"http:\/\/www.phoenix.de\/content\/phoenix\/die_sendungen\/die_geschichte_der_nordsee_%282_3%29\/249081?datum=2014-04-01\" target=\"_blank\">\u201eKampf um die K\u00fcste\u201c<\/a>. Der Schluss folgt dann morgen.<\/li>\n<li><a href=\"http:\/\/www.mdr.de\/tv\/programm\/sendung376390.html\" target=\"_blank\">\u201eGeschichte Mitteldeutschlands &#8211; Das Magazin\u201c<\/a> l\u00e4uft wieder im <strong>MDR<\/strong> um 21.15 Uhr. \u2014 Im Anschluss l\u00e4uft um 22.05 Uhr der zweite und letzte Teil der Doku \u201eHitlers Polizei\u201c. Titel: <a href=\"http:\/\/www.mdr.de\/tv\/programm\/sendung376394.html\" target=\"_blank\">\u201eOrdnung und Vernichtung 1939 &#8211; 1945\u201c<\/a>.<\/li>\n<li>Die alldienst\u00e4gliche Folge aus der Reihe \u201eMythen &#8211; Michael K\u00f6hlmeier erz\u00e4hlt Sagen des klassischen Altertums\u201c hei\u00dft <a href=\"http:\/\/www.br.de\/fernsehen\/br-alpha\/programmkalender\/sendung-510306.html\" target=\"_blank\">\u201eDer junge Theseus\u201c<\/a> und l\u00e4uft wie immer um 21.45 Uhr auf <strong>BR-alpha<\/strong>.<\/li>\n<\/ul>\n<h2 style=\"text-align: center;\">Mittwoch, 2. April<\/h2>\n<ul>\n<li>Der dritte Teil der Dokureihe \u201eDie Geschichte der Nordsee\u201c ist um 20.15 Uhr unter dem Titel <a href=\"http:\/\/www.phoenix.de\/content\/249096\" target=\"_blank\">\u201eK\u00fcste zwischen Krieg und Frieden\u201c<\/a> auf <strong>Phoenix<\/strong> zu sehen.<\/li>\n<li>In der Reihe \u201eUnsere Geschichte\u201c beleuchtet der <strong>NDR<\/strong> um 21 Uhr <a href=\"http:\/\/www.ndr.de\/fernsehen\/epg\/epg1157_sid-1493342.html\" target=\"_blank\">\u201eMeine Kindheit in Nordfriesland<br \/>\nHigh Definition\u201c<\/a>. Der Film <em>\u201eist eine Zeitreise in die 1950er- bis 1970er-Jahre. Autor Sven Jaax, selbst Nordfriese, l\u00e4sst seine Landsleute von ihren Kindertagen an der K\u00fcste erz\u00e4hlen und wie sie gelernt haben, sich von nichts so leicht umwerfen zu lassen.\u201c<\/em><\/li>\n<\/ul>\n<p style=\"text-align: center;\"><strong>Fortsetzung folgt!<\/strong><\/p>\n","protected":false},"excerpt":{"rendered":"<p>Zum Monatswechsel hier wieder der Blick auf das Geschichts-TV der kommenden Woche. Diesmal bis einschlie\u00dflich Mittwoch. Die letzten zwei Tage der Woche folgen sp\u00e4testens am Donnerstag:<\/p>\n","protected":false},"author":10,"featured_media":0,"comment_status":"open","ping_status":"open","sticky":false,"template":"","format":"standard","meta":{"footnotes":""},"categories":[4,8],"tags":[],"class_list":["post-3119","post","type-post","status-publish","format-standard","hentry","category-geschichte-im-fernsehen","category-history-tv"],"aioseo_notices":[],"_links":{"self":[{"href":"http:\/\/historikerkraus.de\/blog\/wp-json\/wp\/v2\/posts\/3119","targetHints":{"allow":["GET"]}}],"collection":[{"href":"http:\/\/historikerkraus.de\/blog\/wp-json\/wp\/v2\/posts"}],"about":[{"href":"http:\/\/historikerkraus.de\/blog\/wp-json\/wp\/v2\/types\/post"}],"author":[{"embeddable":true,"href":"http:\/\/historikerkraus.de\/blog\/wp-json\/wp\/v2\/users\/10"}],"replies":[{"embeddable":true,"href":"http:\/\/historikerkraus.de\/blog\/wp-json\/wp\/v2\/comments?post=3119"}],"version-history":[{"count":3,"href":"http:\/\/historikerkraus.de\/blog\/wp-json\/wp\/v2\/posts\/3119\/revisions"}],"predecessor-version":[{"id":3123,"href":"http:\/\/historikerkraus.de\/blog\/wp-json\/wp\/v2\/posts\/3119\/revisions\/3123"}],"wp:attachment":[{"href":"http:\/\/historikerkraus.de\/blog\/wp-json\/wp\/v2\/media?parent=3119"}],"wp:term":[{"taxonomy":"category","embeddable":true,"href":"http:\/\/historikerkraus.de\/blog\/wp-json\/wp\/v2\/categories?post=3119"},{"taxonomy":"post_tag","embeddable":true,"href":"http:\/\/historikerkraus.de\/blog\/wp-json\/wp\/v2\/tags?post=3119"}],"curies":[{"name":"wp","href":"https:\/\/api.w.org\/{rel}","templated":true}]}}