{"id":3115,"date":"2014-03-21T18:05:59","date_gmt":"2014-03-21T16:05:59","guid":{"rendered":"http:\/\/historikerkraus.de\/blog\/?p=3115"},"modified":"2014-03-21T18:08:52","modified_gmt":"2014-03-21T16:08:52","slug":"tv-vorschau-22-28-maerz-2014","status":"publish","type":"post","link":"http:\/\/historikerkraus.de\/blog\/2014\/03\/21\/tv-vorschau-22-28-maerz-2014\/","title":{"rendered":"TV-Vorschau 22. \u2013 28. M\u00e4rz 2014"},"content":{"rendered":"<p>Hier wieder ein Blick auf die Sendungen im deutschen Fernsehen der kommenden Woche, die sich geschichtlichen Themen widmen. Darunter befinden sich auch eine Doku \u00fcber die Schicksale junger Soldaten im Ersten Weltkrieg (\u201eMit Jubel in die H\u00f6lle\u201c), gleich zwei Dokus jeweils \u00fcber die Wikinger und \u00fcber mittelalterliche Herrscherpers\u00f6nlichkeiten.<!--more--><\/p>\n<h2 style=\"text-align: center;\">Samstag, 22. M\u00e4rz<\/h2>\n<ul>\n<li>Der weite Weg zwischen Kaiserreich und \u201eDrittem Reich\u201c zeichnet eine vierteilige Doku auf <a href=\"http:\/\/www.n-tv.de\/mediathek\/tvprogramm\/?date=2014-03-22\" target=\"_blank\"><strong>N-TV<\/strong><\/a> nach (20.05 Uhr, 21.05 Uhr, 22.05 Uhr und 23.05 Uhr).<\/li>\n<li><em>\u201eIn Chambon sur Lignon, einem kleinen Dorf in der s\u00fcdlichen Auvergne, befand sich im Zweiten Weltkrieg eine Oase der Menschlichkeit. Wer immer in dem von den Nazis besetzten n\u00f6rdlichen Teil Frankreichs oder in dem von P\u00e9tain regierten S\u00fcden auf der Flucht war und auf irgendwelchen Wegen Chambon erreichte, konnte auf Hilfe z\u00e4hlen. Die Einwohner des kleinen Dorfes versteckten Juden in ihren eigenen H\u00e4usern, manchmal Jahre lang, verhalfen ihnen zu Papieren oder schleusten sie \u00fcber die Schweizer Grenze in Sicherheit. In Yad Vas-hem wird das gesamte Dorf zu den Gerechten gez\u00e4hlt und f\u00fcr seinen Mut geehrt.\u201c<\/em> Die Doku <a href=\"http:\/\/programm.tagesschau24.de\/tv\/Das-Widerstandsnest\/2014-03-22\/eid_2872111801596437\" target=\"_blank\">\u201eDas Widerstandsnest. Ein Dorf hilft den Juden\u201c<\/a> bringt den Ort wieder in Erinnerung (<strong>tagesschau 24<\/strong>, 20.15 Uhr). \u2014 Passend zum Thema folgt um 21.30 Uhr die Doku <a href=\"http:\/\/programm.tagesschau24.de\/tv\/Ueberleben-im-Versteck\/2014-03-22\/eid_2872111801596471\" target=\"_blank\">\u201e\u00dcberleben im Versteck. J\u00fcdische Kinder und ihre Retter\u201c<\/a>.<\/li>\n<li><a href=\"http:\/\/www.arte.tv\/guide\/de\/050700-000\/die-hangenden-garten-von-babylon\" target=\"_blank\">\u201eDie H\u00e4ngenden G\u00e4rten von Babylon\u201c<\/a> sind eines der sieben Weltwunder der Antike. Um sie ranken sich viele Mythen. <em>\u201eBisherige Ausgrabungen haben zu keiner Antwort auf die Frage gef\u00fchrt, wo sie genau gelegen haben. Dank der au\u00dfergew\u00f6hnlichen Funde der Wissenschaftlerin Stephanie Dalley kann nun erstmals genau bestimmt werden, an welchem Ort sich die legend\u00e4ren G\u00e4rten befanden, wie sie aussahen und wie sie erbaut wurden.\u201c<\/em> (<strong>Arte<\/strong>, 20.15 Uhr). \u2014 Wer mehr \u00fcber die Geschichte der Babylonier erfahren will, schaut sich um 21 Uhr die Doku <a href=\"http:\/\/www.arte.tv\/guide\/de\/039350-000\/b-wie-babylon\" target=\"_blank\">\u201eB &#8230; wie Babylon!\u201c<\/a> an. <em>\u201eDas sagenumwobene Babylon im Zweistromland Mesopotamien wurde vor fast 5.000 Jahren gegr\u00fcndet. Die Dokumentation begibt sich auf eine faszinierende Zeitreise zu den Urspr\u00fcngen der legend\u00e4ren Kultur der Babylonier und stellt Forscher vor, die die heute unzug\u00e4ngliche arch\u00e4ologische St\u00e4tte untersucht haben.\u201c<\/em><\/li>\n<\/ul>\n<h2 style=\"text-align: center;\">Sonntag, 23. M\u00e4rz<\/h2>\n<ul>\n<li>Die dritte und letzte Folge der Reihe \u201eGro\u00dfe V\u00f6lker\u201c behandelt <a href=\"http:\/\/terra-x.zdf.de\/ZDF\/zdfportal\/programdata\/893f31cb-04ff-3cec-b768-ccdc04d351b6\/20281644?doDispatch=1\" target=\"_blank\">\u201e Die Wikinger \u2013 Mutige Entdecker, vision\u00e4re H\u00e4ndler des Mittelalters\u201c<\/a> (19.30 Uhr im <strong>ZDF<\/strong>). <em>\u201eAls wilde Horde aus dem Norden machen die Wikinger 739 nach Christus zum ersten Mal von sich reden. Der Blitzangriff auf das nordenglische Kloster Lindisfarne ist der Auftakt einer Reihe von Pl\u00fcnderungen, die Europa dauerhaft in Angst und Schrecken versetzen. Mancher Regent bezahlt den \u201aSeekriegern\u2018 sogar eine Art Schutzgeld, nur damit sie nicht wiederkommen. Ihr Ruf als mordl\u00fcsterne Barbaren h\u00e4lt sich \u00fcber viele Jahrhunderte. Dabei sind ihre Leistungen als mutige Entdecker, vision\u00e4re H\u00e4ndler und Begr\u00fcnder von St\u00e4dten und K\u00f6nigreichen in Vergessenheit geraten. Doch es sind die Wikinger, die durch ihr Wirken den Verlauf der europ\u00e4ischen Geschichte im Mittelalter ma\u00dfgeblich beeinflusst haben.\u201c<\/em> \u2014 Und um 23.55 Uhr geht es in \u201eZDF-History\u201c um <a href=\"http:\/\/history.zdf.de\/ZDF\/zdfportal\/programdata\/c5479add-a5dd-35ff-99cf-ca2843da6ec4\/20277035?doDispatch=1\" target=\"_blank\">\u201eGeraubte Kunst: Auf der Jagd nach verlorenen Sch\u00e4tzen\u201c<\/a>. <em>\u201eAn der Seite von US-Soldaten, Polizeiermittlern und Kunsthistorikern macht sich \u201aZDF-History\u2018 auf eine spannende Spurensuche in der Geschichte und zeigt, warum manche Meisterwerke erst durch ihren Raub zu Weltruhm gelangen.\u201c<\/em><\/li>\n<li>Die vierteilige Doku \u201eMysterien der Geschichte\u201c beginnt heute Abend auf <strong>Phoenix<\/strong>. Folge 1 l\u00e4uft um 20.15 Uhr unter dem Titel <a href=\"http:\/\/www.phoenix.de\/content\/phoenix\/die_sendungen\/mysterien_der_geschichte\/821342?datum=2014-03-23\" target=\"_blank\">\u201eDie heilige Bundeslade\u201c<\/a>. <em>\u201eIn dieser Folge sucht der Journalist Oliver Steeds nach dem bedeutendsten Kultgegenstand der Welt. Der Legende besagt, sie sei der Beweis f\u00fcr die Gegenwart Gottes. Bis heute ist jedoch die Existenz dieses Artefaktes nicht bewiesen.\u201c<\/em> \u2014 Teil 2 folgt um 21 Uhr und behandelt <a href=\"http:\/\/www.phoenix.de\/content\/phoenix\/die_sendungen\/mysterien_der_geschichte\/821361?datum=2014-03-23\" target=\"_blank\">\u201eDas Geheimnis der Nasca-Linien\u201c<\/a>. \u2014 Um 22.30 Uhr geht es in einer Folge der Reihe \u201eGeheimnisvolle Orte\u201c um <a href=\"http:\/\/www.phoenix.de\/content\/phoenix\/die_sendungen\/geheimnisvolle_orte\/733409?datum=2014-03-23\" target=\"_blank\">\u201eHitlers Schloss in Schlesien\u201c<\/a>.<\/li>\n<\/ul>\n<h2 style=\"text-align: center;\">Montag, 24. M\u00e4rz<\/h2>\n<ul>\n<li><em>\u201eEs war eines der gigantischsten Bauvorhaben der Menschheitsgeschichte. \u00dcberall im Dritten Reich und den von Deutschland besetzten Gebieten wurden 1944 ganze Fabrikanlagen in unterirdische Stollensysteme verlegt, um sie dem Bombenhagel der Alliierten zu entziehen. Die Spiegel TV-Doku [\u201eDas Unterirdische Reich\u201c] hat in Zusammenarbeit mit dem Historiker Michael Foedrowitz einige dieser heute vergessenen Anlagen erforscht und die Geschichte des \u201aunterirdischen Reiches\u2018 rekonstruiert.\u201c<\/em> (<a href=\"http:\/\/www.n-tv.de\/mediathek\/tvprogramm\/?date=2014-03-24\" target=\"_blank\"><strong>N-TV<\/strong><\/a>, Teil 1 20.05 Uhr, Teil 2 21.05 Uhr).<\/li>\n<li>Die \u201eMysterien der Geschichte\u201c gehen in die dritte und vierte Runde. Um 20.15 Uhr ist <a href=\"http:\/\/www.phoenix.de\/content\/phoenix\/die_sendungen\/mysterien_der_geschichte\/821372?datum=2014-03-24\" target=\"_blank\">\u201eDas Bernsteinzimmer\u201c<\/a> Thema auf <strong>Phoenix<\/strong>. Die <em>\u201eEpisode verfolgt die aktuellsten Spuren des Bernsteinzimmers und versucht den gestohlenen Schatz ausfindig zu machen. Durch Expeditionen in Osteuropa und Deutschland, die in geheime Bunker und Stollen der Nazis f\u00fchren, sowie Bohrungen unterhalb einer mittelalterlichen Festung, die einst die Nationalsozialisten besetzten, fanden die Forscher einige Puzzelteile, die m\u00f6glicherweise eines Tages das Gesamtbild vervollst\u00e4ndigen und zum Verbleib des Bernsteinzimmers f\u00fchren.\u201c<\/em> \u2014 Der sagenhafte <a href=\"http:\/\/www.phoenix.de\/content\/phoenix\/die_sendungen\/mysterien_der_geschichte\/821377?datum=2014-03-24\" target=\"_blank\">\u201eRobin Hood\u201c<\/a> beendet um 21 Uhr dann die Dokuserie.<\/li>\n<\/ul>\n<h2 style=\"text-align: center;\">Dienstag, 25. M\u00e4rz<\/h2>\n<ul>\n<li><em>\u201e\u2018Unsere Stimmung ist gl\u00e4nzend, ernst und weihevoll; es ist doch etwas Eigenartiges, wenn man so nahe an dem Tode steht.\u2018 Es sind verst\u00f6rende Worte aus dem achtb\u00e4ndigen Kriegstagebuch des jungen bayerischen Offiziers Kurt Hopffer, der auszog, um sich auf den Schlachtfeldern als Held zu beweisen. [\u2026] Hopffer starb bei Verdun: \u201aHeute ist Himmelfahrt\u2018, begann sein letzter Eintrag ins Tagebuch am 1. Juni 1916. Pers\u00f6nliche Aufzeichnungen wie diese, von Soldaten des Ersten Weltkriegs, bilden die Grundlage f\u00fcr den Film von Stefan Brauburger und Stefan Mausbach.\u201c<\/em> <a href=\"http:\/\/zeit.zdf.de\/ZDF\/zdfportal\/programdata\/554e767c-004d-36a6-9be7-ceec661f1b5a\/20281707?doDispatch=1\" target=\"_blank\">\u201eMit Jubel in die H\u00f6lle\u201c<\/a>, <strong>ZDF<\/strong>, 19.30 Uhr.<\/li>\n<li>Die Geschichte der Psychiatrie in Arnsdorf zwischen Kaiserreich und Bundesrepublik ist Gegenstand der Doku <a href=\"http:\/\/www.mdr.de\/tv\/programm\/sendung373448.html\" target=\"_blank\">\u201eIrre normal\u201c<\/a> aus der Reihe \u201eDer Osten \u2013 Entdecke wo du lebst\u201c im <strong>MDR<\/strong> um 20.15 Uhr. \u2014 Um 22.05 Uhr folgt der erste Teil der Doku <a href=\"http:\/\/www.mdr.de\/tv\/programm\/sendung374150.html\" target=\"_blank\">\u201eHitlers Polizei \u2013 Ordnung und Terror 1933\u20131939\u201c<\/a>. <em>\u201eDie deutsche Polizei war eine wesentliche St\u00fctze des NS-Systems. Schon bald nach der Macht\u00fcbernahme 1933 konnten sich die Nationalsozialisten auf die Polizei verlassen. Sie sorgte nachhaltig f\u00fcr die Stabilisierung der NS-Herrschaft \u2013 auch indem sie sich am Terror gegen die politischen und weltanschaulichen Gegner beteiligte.\u201c<\/em> Der zweite Teil l\u00e4uft eine Woche sp\u00e4ter.<\/li>\n<li>Um 22.45 Uhr gibt es wieder auf <strong>BR-alpha<\/strong> eine Folge der Reihe \u201eMythen \u2013 Michael K\u00f6hlmeier erz\u00e4hlt Sagen des klassischen Altertums\u201c. Diesmal geht es um <a href=\"http:\/\/www.br.de\/fernsehen\/br-alpha\/programmkalender\/sendung-503700.html\" target=\"_blank\">\u201eAigeus\u201c<\/a>.<\/li>\n<\/ul>\n<h2 style=\"text-align: center;\">Mittwoch, 26. M\u00e4rz<\/h2>\n<ul>\n<li>Nachkriegsdeutschland (West) ist Thema zweier Dokus auf <strong>Phoenix<\/strong>. Zun\u00e4chst um 20.15 Uhr aus der Reihe \u201eGeheimnisvolle Orte\u201c der Beitrag <a href=\"http:\/\/www.phoenix.de\/content\/phoenix\/die_sendungen\/geheimnisvolle_orte\/632544?datum=2014-03-26\" target=\"_blank\">\u201eDas amerikanische Hauptquartier\u201c<\/a>. <em>\u201eEine Machtzentrale in West Berlin \u2013 die Machtzentrale im Westteil der Stadt. Das Hauptquartier der amerikanischen Streitkr\u00e4fte in der Clayallee. [\u2026] Im Amerikanischen Hauptquartier wurde fast 50 Jahre lang das Schicksal Berlins ma\u00dfgeblich mitbestimmt. In den 1930er Jahren von den Nationalsozialisten erbaut, ist die Verwaltungs und Kasernenanlage noch heute von monumentaler Wucht.\u201c<\/em> \u2014 Und um 21 Uhr geht es um <a href=\"http:\/\/www.phoenix.de\/content\/phoenix\/die_sendungen\/nazis_im_bnd\/817464?datum=2014-03-26\" target=\"_blank\">\u201eNazis im BND \u2013 Neuer Dienst und alte Kameraden\u201c<\/a>.<\/li>\n<li>Die n\u00e4chste Folge der Reihe \u201eDas bayerische Jahrtausend\u201c l\u00e4uft um 22 Uhr im <strong>BR<\/strong> und behandelt das <a href=\"http:\/\/www.br.de\/fernsehen\/bayerisches-fernsehen\/programmkalender\/sendung-505226.html\" target=\"_blank\">\u201e15. Jahrhundert: N\u00fcrnberg\u201c<\/a>.<\/li>\n<\/ul>\n<h2 style=\"text-align: center;\">Donnerstag, 27. M\u00e4rz<\/h2>\n<ul>\n<li>Zwei mittelalterliche Potentaten werden auf <strong>Phoenix<\/strong> vorgestellt. Um 20.15 Uhr ist es <a href=\"http:\/\/www.phoenix.de\/content\/phoenix\/die_sendungen\/kaiser_heinrich_ii_\/821647?datum=2014-03-27\" target=\"_blank\">\u201eKaiser Heinrich II.\u201c<\/a> und um 21 Uhr <a href=\"http:\/\/www.phoenix.de\/content\/phoenix\/die_sendungen\/kaiser_barbarossa\/281064?datum=2014-03-27\" target=\"_blank\">\u201eKaiser Barbarossa\u201c<\/a>.<\/li>\n<\/ul>\n<h2 style=\"text-align: center;\">Freitag, 28. M\u00e4rz<\/h2>\n<ul>\n<li>Die dreiteilige Doku \u201eDie Wikinger\u201c startet um 20.15 Uhr auf <strong>Phoenix<\/strong> mit dem Beitrag <a href=\"http:\/\/www.phoenix.de\/content\/phoenix\/die_sendungen\/die_wikinger_%281_3%29\/819726?datum=2014-03-28\" target=\"_blank\">\u201eDie mysteri\u00f6sen Vorfahren\u201c<\/a>. <em>\u201eDie erste Folge befasst sich mit den Vorfahren der Wikinger. Die \u00dcberreste von Kriegsschiffen und von einem ehemaligen k\u00f6niglichen Palast sowie grausame heidnische Rituale lassen eine Vergangenheit auferstehen, die schlie\u00dflich in das Zeitalter der Wikinger m\u00fcndete.\u201c<\/em> Morgen folgen dann die Teile 2 und 3.<\/li>\n<\/ul>\n","protected":false},"excerpt":{"rendered":"<p>Hier wieder ein Blick auf die Sendungen im deutschen Fernsehen der kommenden Woche, die sich geschichtlichen Themen widmen. Darunter befinden sich auch eine Doku \u00fcber die Schicksale junger Soldaten im Ersten Weltkrieg (\u201eMit Jubel in die H\u00f6lle\u201c), gleich zwei Dokus jeweils \u00fcber die Wikinger und \u00fcber mittelalterliche Herrscherpers\u00f6nlichkeiten.<\/p>\n","protected":false},"author":10,"featured_media":0,"comment_status":"open","ping_status":"open","sticky":false,"template":"","format":"standard","meta":{"footnotes":""},"categories":[4,8],"tags":[],"class_list":["post-3115","post","type-post","status-publish","format-standard","hentry","category-geschichte-im-fernsehen","category-history-tv"],"aioseo_notices":[],"_links":{"self":[{"href":"http:\/\/historikerkraus.de\/blog\/wp-json\/wp\/v2\/posts\/3115","targetHints":{"allow":["GET"]}}],"collection":[{"href":"http:\/\/historikerkraus.de\/blog\/wp-json\/wp\/v2\/posts"}],"about":[{"href":"http:\/\/historikerkraus.de\/blog\/wp-json\/wp\/v2\/types\/post"}],"author":[{"embeddable":true,"href":"http:\/\/historikerkraus.de\/blog\/wp-json\/wp\/v2\/users\/10"}],"replies":[{"embeddable":true,"href":"http:\/\/historikerkraus.de\/blog\/wp-json\/wp\/v2\/comments?post=3115"}],"version-history":[{"count":3,"href":"http:\/\/historikerkraus.de\/blog\/wp-json\/wp\/v2\/posts\/3115\/revisions"}],"predecessor-version":[{"id":3118,"href":"http:\/\/historikerkraus.de\/blog\/wp-json\/wp\/v2\/posts\/3115\/revisions\/3118"}],"wp:attachment":[{"href":"http:\/\/historikerkraus.de\/blog\/wp-json\/wp\/v2\/media?parent=3115"}],"wp:term":[{"taxonomy":"category","embeddable":true,"href":"http:\/\/historikerkraus.de\/blog\/wp-json\/wp\/v2\/categories?post=3115"},{"taxonomy":"post_tag","embeddable":true,"href":"http:\/\/historikerkraus.de\/blog\/wp-json\/wp\/v2\/tags?post=3115"}],"curies":[{"name":"wp","href":"https:\/\/api.w.org\/{rel}","templated":true}]}}