{"id":3110,"date":"2014-03-14T15:23:08","date_gmt":"2014-03-14T13:23:08","guid":{"rendered":"http:\/\/historikerkraus.de\/blog\/?p=3110"},"modified":"2014-03-14T15:25:35","modified_gmt":"2014-03-14T13:25:35","slug":"tv-vorschau-15-21-maerz-2014","status":"publish","type":"post","link":"http:\/\/historikerkraus.de\/blog\/2014\/03\/14\/tv-vorschau-15-21-maerz-2014\/","title":{"rendered":"TV-Vorschau 15. \u2013 21. M\u00e4rz 2014"},"content":{"rendered":"<p>Geschichte im Fernsehen in der kommenden Woche \u2013 hier meine Auswahl, die u. a. Dokus zum Alten \u00c4gypten und der Geschichte des \u201aMorgenlandes\u2018 enth\u00e4lt:<!--more--><\/p>\n<h2>Samstag, 15. M\u00e4rz<\/h2>\n<ul>\n<li>Auf <strong>Phoenix<\/strong> gibt es heute Abend zun\u00e4chst zwei arch\u00e4ologische Beitr\u00e4ge. Um 20.15 Uhr geht es los mit <a href=\"http:\/\/www.phoenix.de\/content\/phoenix\/die_sendungen\/mythos_stonehenge\/814770?datum=2014-03-15\" target=\"_blank\">\u201eMythos Stonehenge \u2013 Im Zeichen der Sonne\u201c<\/a>. Die Doku pr\u00e4sentiert neue Erkenntnisse zu den ber\u00fchmten britischen Steinkreisen. \u2014 Um 21 Uhr berichtet ZDF-History \u00fcber <a href=\"http:\/\/www.phoenix.de\/content\/phoenix\/die_sendungen\/zdf_history:_die_grossen_raetsel_der_archaeologie\/433594?datum=2014-03-15\" target=\"_blank\">\u201eDie gro\u00dfen R\u00e4tsel der Arch\u00e4ologie\u201c<\/a>.<\/li>\n<li><strong>Arte<\/strong> geht zur\u00fcck in die Zeit der Piraten, wie wir sie aus vielen Filmen und B\u00fcchern kennen. Um 20.15 Uhr geht es um das <a href=\"http:\/\/www.arte.tv\/guide\/de\/045539-000\/atlantis-der-karibik\" target=\"_blank\">\u201eAtlantis der Karibik\u201c<\/a>. Gemeint ist die jamaikanische Hafenstadt Port Royal, Zentrum vieler Piratenfilme Hollywoods. Die Stadt wurde im Jahr 1692 von einem Erdbeben zerst\u00f6rt. <em>\u201eEin Team aus Arch\u00e4ologen und Wissenschaftlern taucht nun nach den versunkenen \u00dcberresten dieser einstigen Drehscheibe der Piraterie. Anhand ihrer Erkenntnisse wollen sie ein genaues 3D-Modell der Stadt vor dem Erdbeben erstellen.\u201c<\/em> \u2014 Um 21 Uhr folgt die Doku <a href=\"http:\/\/www.arte.tv\/guide\/de\/042631-000\/die-schatzinsel-von-robinson-crusoe\" target=\"_blank\">\u201eDie Schatzinsel von Robinson Crusoe\u201c<\/a>. <em>\u201eDaniel Defoes legend\u00e4ren Romanhelden Robinson Crusoe gab es tats\u00e4chlich. Die Vorlage bildete der britische Seefahrer Alexander Selkirk, der im Jahr 1704 auf der Insel M\u00e1s a Tierra ausgesetzt wurde. Heute tr\u00e4gt das Archipel den Namen Robinson-Crusoe-Island. Filmemacher J\u00fcrgen Stumpfhaus hat eine Expedition auf das Eiland begleitet.\u201c<\/em><\/li>\n<\/ul>\n<h2>Sonntag, 16. M\u00e4rz<\/h2>\n<ul>\n<li>Der zweite Teil der Reihe \u201eGro\u00dfe V\u00f6lker\u201c f\u00fchrt im <strong>ZDF<\/strong> hat um 19.30 Uhr <a href=\"http:\/\/terra-x.zdf.de\/ZDF\/zdfportal\/programdata\/893f31cb-04ff-3cec-b768-ccdc04d351b6\/20279410?doDispatch=1\" target=\"_blank\">\u201eDie R\u00f6mer \u2013 Volk der Superlative\u201c<\/a> zum Thema. <em>\u201eDie alten R\u00f6mer sind ein Volk der Superlative. Ihre Geschichte beginnt allerdings wenig spektakul\u00e4r. Als Rom gegr\u00fcndet wird, ist die sp\u00e4tere Hauptstadt nicht mehr als eine von Malaria verseuchte Siedlung in einer sumpfigen Senke am Tiber. Doch nur wenige Jahrhunderte sp\u00e4ter schl\u00e4gt dort das Herz eines Imperiums, in dem zu Spitzenzeiten mehr als 55 Millionen Menschen leben. Fast 1000 Jahre h\u00e4lt die r\u00f6mische Herrschaft, bevor sie allm\u00e4hlich zerbr\u00f6ckelt.\u201c<\/em> \u2014 Und um 23.55 Uhr geht Terra X noch dem <a href=\"http:\/\/history.zdf.de\/ZDF\/zdfportal\/programdata\/c5479add-a5dd-35ff-99cf-ca2843da6ec4\/20279414?doDispatch=1\" target=\"_blank\">\u201eGeheimnis der gro\u00dfen Pharaonen\u201c<\/a> nach.<\/li>\n<li>\u00c4gypten steht im Mittelpunkt des Abendprogramms von <a href=\"http:\/\/www.3sat.de\/programm\/?viewlong=viewlong&amp;d=20140316&amp;dayID=ClnDaN16&amp;cx=86#border1800\" target=\"_blank\"><strong>3sat<\/strong><\/a>. Zun\u00e4chst hei\u00dft es um 20.15 Uhr \u201e\u00c4gypten \u2013 Im Zeichen des Sonnengottes\u201c. <em>\u201eDas alte \u00c4gypten ist ohne seine G\u00f6tter unvorstellbar. Im Laufe der Jahrhunderte sind die Priester und ihre Tempel immer m\u00e4chtiger geworden. Mit dem Amun-Tempel in Karnak, dem Hauptheiligtum des Landes, ist eine zweite Kraft neben den Pharao getreten, der ihm seine Herrschaft streitig macht. Bis Echnaton um 1350 vor Christus den Thron besteigt. Er fordert die alten G\u00f6tter zum Kampf, bricht mit dem Kult, der das Land seit 2.000 Jahren zusammenh\u00e4lt. Er entmachtet die Priesterschaft. Ein Gro\u00dfteil der \u00c4gypter verliert damit Lohn und Brot. Es ist die gr\u00f6\u00dfte Kulturrevolution in der \u00e4gyptischen Geschichte.\u201c<\/em> \u2014 Um 21 Uhr folgt die Doku \u201e\u00c4gypten \u2013 Das Geheimnis des ewigen Lebens\u201c. <em>\u201eVon der Zeit der ersten K\u00f6nigsgr\u00e4ber bis zum Ende der pharaonischen Geschichte vereint die \u00c4gypter das Interesse, ihr Leben bis in die Ewigkeit fortzusetzen. Daf\u00fcr bauten sie gigantische Pyramiden, riesige Tempel und farbenpr\u00e4chtige Gr\u00e4ber. Schon fr\u00fch wurde der Totenkult zu einem bedeutenden Wirtschaftsfaktor. Er war ein emotionales Band und eigentlich eine Verherrlichung des Lebens. Denn die \u00c4gypter empfanden ihr Dasein am Nil bereits als Paradies auf Erden. Um es in die Ewigkeit auszudehnen, entwickelten sie in allen Details ausgeschm\u00fcckte Visionen ihrer Jenseitswelt.\u201c<\/em> \u2014 <a href=\"http:\/\/www.3sat.de\/page\/?source=\/dokumentationen\/175383\/index.html\" target=\"_blank\">\u201eDer stumme Schrei des Pharaos\u201c<\/a> folgt um 21.45 Uhr. <em>\u201eIm Jahr 1881 wird der deutsche \u00c4gyptologe Emil Brugsch zu einem neu entdeckten K\u00f6nigsgrab gef\u00fchrt: Er findet die S\u00e4rge von 40 Pharaonen. Und einen schmucklosen Zedern-Sarkophag ohne Aufschriften, ohne Hinweise auf die Identit\u00e4t der darin bestatteten Mumie. Als Wissenschafter um Daniel Fouquet im Museum von Kairo f\u00fcnf Jahre sp\u00e4ter den \u201aUnbekannten Mann E\u2018 n\u00e4her untersuchen, machen sie eine beklemmende Entdeckung: Vor ihnen liegt eine Mumie, deren schmerzverzerrter Gesichtsausdruck noch 3.000 Jahre nach dem Tod deutlich erkennbar ist. Die \u201aUniversum\u2018-Dokumentation \u201aDer stumme Schrei des Pharaos\u2018 rollt mehr als 3.000 Jahre sp\u00e4ter einen r\u00e4tselhaften Todesfall auf, der viel \u00fcber die unbekannten Seiten des alt\u00e4gyptischen Pharaonenreichs verr\u00e4t.\u201c<\/em> \u2014 Nach dem Horrorklassiker <a href=\"http:\/\/www.3sat.de\/page\/?source=\/film\/175391\/index.html\" target=\"_blank\">\u201eDie Mumie\u201c<\/a> (USA 1932, Regie: Karl Freund; 22.30 Uhr), folgt um 23.45 Uhr die Doku <a href=\"http:\/\/www.3sat.de\/page\/?source=\/ard\/sendung\/131813\/index.html\" target=\"_blank\">\u201e\u00c4gypten \u2013 Das R\u00e4tsel um Grab 33\u201c<\/a>. <em>\u201eDas legend\u00e4re Tal der K\u00f6nige, die Totenstadt der Pharaonen, h\u00e4lt trotz unz\u00e4hligen Ausgrabungen noch immer \u00dcberraschungen parat. In Theben West, unter der Grabnummer TT 33, verbirgt sich in ein R\u00e4tsel der besonderen Art. Sein Erbauer hie\u00df Padiam\u00e9nop\u00e9 und lebte in der Saitenzeit, der 26. Dynastie, 7. Jahrhundert v. Chr. Obwohl er nur ein kleiner Beamter seines Pharaos war, hat er eines der pr\u00e4chtigsten und gr\u00f6\u00dften Gr\u00e4ber in ganz West-Theben erhalten. Warum nur, fragten sich lange Zeit die \u00c4gyptologen.\u201c<\/em><\/li>\n<\/ul>\n<h2>Montag, 17. M\u00e4rz<\/h2>\n<ul>\n<li>\u201eDer Polenfeldzug\u201c wird in einer zweiteiligen Doku auf <a href=\"http:\/\/www.n-tv.de\/mediathek\/tvprogramm\/?date=2014-03-17\" target=\"_blank\"><strong>N-TV<\/strong><\/a> behandelt (20.05 Uhr und 21.05 Uhr).<\/li>\n<li>Auf die Spuren \u201eAuf den Spuren genialer Forscher und Erfinder\u201c begibt sich <strong>Phoenix<\/strong> an diesem Abend. Um 20.15 Uhr geht es um <a href=\"http:\/\/www.phoenix.de\/content\/phoenix\/die_sendungen\/auf_den_spuren_genialer_forscher_und_erfinder\/816188?datum=2014-03-17\" target=\"_blank\">\u201eDas unsichtbare Netz\u201c<\/a>. <em>\u201eNoch zu Beginn des 20. Jahrhunderts konnten Schiffe nur bei Sichtkontakt durch Flaggensignale miteinander kommunizieren. Das wollte der junge italienische Elektroingenieur Guglielmo Marconi \u00e4ndern. Es gelang ihm, in der Seefahrtnation England f\u00fcr seine Erfindung der drahtlosen Telegrafie das Patent zu bekommen. Doch da traten m\u00e4chtige Gegner auf den Plan, vor allem der Deutsche Kaiser Wilhelm II., der den milit\u00e4rischen Nutzen der bahnbrechenden Erfindung erkannt hatte.\u201c<\/em> \u2014 Um 21 Uhr folgt die <a href=\"http:\/\/www.phoenix.de\/content\/phoenix\/die_sendungen\/auf_den_spuren_genialer_forscher_und_erfinder\/816208?datum=2014-03-17\" target=\"_blank\">\u201eJagd nach dem Urmeter\u201c<\/a>.<\/li>\n<li>Aus der Reihe \u201eFaszination Kunst\u201c sendet <strong>BR-alpha<\/strong> um 20.15 Uhr den Beitrag <a href=\"http:\/\/www.br.de\/fernsehen\/br-alpha\/programmkalender\/sendung-498554.html\" target=\"_blank\">\u201eBalthasar Neumann \u2013 Vollender des Barock\u201c<\/a>. <em>\u201eBalthasar Neumann z\u00e4hlt zu den Gro\u00dfen unter den Baumeistern des 18. Jahrhunderts, ohne ihn w\u00fcrde es der Kunst des Barock an Glanzpunkten fehlen.\u201c<\/em><\/li>\n<li>Um 20.15 Uhr sendet <strong>3sat<\/strong> die Doku <a href=\"http:\/\/www.3sat.de\/page\/?source=\/ard\/dokumentationen\/175447\/index.html\" target=\"_blank\">\u201eHindenburg \u2013 Der Mann, der Hitler zum Kanzler machte\u201c<\/a>. <em>\u201eDas umfassende Portr\u00e4t zeigt Paul von Hindenburg als einen Mann, der das Schicksal seines Landes aktiv mitbestimmt hat \u2013 in einer Zeit, in der sich die Ereignisse in Deutschland und Europa innerhalb weniger Jahre \u00fcberschlugen.\u201c<\/em> \u2014 Um 21.45 Uhr folgt der kurze Beitrag <a href=\"http:\/\/www.3sat.de\/page\/?source=\/ard\/sendung\/175438\/index.html\" target=\"_blank\">\u201eBerliner Stadtillustrierte: Kaiser Wilhelm II. erkl\u00e4rt den Ersten Weltkrieg\u201c<\/a>. \u2014 Und um 22.25 Uhr folgt noch eine Doku \u00fcber <a href=\"http:\/\/www.3sat.de\/programm\/?viewlong=viewlong&amp;d=20140317&amp;dayID=ClnDaN17&amp;cx=86#border1800\" target=\"_blank\">\u201eDie Frauen der Krupps\u201c<\/a>. <em>\u201eDie Autorin Petra Spamer-Riether erz\u00e4hlt in der Dokumentation &#8222;Die Frauen der Krupps&#8220; die Lebensgeschichten der weiblichen Familienmitglieder der Krupps \u00fcber f\u00fcnf Generationen hinweg wie in einem historischen Bilderbogen. Diana Maria Friz, eine Enkelin von Bertha Krupp, die sich auch als Historikerin mit ihren starken Vorfahrinnen besch\u00e4ftigt hat, gibt pers\u00f6nliche Einblicke in das Familienleben. Zahlreiche Fotos, Dokumente und Filmausschnitte aus dem Historischen Archiv Krupp erlauben einen anderen Blick auf die Geschichte des Unternehmens und der Familie Krupp.\u201c<\/em><\/li>\n<li><a href=\"http:\/\/programm.daserste.de\/pages\/programm\/detail.aspx?id=5A064F919795C90C96BA1B5EAA70322F\" target=\"_blank\">\u201eHitlers Schatz im Berg\u201c<\/a> besch\u00e4ftigt die <strong>ARD<\/strong> um 23.15 Uhr. <em>\u201eTonnenschwere Bomben drohen zu explodieren, um einen unermesslichen Kunstschatz zu vernichten. Das ist das Endzeitszenario im \u00f6sterreichischen Salzbergwerk Altaussee am Ende des Zweiten Weltkriegs, das der Radio-Bremen-Dokumentarfilm \u201aHitlers Schatz im Berg\u2018 beleuchtet.\u201c<\/em><\/li>\n<\/ul>\n<h2>Dienstag, 18. M\u00e4rz<\/h2>\n<ul>\n<li>\u201eHitlers n\u00fctzliche Idole\u201c lautet die \u00dcberschrift \u00fcber zwei Dokus auf <strong>Phoenix<\/strong>. Um 20.15 Uhr ist es <a href=\"http:\/\/www.phoenix.de\/content\/phoenix\/die_sendungen\/dokumentationen\/hitlers_nuetzliche_idole_%281_2%29\/127226?datum=2014-03-18\" target=\"_blank\">\u201eHeinz R\u00fchmann \u2013 Der Schauspieler\u201c<\/a>. <em>\u201eIn der Rolle des naiven, aber liebensw\u00fcrdigen Kleinb\u00fcrgers eroberte R\u00fchmann die Herzen der Menschen. Sich selbst sah er als unpolitischen K\u00fcnstler, der nur seiner Gabe entsprochen habe und sein Publikum zum Lachen brachte. Dabei musste auch R\u00fchmann Farbe bekennen: Mitte der 30er Jahre lie\u00df er sich auf Druck der Nazis von seiner j\u00fcdischen Frau Maria Bernheim scheiden. Hans Albers und Heinz Moser hingegen standen treu zu ihren j\u00fcdischen Partnerinnen und versagten den Nazis bis zum Schluss jede Achtung. Wollte R\u00fchmann seine j\u00fcdische Frau, von der er schon l\u00e4nger getrennt lebte, sch\u00fctzen, wie viele seiner Freunde behaupten, oder stand sie seiner Karriere im Weg? Tatsache ist, dass er sich mehr und mehr vor den propagandistischen Karren spannen lie\u00df. Goebbels ernannte ihn 1940 schlie\u00dflich zum Staatsschauspieler: die h\u00f6chste Auszeichnung f\u00fcr Darsteller im &#8222;Dritten Reich&#8220;.\u201c<\/em> \u2014 <a href=\"http:\/\/www.phoenix.de\/content\/phoenix\/die_sendungen\/dokumentationen\/hitlers_nuetzliche_idole_%282_2%29\/127020?datum=2014-03-18\" target=\"_blank\">\u201eMax Schmeling \u2013 der Boxer\u201c<\/a> folgt um 21 Uhr.<\/li>\n<li><a href=\"http:\/\/www.hr-online.de\/website\/fernsehen\/sendungen\/programm_popup.jsp?key=hr-fernsehen_2014-03-18&amp;row=33\" target=\"_blank\">\u201eDie geheimnisvollsten Orte in Hessen\u201c<\/a> sind zumeist auch historische Orte. Der <strong>HR<\/strong> lie\u00df seine Zuschauer dar\u00fcber abstimmen, welche Orte sie f\u00fcr ganz besonders geheimnisvoll oder gruselig halten. Die Sendung stellt die 40 Favoriten und ihre Geschichten vor.\u201c* (20.15 Uhr).<\/li>\n<li><strong>MDR<\/strong>, 21.15 Uhr, <a href=\"http:\/\/www.mdr.de\/tv\/programm\/sendung372906.html\" target=\"_blank\">\u201eGeschichte Mitteldeutschlands \u2013 Das Magazin\u201c<\/a>.<\/li>\n<li>\u201eMythen \u2013 Michael K\u00f6hlmeier erz\u00e4hlt Sagen des klassischen Altertums\u201c, diesmal geht es um <a href=\"http:\/\/www.br.de\/fernsehen\/br-alpha\/programmkalender\/sendung-498660.html\" target=\"_blank\">\u201eApoll, der ungl\u00fcckliche Liebhaber\u201c<\/a> (<strong>BR-alpha<\/strong>, 22.45 Uhr).<\/li>\n<\/ul>\n<h2>Mittwoch, 19. M\u00e4rz<\/h2>\n<ul>\n<li>Die Geschichte des Autopioniers Carl Benz bildet den Hintergrund zu dem Spielfilm <a href=\"http:\/\/programm.daserste.de\/pages\/programm\/detail.aspx?id=A97A3C429A4812059FFE1A5D03988526\" target=\"_blank\">\u201eCarl &amp; Bertha\u201c<\/a> um 20.15 Uhr in der <strong>ARD<\/strong>.<\/li>\n<li>Der Kunstraub im Nationalsozialismus war nach dem Krieg lange kein gro\u00dfes Thema. Heute besch\u00e4ftigt er nicht nur zunehmend die Justiz, sondern auch die \u00d6ffentlichkeit. Die Doku <a href=\"http:\/\/www.arte.tv\/guide\/de\/051737-000\/der-seltsame-herr-gurlitt\" target=\"_blank\">\u201eDer seltsame Herr Gurlitt\u201c<\/a> um 21.50 Uhr auf <strong>Arte<\/strong> stellt die Frage: <em>\u201eHaben wir es beim Schwabinger Kunstfund mit NS-\u2018Raubkunst\u2018 zu tun, oder ist die Beschlagnahmung der Sammlung Gurlitt ein moderner Kunstraub aus dem Jahr 2012? Fragen von Besitz und Eigentum, Recht und Moral stehen im Zentrum der Dokumentation um den Fall Gurlitt, der seit Monaten die internationalen Medien besch\u00e4ftigt.\u201c<\/em><\/li>\n<\/ul>\n<h2>Donnerstag, 20. M\u00e4rz<\/h2>\n<ul>\n<li><strong>Arte<\/strong> zeigt um 22.35 Uhr das Historienepos <a href=\"http:\/\/www.arte.tv\/guide\/de\/041890-000\/henri-4\" target=\"_blank\">\u201eHenri 4\u201c<\/a>. <em>\u201eFrankreich, im 16. Jahrhundert: Glaubenskriege zerr\u00fctten das Land. An der Spitze der Protestanten will Henri IV., K\u00f6nig von Navarra (Julien Boisselier), Frieden, Glaubensfreiheit und Gerechtigkeit und gilt damit als erster Humanist auf einem europ\u00e4ischen Thron. Er k\u00e4mpft gegen die Katholiken, allen voran Katharina de Medici, K\u00f6nigin von Frankreich.\u201c<\/em><\/li>\n<\/ul>\n<h2>Freitag, 21. M\u00e4rz<\/h2>\n<ul>\n<li>Das \u201eMorgenland\u201c ist Thema einer dreiteiligen Doku auf <strong>Phoenix<\/strong>. Um 20.15 Uhr geht es los mit <a href=\"http:\/\/www.phoenix.de\/content\/phoenix\/die_sendungen\/morgenland_%281_3%29\/247591?datum=2014-03-21\" target=\"_blank\">\u201eEin Prophet ver\u00e4ndert die Welt\u201c<\/a>, um 21 Uhr folgt <a href=\"http:\/\/www.phoenix.de\/content\/phoenix\/die_sendungen\/morgenland_%282_3%29\/247815?datum=2014-03-21\" target=\"_blank\">\u201eMit den Schwertern des Geistes\u201c<\/a> und um 21.45 Uhr endet die Reihe mit <a href=\"http:\/\/www.phoenix.de\/content\/phoenix\/die_sendungen\/dokumentationen\/morgenland_%283_3%29\/247871?datum=2014-03-21\" target=\"_blank\">\u201eImperien am Scheideweg\u201c<\/a>. \u2014 Um 22.30 Uhr folgt noch aus der Reihe \u201eSch\u00e4tze der Welt \u2013 Erbe der Menschheit\u201c der Beitrag <a href=\"http:\/\/www.phoenix.de\/content\/phoenix\/die_sendungen\/dokumentationen\/schaetze_der_welt_erbe_der_menschheit\/110718?datum=2014-03-21\" target=\"_blank\">\u201eSpiegel der Macht \u2013 Isfahan und Persepolis\u201c<\/a>.<\/li>\n<li>Der <a href=\"http:\/\/www.wdr.de\/programmvorschau\/suche.html?medium=F&amp;sender=10&amp;datum=2014-03-21&amp;zeit=2400-0530\" target=\"_blank\"><strong>WDR<\/strong><\/a> erkl\u00e4rt ab Mitternacht \u201eWie die Hauptstadt an den Rhein kam\u201c. <em>\u201eBis 1949 war Bonn eine ruhige, ein wenig beh\u00e4bige, gediegene kleine Gro\u00dfstadt. Dann fiel pl\u00f6tzlich die Entscheidung, dass nicht Frankfurt die Hauptstadt der neu zu gr\u00fcndenden Bundesrepublik werden sollte, sondern Bonn. Durchaus eine \u00dcberraschung. Die Universit\u00e4ts- und kurf\u00fcrstliche Residenzstadt Bonn war zwar nicht so schwer von den Bomben getroffen worden wie K\u00f6ln oder D\u00fcren, aber man kann kaum behaupten, dass sie zur Hauptstadt eines neuen, demokratischen (West-)Deutschlands pr\u00e4destiniert war.\u201c<\/em><\/li>\n<\/ul>\n","protected":false},"excerpt":{"rendered":"<p>Geschichte im Fernsehen in der kommenden Woche \u2013 hier meine Auswahl, die u. a. Dokus zum Alten \u00c4gypten und der Geschichte des \u201aMorgenlandes\u2018 enth\u00e4lt:<\/p>\n","protected":false},"author":10,"featured_media":0,"comment_status":"open","ping_status":"open","sticky":false,"template":"","format":"standard","meta":{"footnotes":""},"categories":[4,8],"tags":[],"class_list":["post-3110","post","type-post","status-publish","format-standard","hentry","category-geschichte-im-fernsehen","category-history-tv"],"aioseo_notices":[],"_links":{"self":[{"href":"http:\/\/historikerkraus.de\/blog\/wp-json\/wp\/v2\/posts\/3110","targetHints":{"allow":["GET"]}}],"collection":[{"href":"http:\/\/historikerkraus.de\/blog\/wp-json\/wp\/v2\/posts"}],"about":[{"href":"http:\/\/historikerkraus.de\/blog\/wp-json\/wp\/v2\/types\/post"}],"author":[{"embeddable":true,"href":"http:\/\/historikerkraus.de\/blog\/wp-json\/wp\/v2\/users\/10"}],"replies":[{"embeddable":true,"href":"http:\/\/historikerkraus.de\/blog\/wp-json\/wp\/v2\/comments?post=3110"}],"version-history":[{"count":3,"href":"http:\/\/historikerkraus.de\/blog\/wp-json\/wp\/v2\/posts\/3110\/revisions"}],"predecessor-version":[{"id":3114,"href":"http:\/\/historikerkraus.de\/blog\/wp-json\/wp\/v2\/posts\/3110\/revisions\/3114"}],"wp:attachment":[{"href":"http:\/\/historikerkraus.de\/blog\/wp-json\/wp\/v2\/media?parent=3110"}],"wp:term":[{"taxonomy":"category","embeddable":true,"href":"http:\/\/historikerkraus.de\/blog\/wp-json\/wp\/v2\/categories?post=3110"},{"taxonomy":"post_tag","embeddable":true,"href":"http:\/\/historikerkraus.de\/blog\/wp-json\/wp\/v2\/tags?post=3110"}],"curies":[{"name":"wp","href":"https:\/\/api.w.org\/{rel}","templated":true}]}}