{"id":3107,"date":"2014-03-07T18:46:35","date_gmt":"2014-03-07T16:46:35","guid":{"rendered":"http:\/\/historikerkraus.de\/blog\/?p=3107"},"modified":"2014-03-07T18:49:16","modified_gmt":"2014-03-07T16:49:16","slug":"tv-vorschau-8-14-maerz-2014","status":"publish","type":"post","link":"http:\/\/historikerkraus.de\/blog\/2014\/03\/07\/tv-vorschau-8-14-maerz-2014\/","title":{"rendered":"TV-Vorschau 8. \u2013 14. M\u00e4rz 2014"},"content":{"rendered":"<p>In der kommenden Woche habe ich wieder einige Geschichtssendungen gefunden, auf die ich aufmerksam machen m\u00f6chte. So wird \u201eDie Schweizer\u201c, die Dokuserie \u00fcber die Geschichte der Schweiz, fortgesetzt und eine Dokureihe \u00fcber das europ\u00e4isch-islamische Verh\u00e4ltnis wird gesendet. Hier meine, wie immer subjektive Auswahl:<!--more--><\/p>\n<h2 style=\"text-align: center;\">Samstag, 8. M\u00e4rz<\/h2>\n<ul>\n<li>Auf <a href=\"http:\/\/www.n-tv.de\/mediathek\/tvprogramm\/?date=2014-03-08\" target=\"_blank\"><strong>N-TV<\/strong><\/a> geht es um 20.05 Uhr und 21.05 Uhr um \u201eHeinrich VIII. \u2013 Der Tyrannen-K\u00f6nig\u201c. <em>\u201eK\u00f6nig Heinrich VIII. galt als schillernder Herrscher Englands. Doch seine Person war voller Widerspr\u00fcche. Vom frommen Hoffnungstr\u00e4ger der Monarchie verwandelte er sich zu einem machthungrigen Tyrannen, der zwei seiner sechs Ehefrauen hinrichten lie\u00df. Seine Gewaltherrschaft war gepr\u00e4gt von sexueller Besessenheit, Machthunger und einem ausschweifenden Lebensstil.\u201c<\/em> \u2014 Um 22.05 Uhr folgt ein Beitrag \u00fcber \u201e Napoleon: Das Ende einer Herrschaft\u201c. <em>\u201eDie Schlacht bei Waterloo sollte seine letzte sein: Sie besiegelte das Ende der Herrschaft Napoleons. Sein immerw\u00e4hrendes politisches Spiel mit dem Feuer und seine milit\u00e4rischen Geniestreiche machten den kleinen Mann zu einem historischen Giganten. Aber auch seine erste Abdankung, seine Verbannung und seine R\u00fcckkehr erz\u00e4hlen die Geschichte Napoleons. Die n-tv Dokumentation erkundet Napoleons hundertt\u00e4gige Herrschaft, der aus dem Exil floh, nach Paris marschierte und erneut versuchte Europa zu erobern.\u201c<\/em> \u2014 Und um 23.05 Uhr geht es noch um \u201eDie gef\u00e4hrlichsten Waffen des Mittelalters\u201c.<\/li>\n<li>Der Aufstieg von Frauen in der deutschen Wirtschaft ist nicht erst heute ein Thema. Der zweiteilige Beitrag von Beatrix Wilmes \u201eAls Frauen Chef wurden\u201c geht diesem Aspekt der Emanzipationsgeschichte nach (<strong>Phoenix<\/strong>). Um 20.15 Uhr geht es um <a href=\"http:\/\/www.phoenix.de\/content\/phoenix\/die_sendungen\/als_frauen_chef_wurden_%281_2%29\/389459?datum=2014-03-08\" target=\"_blank\">\u201eUngeplante Karrieren\u201c<\/a> und um 21 Uhr um die <a href=\"http:\/\/www.phoenix.de\/content\/phoenix\/die_sendungen\/als_frauen_chef_wurden_%282_2%29\/389463?datum=2014-03-08\" target=\"_blank\">\u201eChancen im Wiederaufbau\u201c<\/a>. \u2014 Um 22.30 Uhr folgt noch ein Portr\u00e4t Winston Churchills: <a href=\"http:\/\/www.phoenix.de\/content\/phoenix\/die_sendungen\/churchills_groesstes_spiel\/554705?datum=2014-03-08\" target=\"_blank\">\u201eChurchills gr\u00f6\u00dftes Spiel\u201c<\/a>.<\/li>\n<li><em>\u201eAn den Quellfl\u00fcssen des Amazonas forschen Arch\u00e4ologen auf den Spuren eines vor Jahrhunderten untergegangenen Volkes. Die Chachapoya hinterlie\u00dfen verborgene Totenst\u00e4dte und die gr\u00f6\u00dfte Festung Amerikas, Kuelap. Die Inka f\u00fcrchteten ihre Kampfkraft und r\u00fchmten die Sch\u00f6nheit ihrer Frauen. Bis heute ist das Kriegervolk aus den Anden von Geheimnissen umgeben \u2013 besonders seine Herkunft ist ungekl\u00e4rt. Nach jahrzehntelangen Recherchen glaubt nun ein deutscher Professor, das R\u00e4tsel um die Chachapoya l\u00f6sen zu k\u00f6nnen. Hans Giffhorn erinnern ihre steinernen Rundbauten an die zweitausend Jahre alten Bauwerke spanischer Kelten. F\u00fcr eine Herkunft der Chachapoya aus dem antiken Mittelmeerraum spricht f\u00fcr den Kulturwissenschaftler die \u00c4hnlichkeit religi\u00f6ser Symbole und G\u00f6tterbilder. [\u2026] Professor Giffhorns Vision ist in der Fachwelt umstritten.\u201c<\/em> Wer mehr wissen m\u00f6chte, schaut um 21.45 Uhr auf <strong>Arte<\/strong> die Doku <a href=\"http:\/\/www.arte.tv\/guide\/de\/048610-000\/karthagos-vergessene-krieger\" target=\"_blank\">\u201eKarthagos vergessene Krieger\u201c<\/a>.<\/li>\n<li>Zum 150. Jahrestag der Thronbesteigung K\u00f6nig Ludwigs II. am 10. M\u00e4rz zeigt der <strong>BR<\/strong> den biographischen Spielfilm <a href=\"http:\/\/www.br.de\/fernsehen\/bayerisches-fernsehen\/programmkalender\/sendung762058.html\" target=\"_blank\">\u201eLudwig II.\u201c<\/a> um 22.05 Uhr. <em>\u201eDie Au\u00dfenaufnahmen des Films entstanden auf den Schl\u00f6ssern Neuschwanstein, Hohenschwangau, Linderhof, Herrenchiemsee, in der Kaiservilla Bad Ischl, auf der Roseninsel im Starnberger See und im Cuvilli\u00e9s-Theater M\u00fcnchen.\u201c<\/em> Gezeigt wird \u00fcbrigens die knapp vierst\u00fcndige Fassung des Films.<\/li>\n<\/ul>\n<h2 style=\"text-align: center;\">Sonntag, 9. M\u00e4rz<\/h2>\n<ul>\n<li>Das <strong>ZDF<\/strong> pr\u00e4sentiert um 19.30 Uhr eine neue dreiteilige Doku aus der Terra X-Reihe. <a href=\"http:\/\/www.zdf.de\/Terra-X\/grosse-voelker-Dreiteiler-%C3%BCber-die-kultur-der-griechen-roemer-wikinger-mit-comics-31789516.html\" target=\"_blank\">\u201eGro\u00dfe V\u00f6lker\u201c<\/a> sind das Thema und der erste Teil behandelt <a href=\"http:\/\/terra-x.zdf.de\/ZDF\/zdfportal\/programdata\/893f31cb-04ff-3cec-b768-ccdc04d351b6\/20277031?doDispatch=1\" target=\"_blank\">\u201eDie Griechen\u201c<\/a>.<\/li>\n<li><em>\u201eVor 225 Jahren, am 6. M\u00e4rz 1787, wurde Joseph Fraunhofer geboren, einer der bedeutendsten deutschen Naturwissenschaftler und Namensgeber der renommierten Fraunhofer-Gesellschaft. Selbstentwickelte optische Instrumente erm\u00f6glichten es dem genialen Optiker und Physiker, grundlegende Forschungsarbeiten im Bereich von Licht und Optik durchzuf\u00fchren, die bis in die Gegenwart die Grundlage f\u00fcr die moderne Astronomie darstellen.\u201c<\/em> <strong>BR-alpha<\/strong> zeigt das Leben des Wissenschaftlers in der dreiteiligen Doku \u201eJoseph von Fraunhofer \u2013 Dunkle Linien im Sonnenlicht\u201c. Teil 1 <a href=\"http:\/\/www.br.de\/fernsehen\/br-alpha\/programmkalender\/sendung-491448.html\" target=\"_blank\">\u201eWaise und Wunderkind\u201c<\/a> um 22.30 Uhr, Teil 2 <a href=\"http:\/\/www.br.de\/fernsehen\/br-alpha\/programmkalender\/sendung-491450.html\" target=\"_blank\">\u201eForscher aus Leidenschaft\u201c<\/a> um 23 Uhr und Teil 3 <a href=\"http:\/\/www.br.de\/fernsehen\/br-alpha\/programmkalender\/sendung-491452.html\" target=\"_blank\">\u201eErfinder und Vordenker\u201c<\/a> um 23.30 Uhr.<\/li>\n<\/ul>\n<h2 style=\"text-align: center;\">Montag, 10. M\u00e4rz<\/h2>\n<ul>\n<li><a href=\"http:\/\/www.n-tv.de\/mediathek\/tvprogramm\/?date=2014-03-10\" target=\"_blank\"><strong>N-TV<\/strong><\/a> portr\u00e4tiert zun\u00e4chst zwei NS-Gr\u00f6\u00dfen. Um 20.05 Uhr \u201e Der Judenhetzer \u2013 Julius Streicher und \u201aDer St\u00fcrmer\u2018\u201c: <em>\u201eSelbst hohe Nazif\u00fchrer wie Joseph Goebbels und Hermann G\u00f6ring hatten f\u00fcr diesen Parteigenossen fast nur Verachtung \u00fcbrig, und doch war er eine der einflussreichsten Gestalten im Dritten Reich: Julius Streicher, als Herausgeber der antisemitischen Wochenschrift &#8218;Der St\u00fcrmer&#8216; verantwortlich f\u00fcr die schlimmste Hetzpropaganda und ber\u00fcchtigt f\u00fcr sein korruptes und gewaltt\u00e4tiges Regime als Gauleiter von Franken.\u201c<\/em> \u2014 Um 21.05 Uhr folgt \u201eAlbert Speer \u2013 Der Architekt Hitlers\u201c.<\/li>\n<li>Auf <strong>Phoenix<\/strong> startet heute die f\u00fcnfteilige Doku-Reihe \u201eDer heilige Krieg\u201c mit dem Beitrag <a href=\"http:\/\/www.phoenix.de\/content\/phoenix\/die_sendungen\/der_heilige_krieg_%281_5%29\/433130?datum=2014-03-10\" target=\"_blank\">\u201eDas Schwert des Propheten\u201c<\/a> um 20.15 Uhr. Der zweite Teil <a href=\"http:\/\/www.phoenix.de\/content\/phoenix\/die_sendungen\/der_heilige_krieg_%282_5%29\/433141?datum=2014-03-10\" target=\"_blank\">\u201eKreuzzug nach Jerusalem\u201c<\/a> folgt um 21 Uhr.<\/li>\n<li>Auf <a href=\"http:\/\/www.3sat.de\/programm\/?viewlong=viewlong&amp;d=20140310&amp;dayID=ClnDaN10&amp;cx=86\" target=\"_blank\"><strong>3sat<\/strong><\/a> gibt es heute die ersten beiden Teile der vierteiligen Reihe \u201eDie Schweizer\u201c. Um 20.15 Uhr geht es um \u201eDie Schlacht am Morgarten \u2013 Werner Stauffacher\u201c und um 21 Uhr hei\u00dft es \u201eHaudegen und Heiliger \u2013 Hans Waldmann und Niklaus von Fl\u00fce\u201c. <em>\u201eDie vierteilige Dokumentation \u201aDie Schweizer\u2018 arbeitet die Geschichte der Schweiz am Beispiel von sechs historischen Pers\u00f6nlichkeiten auf. Die erste Folge erz\u00e4hlt vom Ursprung des Landes: Innerschweizer Eidgenossen haben sich gegen fremde V\u00f6gte und die Habsburger gewehrt. Einer der Helden ist der Schwyzer Landammann Werner Stauffacher, der die Eidgenossen 1315 in die Schlacht am Morgarten gef\u00fchrt haben soll. In der zweiten Folge verk\u00f6rpern der machtgierige Z\u00fcrcher B\u00fcrgermeister Hans Waldmann und der fromme Einsiedler Niklaus von Fl\u00fce zwei gegens\u00e4tzliche Haltungen in der noch jungen Eidgenossenschaft des 15. Jahrhunderts.\u201c<\/em> Die weiteren Folgen von \u201aDie Schweizer\u2018 sind am Mittwoch, 12. M\u00e4rz, ab 20.15 Uhr, zu sehen.<\/li>\n<\/ul>\n<h2 style=\"text-align: center;\">Dienstag, 11. M\u00e4rz<\/h2>\n<ul>\n<li>Auf <strong>Phoenix<\/strong> laufen die Folgen drei und vier der Doku \u201eDer heilige Krieg\u201c. Um 20.15 Uhr sind <a href=\"http:\/\/www.phoenix.de\/content\/phoenix\/die_sendungen\/der_heilige_krieg_%283_5%29\/434090?datum=2014-03-11\" target=\"_blank\">\u201eDie T\u00fcrken vor Wien\u201c<\/a> und um 21 Uhr beginnt der <a href=\"http:\/\/www.phoenix.de\/content\/phoenix\/die_sendungen\/der_heilige_krieg_%284_5%29\/434505?datum=2014-03-11\" target=\"_blank\">\u201eDschihad f\u00fcr den Kaiser\u201c<\/a>.<\/li>\n<li><a href=\"http:\/\/www.br.de\/fernsehen\/br-alpha\/programmkalender\/sendung-491638.html\" target=\"_blank\">\u201eDido und Aeneas\u201c<\/a> stehen im Mittelpunkt des heutigen Beitrags der Reihe \u201eMythen \u2013 Michael K\u00f6hlmeier erz\u00e4hlt Sagen des klassischen Altertums\u201c auf <strong>BR-alpha<\/strong> um 22.45 Uhr.<\/li>\n<li><em>\u201eDie Dokumentation <a href=\"http:\/\/www.hr-online.de\/website\/fernsehen\/sendungen\/programm_popup.jsp?key=hr-fernsehen_2014-03-11&amp;row=37\" target=\"_blank\">\u201aBomben auf Hessen\u2018<\/a> beleuchtet die verheerenden Luftangriffe wischen 1941 und 1945 auf Kassel und R\u00fcsselsheim, die Zerst\u00f6rung der Edertalsperre und den Bombenhagel auf Frankfurt und Hanau.\u201c<\/em> (<strong>HR<\/strong>, 22.45 Uhr).<\/li>\n<li><strong>RBB<\/strong> sendet zwei biographische Dokumentationen: Um 22.45 Uhr <a href=\"http:\/\/www.rbb-online.de\/fernsehen\/programm\/11_03_2014\/11728727048.html\" target=\"_blank\">\u201eLuise \u2013 K\u00f6nigin der Herzen\u201c<\/a>: <em>\u201eDer Film versucht, die narrative und mediale Mechanik des Luisenmythos freizulegen. Aus der Perspektive von \u201aZeitzeugen\u2018 (Familienangeh\u00f6rigen, H\u00f6flingen, Diplomaten, Erziehern, Freundinnen, Gelehrten und K\u00fcnstlern), durch deren schriftliche und verbriefte \u00c4u\u00dferungen, ihre Gem\u00e4lde und Skulpturen, entsteht mosaikartig das Bild einer ungew\u00f6hnlichen Frau. Illustriert mit zeitgen\u00f6ssischen Gem\u00e4lden, Statuen und Drucken, wird Luises Bild plastisch und lebensecht. Durch Dokumentaraufnahmen wird die Authentizit\u00e4t der Darstellungen unterstrichen: Orginalschaupl\u00e4tze, Dokumente, Briefe, Tagebuchnotizen, Akten, Zeitungsberichte, Gegenst\u00e4nde aus Museen und Denkm\u00e4ler werden zu beredten Zeugen ihrer Zeit.\u201c<\/em> \u2014 Um 23.30 Uhr folgt <a href=\"http:\/\/www.rbb-online.de\/fernsehen\/programm\/11_03_2014\/11728727056.html\" target=\"_blank\">\u201eRahel \u2013 Eine preu\u00dfische Aff\u00e4re\u201c<\/a>. <em>\u201eAlles \u00e4ndert sich am Beginn des 19. Jahrhunderts, auch in Preu\u00dfen, wo die alten St\u00e4ndeordnung ins Wanken ger\u00e4t und Reformen nicht mehr aufzuhalten sind. In dieser bewegten Zeit k\u00e4mpft eine Berliner J\u00fcdin um ihre Chance, um ein Leben, das ihr bisher versagt blieb: Rahel Levin \u2013 eine Au\u00dfenseiterin, eine unverheiratete Frau, nicht reich, nicht sch\u00f6n, nicht gebildet, aber hochintelligent, einf\u00fchlsam und rebellisch. Unmittelbar am Gendarmenmarkt ist ihr Salon um 1800 die wohl angesagteste Adresse in Berlin. In Rahel Levins Salon denkt man anders, lebt man anders, liebt man anders. Selbstbestimmt und befreit von Konventionen.\u201c<\/em><\/li>\n<\/ul>\n<h2 style=\"text-align: center;\">Mittwoch, 12. M\u00e4rz<\/h2>\n<ul>\n<li><a href=\"http:\/\/www.phoenix.de\/content\/phoenix\/die_sendungen\/der_heilige_krieg_%285_5%29\/434614?datum=2014-03-12\" target=\"_blank\">\u201eTerror f\u00fcr den Glauben\u201c<\/a> hei\u00dft die letzte Folger der Reihe \u201eDer Heilige Krieg) um 20.15 Uhr auf <strong>Phoenix<\/strong>.<\/li>\n<li>Auf <strong>Arte<\/strong> l\u00e4uft um 20.15 Uhr der biographische Spielfilm <a href=\"http:\/\/www.arte.tv\/guide\/de\/051633-000\/rosa-luxemburg\" target=\"_blank\">\u201eRosa Luxemburg\u201c<\/a> (BRD 1986, Regie: Margarethe von Trotta). <em>\u201e\u201aWie kommt es, dass Menschen \u00fcber andere Menschen entscheiden d\u00fcrfen?\u2018 \u2013 im Gef\u00e4ngnis notiert Rosa Luxemburg (1871\u20131919) eine Frage, die sie ihr Leben lang umgetrieben hat. Margarethe von Trottas behutsame und gef\u00fchlsstarke Frauenbiografie interessiert sich in erster Linie f\u00fcr die pers\u00f6nlichen Beweggr\u00fcnde politischen Handelns. Mit Barbara Sukowa in der Hauptrolle.\u201c<\/em><\/li>\n<li>Die beiden letzten Folgen der Reihe \u201eDie Schweizer\u201c \u00fcber die Geschichte der Schweiz laufen auf <a href=\"http:\/\/www.3sat.de\/programm\/?viewlong=viewlong&amp;d=20140312&amp;dayID=ClnDaN12&amp;cx=86#border1800\" target=\"_blank\"><strong>3sat<\/strong><\/a>. Um 20.15 Uhr \u201eDer General, der die Schweiz rettete \u2013 Guillaume-Henri Dufour\u201c und um 21.05 Uhr \u201eKampf um den Gotthard \u2013 Alfred Escher und Stefano Franscini\u201c. \u2014 Passend zum Thema schlie\u00dft sich um 22.25 Uhr der biographische Spielfilm \u201eHenry Dunant. Rot auf dem Kreuz\u201c (Schweiz, Frankreich, \u00d6sterreich, Algerien 2006, Regie: Dominique Othenin-Girard) an. Denn auch f\u00fcr das Rote Kreuz gilt: Wer hat\u2018s erfunden? Die Schweizer!<\/li>\n<li>\u201eDas bayerische Jahrtausend\u201c im <strong>BR<\/strong> um 22 Uhr: <a href=\"http:\/\/www.br.de\/fernsehen\/bayerisches-fernsehen\/programmkalender\/sendung-491082.html\" target=\"_blank\">\u201e14. Jahrhundert: Straubing\u201c<\/a>.<\/li>\n<\/ul>\n<h2 style=\"text-align: center;\">Donnerstag, 13. M\u00e4rz<\/h2>\n<p>Fehlanzeige.<\/p>\n<h2 style=\"text-align: center;\">Freitag, 14. M\u00e4rz<\/h2>\n<ul>\n<li><em>\u201eEs ist ein Denkmal des Gr\u00f6\u00dfenwahns: Das \u201aKDF-Bad\u2018 in Prora auf R\u00fcgen. Hier sollte die \u201aDeutsche Volksgemeinschaft\u2018 entstehen: bedingungslose Gefolgschaft aus Dankbarkeit zu einem F\u00fchrer, der seinem Volk einen herrlichen Urlaub erm\u00f6glichte. Hitler glaubte, nur mit erholten Arbeitern \u201akann man wahrhaft gro\u00dfe Politik machen\u2018. Prora galt als kriegswichtiges Objekt \u2013 fertiggestellt wurde es nie. Mit Gr\u00fcndung der DDR begann die zweite, die unbekanntere, geheimnisvollere Geschichte Proras: Der Ort verschwand von der Landkarte und wurde milit\u00e4risches Sperrgebiet. Die Nationale Volksarmee zog ein.\u201c<\/em> <strong>tagesschau 24<\/strong> zeigt um 21.02 Uhr die Doku <a href=\"http:\/\/programm.tagesschau24.de\/tv\/Geheimnisvolle-Orte\/2014-03-14\/eid_2872111700651863\" target=\"_blank\">\u201eProra\u201c<\/a> aus der Reihe \u201eGeheimnisvolle Orte\u201c.<\/li>\n<li><a href=\"http:\/\/www.wdr.de\/programmvorschau\/suche.html?medium=F&amp;sender=10&amp;datum=2014-03-14&amp;zeit=2400-0530\" target=\"_blank\">\u201eEin halbes Leben im Versteck\u201c<\/a> erz\u00e4hlt um Mitternacht eine ber\u00fchrende Geschichte \u00fcber den Spanischen B\u00fcrgerkrieg und die Zeit der Franco-Diktatur in Spanien. Manuel Cort\u00e9s, Sozialist und B\u00fcrgermeister des kleinen andalusischen Ortes Mijas entscheidet sich am Ende des Spanischen B\u00fcrgerkrieges, sich im eigenen Haus vor den neuen Machthabern zu verstecken. Was nur eine kurze Zeit dauern sollte, endete erst 1969. <em>\u201eAls er sich 3 Jahrzehnte nach Ende des B\u00fcrgerkrieges hervorwagt, einer erneut verk\u00fcndeten Amnestie zu trauen beschlie\u00dft, besitzt er nicht einmal ein paar Schuhe. Im Versteck hatte er sie nicht gebraucht. [\u2026] Ein Leben, erz\u00e4hlt in animierten Zeichnungen, die unter die Haut gehen. Es ist auch eine Geschichte vom \u00dcberleben, von Menschlichkeit und der Existenz in einer Diktatur, in einem Klima von Angst und Bespitzelung.\u201c<\/em> (<strong>WDR<\/strong>, 0 Uhr).<\/li>\n<\/ul>\n","protected":false},"excerpt":{"rendered":"<p>In der kommenden Woche habe ich wieder einige Geschichtssendungen gefunden, auf die ich aufmerksam machen m\u00f6chte. So wird \u201eDie Schweizer\u201c, die Dokuserie \u00fcber die Geschichte der Schweiz, fortgesetzt und eine Dokureihe \u00fcber das europ\u00e4isch-islamische Verh\u00e4ltnis wird gesendet. Hier meine, wie immer subjektive Auswahl:<\/p>\n","protected":false},"author":10,"featured_media":0,"comment_status":"open","ping_status":"open","sticky":false,"template":"","format":"standard","meta":{"footnotes":""},"categories":[4,8],"tags":[],"class_list":["post-3107","post","type-post","status-publish","format-standard","hentry","category-geschichte-im-fernsehen","category-history-tv"],"aioseo_notices":[],"_links":{"self":[{"href":"http:\/\/historikerkraus.de\/blog\/wp-json\/wp\/v2\/posts\/3107","targetHints":{"allow":["GET"]}}],"collection":[{"href":"http:\/\/historikerkraus.de\/blog\/wp-json\/wp\/v2\/posts"}],"about":[{"href":"http:\/\/historikerkraus.de\/blog\/wp-json\/wp\/v2\/types\/post"}],"author":[{"embeddable":true,"href":"http:\/\/historikerkraus.de\/blog\/wp-json\/wp\/v2\/users\/10"}],"replies":[{"embeddable":true,"href":"http:\/\/historikerkraus.de\/blog\/wp-json\/wp\/v2\/comments?post=3107"}],"version-history":[{"count":2,"href":"http:\/\/historikerkraus.de\/blog\/wp-json\/wp\/v2\/posts\/3107\/revisions"}],"predecessor-version":[{"id":3109,"href":"http:\/\/historikerkraus.de\/blog\/wp-json\/wp\/v2\/posts\/3107\/revisions\/3109"}],"wp:attachment":[{"href":"http:\/\/historikerkraus.de\/blog\/wp-json\/wp\/v2\/media?parent=3107"}],"wp:term":[{"taxonomy":"category","embeddable":true,"href":"http:\/\/historikerkraus.de\/blog\/wp-json\/wp\/v2\/categories?post=3107"},{"taxonomy":"post_tag","embeddable":true,"href":"http:\/\/historikerkraus.de\/blog\/wp-json\/wp\/v2\/tags?post=3107"}],"curies":[{"name":"wp","href":"https:\/\/api.w.org\/{rel}","templated":true}]}}