{"id":3104,"date":"2014-03-04T16:44:58","date_gmt":"2014-03-04T14:44:58","guid":{"rendered":"http:\/\/historikerkraus.de\/blog\/?p=3104"},"modified":"2014-03-04T16:47:07","modified_gmt":"2014-03-04T14:47:07","slug":"tv-vorschau-1-7-maerz-2014-teil-2","status":"publish","type":"post","link":"http:\/\/historikerkraus.de\/blog\/2014\/03\/04\/tv-vorschau-1-7-maerz-2014-teil-2\/","title":{"rendered":"TV-Vorschau 1. \u2013 7. M\u00e4rz 2014 (Teil 2)"},"content":{"rendered":"<p>Hier also wie angek\u00fcndigt der TV-Ausblick auf den Rest der Woche:<!--more--><\/p>\n<h2 style=\"text-align: center;\">Mittwoch, 5. M\u00e4rz \u2013 Aschermittwoch<\/h2>\n<ul>\n<li>Um 22 Uhr erz\u00e4hlt im <strong>BR<\/strong> die neue Folge \u201eDas bayerische Jahrtausend\u201c im <a href=\"http:\/\/www.br.de\/fernsehen\/bayerisches-fernsehen\/programmkalender\/sendung-484008.html\" target=\"_blank\">\u201e13. Jahrhundert: [in] Regensburg\u201c<\/a>.<\/li>\n<\/ul>\n<h2 style=\"text-align: center;\">Donnerstag, 6. M\u00e4rz<\/h2>\n<ul>\n<li>Johann Sebastian Bach kennt fast jeder. Sein Sohn Carl Philipp Emanuel ist heute weitgehend unbekannt. Das war nicht immer so. Anl\u00e4sslich seines 300. Geburtstags sendet der <strong>MDR<\/strong> um 23.05 Uhr die Doku <a href=\"http:\/\/www.mdr.de\/tv\/programm\/sendung366624.html\" target=\"_blank\">\u201eCarl Philipp Emanuel Bach \u2013 Ein musikalischer Rebell\u201c<\/a>. <em>\u201eCarl Philipp Emanuel Bach galt als einer der brillantesten Klaviervirtuosen seiner Zeit, als stilpr\u00e4gender Komponist und scharfsinniger Theoretiker \u2013 kurzum als Meister von europ\u00e4ischem Rang. Er revolutionierte die Musiksprache der Zeit, forderte ein H\u00f6chstma\u00df an Gef\u00fchl und Empfindung in der Musik, um den \u201aZuh\u00f6rer in Leidenschaft zu versetzen\u2018. So wurde er zum Vorbild der Wiener Klassiker Haydn, Mozart und Beethoven.\u201c<\/em> \u2014 Im Anschluss folgt um 23.35 Uhr noch ein Konzert <a href=\"http:\/\/www.mdr.de\/tv\/programm\/sendung366758.html\" target=\"_blank\">\u201eCarl Philipp Emanuel Bach zum 300. Geburtstag\u201c<\/a>.<\/li>\n<\/ul>\n<h2 style=\"text-align: center;\">Freitag, 7. M\u00e4rz<\/h2>\n<ul>\n<li>Die unmittelbare Nachkriegszeit steht im Mittelpunkt des Abendprogramms auf <strong>Phoenix<\/strong>. Um 20.15 Uhr geht es in dem Beitrag <a href=\"http:\/\/www.phoenix.de\/content\/phoenix\/die_sendungen\/zdf_history_hello_fraeulein_\/223896?datum=2014-03-07\" target=\"_blank\">\u201eZDF-History \u2013 \u201aHello Fr\u00e4ulein\u2018\u201c<\/a> um \u201eVerbotene Liebe zwischen Siegern und Besiegten\u201c. Die Doku <em>\u201eerz\u00e4hlt Liebesgeschichten zwischen Siegern und Besiegten. Einige verlaufen tragisch, andere finden ein gl\u00fcckliches Ende, etwa die von Lisa aus Th\u00fcringen und Iwan aus Sibirien. Im Sommer 1945 verlieben sich die beiden unsterblich ineinander \u2013 bis der KGB die Beziehung beendet. 60 Jahre nach ihrer erzwungenen Trennung haben sie sich jetzt wiedergefunden und in Krasnojarsk geheiratet.\u201c<\/em> \u2014 Um 21 Uhr hei\u00dft es <a href=\"http:\/\/www.phoenix.de\/content\/phoenix\/die_sendungen\/zdf_history:_bitte_melde_dich!\/435132?datum=2014-03-07\" target=\"_blank\">\u201eZDF-History: Bitte melde dich! Kinder suche ihre Eltern\u201c<\/a>. <em>\u201eAls die Katastrophe vor\u00fcber war, fing die gro\u00dfe Suche an. Die Folgeerscheinungen des Zweiten Weltkriegs hatten unz\u00e4hlige Familien auseinandergerissen, Angeh\u00f6rige voneinander getrennt und allein eine halbe Million Kinder zu Waisen gemacht. Die Kleinsten von ihnen kannten oft nicht einmal ihre Namen. Suchaufrufe der ostdeutschen Wochenschau \u201eDer Augenzeuge\u201c zwischen 1946 und 1948 sollten den verlorenen Kindern helfen, ihre Eltern wiederzufinden.\u201c<\/em> \u2014 Und um 21.45 Uhr geht es um <a href=\"http:\/\/www.phoenix.de\/content\/phoenix\/die_sendungen\/helden_ohne_heimat_kriegsheimkehrer_1945\/381222?datum=2014-03-07\" target=\"_blank\">\u201eHelden ohne Heimat \u2013 Kriegsheimkehrer 1945\u201c<\/a>.<\/li>\n<li>Der Kalte Krieg war auch immer ein Propaganda-Krieg. \u201eRadio Freies Europa\u201c (RFE) war der Propagandasender der USA, der m\u00f6glichst weit in den Ostblock hinein seine Botschaft verbreiten sollte. Die Doku <a href=\"http:\/\/programm.tagesschau24.de\/tv\/Liebesgruesse-nach-Moskau---Der-grosse-Radiokrieg\/2014-03-07\/eid_2872111657442873\" target=\"_blank\">\u201eLiebesgr\u00fc\u00dfe nach Moskau \u2013 Der gro\u00dfe Radiokrieg\u201c<\/a> <em>\u201ezeigt die Erfolge und Fehlschl\u00e4ge des Senders. Der Film schildert, welchen Aufwand die Regimes in Osteuropa betrieben, um die Bev\u00f6lkerung am Empfang von RFE zu hindern. St\u00f6rsender machten das Programm fast unh\u00f6rbar. Aber RFE wehrte sich dagegen, indem es seine Frequenzen st\u00e4ndig wechselte- ein Katz-und-Maus-Spiel auf h\u00f6chstem technischen Niveau, an dem die H\u00f6rer aktiv teilnahmen.\u201c<\/em> (<strong>tagesschau 24<\/strong>, 21.02 Uhr).<\/li>\n<\/ul>\n","protected":false},"excerpt":{"rendered":"<p>Hier also wie angek\u00fcndigt der TV-Ausblick auf den Rest der Woche:<\/p>\n","protected":false},"author":10,"featured_media":0,"comment_status":"open","ping_status":"open","sticky":false,"template":"","format":"standard","meta":{"footnotes":""},"categories":[4,8],"tags":[],"class_list":["post-3104","post","type-post","status-publish","format-standard","hentry","category-geschichte-im-fernsehen","category-history-tv"],"aioseo_notices":[],"_links":{"self":[{"href":"http:\/\/historikerkraus.de\/blog\/wp-json\/wp\/v2\/posts\/3104","targetHints":{"allow":["GET"]}}],"collection":[{"href":"http:\/\/historikerkraus.de\/blog\/wp-json\/wp\/v2\/posts"}],"about":[{"href":"http:\/\/historikerkraus.de\/blog\/wp-json\/wp\/v2\/types\/post"}],"author":[{"embeddable":true,"href":"http:\/\/historikerkraus.de\/blog\/wp-json\/wp\/v2\/users\/10"}],"replies":[{"embeddable":true,"href":"http:\/\/historikerkraus.de\/blog\/wp-json\/wp\/v2\/comments?post=3104"}],"version-history":[{"count":2,"href":"http:\/\/historikerkraus.de\/blog\/wp-json\/wp\/v2\/posts\/3104\/revisions"}],"predecessor-version":[{"id":3106,"href":"http:\/\/historikerkraus.de\/blog\/wp-json\/wp\/v2\/posts\/3104\/revisions\/3106"}],"wp:attachment":[{"href":"http:\/\/historikerkraus.de\/blog\/wp-json\/wp\/v2\/media?parent=3104"}],"wp:term":[{"taxonomy":"category","embeddable":true,"href":"http:\/\/historikerkraus.de\/blog\/wp-json\/wp\/v2\/categories?post=3104"},{"taxonomy":"post_tag","embeddable":true,"href":"http:\/\/historikerkraus.de\/blog\/wp-json\/wp\/v2\/tags?post=3104"}],"curies":[{"name":"wp","href":"https:\/\/api.w.org\/{rel}","templated":true}]}}