{"id":3096,"date":"2014-02-21T13:14:55","date_gmt":"2014-02-21T11:14:55","guid":{"rendered":"http:\/\/historikerkraus.de\/blog\/?p=3096"},"modified":"2014-02-21T13:18:54","modified_gmt":"2014-02-21T11:18:54","slug":"tv-vorschau-22-28-februar-2014","status":"publish","type":"post","link":"http:\/\/historikerkraus.de\/blog\/2014\/02\/21\/tv-vorschau-22-28-februar-2014\/","title":{"rendered":"TV-Vorschau 22. \u2013 28. Februar 2014"},"content":{"rendered":"<p>Heute wieder die Gesamtwochenvorschauf auf die Geschichtssendungen der letzten Februartage. Jahreszeitgem\u00e4\u00df muss mancher Stammplatz f\u00fcr historische Dokus dem Karneval weichen. Dennoch gibt es ein paar interessante Sendungen, u. a. \u00fcber die Familie Richard Wagner, Hexenverfolgung in der Fr\u00fchen Neuzeit und einen R\u00fcckblick auf die bundesdeutsche Fernsehgeschichte.<!--more--><\/p>\n<h2 style=\"text-align: center;\">Samstag, 22. Februar<\/h2>\n<ul>\n<li>Hexenverfolgung in Europa ist das Thema auf <a href=\"http:\/\/www.n-tv.de\/mediathek\/tvprogramm\/?date=2014-02-22\" target=\"_blank\"><strong>N-TV<\/strong><\/a>. Um 20.05 Uhr wird das \u201e Das Handbuch der Hexenjagd\u201c vorgestellt, der \u201eHexenhammer\u201c oder lateinisch \u201eMalleus Maleficarum\u201c. <em>\u201e256 Seiten sollten beweisen, dass Hexen Realit\u00e4t seien und get\u00f6tet werden m\u00fcssten. \u00dcber 60.000 \u201aHexen\u2018 sollen aufgrund des Werks ihr Leben verloren haben. Doch durch welche M\u00e4chte wurde dieser Wahnsinn angetrieben? Warum \u00fcberdauerte der \u201aHexenhammer\u2018 alle anderen Schriften seiner Art? Historiker entschl\u00fcsseln jetzt seine bizarren Geheimnisse.\u201c<\/em> \u2014 Um 21.05 Uhr folgt die Doku \u201eHexenjagd in Europa\u201c. <em>\u201eIm sp\u00e4ten 16. Jahrhundert war Europas Geschichte \u00fcberschattet von einer blutr\u00fcnstigen Hexenjagd. Tausende wurden gefoltert und auf dem Scheiterhaufen verbrannt. In Frankreich und Deutschland kamen bis zu 40.000 Unschuldige zu Tode. England und Schottland blieben von dem grassierenden Wahn nahezu unber\u00fchrt. Bis der damals schottische K\u00f6nig Jakob I 1597 ein Buch ver\u00f6ffentlichen lie\u00df, das den Hexenwahn auch hier anstachelte. Die Dokumentation zeigt, wie ein Kontinent erbarmungslos Jagd auf Unschuldige machte.\u201c<\/em> \u2014 Anschlie\u00dfend gibt es noch weitere Geschichtsdokus, um 22.05 Uhr \u201eTechnik &amp; Taktik: Kampfkunst des Mittelalters\u201c, um 23.05 Uhr \u201eR\u00e4tsel der Geschichte: Lawrence von Arabien\u201c und um 23.30 Uhr \u201eR\u00e4tsel der Geschichte: Sitting Bull\u201c.<\/li>\n<li>\u201e\u00c4gypten \u2013 Leben und Sterben im Tal der K\u00f6nige\u201c ist Thema einer zweigeteilten Doku auf <strong>Arte<\/strong>. Um 20.15 Uhr geht es los mit dem Thema <a href=\"http:\/\/www.arte.tv\/guide\/de\/050324-001\/agypten-leben-und-sterben-im-tal-der-koenige-1-2\" target=\"_blank\">\u201eLeben\u201c<\/a> und um 21.15 Uhr folgt der <a href=\"http:\/\/www.arte.tv\/guide\/de\/050324-002\/agypten-leben-und-sterben-im-tal-der-koenige-2-2\" target=\"_blank\">\u201eTod\u201c<\/a>.<\/li>\n<li>Im letzten Teil der Reihe \u201eGeheimnisvolle K\u00f6nigreiche in Afrika\u201c wird <a href=\"http:\/\/www.br.de\/fernsehen\/br-alpha\/programmkalender\/sendung-489026.html\" target=\"_blank\">\u201eWestafrika\u201c<\/a> behandelt (<strong>BR-alpha<\/strong>, 21 Uhr).<\/li>\n<li><strong>Phoenix<\/strong> stellt um 21.45 Uhr <a href=\"http:\/\/www.phoenix.de\/content\/phoenix\/die_sendungen\/zdf_history:_das_wikinger_raetsel\/717549?datum=2014-02-22\" target=\"_blank\">\u201eDas Wikinger-R\u00e4tsel\u201c<\/a>. <em>\u201e\u201aNoch nie hat man M\u00e4nner von derartiger Gr\u00f6\u00dfe und St\u00e4rke auf einem Schlachtfeld liegen sehen.\u2018 So beschreibt ein Zeitgenosse jene Krieger, die vom 8. bis ins 11. Jahrhundert die Welt in Atem hielten: Auf der Suche nach Land, Sklaven, Gold und Silber fielen die Wikinger von Skandinavien aus \u00fcber ganz Europa her. Sie pl\u00fcnderten und brachten den Tod, aber sie gr\u00fcndeten auch Siedlungen in Gr\u00f6nland, erreichten Amerika lange vor Christoph Kolumbus und brachten m\u00e4chtige Herrscher hervor. \u201aZDF-History\u2018 rekonstruiert die Details eines unvergleichlichen Siegeszugs und zeigt die andere Seite der \u201awilden Barbaren\u2018: die Wikinger als geschickte Seefahrer, kluge H\u00e4ndler und sagenhafte Entdecker.\u201c<\/em> \u2014 Der <a href=\"http:\/\/www.phoenix.de\/content\/phoenix\/die_sendungen\/winter_42_43\/806231?datum=2014-02-22\" target=\"_blank\">\u201eWinter 42\/43\u201c<\/a> brachte die Kriegswende. Die filmische Erz\u00e4hlung vermittelt einen tiefen Eindruck der Gef\u00fchlslage der Menschen in dieser Zeit (22.30 Uhr).<\/li>\n<\/ul>\n<h2 style=\"text-align: center;\">Sonntag, 23. Februar<\/h2>\n<ul>\n<li>Im <strong>ZDF<\/strong> steht heute Abend die Familie Wagner im Mittelpunkt, oder wie es neudeutsch hei\u00dft <a href=\"http:\/\/wagnerclan.zdf.de\/ZDF\/zdfportal\/programdata\/34b284a9-69da-46d0-86de-fcf53e7c2593\/20271662?doDispatch=2\" target=\"_blank\">\u201eDer Wagner-Clan. Eine Familiengeschichte\u201c<\/a> (20.15 Uhr). <em>\u201eSein 200. Geburtstag wurde im Jahr 2013 weltweit gefeiert: Richard Wagner, revolution\u00e4rer Komponist und Dramatiker, gilt als der vielleicht erfolgreichste und umstrittenste deutsche K\u00fcnstler \u00fcberhaupt. Von seinen Anh\u00e4ngern ebenso wie von seiner Familie forderte er absolute Hingabe und Unterordnung: Wagners Nachkommen, die bis heute \u00fcber die Bayreuther Weihest\u00e4tte herrschen und streiten, haben sich ganz der Bewahrung seines k\u00fcnstlerischen Erbes verschrieben und geben diese Aufgabe von Generation zu Generation weiter \u2013 wie einen Fluch.\u201c<\/em> \u2014 Um 22.05 Uhr folgt eine Dokumentation zu dem \u201eEventfilm\u201c, wie das ZDF den Film nennt.<\/li>\n<li>Wer gerne Maigret-Krimis liest, der k\u00f6nnte sich f\u00fcr die Doku <a href=\"http:\/\/www.arte.tv\/guide\/de\/049293-000\/das-jahrhundert-des-georges-simenon\" target=\"_blank\">\u201eDas Jahrhundert des Georges Simenon\u201c<\/a> um 21.55 Uhr <strong>Arte<\/strong> interessieren. <em>\u201eDer Schriftsteller Georges Simenon war der Mann der 400 B\u00fccher und 10.000 Frauen. Sein Leben und Schaffen wurde in zahlreichen Dokumentarfilmen und Portr\u00e4ts beleuchtet. Doch nie ging es darin um seine Weltsicht und sein Lebensgef\u00fchl. Was dachte er wirklich \u00fcber Literatur und Politik? Der Filmemacher Pierre Assouline l\u00e4sst Simenon selbst Antworten auf diese Fragen geben.\u201c<\/em><\/li>\n<li><em>\u201eEs war die gr\u00f6\u00dfte Massenerschie\u00dfung des Zweiten Weltkriegs, und doch ist das Massaker von Babi Jar den wenigsten ein Begriff.\u201c<\/em> Die Doku <a href=\"http:\/\/www.phoenix.de\/content\/phoenix\/die_sendungen\/babi_jar\/806265?datum=2014-02-23\" target=\"_blank\">\u201eBabi Jar \u2013 Das vergessene Massaker\u201c<\/a> will dies \u00e4ndern (<strong>Phoenix<\/strong>, 23.15 Uhr).<\/li>\n<\/ul>\n<h2 style=\"text-align: center;\">Montag, 24. Februar<\/h2>\n<ul>\n<li>\u201eFeuersturm \u2013 Der Bombenkrieg gegen Deutschland\u201c ist Thema auf <a href=\"http:\/\/www.n-tv.de\/mediathek\/tvprogramm\/?date=2014-02-24\" target=\"_blank\"><strong>N-TV<\/strong><\/a> um 20.05 Uhr und 21.05 Uhr. <em>\u201eSechzig Jahre nach dem Zweiten Weltkrieg \u2013 Historiker J\u00f6rg Friedrich beginnt mit seinem Beststeller \u201aDer Brand\u2018 eine neue Debatte \u00fcber die Luftangriffe der Alliierten. Waren die grausamen Bombenangriffe notwendige Kriegshandlungen oder sinnlose Vergeltungsakte der Briten und Amerikaner? [\u2026] Unver\u00f6ffentlichte Filmdokumente und bewegende Interviews geben in der Spiegel TV-Dokumentation Aufschluss \u00fcber die von J\u00f6rg Friedrich angesto\u00dfene Diskussion zum Luftkrieg. St\u00fctzen die gefundenen Fakten Friedrichs These der sinnlosen Vergeltungsakte?\u201c<\/em><\/li>\n<li>Zwei Personen der DDR-Geschichte werden heute Abend auf <strong>Phoenix<\/strong> vorgestellt. Um 20.15 Uhr <a href=\"http:\/\/www.phoenix.de\/content\/phoenix\/die_sendungen\/walter_ulbricht\/806794?datum=2014-02-24\" target=\"_blank\">\u201eWalter Ulbricht \u2013 Der Mann, mit dem niemand rechnete\u201c<\/a> und um 21 Uhr <a href=\"http:\/\/www.phoenix.de\/content\/phoenix\/die_sendungen\/hilde_benjamin\/806807?datum=2014-02-24\" target=\"_blank\">\u201eHilde Benjamin \u2013 Die Scharfrichterin der DDR\u201c<\/a>.<\/li>\n<\/ul>\n<h2 style=\"text-align: center;\">Dienstag, 25. Februar<\/h2>\n<ul>\n<li>22.45 Uhr, <strong>BR-alpha<\/strong>, <a href=\"http:\/\/www.br.de\/fernsehen\/br-alpha\/programmkalender\/sendung-478826.html\" target=\"_blank\">\u201eMythen \u2013 Michael K\u00f6hlmeier erz\u00e4hlt Sagen des klassischen Altertums\u201c Anchises\u201c<\/a>.<\/li>\n<\/ul>\n<h2 style=\"text-align: center;\">Mittwoch, 26. Februar<\/h2>\n<ul>\n<li>Der nationalsozialistische Kunstraub ist ja gerade in den letzten Monaten wieder zu einem \u00f6ffentlichen Thema geworden. Die Doku <a href=\"http:\/\/www.arte.tv\/guide\/de\/050811-000\/hitlers-madonna-und-die-retter-der-raubkunst\" target=\"_blank\">\u201eHitlers Madonna und die Retter der Raubkunst\u201c<\/a> beschreibt um 21.35 Uhr auf <strong>Arte<\/strong>, wie mehr als 6000 Kunstwerke aus dem \u00f6sterreichischen Salzbergwerk Altaussee gerettet werden konnten. Dort waren sie eingelagert worden, um sie vor dem Bombenhagel auf deutsche St\u00e4dte zu sch\u00fctzen. Als die Niederlage der Deutschen im Zweiten Weltkrieg absehbar wurde, plante man, diesen wertvollen Kunstschatz durch eine Bombenexplosion zu vernichten. <em>\u201eAn der Geschichte dieser Rettung l\u00e4sst sich vieles ablesen. So wird das Bergwerk in den letzten Tagen des Krieges zum Mikrokosmos des Deutschen Reichs. Auf engem Raum werden die existenziellen Fragen der Zeit verhandelt: Leistet man Befehlsgehorsam bis zum Tod oder lehnt man sich gegen die Terrorherrschaft der Nazis auf? Und ist das Kulturgut mehr wert als das eigene Leben?\u201c<\/em><\/li>\n<li>Die zweite Folge des \u201eBayerischen Jahrtausends\u201c f\u00fchrt ins <a href=\"http:\/\/www.br.de\/fernsehen\/bayerisches-fernsehen\/programmkalender\/sendung-477432.html\" target=\"_blank\">\u201e12. Jahrhundert [nach] W\u00fcrzburg\u201c<\/a>. <em>\u201eDas F\u00fcrstbistum W\u00fcrzburg erringt im 12. Jahrhundert seine Eigenst\u00e4ndigkeit, die es 650 Jahre lang bewahren kann: Der Kern eines W\u00fcrzburger Selbstbewusstseins, das bis heute nachwirkt.\u201c<\/em> (<strong>BR<\/strong>, 22 Uhr).<\/li>\n<li>Eine ganz eigene Form der Besch\u00e4ftigung mit Geschichte ist das historische Rollenspiel, das eine gar nicht so kleine Zahl von Geschichtsbegeisterten in ihrer Freizeit betreiben. Man denke nur an die vielen Mittelalter-M\u00e4rkte in den Sommermonaten. Die Doku <a href=\"http:\/\/www.swrfernsehen.de\/dokumentarfilm\/-\/id=4141492\/sdpgid=898628\/u2gvix\/index.html\" target=\"_blank\">\u201eDie St\u00e4mme von K\u00f6ln\u201c<\/a> geht diesem Ph\u00e4nomen auf den Grund. <em>\u201eAls K\u00f6lner St\u00e4mme bezeichnen sich rund 80 Vereine, deren Mitglieder sich in ihrer Freizeit als Hunnen, Mongolen, Wikinger, Indianer oder Afrikaner verkleiden. Sie schl\u00fcpfen in die Rolle von Attila, dem Hunnenk\u00f6nig oder Dschingis Khan und das nicht nur an Karneval: W\u00e4hrend der Sommermonate campen sie in K\u00f6lner Parks und Gr\u00fcnanlagen, um gemeinsam mit der Familie, Freunden und Arbeitskollegen in opulenten Rollenspielen historische Epochen und \u201afremde\u2018 Kulturen in Szene zu setzen. Doch was treibt so viele Menschen dazu, in die Rolle einer anderen Pers\u00f6nlichkeit zu schl\u00fcpfen, um so Geschichte am eigenen Leib zu erfahren? Dieser Frage ist die Ethnologin und Regisseurin Anja Dreschke w\u00e4hrend ihrer filmischen Feldforschung bei den K\u00f6lner St\u00e4mmen nachgegangen. \u00dcber mehrere Jahre hat sie die Vereine bei ihren Aktivit\u00e4ten im Karneval, in Vereinslokalen und auf Sommerlagern begleitet.\u201c<\/em> (<strong>SWR<\/strong>, 23.30 Uhr).<\/li>\n<\/ul>\n<h2 style=\"text-align: center;\">Donnerstag, 27. Februar<\/h2>\n<ul>\n<li>Der Sender <strong>Phoenix<\/strong> pr\u00e4sentiert heute Abend ein bisschen Fernsehgeschichte. Um 20.15 Uhr begibt sich \u201eZDF-History\u201c mit dem Beitrag <a href=\"http:\/\/www.phoenix.de\/content\/phoenix\/die_sendungen\/zdf_history:_deutschland_deine_werbung\/388841?datum=2014-02-27\" target=\"_blank\">\u201eDeutschland \u2013 Deine Werbung\u201c<\/a> auf <em>\u201eeine unterhaltsame Zeitreise durch ein Jahrhundert deutscher Werbegeschichte.\u201c<\/em> \u2014 Um 21 Uhr geht es weiter mit <a href=\"http:\/\/www.phoenix.de\/content\/phoenix\/die_sendungen\/fernsehlieblinge\/437744?datum=2014-02-27\" target=\"_blank\">\u201eDeutschland, deine Krimis\u201c<\/a> und um 21.45 Uhr <a href=\"http:\/\/www.phoenix.de\/content\/phoenix\/die_sendungen\/fernsehlieblinge\/437750?datum=2014-02-27\" target=\"_blank\">\u201eDeutschland, deine Schlager\u201c<\/a>.<\/li>\n<\/ul>\n<h2 style=\"text-align: center;\">Freitag, 28. Februar<\/h2>\n<ul>\n<li>Wir sind in der Hochzeit des Karnevals. Passend hierzu liefert die Doku des <strong>RBB<\/strong> \u00fcber den <a href=\"http:\/\/www.rbb-online.de\/fernsehen\/programm\/28_02_2014\/11659038894.html\" target=\"_blank\">\u201eAufstand der Jecken\u201c<\/a> um 23.30 Uhr <em>\u201eBeobachtungen beim K\u00f6lner Karneval. P\u00fcnktlich zur Saison des verordneten Frohsinns: ein wunderbares St\u00fcck aus der legend\u00e4ren Reihe \u201aZeichen der Zeit\u2018 des S\u00fcddeutschen Rundfunks Stuttgart von Dieter Ertel, Georg Friedel und Hartmut Missbach aus dem Jahr 1960. Auch der Karneval, ein sehr weit zur\u00fcckreichender Volksbrauch, scheint \u2013 wenigstens manchenorts \u2013 in die Gefahr geraten zu sein, kommerzialisiert und organisiert und damit seines eigentlichen Wesens beraubt zu werden. Dieter Ertel und Hartmut Missbach sind mit der Kamera in die Hochburgen des rheinischen Karnevals gefahren, um sorgf\u00e4ltig \u2013 wenn auch ohne tierischen Ernst \u2013 nachzusehen, wie es heute um den Karneval bestellt ist; wieweit er noch echter und spontaner Ausbruch der Fr\u00f6hlichkeit und des Humors ist und wieweit er bereits zum organisierten Rummel geworden ist.\u201c<\/em><\/li>\n<\/ul>\n","protected":false},"excerpt":{"rendered":"<p>Heute wieder die Gesamtwochenvorschauf auf die Geschichtssendungen der letzten Februartage. Jahreszeitgem\u00e4\u00df muss mancher Stammplatz f\u00fcr historische Dokus dem Karneval weichen. Dennoch gibt es ein paar interessante Sendungen, u. a. \u00fcber die Familie Richard Wagner, Hexenverfolgung in der Fr\u00fchen Neuzeit und einen R\u00fcckblick auf die bundesdeutsche Fernsehgeschichte.<\/p>\n","protected":false},"author":10,"featured_media":0,"comment_status":"open","ping_status":"open","sticky":false,"template":"","format":"standard","meta":{"footnotes":""},"categories":[4,8],"tags":[],"class_list":["post-3096","post","type-post","status-publish","format-standard","hentry","category-geschichte-im-fernsehen","category-history-tv"],"aioseo_notices":[],"_links":{"self":[{"href":"http:\/\/historikerkraus.de\/blog\/wp-json\/wp\/v2\/posts\/3096","targetHints":{"allow":["GET"]}}],"collection":[{"href":"http:\/\/historikerkraus.de\/blog\/wp-json\/wp\/v2\/posts"}],"about":[{"href":"http:\/\/historikerkraus.de\/blog\/wp-json\/wp\/v2\/types\/post"}],"author":[{"embeddable":true,"href":"http:\/\/historikerkraus.de\/blog\/wp-json\/wp\/v2\/users\/10"}],"replies":[{"embeddable":true,"href":"http:\/\/historikerkraus.de\/blog\/wp-json\/wp\/v2\/comments?post=3096"}],"version-history":[{"count":3,"href":"http:\/\/historikerkraus.de\/blog\/wp-json\/wp\/v2\/posts\/3096\/revisions"}],"predecessor-version":[{"id":3099,"href":"http:\/\/historikerkraus.de\/blog\/wp-json\/wp\/v2\/posts\/3096\/revisions\/3099"}],"wp:attachment":[{"href":"http:\/\/historikerkraus.de\/blog\/wp-json\/wp\/v2\/media?parent=3096"}],"wp:term":[{"taxonomy":"category","embeddable":true,"href":"http:\/\/historikerkraus.de\/blog\/wp-json\/wp\/v2\/categories?post=3096"},{"taxonomy":"post_tag","embeddable":true,"href":"http:\/\/historikerkraus.de\/blog\/wp-json\/wp\/v2\/tags?post=3096"}],"curies":[{"name":"wp","href":"https:\/\/api.w.org\/{rel}","templated":true}]}}