{"id":3092,"date":"2014-02-18T17:37:47","date_gmt":"2014-02-18T15:37:47","guid":{"rendered":"http:\/\/historikerkraus.de\/blog\/?p=3092"},"modified":"2014-02-18T17:38:57","modified_gmt":"2014-02-18T15:38:57","slug":"tv-vorschau-15-21-februar-2014-teil-2","status":"publish","type":"post","link":"http:\/\/historikerkraus.de\/blog\/2014\/02\/18\/tv-vorschau-15-21-februar-2014-teil-2\/","title":{"rendered":"TV-Vorschau 15. \u2013 21. Februar 2014 (Teil 2)"},"content":{"rendered":"<p>Hier nun der zweite Teil der Wochenvorschau auf die Geschichtssendungen im deutschen Fernsehen.<!--more--><\/p>\n<h2 style=\"text-align: center;\">Mittwoch, 19. Februar<\/h2>\n<ul>\n<li><a href=\"http:\/\/www.phoenix.de\/content\/phoenix\/die_sendungen\/zdf_history:_toedliche_mission\/699692?datum=2014-02-19\" target=\"_blank\">\u201eT\u00f6dliche Mission \u2013 Geheimoperation im Zweiten Weltkrieg\u201c<\/a> lautet das Thema des Beitrags der Reihe ZDF History auf <strong>Phoenix<\/strong> um 20.15 Uhr. <em>\u201eIm Schatten der Schlachten des Zweiten Weltkriegs f\u00fchrten auf deutscher wie alliierter Seite Sondereinheiten einen geheimen Krieg \u2013 hinter den feindlichen Linien. So kam es immer wieder zu Entf\u00fchrungen, Mordanschl\u00e4gen und Sabotageakten. Vier Fallbespiele machen deutlich, dass diese geheimen Eins\u00e4tze immer auch eine propagandistische Wirkung haben sollten: Etwa bei der &#8222;Befreiung&#8220; Mussolinis durch ein deutsches Kommando am Gran Sasso 1943, beim Attentat auf Reinhard Heydrich in Prag 1942, bei der Entf\u00fchrung eines deutschen Generals auf Kreta 1944 und schlie\u00dflich 1945 bei der Ermordung des B\u00fcrgermeisters von Aachen.\u201c<\/em><\/li>\n<li>Der <strong>BR<\/strong> sendet wieder die Doku-Reihe \u201eDas Bayerische Jahrtausend\u201c. <em>\u201eDAS BAYERISCHE JAHRTAUSEND erz\u00e4hlt die Geschichte des Landes nicht aus dynastischer Perspektive, sondern stellt Prozesse, Impulse, Z\u00e4suren und Spr\u00fcnge in den Vordergrund. Zehn Jahrhunderte, zehn Paradigmen und zehn bayerische St\u00e4dte stehen im Zentrum der Sendereihe DAS BAYERISCHE JAHRTAUSEND.\u201c<\/em> Heute um 22 Uhr l\u00e4uft die erste Folge <a href=\"http:\/\/www.br.de\/fernsehen\/bayerisches-fernsehen\/programmkalender\/sendung-476056.html\" target=\"_blank\">\u201e11. Jahrhundert: Bamberg\u201c<\/a>.<\/li>\n<\/ul>\n<h2 style=\"text-align: center;\">Donnerstag, 20. Februar<\/h2>\n<p>Heute leider eine Fehlanzeige.<\/p>\n<h2 style=\"text-align: center;\">Freitag, 21. Februar<\/h2>\n<ul>\n<li>Der <a href=\"http:\/\/www.wdr.de\/programmvorschau\/suche.html?medium=F&amp;sender=10&amp;datum=2014-02-21&amp;zeit=1900-2400\" target=\"_blank\"><strong>WDR<\/strong><\/a> sendet um 20.15 Uhr aus der Reihe \u201eDeutsche Dynastien\u201c einen Beitrag \u00fcber <a href=\"http:\/\/www1.wdr.de\/fernsehen\/dokumentation_reportage\/dokuamfreitag\/sendungen\/diehohenzollern100.html\" target=\"_blank\">\u201eDie Hohenzollern\u201c<\/a>. <em>\u201eKeine andere Dynastie ist mit dem Schicksal Deutschlands enger verkn\u00fcpft als die Hohenzollern. F\u00fcrsten, K\u00f6nige und Kaiser sind aus dem Geschlecht der Hohenzollern hervorgegangen. Vor einem Jahrhundert endete ihre Herrschaft. Doch im Gespr\u00e4ch sind sie nach wie vor \u2026\u201c<\/em><\/li>\n<\/ul>\n","protected":false},"excerpt":{"rendered":"<p>Hier nun der zweite Teil der Wochenvorschau auf die Geschichtssendungen im deutschen Fernsehen.<\/p>\n","protected":false},"author":10,"featured_media":0,"comment_status":"open","ping_status":"open","sticky":false,"template":"","format":"standard","meta":{"footnotes":""},"categories":[4,8],"tags":[],"class_list":["post-3092","post","type-post","status-publish","format-standard","hentry","category-geschichte-im-fernsehen","category-history-tv"],"aioseo_notices":[],"_links":{"self":[{"href":"http:\/\/historikerkraus.de\/blog\/wp-json\/wp\/v2\/posts\/3092","targetHints":{"allow":["GET"]}}],"collection":[{"href":"http:\/\/historikerkraus.de\/blog\/wp-json\/wp\/v2\/posts"}],"about":[{"href":"http:\/\/historikerkraus.de\/blog\/wp-json\/wp\/v2\/types\/post"}],"author":[{"embeddable":true,"href":"http:\/\/historikerkraus.de\/blog\/wp-json\/wp\/v2\/users\/10"}],"replies":[{"embeddable":true,"href":"http:\/\/historikerkraus.de\/blog\/wp-json\/wp\/v2\/comments?post=3092"}],"version-history":[{"count":2,"href":"http:\/\/historikerkraus.de\/blog\/wp-json\/wp\/v2\/posts\/3092\/revisions"}],"predecessor-version":[{"id":3095,"href":"http:\/\/historikerkraus.de\/blog\/wp-json\/wp\/v2\/posts\/3092\/revisions\/3095"}],"wp:attachment":[{"href":"http:\/\/historikerkraus.de\/blog\/wp-json\/wp\/v2\/media?parent=3092"}],"wp:term":[{"taxonomy":"category","embeddable":true,"href":"http:\/\/historikerkraus.de\/blog\/wp-json\/wp\/v2\/categories?post=3092"},{"taxonomy":"post_tag","embeddable":true,"href":"http:\/\/historikerkraus.de\/blog\/wp-json\/wp\/v2\/tags?post=3092"}],"curies":[{"name":"wp","href":"https:\/\/api.w.org\/{rel}","templated":true}]}}