{"id":3087,"date":"2014-02-15T13:11:21","date_gmt":"2014-02-15T11:11:21","guid":{"rendered":"http:\/\/historikerkraus.de\/blog\/?p=3087"},"modified":"2014-02-15T13:15:45","modified_gmt":"2014-02-15T11:15:45","slug":"tv-vorschau-15-21-februar-2014-teil-1","status":"publish","type":"post","link":"http:\/\/historikerkraus.de\/blog\/2014\/02\/15\/tv-vorschau-15-21-februar-2014-teil-1\/","title":{"rendered":"TV-Vorschau 15. \u2013 21. Februar 2014 (Teil 1)"},"content":{"rendered":"<p>Die TV-Vorschauf f\u00fcr die Geschichtssendungen der kommenden Woche erfolgt mal wieder in zwei Teilen. Heute gibt es den ersten Teil bis einschlie\u00dflich Dienstag, 18. Februar. Dabei sind diesmal u. a. Beitr\u00e4ge \u00fcber die Flucht vieler Nazis nach dem Krieg nach S\u00fcdamerika, eine mehrteilige Doku \u00fcber die Industriellenfamilie Krupp und eine ausf\u00fchrliche Doku \u00fcber die \u201aN\u00fcrnberger Prozesse\u2018.<!--more--><\/p>\n<h2 style=\"text-align: center;\">Samstag, 15. Februar<\/h2>\n<ul>\n<li>Antike Helden und Gladiatoren besch\u00e4ftigen die TV-Dokus auf <a href=\"http:\/\/www.n-tv.de\/mediathek\/tvprogramm\/?date=2014-02-15\" target=\"_blank\"><strong>N-TV<\/strong><\/a>. Um 20.05 Uhr geht es los mit \u201eGladiatoren: Helden der Arena\u201c. <em>\u201eBisher waren Gladiatoren stets legend\u00e4re Figuren der Antike. \u00dcber ihr Leben war so gut wie nichts bekannt. Doch der sensationelle Fund eines Gladiatoren-Friedhofs gibt neue Aufschl\u00fcsse: Wie haben die K\u00e4mpfer gelebt? Wie haben sie gek\u00e4mpft? Und vor allem \u2013 wie sind sie gestorben?\u201c<\/em> \u2014 Um 21.05 Uhr hei\u00dft es dann \u201e Gladiatoren: Leben zwischen Triumph und Tod\u201c. <em>\u201eIn Nordengland liegt der bislang weltgr\u00f6\u00dfte Gladiatoren-Friedhof. \u00dcber 80 komplett erhaltene Skelette wurden bereits ausgegraben. Die sterblichen \u00dcberreste der Menschen, die in der Arena ihr Leben lie\u00dfen, zeugen von der Grausamkeit der K\u00e4mpfe. Was l\u00e4sst sich mit Hilfe modernster Wissenschaft \u00fcber sie herausfinden? Die Dokumentation erweckt die K\u00e4mpfer wieder zum Leben, die zwischen dem ersten bis vierten Jahrhundert nach Christus starben.\u201c<\/em> \u2014 Einen Blick nach Fernost wirft die Doku \u201eWettk\u00e4mpfe im Alten China\u201c. <em>\u201eIm alten China gab es bereits vor den Olympischen Spielen Sportwettk\u00e4mpfe, die die Menschen begeisterten. Wenig ist dar\u00fcber bislang bekannt. Welche Rolle spielten Kampfsportarten bei den Wettk\u00e4mpfen? Die Dokumentation reist zur\u00fcck und berichtet von einer erstaunlichen sportlichen Welt, die fast in Vergessenheit geraten ist.\u201c<\/em> \u2014 Anschlie\u00dfend folgen noch zwei Beitr\u00e4ge der Reihe \u201eR\u00e4tsel der Geschichte\u201c. Zun\u00e4chst \u00fcber Marco Polo (23.05 Uhr), dann \u00fcber Captain Kidd (23.30 Uhr).<\/li>\n<li>Chinas Terrakotta-Krieger kennt fast jeder. Die Doku <a href=\"http:\/\/www.phoenix.de\/content\/phoenix\/die_sendungen\/die_geisterarmee_\/797644?datum=2014-02-15\" target=\"_blank\">\u201eDie Geisterarmee\u201c<\/a> erz\u00e4hlt um 20.15 Uhr auf <strong>Phoenix<\/strong> ihre Geschichte. \u2014 Um 21 Uhr geht es dann von China nach England und um den <a href=\"http:\/\/www.phoenix.de\/content\/phoenix\/die_sendungen\/der_geheimcode_von_stonehenge\/587136?datum=2014-02-15\" target=\"_blank\">\u201eGeheimcode von Stonehenge\u201c<\/a>.<\/li>\n<li>Noch bekannter als die Chinesische Terrakotta-Armee d\u00fcrfte die Freiheitsstatue in New York sein. <em>\u201eDas vielleicht ber\u00fchmteste Monument der Vereinigten Staaten hat seinen Ursprung in Frankreich und ist das Werk des franz\u00f6sischen Bildhauers Fr\u00e9d\u00e9ric-Auguste Bartholdi. Die Statue konnte schlie\u00dflich 1886 eingeweiht werden.\u201c<\/em><br \/>\nDie Doku <a href=\"http:\/\/www.arte.tv\/guide\/de\/047575-000\/lady-liberty\" target=\"_blank\">\u201eLady Liberty\u201c<\/a> <em>\u201eerz\u00e4hlt die fabelhaft anmutende, kaum bekannte Geschichte der Freiheitsstatue, und sie schildert, wie es dazu kam, dass der Traum des Bildhauers Fr\u00e9d\u00e9ric-Auguste Bartholdi aus dem els\u00e4ssischen Colmar Wirklichkeit wurde.\u201c<\/em> (<strong>Arte<\/strong>, 20.15 Uhr).<\/li>\n<li>Die Reihe \u201eGeheimnisvolle K\u00f6nigreiche in Afrika\u201c auf <strong>BR-alpha<\/strong> besch\u00e4ftigt sich im dritten Teil mit <a href=\"http:\/\/www.br.de\/fernsehen\/br-alpha\/programmkalender\/sendung-489022.html\" target=\"_blank\">\u201eSimbabwe\u201c<\/a> (21 Uhr).<\/li>\n<li><a href=\"http:\/\/de.wikipedia.org\/wiki\/Wilhelm_Hoegner\" target=\"_blank\">\u201eWilhelm Hoegner\u201c<\/a> gilt als <a href=\"http:\/\/programm.tagesschau24.de\/tv\/Wilhelm-Hoegner\/2014-02-15\/eid_2872111565057952\" target=\"_blank\">\u201eVater der Bayerischen Verfassung\u201c<\/a>. So titelt zumindest die Doku auf <strong>tagesschau 24<\/strong> um 21.47 Uhr. Er stimmte als sozialdemokratischer Reichstagsabgeordneter 1933 gegen Hitlers Erm\u00e4chtigungsgesetz und wurde nach Ende des Krieges und R\u00fcckkehr aus dem Exil der bislang einzige bayerische Ministerpr\u00e4sident, der nicht der CSU angeh\u00f6rte. Er entwickelte auch den Entwurf der bayerischen Verfassung, die am 8. Dezember 1946 verabschiedet wurde.<\/li>\n<li>Der <strong>BR<\/strong> wendet sich heute einem eher selten thematisierten Aspekt der Nachkriegsgeschichte zu: Die Flucht der Nazi-T\u00e4ter nach S\u00fcdamerika. Zun\u00e4chst wird diese Thematik in dem Thriller <a href=\"http:\/\/www.br.de\/fernsehen\/bayerisches-fernsehen\/programmkalender\/sendung-475732.html\" target=\"_blank\">\u201eFrei\u201c<\/a> (BRD 2014, Regie: Bernd Fischerauer ) behandelt, anschlie\u00dfend in der Diskussionsrunde <a href=\"http:\/\/www.br.de\/fernsehen\/bayerisches-fernsehen\/programmkalender\/sendung759798.html\" target=\"_blank\">\u201eDie Flucht der T\u00e4ter. Gespr\u00e4ch zum Fernsehfilm \u201aFrei\u2018\u201c<\/a> (23.30 Uhr): <em>\u201eAndreas B\u00f6nte spricht im Dokumentationszentrum Reichsparteitagsgel\u00e4nde in N\u00fcrnberg mit dem Autor und Regisseur Bernd Fischerauer und den Historikern Dr. Kerstin von Lingen und Dr. Daniel Stahl \u00fcber die Flucht von Nazi-Verbrechern nach dem Zweiten Weltkrieg nach S\u00fcdamerika.\u201c<\/em> \u2014 Um Mitternacht folgt dann noch ein filmisches Portr\u00e4t der Nazi-J\u00e4ger Serge und Beate Klarsfeld: <a href=\"http:\/\/www.br.de\/fernsehen\/bayerisches-fernsehen\/programmkalender\/sendung-475736.html\" target=\"_blank\">\u201eDie Hetzjagd\u201c<\/a> (BRD\/FRA 2008, Regie: Laurent Jaoui). <em>\u201eSeit sich das deutsch-franz\u00f6sische Paar Serge und Beate Klarsfeld in den fr\u00fchen 1970ern der Erinnerung an die Holocaust-Opfer verschrieben hat, glich ihr Leben oftmals einem Thriller. Allein, allen Widerst\u00e4nden trotzend und ohne finanziellen R\u00fcckhalt nahmen es die \u201aNazi-J\u00e4ger\u2018 mit Politikern auf.\u201c<\/em><\/li>\n<\/ul>\n<h2 style=\"text-align: center;\">Sonntag, 16. Februar<\/h2>\n<ul>\n<li><strong>Phoenix<\/strong> erz\u00e4hlt \u201eDie Entstehung \u00c4gyptens\u201c in zwei Teilen. <em>\u201e1200 Jahre trennen die Herrschaft des Pharaos Cheops von der Ramses II. Doch eines haben beide gemeinsam: Unter ihrer F\u00fchrung wurden zwei der bedeutendsten Bauwerke des Alten \u00c4gypten errichtet: die Gro\u00dfe Pyramide von Gizeh und die Tempel von Abu Simbel. Der Film rekonstruiert die Geschichte der Entstehung dieser gigantischen Monumente und zeigt, welchen Einfluss die Alltags- und Glaubenswelt der \u00c4gypter auf die Entwicklung der einzigartigen Architektur des Landes hatten.\u201c<\/em> <a href=\"http:\/\/www.phoenix.de\/content\/phoenix\/die_sendungen\/die_entstehung_aegyptens_%281_2%29\/804011?datum=2014-02-16\" target=\"_blank\">Teil 1<\/a> um 20.15 Uhr. \u2014 <em>\u201eDer <a href=\"http:\/\/www.phoenix.de\/content\/phoenix\/die_sendungen\/die_entstehung_aegyptens_%282_2%29\/804017?datum=2014-02-16\" target=\"_blank\">zweite Teil<\/a> verfolgt [um 21 Uhr] das Lebenswerk Ramses II. \u2013 seinen Aufstieg und den Bau des Tempels bei Abu Simbel am H\u00f6hepunkt seiner Macht.\u201c<\/em><\/li>\n<li><a href=\"http:\/\/www.mdr.de\/tv\/programm\/sendung359216.html\" target=\"_blank\">\u201eBegrabt mein Herz in Dresden\u201c<\/a> war der letzte Wunsch von Edward Two Two, einem Sioux-Indianer, der 1914 auf dem katholischen Friedhof in Dresden beigesetzt wurde. <em>\u201eWie kam ein Sioux nach Dresden? Und warum wurde er hier, fernab seiner Heimat entgegen aller indianischen Tradition begraben? Der Dokumentarfilm &#8222;Begrabt mein Herz in Dresden&#8220; sp\u00fcrt der Geschichte des Edward Two Two nach und erz\u00e4hlt gleichzeitig von einem europ\u00e4ischen Traum, der bis heute lebendig ist. Der Traum von einem romantischen Indianerleben, die Sehnsucht nach dem \u201aedlen Wilden\u2018 \u2013 heute wie vor 100 Jahren.\u201c<\/em> (<strong>MDR<\/strong>, 23.50 Uhr).<\/li>\n<\/ul>\n<h2 style=\"text-align: center;\">Montag, 17. Februar<\/h2>\n<ul>\n<li>Auf <a href=\"http:\/\/www.n-tv.de\/mediathek\/tvprogramm\/?date=2014-02-17\" target=\"_blank\"><strong>N-TV<\/strong><\/a> wird \u201eDas Dritte Reich vor Gericht\u201c gestellt. Die vierteilige Doku besch\u00e4ftigt sich mit den \u201eN\u00fcrnberger Prozessen\u201c. <em>\u201eZu den Angeklagten der \u201aN\u00fcrnberger Prozesse\u2018 geh\u00f6rten unter anderem Reichsmarschall Hermann G\u00f6ring, Hitlers Au\u00dfenminister Joachim von Ribbentrop, R\u00fcstungsminister Albert Speer, Judenhetzer Julius Streicher und SS-Sicherheitschef Ernst Kaltenbrunner. Die Spiegel TV-Dokumentation zeigt das geschichtliche Gro\u00dfereignis, das im Oktober 1946 in einem Hauptprozess mit der Verk\u00fcndung von 12 Todesurteilen endete.\u201c<\/em> (Sendezeiten 20.05 Uhr, 21.05 Uhr, 22.10 Uhr und 23.05 Uhr).<\/li>\n<li>Die dreiteilige Doku \u201eDie Krupps \u2013 Eine deutsche Saga\u201c l\u00e4uft auf <strong>Phoenix<\/strong>. Teil 1 <a href=\"http:\/\/www.phoenix.de\/content\/phoenix\/die_sendungen\/die_krupps_%E2%80%93_eine_deutsche_saga_%281_3%29\/804502?datum=2014-02-17\" target=\"_blank\">\u201eGesch\u00e4fte\u201c<\/a> um 20.15 Uhr, Teil 2 <a href=\"http:\/\/www.phoenix.de\/content\/phoenix\/die_sendungen\/die_krupps_eine_deutsche_saga_%282_3%29\/804503?datum=2014-02-17\" target=\"_blank\">\u201eKriege\u201c<\/a> um 21 Uhr. Morgen folgt dann der dritte Teil.<\/li>\n<li>Das Doku-Drama <a href=\"http:\/\/www.3sat.de\/page\/?source=\/ard\/dokumentationen\/174926\/index.html\" target=\"_blank\">\u201eDer Untergang der Lusitania\u201c<\/a> (GB, BRD 2008, Regie: Christopher Spencer) berichtet von der Trag\u00f6die eines Luxusliners. <em>\u201eEs war ein Schock, der die Welt ersch\u00fctterte: die Versenkung des britischen Passagierdampfers Lusitania am 7. Mai 1915 durch ein deutsches U-Boot. In nur 18 Minuten versank das gigantische Schiff mitten am Tag vor der S\u00fcdk\u00fcste Irlands. 1198 Menschen ertranken, weit mehr als die H\u00e4lfte der Besatzung und der Passagiere \u2013 Frauen, M\u00e4nner, Kinder. Es war ein Ereignis, das den weiteren Verlauf des Ersten Weltkriegs nachhaltig beeinflusste und mit zum Kriegseintritt der USA f\u00fchrte.\u201c<\/em><\/li>\n<li>\u201eGeschichte im Ersten\u201c, \u201eGeheimnisvolle Orte\u201c \u2013 um 23.40 Uhr geht es in der <strong>ARD<\/strong> um <a href=\"http:\/\/programm.daserste.de\/pages\/programm\/detail.aspx?id=7790B8CE709C256042AA8E2E1D6F12D2\" target=\"_blank\">\u201eProra \u2013 Naziseebad und Sperrgebiet\u201c<\/a> auf R\u00fcgen. <em>\u201eEs ist ein Denkmal des Gr\u00f6\u00dfenwahns: Das \u201aKDF-Bad\u2018 in Prora auf R\u00fcgen. Hier sollte die \u201aDeutsche Volksgemeinschaft\u2018 entstehen: bedingungslose Gefolgschaft aus Dankbarkeit zu einem F\u00fchrer, der seinem Volk einen herrlichen Urlaub erm\u00f6glichte. Hitler glaubte, nur mit erholten Arbeitern \u201akann man wahrhaft gro\u00dfe Politik machen\u2018. Prora galt als kriegswichtiges Objekt \u2013 fertiggestellt wurde es nie. Mit Gr\u00fcndung der DDR begann die zweite, die unbekanntere, geheimnisvollere Geschichte Proras: Der Ort verschwand von der Landkarte und wurde milit\u00e4risches Sperrgebiet. Die Nationale Volksarmee zog ein.\u201c<\/em><\/li>\n<\/ul>\n<h2 style=\"text-align: center;\">Dienstag, 18. Februar<\/h2>\n<ul>\n<li>Um 20.15 Uhr beschlie\u00dft der dritte Teil mit dem Titel <a href=\"http:\/\/www.phoenix.de\/content\/804761\" target=\"_blank\">\u201eDer Wiederaufbau\u201c<\/a> die Doku-Reihe \u201eDie Krupps \u2013 Eine deutsche Saga\u201c auf <strong>Phoenix<\/strong>.<\/li>\n<li>DIe Reihe \u201eGeheimnisvolle Orte\u201c im <strong>RBB<\/strong> besch\u00e4ftigt sich um 20.15 Uhr mit dem Ort <a href=\"http:\/\/www.rbb-online.de\/fernsehen\/programm\/18_02_2014\/11567074938.html\" target=\"_blank\">\u201eK\u00fcstrin \u2013 Pompeji an der Oder\u201c<\/a>. <em>\u201eK\u00fcstrin \u2013 der Name steht f\u00fcr den Schrecken und Wahnsinn des Krieges. Das Ruinenfeld der Altstadt zwischen Oder und Warthe erinnert an seine Zerst\u00f6rungskraft. Am Ende des Zweiten Weltkriegs, Ende Januar 1945, wurde K\u00fcstrin zur Festung erkl\u00e4rt. Die Stadt sollte eine letzte Bastion werden, um den Vormarsch der Roten Armee auf die Reichshauptstadt Berlin zu stoppen. Der letzte Kommandant K\u00fcstrins war SS-Gruppenf\u00fchrer Heinz Reinefarth. Ein Mann, der bei der Niederschlagung des Warschauer Aufstands zehntausende Zivilisten t\u00f6ten lie\u00df. Der \u201aHenker von Warschau\u2018 soll nun K\u00fcstrin \u201abis zum letzten Mann, bis zur letzten Patrone\u2018 halten.\u201c<\/em> Aber schon seit dem 17. Jahrhundert war der Ort <em>\u201ezu einer der st\u00e4rksten Festungen der deutschen Staaten ausgebaut worden.\u201c<\/em><\/li>\n<li>Die <a href=\"http:\/\/www.mdr.de\/tv\/programm\/sendung360166.html\" target=\"_blank\">\u201eGeschichte Mitteldeutschlands \u2013 Das Magazin\u201c<\/a> l\u00e4uft wieder um 21.15 Uhr im <strong>MDR<\/strong>.<\/li>\n<li>Auf <strong>BR-alpha<\/strong> gibt es um 22.45 Uhr wieder eine Folge der Reihe \u201eMythen \u2013 Michael K\u00f6hlmeier erz\u00e4hlt Sagen des klassischen Altertums\u201c. Diesmal geht es um <a href=\"http:\/\/www.br.de\/fernsehen\/br-alpha\/programmkalender\/sendung-472464.html\" target=\"_blank\">\u201ePolyxena und Achill\u201c<\/a>.<\/li>\n<li>Im <strong>BR<\/strong> geht es heute Abend um die antisemitische Nazipropaganda im Kinofilm. <a href=\"http:\/\/de.wikipedia.org\/wiki\/Jud_S%C3%BC%C3%9F_%281940%29\" target=\"_blank\">\u201eJud S\u00fc\u00df\u201c<\/a> (Deutschland 1940, Regie: Veit Harlan) war das bekannteste Beispiel eines solchen Propagandafilms. <em>\u201eDer Name von Veit Harlan, Filmregisseur unter Joseph Goebbels, ist vor allem mit \u201aJud S\u00fc\u00df\u2018 verbunden, dem antisemitistischen Spielfilm der NS-Zeit. Der Dokumentarfilm<\/em> [<a href=\"http:\/\/www.br.de\/fernsehen\/bayerisches-fernsehen\/programmkalender\/sendung-475980.html\" target=\"_blank\">\u201eHarlan \u2013 Im Schatten von Jud S\u00fc\u00df\u201c<\/a>] <em>von Felix Moeller erz\u00e4hlt die Geschichte dieses umstrittenen Regisseurs, dessen Filme die Mentalit\u00e4t unz\u00e4hliger Zuschauer pr\u00e4gten.\u201c<\/em> (22.45 Uhr) \u2014 Direkt im Anschluss folgt um 0.35 Uhr der Spielfilm <a href=\"http:\/\/www.br.de\/fernsehen\/bayerisches-fernsehen\/programmkalender\/sendung-475984.html\" target=\"_blank\">\u201eJud S\u00fc\u00df \u2013 Film ohne Gewissen\u201c<\/a> (BRD 2010, Regie: Oskar Roehler), <em>\u201eein bewusst \u00fcberzeichnetes und kunstvoll am melodramatischen Stil des damaligen UFA-Kinos angelegtes Historiendrama, das sich trotz Anleihen an Friedrich Knillis Ferdinand-Marian-Biografie einige historische Freiheiten erlaubt.\u201c<\/em> Mehr zum Film gibt es <a href=\"http:\/\/www.br.de\/fernsehen\/bayerisches-fernsehen\/inhalt\/film-und-serie\/jud-suess-film-ohne-gewissen-oskar-koehler-spielfilm-100.html\" target=\"_blank\">hier<\/a>.<\/li>\n<\/ul>\n<p style=\"text-align: center;\"><strong>Fortsetzung folgt!<\/strong><\/p>\n","protected":false},"excerpt":{"rendered":"<p>Die TV-Vorschauf f\u00fcr die Geschichtssendungen der kommenden Woche erfolgt mal wieder in zwei Teilen. Heute gibt es den ersten Teil bis einschlie\u00dflich Dienstag, 18. Februar. Dabei sind diesmal u. a. Beitr\u00e4ge \u00fcber die Flucht vieler Nazis nach dem Krieg nach S\u00fcdamerika, eine mehrteilige Doku \u00fcber die Industriellenfamilie Krupp und eine &#8230;<\/p>\n","protected":false},"author":10,"featured_media":0,"comment_status":"open","ping_status":"open","sticky":false,"template":"","format":"standard","meta":{"footnotes":""},"categories":[4,8],"tags":[],"class_list":["post-3087","post","type-post","status-publish","format-standard","hentry","category-geschichte-im-fernsehen","category-history-tv"],"aioseo_notices":[],"_links":{"self":[{"href":"http:\/\/historikerkraus.de\/blog\/wp-json\/wp\/v2\/posts\/3087","targetHints":{"allow":["GET"]}}],"collection":[{"href":"http:\/\/historikerkraus.de\/blog\/wp-json\/wp\/v2\/posts"}],"about":[{"href":"http:\/\/historikerkraus.de\/blog\/wp-json\/wp\/v2\/types\/post"}],"author":[{"embeddable":true,"href":"http:\/\/historikerkraus.de\/blog\/wp-json\/wp\/v2\/users\/10"}],"replies":[{"embeddable":true,"href":"http:\/\/historikerkraus.de\/blog\/wp-json\/wp\/v2\/comments?post=3087"}],"version-history":[{"count":4,"href":"http:\/\/historikerkraus.de\/blog\/wp-json\/wp\/v2\/posts\/3087\/revisions"}],"predecessor-version":[{"id":3091,"href":"http:\/\/historikerkraus.de\/blog\/wp-json\/wp\/v2\/posts\/3087\/revisions\/3091"}],"wp:attachment":[{"href":"http:\/\/historikerkraus.de\/blog\/wp-json\/wp\/v2\/media?parent=3087"}],"wp:term":[{"taxonomy":"category","embeddable":true,"href":"http:\/\/historikerkraus.de\/blog\/wp-json\/wp\/v2\/categories?post=3087"},{"taxonomy":"post_tag","embeddable":true,"href":"http:\/\/historikerkraus.de\/blog\/wp-json\/wp\/v2\/tags?post=3087"}],"curies":[{"name":"wp","href":"https:\/\/api.w.org\/{rel}","templated":true}]}}