{"id":3081,"date":"2014-02-08T17:40:44","date_gmt":"2014-02-08T15:40:44","guid":{"rendered":"http:\/\/historikerkraus.de\/blog\/?p=3081"},"modified":"2014-02-08T17:45:39","modified_gmt":"2014-02-08T15:45:39","slug":"tv-vorschau-8-14-februar-2014","status":"publish","type":"post","link":"http:\/\/historikerkraus.de\/blog\/2014\/02\/08\/tv-vorschau-8-14-februar-2014\/","title":{"rendered":"TV-Vorschau 8. \u2013 14. Februar 2014"},"content":{"rendered":"<p>Hier nun die TV-Highlights f\u00fcr Geschichtsfreunde in der kommenden Woche.<!--more--><\/p>\n<h2 style=\"text-align: center;\">Samstag, 8. Februar<\/h2>\n<ul>\n<li>Das alte \u00c4gypten steht im Mittelpunkt des Abendprogramms auf <a href=\"http:\/\/www.n-tv.de\/mediathek\/tvprogramm\/?date=2014-02-08\" target=\"_blank\"><strong>N-TV<\/strong><\/a>. Um 20.05 Uhr geht es um \u201e Rettung f\u00fcr die \u00e4lteste Pyramide der Welt\u201d. <em>\u201eS\u00fcdlich von Kairo, mitten in der W\u00fcste, liegt die \u00e4lteste Pyramide \u00c4gyptens \u2013 die Stufenpyramide von Sakkara. Erbaut wurde sie um 2650 vor Christus von Pharao Djoser und gilt bis heute als Meilenstein in der alt\u00e4gyptischen Architektur. Doch der Zahn der Zeit nagt an dem 62 Meter hohen Bauwerk. Pl\u00fcnderer, Erdbeben und Erosion setzen der neunth\u00f6chsten der \u00e4gyptischen Pyramiden zu. F\u00fcnf Jahre lang hat ein Team britischer und \u00e4gyptischer Experten das alte Bauwerk restauriert und stabilisiert. Doch die Arbeit in dem alten Gem\u00e4uer ist gef\u00e4hrlich, denn das Innere ist stark einsturzgef\u00e4hrdet.\u201d<\/em> \u2014 Um 21.05 Uhr und 22.05 Uhr folgt die Doku \u201eDas alte \u00c4gypten \u2013 Spurensuche aus dem All\u201d in zwei Teilen. \u2014 Und um 23.05 Uhr gibt es noch aus der Reihe \u201eR\u00e4tsel der Geschichte\u201d ein Portr\u00e4t von Kleopatra.<\/li>\n<li>Schlicht <a href=\"http:\/\/my.tvspielfilm.de\/tv-programm\/sendung\/friedrich,107051207444.html\" target=\"_blank\">\u201eFriedrich\u201d<\/a> lautet der Titel des Dokudramas, das um 20.15 Uhr auf <strong>Arte<\/strong> zu sehen ist (BRD 2011, Regie: Jan Peter). <em>\u201eEr wird verehrt und verteufelt, geliebt und gehasst: Friedrich II., K\u00f6nig von Preu\u00dfen. Anl\u00e4sslich seines 300. Geburtstags zeigt ARTE ein Doku-Drama der besonderen Art: In markanten Schl\u00fcsselszenen werden die wichtigsten Lebensstationen des Preu\u00dfenherrschers nachgezeichnet. Katharina Thalbach verk\u00f6rpert den \u201aAlten Fritz\u2018, ihre Tochter Anna Thalbach den Kronprinzen.\u201d<\/em><\/li>\n<li>Die zweite Folge der Reihe \u201eGeheimnisvolle K\u00f6nigreiche in Afrika\u201d besch\u00e4ftigt sich um 21 Uhr auf <strong>BR-alpha<\/strong> mit <a href=\"http:\/\/www.br.de\/fernsehen\/br-alpha\/programmkalender\/sendung-489018.html\" target=\"_blank\">\u00c4thiopien <\/a>.<\/li>\n<\/ul>\n<h2 style=\"text-align: center;\">Sonntag, 9. Februar<\/h2>\n<ul>\n<li><a href=\"http:\/\/www.n-tv.de\/mediathek\/tvprogramm\/?date=2014-02-09\" target=\"_blank\"><strong>N-TV<\/strong><\/a> sendet um 20.05 Uhr die Doku \u201eCountdown zur Katastrophe: Angriff auf Pearl Harbor\u201d. <em>\u201eAn einem ruhigen Sonntagmorgen im Jahr 1941 lag die Pazifikflotte der US Navy im Inselparadies Hawaii vor Anker, weit entfernt vom Krieg in Europa. Die Idylle wurde j\u00e4h unterbrochen, als japanische Flieger vollkommen \u00fcberraschend ohne vorherige Kriegserkl\u00e4rung angriffen und tausende Soldaten t\u00f6teten. Der Angriff gilt als Wendepunkt des Zweiten Weltkriegs. Die n-tv Dokumentation wirft einen neuen Blick auf die dramatischen Ereignisse.\u201d<\/em><\/li>\n<li>Um 22.30 Uhr portr\u00e4tiert <strong>BR-alpha<\/strong> <a href=\"http:\/\/www.br.de\/fernsehen\/br-alpha\/programmkalender\/sendung733804.html\" target=\"_blank\">\u201eKlaus Barbie: Der Feind meines Feindes\u201d<\/a>, eine <em>\u201eDoku \u00fcber die lange Karriere eines M\u00f6rders.\u201d<\/em> (TV-Spielfilm).<\/li>\n<li><em>\u201eNiemand regierte bisher so lange wie sie, einem ganzen Zeitalter hat sie ihren Namen gegeben: Queen Victoria von England. Aus der bedingungslosen Liebe zu ihrem Ehemann, dem deutschen Prinzen Albert von Sachsen-Coburg und Gotha, hatte sie nie einen Hehl gemacht. \u201aMein Herz verlangt nach ihm\u2018, notierte sie schmachtend in ihr Tagebuch. So innig das Verh\u00e4ltnis zu Albert war, so wenig Interesse hegte die Queen zun\u00e4chst f\u00fcr ihre neun Kinder. Sie st\u00f6rten ihr Liebesleben und die ihr so wichtige Zweisamkeit. Als Albert 1861 nur 42-j\u00e4hrig an Typhus starb, versank Victoria in tiefer Trauer, trug nur noch schwarze Kleider und mied \u00f6ffentliche Auftritte. Fortan musste immer eine ihrer T\u00f6chter in der N\u00e4he sein \u2013 als Privatsekret\u00e4rin f\u00fcr ihre unerm\u00fcdliche politische und private Korrespondenz. 4.000 Briefe schrieb Victoria allein an ihre Mutter. Von der k\u00f6niglichen Schreibwut besonders betroffen war die \u00e4lteste Tochter \u201aVicky\u2018 in Berlin. Mindestens zweimal pro Woche sandte die Queen einen Brief an die Ehefrau des deutschen Kaisers, nicht zuletzt um auch politisch Einfluss zu nehmen. Die \u201aGro\u00dfmutter Europas\u2018, die durch Heirat ihrer Kinder und 39 Enkel mit fast allen K\u00f6nigsh\u00e4usern verwandt war, \u00fcbte so bis zu ihrem Tod Kontrolle \u00fcber die ganze Familie aus. Sie starb 1901 in den Armen ihres Enkels Kaiser Wilhelm II.. Mithilfe von Tagebuchaufzeichnungen und Briefen zeichnet \u201aZDF-History\u2018 das Psychogramm einer gro\u00dfen Herrscherin und das ihrer Kinder.\u201d<\/em> <a href=\"http:\/\/history.zdf.de\/ZDF\/zdfportal\/programdata\/c5479add-a5dd-35ff-99cf-ca2843da6ec4\/20270604?doDispatch=1\" target=\"_blank\">\u201eQueen Victorias Kinder\u201d<\/a> (<strong>ZDF<\/strong>, 23.30 Uhr).<\/li>\n<\/ul>\n<h2 style=\"text-align: center;\">Montag, 10. Februar<\/h2>\n<ul>\n<li>Die vierteilige Doku \u201eAls der Krieg nach Deutschland kam\u201d erz\u00e4hlt auf <a href=\"http:\/\/www.n-tv.de\/mediathek\/tvprogramm\/?date=2014-02-10\" target=\"_blank\"><strong>N-TV<\/strong><\/a> rekonstruiert die Geschehnisse des amerikanischen Vormarsches 1944 und 1945. <em>\u201eBegleitet von 40 Kameram\u00e4nnern des US-Signal Corps begannen die amerikanischen Truppen ihren Einsatz. Sie befreiten Deutschland aus dem Hitler-Regime der Nazis. [\u2026] Tausende Filmrollen und Aufnahmen erz\u00e4hlen von der Grausamkeit des Regimes Adolf Hitlers sowie dem Leid der Bev\u00f6lkerung. Sie dokumentieren, wie die US-Einheiten Dorf f\u00fcr Dorf, Stadt f\u00fcr Stadt eroberten und ein Land aus der H\u00f6lle befreiten. [\u2026] Die Spiegel TV-Dokumentation zeigt die eindringlichsten Szenen vom Sieg an der \u201ablutigen Ruhr\u2018 bis zum ersten Zusammentreffen amerikanischer und sowjetischer Truppen bei Torgau an der Elbe.\u201d<\/em> Sendezeiten 20.05 Uhr, 21.05 Uhr, 22.10 Uhr und 23.05 Uhr.<\/li>\n<li>Nationalsozialismus in \u00d6sterreich ist Thema zweier Dokus auf <strong>3sat<\/strong>. Um 20.15 Uhr beleuchtet die Dokumentation <a href=\"http:\/\/www.3sat.de\/page\/?source=\/dokumentationen\/174601\/index.html\" target=\"_blank\">\u201eDer Massenm\u00f6rder und der Trillion\u00e4r\u201d<\/a> <em>\u201edas schicksalhafte Zusammentreffen des j\u00fcdischen Gro\u00dfindustriellen Sigmund Bosel mit dem NS-Massenm\u00f6rder und Deportationsspezialisten Alois Brunner, deren Lebenswege sich im Jahr 1942 auf tragische Weise gekreuzt haben.\u201d<\/em> \u2014 Um 21.05 Uhr wird die Frage gestellt: <a href=\"http:\/\/www.3sat.de\/page\/?source=\/dokumentationen\/174781\/index.html\" target=\"_blank\">\u201eEngelbert Dollfu\u00df: Arbeiterm\u00f6rder oder verkl\u00e4rter M\u00e4rtyrer?\u201d<\/a> Der von Nationalsozialisten im Juli 1934 ermordete Bundeskanzler des \u00f6sterreichischen St\u00e4ndestaates und Symbolfigur des Austro-Faschismus, Engelbert Dollfuss, spaltet nach wie vor \u00d6sterreich. \u201eF\u00fcr die Sozialdemokraten ist er der Mann, der den Schutzbund-Aufstand mit harter Hand niedergeschlagen hat und deshalb h\u00f6chstens als \u201aArbeiterm\u00f6rder\u2018 in die Geschichtsb\u00fccher Eingang finden darf. F\u00fcr manche Konservative ist er eines der ersten \u00f6sterreichischen Opfer der Nationalsozialisten, das an die Lebensf\u00e4higkeit und Unabh\u00e4ngigkeit einer \u00f6sterreichischen Nation geglaubt hatte und die Verteidigung \u00d6sterreichs zu seinem Programm gemacht hatte. In seiner Dokumentation versucht Ernst Trost mit Archivmaterialien, durch Interviews mit Zeitzeugen und Historikern den Politiker Engelbert Dollfuss abseits der Klischees zu zeichnen.\u201d*<\/li>\n<li>\u201eGeschichte im Ersten\u201d pr\u00e4sentiert aus der Reihe \u201eGeheimnisvolle Orte\u201d einen Beitrag \u00fcber <a href=\"http:\/\/programm.daserste.de\/pages\/programm\/detail.aspx?id=B871D801560C7B6A6419BC1FE96252AE\" target=\"_blank\">\u201eHitlers U-Boot-Bunker\u201d<\/a> in Bremen (23.40 Uhr, <strong>ARD<\/strong>; auch 13.2. auf tagesschau 24 um 21.02 Uhr).<\/li>\n<\/ul>\n<h2 style=\"text-align: center;\">Dienstag, 11. Februar<\/h2>\n<ul>\n<li>In \u201eMythen \u2013 Michael K\u00f6hlmeier erz\u00e4hlt Sagen des klassischen Altertums\u201d geht es diesmal um <a href=\"http:\/\/www.br.de\/fernsehen\/br-alpha\/programmkalender\/sendung733984.html\" target=\"_blank\">Laomedon<\/a> (22.45 Uhr, <strong>BR-alpha<\/strong>).<\/li>\n<li>Hassia-Sprudel ist in Hessen eine weit verbreitete Getr\u00e4nkemarke. Die Geschichte der Quelle und des Unternehmens wird in der Doku <a href=\"http:\/\/www.hr-online.de\/website\/fernsehen\/sendungen\/programm_popup.jsp?key=hr-fernsehen_2014-02-11&amp;row=36\" target=\"_blank\">\u201eSprudelperlen aus Bad Vilbel \u2013 Die Hassia-Geschichte \u2013 Made in Hessen\u201d<\/a> um 22.45 Uhr erz\u00e4hlt.<\/li>\n<li>Um 23.20 Uhr berichtet <strong>Arte<\/strong> \u00fcber <a href=\"http:\/\/www.arte.tv\/guide\/de\/024362-000\/widerstandskampfer-im-ruhestand\" target=\"_blank\">\u201eWiderstandsk\u00e4mpfer im Ruhestand\u201d<\/a>. <em>\u201eDie Geschichte der Widerstandsgruppe MOI (Main d&#8217;oeuvre Ouvri\u00e8re Immigr\u00e9e), die in den Jahren 1942\/43 in Paris gegen die deutschen Besatzer k\u00e4mpfte, ist fast vergessen. Ihre Mitglieder waren vor allem aus Osteuropa nach Frankreich emigrierte Juden, die in der Bekleidungsindustrie arbeiteten.\u201d<\/em><\/li>\n<\/ul>\n<h2 style=\"text-align: center;\">Mittwoch, 12. Februar<\/h2>\n<ul>\n<li><em>\u201eAm 26. Februar 1920 hatte Robert Wienes weltber\u00fchmter Film \u201aDas Cabinet des Doktor Caligari\u2018 im Berliner Marmorhaus Premiere. Er gilt bis heute als Manifest des deutschen Expressionismus. Eine Kinolegende und ein Schl\u00fcsselwerk der Epoche.\u201d<\/em> Er ist Filmgeschichte und zugleich ein St\u00fcck Mentalit\u00e4tsgeschichte der Moderne. Die Doku <a href=\"http:\/\/www.arte.tv\/guide\/de\/049243-000\/caligari-wie-der-horror-ins-kino-kam\" target=\"_blank\">\u201eCaligari \u2013 Wie der Horror ins Kino kam\u201d<\/a> <em>\u201e erz\u00e4hlt diese Epoche des Expressionismus bis circa 1925 und erg\u00e4nzt dies mit Ausblicken aufs weitere Geschehen bis zu Hitlers Machtergreifung 1933. Im Zentrum steht der Film \u201aDas Cabinet des Doktor Caligari\u2018 von Robert Wiene aus dem Jahr 1920. Die Dokumentation umkreist ihn, beginnt mit ihm und kommt immer wieder auf ihn zur\u00fcck, zeigt, was auf ihn folgte. In kurzen Exkursen geht es immer wieder um spezifische Motive, sowohl der Filme als auch der anderen K\u00fcnste der Weimarer Zeit.\u201d<\/em> (<strong>Arte<\/strong>, 22.05 Uhr). \u2014 Der Film <a href=\"http:\/\/www.arte.tv\/guide\/de\/006450-000\/das-cabinet-des-dr-caligari\" target=\"_blank\">\u201eDas Cabinet des Dr. Caligari\u201d<\/a> (Deutschland 1920, Regie: Robert Wiene) l\u00e4uft im Anschluss um 23 Uhr. <em>\u201eDer wohl bekannteste deutsche Stummfilm erz\u00e4hlt die Geschichte des d\u00e4monischen Schaustellers Dr. Caligari (Werner Krauss), der sich als Arzt einer Nervenheilanstalt entpuppt und dabei mindestens ebenso verr\u00fcckt ist wie seine Patienten.\u201d<\/em><\/li>\n<\/ul>\n<h2 style=\"text-align: center;\">Donnerstag, 13. Februar<\/h2>\n<ul>\n<li>Die zweiteilige Doku \u201eDer Feuersturm\u201d l\u00e4uft auf <strong>Phoenix<\/strong>. Teil 1 <a href=\"http:\/\/www.phoenix.de\/content\/phoenix\/die_sendungen\/dokumentationen\/der_feuersturm_%281_2%29\/65558?datum=2014-02-13\" target=\"_blank\">\u201eDer Bombenkrieg\u201d<\/a> um 20.15 Uhr. <em>\u201eK\u00f6ln, L\u00fcbeck, N\u00fcrnberg, Hamburg: Namen deutscher St\u00e4dte, die einer verheerenden Welle von alliierten Luftangriffen ausgesetzt waren. Doch zuerst war es Hitler, der seine Luftwaffe gegen St\u00e4dte und ihre Bewohner richtete: Rotterdam, Warschau, Coventry und London.\u201d<\/em> \u2014 Um 21 Uhr f\u00fchrt <a href=\"http:\/\/www.phoenix.de\/content\/phoenix\/die_sendungen\/dokumentationen\/der_feuersturm_%282_2%29\/65725?datum=2014-02-13\" target=\"_blank\">\u201eDer Weg nach Dresden\u201d<\/a>. <em>\u201eDer zweite Teil der historischen Dokumentation \u201aDer Feuersturm\u2018 beschreibt die Eskalation des Bombenkriegs. Sein Finale glich einem Untergangsszenario. Die Wirklichkeit der fortschreitenden Verw\u00fcstung des Landes f\u00fchrte den Betroffenen auf dramatische Weise vor Augen, welche Konsequenzen der Durchhaltewahn des NS-Regimes heraufbeschwor. Allein in den letzten vier Monaten des Krieges fielen mehr als 100000 deutsche Zivilisten den Luftangriffen zum Opfer. 161 St\u00e4dte und \u00fcber 800 Ortschaften wurden in Tr\u00fcmmer gelegt. Insgesamt forderte der Luftkrieg knapp eine halbe Million Menschenleben. Dennoch zeigt die Bilanz mit dem Abstand von mehr als sechs Jahrzehnten, dass das Zerst\u00f6rungswerk kaum noch einen Einfluss auf den Kriegsverlauf hatte \u2013 ebenso wenig, wie die blindw\u00fctigen \u201aVergeltungsschl\u00e4ge\u2018 der deutschen F\u00fchrung mit V1- und V2-Raketen gegen Metropolen wie Antwerpen oder London.\u201d<\/em><\/li>\n<li><a href=\"http:\/\/www.3sat.de\/page\/?source=\/film\/160939\/index.html\" target=\"_blank\">\u201eDas Haus der Lerchen\u201d<\/a> (Italien\/Spanien\/Frankreich\/Bulgarien 2007, Regie: Paolo und Vittorio Taviani) ist ein Historiendrama vor dem Hintergrund des V\u00f6lkermordes an den Armeniern 1915\u20131917. <em>\u201eMit ihrem bewegenden Historiendrama &#8222;Das Haus der Lerchen&#8220; wollen die Gebr\u00fcder Paolo und Vittorio Taviani, bekannt f\u00fcr ihr politisch ambitioniertes Kino, dazu beitragen, den V\u00f6lkermord an den Armeniern Anfang des 20. Jahrhunderts nicht in Vergessenheit geraten zu lassen. Ihr Drehbuch basiert auf dem gleichnamigen Roman der in Padua lebenden, armenischen Literaturprofessorin Antonia Arslan. Die Tavianis legen den Fokus auf die minuzi\u00f6se Darstellung menschlicher Schicksale, unterst\u00fctzt durch ein beeindruckendes Ensemble europ\u00e4ischer Star-Schauspieler, darunter die Spanierinnen Paz Vega und Angela Molina, der Franzose Andr\u00e9 Dussollier und Moritz Bleibtreu.\u201d<\/em> (<strong>3sat<\/strong>, 22.25 Uhr)<\/li>\n<li>Karl Marx kennt jeder (wenigstens dem Namen nach). Seine Frau <a href=\"http:\/\/www.mdr.de\/tv\/programm\/sendung358078.html\" target=\"_blank\">\u201eJenny Marx \u2013 Die rote Baronesse\u201d<\/a> ist dagegen den meisten Menschen unbekannt. <em>\u201eW\u00e4hrend ihrer vierzigj\u00e4hrigen Partnerschaft erleben Jenny und Karl Marx pers\u00f6nliche Krisen: Existenzprobleme, die Geburten von sieben Kindern, von denen nur drei T\u00f6chter das Erwachsenenalter erreichen, au\u00dferdem die Geburt von Marx&#8216; au\u00dferehelichem Sohn Frederick. Diese Liaison von Marx mit seiner Haush\u00e4lterin Lenchen Demuth ist die schwerste Krise im Leben Jennys. [\u2026] Der Spagat zwischen ihrer gro\u00dfb\u00fcrgerlichen Herkunft und dem frei gew\u00e4hlten Leben gelingt ihr nie \u2026 ganz.\u201d<\/em> Der <strong>MDR<\/strong> sendet ihr Portr\u00e4t um 23.05 Uhr.<\/li>\n<\/ul>\n<h2 style=\"text-align: center;\">Freitag, 14. Februar<\/h2>\n<ul>\n<li>\u201eDie Normannen\u201d kommen \u2013 auf <strong>Phoenix<\/strong> in einer dreiteiligen Doku. Teil 1 <a href=\"http:\/\/www.phoenix.de\/content\/phoenix\/die_sendungen\/die_normannen_%281_3%29\/801231?datum=2014-02-14\" target=\"_blank\">\u201eDie Eroberer\u201d<\/a> um 20.15 Uhr, Teil 2 <a href=\"http:\/\/www.phoenix.de\/content\/phoenix\/die_sendungen\/die_normannen_%282_3%29\/801235?datum=2014-02-14\" target=\"_blank\">\u201eDas K\u00f6nigreich in der Sonne\u201d<\/a> um 21.05 Uhr, Teil 3 <a href=\"http:\/\/www.phoenix.de\/content\/phoenix\/die_sendungen\/die_normannen_%283_3%29\/801240?datum=2014-02-14\" target=\"_blank\">\u201eDer Verlust der Identit\u00e4t\u201d<\/a> schlie\u00dflich um 21.55 Uhr.<\/li>\n<li>Die Karnevalszeit bricht wieder an. Aber auch die 5. Jahreszeit hatte in der Vergangenheit dicke braune Flecken. Der <a href=\"http:\/\/www.wdr.de\/programmvorschau\/suche.html?medium=F&amp;sender=10&amp;datum=2014-02-14&amp;zeit=2400-0530\" target=\"_blank\"><strong>WDR<\/strong><\/a> blickt auf den Karneval in der NS-Zeit: \u201eHeil Hitler und Alaaf!\u201d (0 Uhr).<\/li>\n<\/ul>\n","protected":false},"excerpt":{"rendered":"<p>Hier nun die TV-Highlights f\u00fcr Geschichtsfreunde in der kommenden Woche.<\/p>\n","protected":false},"author":10,"featured_media":0,"comment_status":"open","ping_status":"open","sticky":false,"template":"","format":"standard","meta":{"footnotes":""},"categories":[4,8],"tags":[],"class_list":["post-3081","post","type-post","status-publish","format-standard","hentry","category-geschichte-im-fernsehen","category-history-tv"],"aioseo_notices":[],"_links":{"self":[{"href":"http:\/\/historikerkraus.de\/blog\/wp-json\/wp\/v2\/posts\/3081","targetHints":{"allow":["GET"]}}],"collection":[{"href":"http:\/\/historikerkraus.de\/blog\/wp-json\/wp\/v2\/posts"}],"about":[{"href":"http:\/\/historikerkraus.de\/blog\/wp-json\/wp\/v2\/types\/post"}],"author":[{"embeddable":true,"href":"http:\/\/historikerkraus.de\/blog\/wp-json\/wp\/v2\/users\/10"}],"replies":[{"embeddable":true,"href":"http:\/\/historikerkraus.de\/blog\/wp-json\/wp\/v2\/comments?post=3081"}],"version-history":[{"count":2,"href":"http:\/\/historikerkraus.de\/blog\/wp-json\/wp\/v2\/posts\/3081\/revisions"}],"predecessor-version":[{"id":3086,"href":"http:\/\/historikerkraus.de\/blog\/wp-json\/wp\/v2\/posts\/3081\/revisions\/3086"}],"wp:attachment":[{"href":"http:\/\/historikerkraus.de\/blog\/wp-json\/wp\/v2\/media?parent=3081"}],"wp:term":[{"taxonomy":"category","embeddable":true,"href":"http:\/\/historikerkraus.de\/blog\/wp-json\/wp\/v2\/categories?post=3081"},{"taxonomy":"post_tag","embeddable":true,"href":"http:\/\/historikerkraus.de\/blog\/wp-json\/wp\/v2\/tags?post=3081"}],"curies":[{"name":"wp","href":"https:\/\/api.w.org\/{rel}","templated":true}]}}