{"id":3078,"date":"2014-02-01T13:21:03","date_gmt":"2014-02-01T11:21:03","guid":{"rendered":"http:\/\/historikerkraus.de\/blog\/?p=3078"},"modified":"2014-02-01T13:23:11","modified_gmt":"2014-02-01T11:23:11","slug":"tv-vorschau-1-7-februar-2014","status":"publish","type":"post","link":"http:\/\/historikerkraus.de\/blog\/2014\/02\/01\/tv-vorschau-1-7-februar-2014\/","title":{"rendered":"TV-Vorschau 1. \u2013 7. Februar 2014"},"content":{"rendered":"<p>Geschichtssendungen der ersten Februarwoche im deutschen Fernsehen, wie immer in subjektiver Auswahl:<!--more--><\/p>\n<h2 style=\"text-align: center;\">Samstag, 1. Februar<\/h2>\n<ul>\n<li>Auf <a href=\"http:\/\/www.n-tv.de\/mediathek\/tvprogramm\/?date=2014-02-01\" target=\"_blank\"><strong>N-TV<\/strong><\/a> gibt es Dokus zum Nationalsozialismus: \u201eHitler: Chronologie des B\u00f6sen\u201c (20.05 Uhr). <em>\u201eAm 30. April 1945 beging Adolf Hitler in seinem Berliner Bunker Selbstmord. Zw\u00f6lf Jahre lang hatte er das deutsche Volk regiert und in einen schrecklichen Vernichtungskrieg gef\u00fchrt. Die bisher bekannten Filmaufnahmen zeigen den Schreckensherrscher jedoch lediglich in schwarz-wei\u00df \u2013 und vermitteln damit einen blassen Eindruck des Mannes, der Millionen Menschen das Leben kostete. Mittels aufwendiger Nachkolorierungstechnik ist es nun gelungen, den Schwarz-Wei\u00df-Aufnahmen Farbe zu geben. Anhand von Tageb\u00fcchern, Briefen und bislang ungesehenem Filmmaterial rekonstruiert die Dokumentation, wie es ein Mann schaffte, die Bev\u00f6lkerung derart in seinen Bann zu ziehen und seine menschenverachtenden Visionen zu verwirklichen.\u201c<\/em> \u2014 \u201eNatter: Das Geheimwaffen-Projekt der Nazis\u201c (21.05 Uhr). <em>\u201eGegen Ende des Zweiten Weltkrieges hat die deutsche Luftwaffe der alliierten \u00dcbermacht nichts mehr entgegenzusetzen. In dieser Situation entwirft der Ingenieur Erich Bachem die \u201aBachem Ba 349 Natter\u2018, einen raketengetriebenen Senkrechtstarter, der als Abfangj\u00e4ger eingesetzt werden sollte. Die \u201aNatter\u2018 war ihrer Zeit weit voraus. Doch der erste vertikale Start eines bemannten Raketenflugzeugs am 1. M\u00e4rz 1945 sollte tragisch enden.\u201c<\/em> \u2014 \u201eDie Wolfsschanze \u2013 Hitlers geheimes Hauptquartier\u201c (22.05 Uhr). <em>\u201eDie \u201aWolfsschanze\u2018 war lange eines der bestgeh\u00fcteten Geheimnisse des Dritten Reichs. Hitler verbrachte hier 800 Tage. Unentdeckt kommandierte er aus seinem geheimen Bunker die Nazi-Truppen. Die Dokumentation legt die Baupl\u00e4ne der Bunkeranlage offen und veranschaulicht mit Hilfe aufwendiger Computeranimation, wie Hitler hier gelebt und geplant hat.\u201c<\/em><\/li>\n<li>Alt-\u00c4gypten ist um 20.15 Uhr Thema auf <strong>Phoenix<\/strong>: <a href=\"http:\/\/www.phoenix.de\/content\/phoenix\/die_sendungen\/dokumentationen\/die_heiligen_tiere_der_pharaonen\/76538?datum=2014-02-01\" target=\"_blank\">\u201eDie heiligen Tiere der Pharaonen\u201c<\/a> <em>\u201eEin kleiner Knochen aus einem Mumienb\u00fcndel bringt Licht in die Geschichte: Vor mehr als 2.000 Jahren wurde ein Affe in einer Tempelnische gehalten, ohne Licht und zureichende Ern\u00e4hrung. Ort des Geschehens: \u00c4gypten, das Land der Pharaonen. F\u00fcr den Zooarch\u00e4ologen Joris Peters von der Universit\u00e4t M\u00fcnchen will das so gar nicht ins Bild der Hochkultur am Nil passen. Er geht dem R\u00e4tsel nach, dringt tief in die Kultur des alten \u00c4gyptens ein und beschreibt eine der ungew\u00f6hnlichsten Beziehungen zwischen Mensch und Tier.\u201c<\/em> \u2014 Um 21.45 Uhr l\u00e4uft noch einmal die Doku <a href=\"http:\/\/www.phoenix.de\/content\/phoenix\/die_sendungen\/zdf_history:_moerder_unter_uns_\/793111?datum=2014-02-01\" target=\"_blank\">\u201eZDF-History: M\u00f6rder unter uns \u2013 Fritz Bauers einsamer Kampf\u201c<\/a>, die bereits in der vergangenen Woche zu sehen war.<\/li>\n<li>Die ersten Menschen kamen vor 50000 Jahren nach Australien. Was wir \u00fcber die dortige Entwicklung des Menschen wissen, pr\u00e4sentiert die zweiteilige Doku \u201eDer erste Fu\u00dfabdruck auf dem F\u00fcnften Kontinent\u201c auf <strong>Arte<\/strong>. Teil 1 <a href=\"http:\/\/www.arte.tv\/guide\/de\/044417-001\/der-erste-fussabdruck-auf-dem-fuenften-kontinent-1-2\" target=\"_blank\">\u201eDie Super-Nomaden \u2013 Vor 50.000 bis 18.000 Jahren\u201c<\/a> beginnt um 20.15 Uhr. Teil 2 <a href=\"http:\/\/www.arte.tv\/guide\/de\/044417-002\/der-erste-fussabdruck-auf-dem-fuenften-kontinent-2-2\" target=\"_blank\">\u201eDie gro\u00dfe Flut \u2013 18.000 Jahre bis 1788\u201c<\/a> folgt um 21.05 Uhr.<\/li>\n<li>Die vierteilige Doku-Reihe \u201eGeheimnisvolle K\u00f6nigreiche in Afrika\u201c startet auf <strong>BR-alpha<\/strong> um 21 Uhr. Thema der ersten Folge ist <a href=\"http:\/\/www.br.de\/fernsehen\/br-alpha\/programmkalender\/sendung-489014.html\" target=\"_blank\">Nubien<\/a>.<\/li>\n<li>In einem Film von Arndt Breitfeld und Georg Berger werden <a href=\"http:\/\/programm.tagesschau24.de\/tv\/Schicksale-unterm-Hakenkreuz\/2014-02-01\/eid_2872111453190451\" target=\"_blank\">\u201eSchicksale unterm Hakenkreuz\u201c<\/a> vorgestellt. <em>\u201eDie Portr\u00e4tausstellung des Themenjahres \u201aZerst\u00f6rte Vielfalt \u2013 Berlin im Nationalsozialismus\u2018 zeigt auf mehr als 30 S\u00e4ulen Kurzportr\u00e4ts von \u00fcber 200 Menschen, die Anfang der 30er Jahre die Vielfalt Berlins pr\u00e4gten und von den Nationalsozialisten verfolgt, vertrieben oder ermordet wurden. [Die Dokumentation stellt] sieben Pers\u00f6nlichkeiten der Ausstellung vor. Die j\u00fcdische Leichtathletin Lilli Henoch, die auf dem Transport ins KZ ermordet wurde, der Schriftsteller Walter Mehring und der Reichstagspr\u00e4sident Paul L\u00f6be.\u201c<\/em> (23.20 Uhr, <strong>tagesschau 24<\/strong>). \u2014 Um 23.50 Uhr folgt aus der Reihe \u201eSch\u00e4tze der Welt \u2013 Erbe der Menschheit\u201c der Beitrag <a href=\"http:\/\/programm.tagesschau24.de\/tv\/Mantua%2C-Italien---Die-ideale-Stadt-der-Renaissance\/2014-02-01\/eid_2872111453190457\" target=\"_blank\">\u201eMantua, Italien \u2013 Die ideale Stadt der Renaissance\u201c<\/a>.<\/li>\n<li>Zu Buch und Film <a href=\"http:\/\/programm.daserste.de\/pages\/programm\/detail.aspx?id=77CFA34198EEA382FF24BC7E62941F2B\" target=\"_blank\">\u201eDer Name der Rose\u201c<\/a> (BRD\/ITA\/FRA 1986, Regie: Jean-Jacques Annaud) muss wohl kaum noch etwas gesagt werden. Zu sehen in der <strong>ARD<\/strong> um 23.10 Uhr.<\/li>\n<\/ul>\n<h2 style=\"text-align: center;\">Sonntag, 2. Februar<\/h2>\n<ul>\n<li>Wenigstens dem Namen nach kennt ihn fast jeder: <a href=\"http:\/\/www.arte.tv\/guide\/de\/047331-000\/billy-the-kid\" target=\"_blank\">\u201eBilly the Kid\u201c<\/a>, eine Westernlegende. <em>\u201eZahlreiche B\u00fccher und Filme beschreiben den amerikanischen Mythos Billy the Kid, der den jugendlichen Revolverhelden wie kein andere verk\u00f6rpert. Dabei sind viele Geschichten \u00fcber ihn verkl\u00e4rt, \u00fcberh\u00f6ht oder schlichtweg falsch. Aber wie lautet die historische Wahrheit? War Billy, the Kid ein Freiheitsk\u00e4mpfer oder ein skrupelloser Verbrecher?\u201c<\/em> N\u00e4heres erf\u00e4hrt man in der Doku auf <strong>Arte<\/strong> um 21.35 uhr.<\/li>\n<li><em>\u201eJahrzehntelang galten sie als verschollen \u2013 vergangene Woche wurden sie erstmals ver\u00f6ffentlicht: Hunderte private Briefe, Fotos und Dokumente von Reichsf\u00fchrer-SS Heinrich Himmler.\u201c<\/em> \u201eDie Welt\u201c ver\u00f6ffentlicht t\u00e4glich neue Happen der Himmler-Aufzeichnungen. Das <strong>ZDF<\/strong> zeigt heute die Doku zum Thema: <a href=\"http:\/\/history.zdf.de\/ZDF\/zdfportal\/programdata\/c5479add-a5dd-35ff-99cf-ca2843da6ec4\/20275923?doDispatch=1\" target=\"_blank\">\u201e ZDF-History: Himmler privat \u2013 Liebesgr\u00fc\u00dfe und Rassenwahn\u201c<\/a> (23.40 Uhr).<\/li>\n<\/ul>\n<h2 style=\"text-align: center;\">Montag, 3. Februar<\/h2>\n<ul>\n<li>\u201eDie Gesichter des B\u00f6sen\u201c ist eine vierteilige Doku, in der die f\u00fchrenden K\u00f6pfe des Holocaust und NS-Kriegsverbrecher vorgestellt werden. Auf <a href=\"http:\/\/www.n-tv.de\/mediathek\/tvprogramm\/?date=2014-02-03\" target=\"_blank\"><strong>N-TV<\/strong><\/a> geht es um 20.05 Uhr los mit Heinrich Himmler, SS-Arzt Josef Mengele folgt um 21.05 Uhr, Adolf Eichmann um 22.10 Uhr und Erich Priebke beendet schlie\u00dflich die Reihe um 23.05 Uhr.<\/li>\n<\/ul>\n<h2 style=\"text-align: center;\">Dienstag, 4. Februar<\/h2>\n<ul>\n<li>\u201aDie erste Schlacht im Kalten Krieg\u2018 ist Thema um 20.15 Uhr auf <strong>Phoenix<\/strong>. Gemeint ist die <a href=\"http:\/\/www.phoenix.de\/content\/phoenix\/die_sendungen\/operation_luftbruecke\/300218?datum=2014-02-04\" target=\"_blank\">\u201eOperation Luftbr\u00fccke\u201c<\/a>. \u2014 Um 21.05 Uhr folgt die Doku <a href=\"http:\/\/www.phoenix.de\/content\/phoenix\/die_sendungen\/am_rande_des_atomkriegs_kampf_um_kuba_und_berlin\/552927?datum=2014-02-04\" target=\"_blank\">\u201eAm Rande des Atomkriegs \u2013 Kampf um Kuba und Berlin\u201c<\/a>.<\/li>\n<li>Der <strong>MDR<\/strong> sendet um 21.15 Uhr wieder eine Folge der Reihe <a href=\"http:\/\/www.mdr.de\/tv\/programm\/sendung354970.html\" target=\"_blank\">\u201eGeschichte Mitteldeutschlands \u2013 Das Magazin\u201c<\/a>.<\/li>\n<li>Um 22.45 Uhr gibt es wieder den Blick auf die antike Mythologie: <a href=\"http:\/\/www.br.de\/fernsehen\/br-alpha\/programmkalender\/sendung733308.html\" target=\"_blank\">\u201eMythen \u2013 Michael K\u00f6hlmeier erz\u00e4hlt Sagen des klassischen Altertums\u201c<\/a>. Diesmal geht es um die Gr\u00fcndung der Stadt Troja (<strong>BR-alpha<\/strong>).<\/li>\n<li>Die zweite Folge der Reihe \u201eDie R\u00f6mer im S\u00fcdwesten\u201c gibt es im <strong>HR<\/strong> um 22.45 Uhr zu sehen: <a href=\"http:\/\/www.hr-online.de\/website\/fernsehen\/sendungen\/programm_popup.jsp?key=hr-fernsehen_2014-02-04&amp;row=35\" target=\"_blank\">\u201eLeben in Germanien\u201c<\/a>.<\/li>\n<li><strong>Arte<\/strong> berichtet um 23.25 Uhr von <a href=\"http:\/\/www.arte.tv\/guide\/de\/043205-000\/hitlers-polizei\" target=\"_blank\">\u201eHitlers Polizei\u201c<\/a>. <em>\u201eDie deutsche Polizei pflegte lange &#8211; zu unrecht &#8211; den Ruf, w\u00e4hrend der NS- Zeit frei von Schuld geblieben und nicht in verbrecherische Machenschaften verstrickt gewesen zu sein. Die Filmemacher zeigen, wie Hitler die Polizei einsetzte, um Jagd auf politische Gegner zu machen.\u201c<\/em> \u2014 Um 0.20 Uhr folgt noch eine Doku \u00fcber <a href=\"http:\/\/www.arte.tv\/guide\/de\/043552-000\/charles-de-gaulle\" target=\"_blank\">\u201eCharles de Gaulle \u2013 Verpflichtet zum Kampf\u201c<\/a>. <em>\u201eEr ist ein Mythos, und viele Franzosen halten ihn f\u00fcr bedeutender als den \u201aSonnenk\u00f6nig\u2018 Ludwig XIV. Charles de Gaulle glaubte zeit seines Lebens an die Gr\u00f6\u00dfe Frankreichs und f\u00fchrt das Land nach der bitteren Niederlage gegen Hitler-Deutschland zur\u00fcck in die Reihe der Weltm\u00e4chte.\u201c<\/em><\/li>\n<\/ul>\n<h2 style=\"text-align: center;\">Mittwoch, 5. Februar<\/h2>\n<ul>\n<li>Um 22 Uhr geht es im <strong>BR<\/strong> in der Reihe \u201eLebendige Geschichte\u201c ins <a href=\"http:\/\/www.br.de\/fernsehen\/bayerisches-fernsehen\/programmkalender\/sendung731592.html\" target=\"_blank\">\u201eMittelalter und zur\u00fcck\u201c<\/a>. <em>\u201eEs gibt Menschen, die sind von der Vergangenheit begeistert: Und es werden immer mehr, die sich Woche f\u00fcr Woche auf Zeitreise begeben. Sie bauen H\u00e4user wie vor \u00fcber tausend Jahren, mit den gleichen Materialien und Werkzeugen. Sie finden mit Nachbauten von Waffen oder Werkzeugen viel \u00fcber deren Eigenschaften, Funktion und praktischen Gebrauch heraus. Das hilft mitunter denen, die sich beruflich und wissenschaftlich mit der Vergangenheit besch\u00e4ftigen. Bei allen Fragen danach, wie es denn damals gewesen ist, darf f\u00fcr viele der Spa\u00df und der Nervenkitzel nicht zu kurz kommen, wenn sie sich in eine andere Zeit versetzen. In einer Mischform von Reportage und Dokumentation wird der Geschichte in ihren Geschichten nachgegangen sowie den Akteuren in Vergangenheit und Gegenwart.\u201c<\/em><\/li>\n<\/ul>\n<h2 style=\"text-align: center;\">Donnerstag, 6. Februar<\/h2>\n<ul>\n<li><strong>Phoenix<\/strong> sendet die zweiteilige Doku \u201eAuf den Spuren genialer Forscher und Erfinder\u201c. Um 20.15 Uhr geht es um <a href=\"http:\/\/www.phoenix.de\/content\/phoenix\/die_sendungen\/auf_den_spuren_genialer_forscher_und_erfinder_%281_2%29\/801166?datum=2014-02-06\" target=\"_blank\">\u201eDas Diesel-R\u00e4tsel\u201c<\/a> und um 21 Uhr um den <a href=\"http:\/\/www.phoenix.de\/content\/phoenix\/die_sendungen\/auf_den_spuren_genialer_forscher_und_erfinder_%282_2%29\/801173?datum=2014-02-06\" target=\"_blank\">\u201eSieg der Dampfrakete\u201c<\/a>.<\/li>\n<li>Der Historienfilm \u201eJohn Rabe \u2013 Der gute Deutsche von Nanking\u201c (China 2008, Regie: Florian Gallenberger) berichtet \u00fcber den deutschen Kaufmann <a href=\"http:\/\/de.wikipedia.org\/wiki\/John_Rabe\" target=\"_blank\">John Rabe<\/a>, der 1937 in Nanking mehr als 200.000 Chinesen vor den Japanern gerettet hat. Zu sehen auf <a href=\"http:\/\/www.3sat.de\/programm\/?viewlong=viewlong&amp;d=20140206&amp;dayID=ClnDaN06&amp;cx=85#border1800\" target=\"_blank\"><strong>3sat<\/strong><\/a> um 21 Uhr.<\/li>\n<\/ul>\n<h2 style=\"text-align: center;\">Freitag, 7. Februar<\/h2>\n<ul>\n<li><strong>Phoenix<\/strong> blickt heute Abend auf gro\u00dfe Naturkatastrophen der Geschichte. Um 20.15 Uhr geht es um <a href=\"http:\/\/www.phoenix.de\/content\/phoenix\/die_sendungen\/dokumentationen\/pompeji_der_letzte_tag\/113374?datum=2014-02-07\" target=\"_blank\">\u201ePompeji \u2013 Der letzte Tag\u201c<\/a>. <em>\u201eAm 24. August 79 n.Chr. brach der Vesuv aus. Die Stadt Pompeji wurde unter einer dicken Schicht von Asche und Bimsstein begraben. [\u2026] Der Film ist eine Rekonstruktion des dramatischen Geschehens vom ersten Ausbruch des Vulkans bis zur Zerst\u00f6rung Pompejis. Die Schicksale der Hauptpersonen lassen sich historisch rekonstruieren. Dennoch bleibt ein Teil der Spielszenen Spekulation. Es sind \u00dcberlegungen, die sich aber auf wissenschaftliche Erkenntnisse st\u00fctzen, zum Beispiel auf Fundst\u00fccke, die man in den Ruinen der Stadt ausgegraben hat. Der Vulkanausbruch wird durch computererzeugte Bilder so real wie m\u00f6glich dargestellt. Der Kommentar beschreibt und erkl\u00e4rt die einzelnen Phasen der Katastrophe chronologisch. Arch\u00e4ologische Fundst\u00fccke verbinden Realit\u00e4t und Fiktion.\u201c<\/em> \u2014 <a href=\"http:\/\/www.phoenix.de\/content\/phoenix\/die_sendungen\/dokumentationen\/gefahr_fuer_lissabon\/265822?datum=2014-02-07\" target=\"_blank\">\u201eGefahr f\u00fcr Lissabon\u201c<\/a> hei\u00dft es um 21 Uhr. <em>\u201eDas Seebeben im Mittelmeer im Jahr 1755 ist eine der zerst\u00f6rerischsten Naturkatastrophen in der Geschichte Europas. Noch immer ist nicht genau bekannt, wo genau das Epizentrum des Bebens lag und ob von dort neue Gefahr droht. [\u2026] Bis heute wei\u00df niemand, wie viele Menschen wirklich durch das Beben starben. Sch\u00e4tzungen sprechen von bis zu 100.000 Toten. Ziel der Wissenschaft heutzutage ist die Einrichtung eines effektiven Tsunami-Fr\u00fchwarnsystems, damit nie wieder Tausende an den Folgen eines Bebens wie im Jahre 1755 sterben.\u201c<\/em> \u2014 Und um 21.45 Uhr schlie\u00dft der Film <a href=\"http:\/\/www.phoenix.de\/content\/phoenix\/die_sendungen\/dokumentationen\/krakatau\/115554?datum=2014-02-07\" target=\"_blank\">\u201eKrakatau \u2013 Ein Vulkan ver\u00e4ndert die Welt\u201c<\/a> die kleine Reihe ab. <em>\u201eDie Explosion des Krakatau am 27.08.1883 war einer der gewaltigsten Vulkanausbr\u00fcche der Neuzeit und eine Katastrophe globalen Ausma\u00dfes. Auf den umliegenden indonesischen Inseln starben \u00fcber 35.000 Menschen durch die verheerende Flutwelle, die der Ausbruch verursachte. Die Dokumentation rekonstruiert die dramatischen Ereignisse vor und nach der Explosion. Mit fesselnden Spielszenen und atemberaubenden Computeranimationen zeichnet sie die genaue Chronik der Katastrophe nach.\u201c<\/em><\/li>\n<\/ul>\n","protected":false},"excerpt":{"rendered":"<p>Geschichtssendungen der ersten Februarwoche im deutschen Fernsehen, wie immer in subjektiver Auswahl:<\/p>\n","protected":false},"author":10,"featured_media":0,"comment_status":"open","ping_status":"open","sticky":false,"template":"","format":"standard","meta":{"footnotes":""},"categories":[4,8],"tags":[],"class_list":["post-3078","post","type-post","status-publish","format-standard","hentry","category-geschichte-im-fernsehen","category-history-tv"],"aioseo_notices":[],"_links":{"self":[{"href":"http:\/\/historikerkraus.de\/blog\/wp-json\/wp\/v2\/posts\/3078","targetHints":{"allow":["GET"]}}],"collection":[{"href":"http:\/\/historikerkraus.de\/blog\/wp-json\/wp\/v2\/posts"}],"about":[{"href":"http:\/\/historikerkraus.de\/blog\/wp-json\/wp\/v2\/types\/post"}],"author":[{"embeddable":true,"href":"http:\/\/historikerkraus.de\/blog\/wp-json\/wp\/v2\/users\/10"}],"replies":[{"embeddable":true,"href":"http:\/\/historikerkraus.de\/blog\/wp-json\/wp\/v2\/comments?post=3078"}],"version-history":[{"count":2,"href":"http:\/\/historikerkraus.de\/blog\/wp-json\/wp\/v2\/posts\/3078\/revisions"}],"predecessor-version":[{"id":3080,"href":"http:\/\/historikerkraus.de\/blog\/wp-json\/wp\/v2\/posts\/3078\/revisions\/3080"}],"wp:attachment":[{"href":"http:\/\/historikerkraus.de\/blog\/wp-json\/wp\/v2\/media?parent=3078"}],"wp:term":[{"taxonomy":"category","embeddable":true,"href":"http:\/\/historikerkraus.de\/blog\/wp-json\/wp\/v2\/categories?post=3078"},{"taxonomy":"post_tag","embeddable":true,"href":"http:\/\/historikerkraus.de\/blog\/wp-json\/wp\/v2\/tags?post=3078"}],"curies":[{"name":"wp","href":"https:\/\/api.w.org\/{rel}","templated":true}]}}