{"id":3073,"date":"2014-01-25T16:25:38","date_gmt":"2014-01-25T14:25:38","guid":{"rendered":"http:\/\/historikerkraus.de\/blog\/?p=3073"},"modified":"2014-01-25T16:37:59","modified_gmt":"2014-01-25T14:37:59","slug":"tv-vorschau-25-31-januar-2014","status":"publish","type":"post","link":"http:\/\/historikerkraus.de\/blog\/2014\/01\/25\/tv-vorschau-25-31-januar-2014\/","title":{"rendered":"TV-Vorschau 25. \u2013 31. Januar 2014"},"content":{"rendered":"<p>Der Januar geht schon wieder zu Ende. F\u00fcr die letzte Woche des Monats gibt es hier die Vorschau auf Geschichtssendungen im deutschen Fernsehen. Wie immer subjektiv und ohne Anspruch auf Vollst\u00e4ndigkeit. Highlights sind diesmal u. a. die biographische Doku \u00fcber den Staatsanwalt im Auschwitzprozess Fritz Bauer und die Beitr\u00e4ge zum Holocaust-Gedenktag.<!--more--><\/p>\n<h2 style=\"text-align: center;\">Samstag, 25. Januar<\/h2>\n<ul>\n<li>Auf <a href=\"http:\/\/www.n-tv.de\/mediathek\/tvprogramm\/?date=2014-01-25\" target=\"_blank\"><strong>N-TV<\/strong><\/a> geht es heute Abend um die Nationalsozialisten. Um 20.05 Uhr steht aus der Reihe \u201eNazi-Jagd\u201d die Wahrheit \u00fcber Hermann G\u00f6ring im Mittelpunkt. <em>\u201eDa Adolf Hitler beim N\u00fcrnberger Hauptkriegsverbrecherprozess nicht mehr der Verbrechen gegen die Menschlichkeit angeklagt werden konnte, musste sich die Anklage mit seinem Stellvertreter zufrieden geben \u2013 Hermann G\u00f6ring. Der Gr\u00fcnder der Gestapo und Oberbefehlshaber der deutschen Luftwaffe sollte laut Testament Hitlers Nachfolger werden. Die n-tv Dokumentation beleuchtet G\u00f6ring und zeigt, wieso er die zentrale Figur des Dritten Reichs war.\u201d<\/em> \u2014 Um 21.05 Uhr und um 22.05 Uhr folgt die zweitilige Doku \u201e Die Psyche der Nazis\u201d. *\u201eWas ist dran an den Ger\u00fcchten \u00fcber Himmlers Vorstellung von der SS als eine Art Ritterorden? Gab es wirklich ein Team, das nach dem Heiligen Gral suchte? Bediente sich Hitler aus einem wilden Mix von M\u00e4rchen, Fabeln und Legenden und kreierte daraus seine kranke Weltanschauung? Die n-tv Dokumentation dringt tief ein in die verdrehte Psyche des Dritten Reichs und entdeckt bizarre, okkulte Gedanken.\u201d \u2014 Und um 23.05 Uhr gibt es noch die Doku \u201e Die Nazi-J\u00e4ger: Joseph Mengele\u201d.<\/li>\n<li><a href=\"http:\/\/www.3sat.de\/programm\/?viewlong=viewlong&amp;d=20140125&amp;dayID=ClnDaN25&amp;cx=84#border1800\" target=\"_blank\"><strong>3sat<\/strong><\/a> sendet um 20.15 Uhr das biographische Drama \u201eDie Windsbraut\u201d (Gro\u00dfbritannien\/\u00d6sterreich 2000, Regie: Bruce Beresford) \u00fcber das Leben Alma Mahler-Werfels, die Frau Gustav Mahlers. \u201eAls Femme fatale beschrieben, war sie Ehefrau des Komponisten Gustav Mahler, des Architekten Walter Gropius und des Dichters Franz Werfel sowie Gef\u00e4hrtin des Malers Oskar Kokoschka und weiterer prominenter M\u00e4nner. Als Gastgeberin k\u00fcnstlerischer Salons versammelte sie in Wien wie New York K\u00fcnstler und Prominente um sich.\u201d (<a href=\"http:\/\/de.wikipedia.org\/wiki\/Alma_Mahler\" target=\"_blank\">Wikipedia<\/a>) Der Film zeichnet den Glanz der Epoche und das bewegte Leben von Alma Mahler nach. \u2014 Um 21.50 Uhr folgt die Doku <a href=\"http:\/\/www.3sat.de\/page\/?source=\/film\/dokumentarfilm\/174375\/index.html\" target=\"_blank\">\u201eMax Beckmann. Der Maler\u201d<\/a>. <em>\u201e\u201aMax Beckmann\u2018 ist ein Film der vielfachen Bewegung: an die Orte seines Wirkens, von Berlin \u00fcber Frankfurt, Paris und Amsterdam bis nach New York; in eine ruhelose Zeit, dokumentiert in den vielfach erst k\u00fcrzlich erschlossenen Selbstzeugnissen der Briefe und Tageb\u00fccher; besonders aber in Beckmanns Kunst selbst, deren Entwicklung vor allem anhand der Selbstbildnisse und einige der gro\u00dfen Triptychen Beckmanns sichtbar wird. Entstanden ist der Film in Zusammenarbeit mit Mayen Beckmann, der Enkelin des K\u00fcnstlers, und im besten Sinn begeisternd kommentiert von renommierten Beckmann-Experten wie Didier Ottinger, Reinhard Spieler und Uwe M. Schneede, ist &#8222;Max Beckmann&#8220; das faszinierende Portr\u00e4t eines einzigartigen K\u00fcnstlers.\u201d<\/em><\/li>\n<li>Historische Waffenkunde ist sonst eher bei N-TV am Samstagabend beheimatet. Heute aber greift <strong>Arte<\/strong> das Thema mit dem Beitrag <a href=\"http:\/\/www.arte.tv\/guide\/de\/048164-000\/hightech-des-mittelalters-das-wikinger-schwert\" target=\"_blank\">\u201eHightech des Mittelalters: Das Wikinger-Schwert\u201d<\/a> um 20.15 Uhr auf. <em>\u201eEines hatten alle Wikinger gemeinsam: Sie waren unerschrockene K\u00e4mpfer mit legend\u00e4rer Schlagkraft. Doch nur wenige besa\u00dfen ein Schwert, das seiner Zeit fast 1.000 Jahre voraus und in Europa einzigartig war. [\u2026] Die Dokumentation l\u00fcftet die Geheimnisse um das Ulfberht-Schwert. Anhand gr\u00fcndlicher historischer Ermittlungen und Recherchen im Bereich der Arch\u00e4ometallurgie sowie mit modernster Technologie dokumentiert sie den Nachbau des ber\u00fchmten Wikinger-Schwerts.\u201d<\/em> \u2014 Ins mittelalterliche Japan f\u00fchrt die Doku <a href=\"http:\/\/www.arte.tv\/guide\/de\/047085-000\/die-samurai\" target=\"_blank\">\u201eDie Samurai. Liebe, Grausamkeiten und Intrigen\u201d<\/a>. <em>\u201eSeit dem 8. Jahrhundert werden die Samurai als todesmutige Elitekrieger verehrt. Ihre \u00fcberragende Kampfkunst, ihr ungew\u00f6hnlicher Mut und vor allem ihr spezieller Ehrenkodex sind weltbekannt. Aber sind die fern\u00f6stlichen Ritter wirklich die Helden aus dem Bilderbuch?\u201d<\/em> (21.05 Uhr) \u2014 Um 22 Uhr folgt schlie\u00dflich ein filmhistorischer Beitrag <a href=\"http:\/\/www.arte.tv\/guide\/de\/050596-000\/star-wars-die-geschichte-einer-saga\" target=\"_blank\">\u201eStar Wars \u2013 Die Geschichte einer Saga\u201d<\/a>: <em>\u201eAlles \u00fcber \u201aStar Wars\u2018 \u2013 \u00fcber die von Hollywood-Regisseur George Lucas erfundenen Helden und die in \u201aKrieg der Sterne\u2018 verarbeiteten literarischen, philosophischen und religi\u00f6sen Referenzen sowie den Einfluss der Weltraumsaga auf die internationale Popkultur.\u201d<\/em><\/li>\n<li><a href=\"http:\/\/www.phoenix.de\/content\/phoenix\/die_sendungen\/im_himmel_unter_der_erde\/792135?datum=2014-01-25\" target=\"_blank\">\u201eIm Himmel, unter der Erde\u201d<\/a> dokumentiert <strong>Phoenix<\/strong> um 22.30 Uhr den J\u00fcdischen Friedhof Wei\u00dfensee. <em>\u201eSeit mehr als 130 Jahren ist er in Betrieb, der gr\u00f6\u00dfte erhaltene j\u00fcdische Friedhof Europas, auf dem heute noch bestattet wird. \u00dcber 115.000 Menschen sind hier begraben. Lang ist die Liste ber\u00fchmter K\u00fcnstler, Philosophen, Juristen, Architekten, \u00c4rzte, Religionslehrer und Verleger, die in Wei\u00dfensee beerdigt wurden. Die Kaufhausgr\u00fcnder Jandorf (KaDeWe) und Hermann Tietz (Hertie) geh\u00f6ren dazu, der Maler Lesser Ury, der Hotelier Kempinski, der Verleger Samuel Fischer (S. Fischer Verlag) und Rudolf Mosse, dem einst das gr\u00f6\u00dfte Verlagshaus Europas geh\u00f6rte. Als erster wurde kein Ber\u00fchmter begraben, sondern am 22. September 1880 Louis Gr\u00fcnbaum, der Bewohner eines Altersheims. Auf seinem Grabstein steht an der Seite eine gro\u00dfe \u201a1\u2018. Dass der Stein noch steht, liegt daran, dass ein j\u00fcdischer Friedhof f\u00fcr die Ewigkeit angelegt wird. Die Gr\u00e4ber werden nicht eingeebnet, Liegefristen gibt es nicht. Auf jedem Grabstein in Wei\u00dfensee findet sich eine fortlaufende Nummer, die frischen Gr\u00e4ber haben sechsstellige Zahlen.\u201d<\/em><\/li>\n<li><em>\u201eAuschwitz, Oswiecim, \u2013 ein Ort in Polen, zwischen Kattowitz und Krakau. Eine Kleinstadt, nahe der Weichsel, ein Industriegebiet, eine Gegend ohne besondere Eigenschaften. Auschwitz aber ist Synonym f\u00fcr das gr\u00f6\u00dfte aller Verbrechen: die Ermordung der europ\u00e4ischen Juden. Auschwitz markiert einen Zivilisationsbruch. Es erinnert daran, dass mitten im 20. Jahrhundert Deutsche zu einem singul\u00e4ren Verbrechen f\u00e4hig waren, dem Millionen Menschen zum Opfer fielen. Auschwitz ist keiner der \u201aSch\u00e4tze der Welt\u2018, aber es geh\u00f6rt zum \u201aErbe der Menschheit\u2018.\u201d<\/em> <a href=\"http:\/\/programm.tagesschau24.de\/tv\/Auschwitz\/2014-01-25\/eid_2872111407868060\" target=\"_blank\">Auschwitz<\/a>, <strong>tagesschau 24<\/strong>, 22.30 Uhr.<\/li>\n<\/ul>\n<h2 style=\"text-align: center;\">Sonntag, 26. Januar<\/h2>\n<ul>\n<li>Sankt Petersburg, fr\u00fcher Leningrad wird auf <strong>Phoenix<\/strong> mit zwei Dokus vorgestellt. Um 20.15 Uhr l\u00e4uft aus der Reihe \u201eDie Sch\u00f6nen des Ostens\u201d der Beitrag <a href=\"http:\/\/www.phoenix.de\/content\/phoenix\/die_sendungen\/die_schoenen_des_ostens_%281_3%29\/423782?datum=2014-01-26\" target=\"_blank\">\u201eSankt Petersburg \u2013 Die Stolze\u201d<\/a>. \u2014 Um 21 Uhr folgt dann der Beitrag <a href=\"http:\/\/www.phoenix.de\/content\/phoenix\/die_sendungen\/kampf_um_leningrad\/791148?datum=2014-01-26\" target=\"_blank\">\u201eKampf um Leningrad \u2013 Die Deutsche Belagerung 1941 \u2013 1944\u201d<\/a>.<\/li>\n<li>Auf <a href=\"http:\/\/www.3sat.de\/programm\/?viewlong=viewlong&amp;d=20140126#border1800\" target=\"_blank\"><strong>3sat<\/strong><\/a> l\u00e4uft heute der Dreiteiler \u201eWeltenbrand\u201d. Teil 1: S\u00fcndenfall (20.15 Uhr), Teil 2: Fegefeuer (21 Uhr) und Teil 3: V\u00f6lkerschlacht (21.45 Uhr). \u2014 Daran schlie\u00dft sich ein Film, der selbst schon Geschichte ist: \u201eWestfront 1918\u201d (Deutschland 1930, Regie: Georg Wilhelm Pabst). <em>\u201eVier Soldaten \u2013 Karl, der Bayer, der Student und der Leutnant \u2013 verbringen ein paar freie Tage der Erholung hinter der Front. Sie scheinen schon alle Illusionen und jegliche Kriegsbegeisterung verloren zu haben. Zur\u00fcck im Kampfgeschehen erleben die Vier wieder den Schrecken und die Entbehrungen des Kriegsalltags. [\u2026] Regisseur Georg Wilhelm Pabst hat 1930 das Wort \u201aEnde\u2018 in der Schlusssequenz seines Spielfilms \u201aWestfront 1918\u2018 mit einem Fragezeichen versehen. Pabst protokolliert darin den Alltag von vier deutschen Infanteristen im Stellungskrieg an der franz\u00f6sischen Front.\u201d<\/em><\/li>\n<li><a href=\"http:\/\/history.zdf.de\/ZDF\/zdfportal\/programdata\/c5479add-a5dd-35ff-99cf-ca2843da6ec4\/20261681?doDispatch=1\" target=\"_blank\">\u201eM\u00f6rder unter uns \u2013 Fritz Bauers einsamer Kampf\u201d<\/a> berichtet um 23.30 Uhr von dem Einsatz des hessischen Generalstaatsanwalts Fritz Bauer, der im Nachkriegsdeutschland unerm\u00fcdlich f\u00fcr die Aufkl\u00e4rung der Nazi-Verbrechen arbeitete und im Frankfurter Auschwitzprozess seinen Landsleuten die Augen f\u00fcr die Abgr\u00fcnde der Diktatur \u00f6ffnete. <em>\u201eMit Hilfe von Filmfunden und Aussagen von Weggef\u00e4hrten zeichnet \u201aZDF-History\u2018 die au\u00dfergew\u00f6hnliche Geschichte Fritz Bauers nach, von den schw\u00e4bischen Wurzeln \u00fcber das erzwungene Exil bis zu seinem einsamen Tod. Es ist die Geschichte eines einzigartigen Verfechters des Rechts in einer restaurativen Gesellschaft, die in den sechziger Jahren bereits von den Geburtswehen einer freieren, kritischeren Zeit erfasst war \u2013 auch dank aufrechter Pers\u00f6nlichkeiten wie Fritz Bauer.\u201d<\/em> Das \u201eFritz Bauer Institut. Geschichte und Wirkung des Holocaust\u201d wurde nach ihm benannt. Dort finden sich auch <a href=\"http:\/\/www.fritz-bauer-institut.de\/fritzbauer.html?&amp;Fsize=0%253F%253F%253F%3F%3F%3F%3F%3F&amp;L=0\" target=\"_blank\">weitere Informationen zur Person Fritz Bauers<\/a>.<\/li>\n<\/ul>\n<h2 style=\"text-align: center;\">Montag, 27. Januar<\/h2>\n<p>Heute ist Holocaust-Gedenktag oder wie es offiziell hei\u00dft: <a href=\"http:\/\/de.wikipedia.org\/wiki\/Tag_des_Gedenkens_an_die_Opfer_des_Nationalsozialismus\" target=\"_blank\">\u201eTag des Gedenkens an die Opfer des Nationalsozialismus\u201d<\/a>. Viele Beitr\u00e4ge besch\u00e4ftigen sich daher heute mit diesem Thema.<\/p>\n<ul>\n<li>Die vierteilige Doku \u201eChronik des 3. Reichs\u201d steht heute Abend im <a href=\"http:\/\/www.n-tv.de\/mediathek\/tvprogramm\/?date=2014-01-27\" target=\"_blank\"><strong>N-TV<\/strong><\/a> auf dem Programm (20.05 Uhr, 21.05 Uhr, 22.03 Uhr und 23.05 Uhr).<\/li>\n<li><a href=\"http:\/\/www.phoenix.de\/content\/phoenix\/die_sendungen\/karl_der_grosse\/792185?datum=2014-01-27\" target=\"_blank\">\u201eKarl der Gro\u00dfe\u201d<\/a> ist um 20.15 Uhr Thema einer Doku auf <strong>Phoenix<\/strong>.<\/li>\n<li>Um 23.10 Uhr behandelt der Spielfilm \u201eDie Grauzone\u201d (USA 2001, Regie: Tim Blake Nelson) eine besonderes Kapitel des KZ-Alltags in den nationalsozialistischen Lagern: Die Zusammenarbeit gefangener Juden mit ihren Feinden. Er <em>\u201eist ein schonungsloses Kammerspiel \u00fcber die perfiden Methoden des NS-Systems und die daraus resultierende innere Zerrissenheit derer, die sich auf einen Pakt mit dem teuflischen System eingelassen haben.\u201d<\/em> (<a href=\"http:\/\/www.3sat.de\/programm\/?viewlong=viewlong&amp;d=20140127&amp;dayID=ClnDaN27&amp;cx=84#border1800\" target=\"_blank\"><strong>3sat<\/strong><\/a>, 23.10 Uhr)<\/li>\n<li>Der Spielfilm <a href=\"http:\/\/www.mdr.de\/tv\/programm\/sendung353004.html\" target=\"_blank\">\u201eEin Leben f\u00fcr ein Leben \u2013 Adam Hundesohn\u201d<\/a> (BRD, USA, ISR 2008, Regie: Paul Schrader) ist eine <em>\u201ekongeniale Adaption des israelischen Romans von Yoram Kaniuk [und] z\u00e4hlt zu den ungew\u00f6hnlichsten Holocaust-Filmen \u00fcberhaupt. In seinem surreal angehauchten Opfer-Psychogramm l\u00e4sst Schrader \u2013 durchbrochen von Schwarz-Wei\u00df-R\u00fcckblenden \u2013 Tragik und grotesken Humor, Erotik und abgrundtiefe Verzweiflung aufeinanderprallen. Hollywoodstar Jeff Goldblum, der als todtrauriger Clown zwischen Selbsthass und Erl\u00f6sungssehnsucht schwankt, ist in seiner bislang eindrucksvollsten Rolle zu sehen. Der d\u00e4monische KZ-Kommandant Klein wird von Willem Dafoe verk\u00f6rpert, desweiteren spielen die deutschen Stars Moritz Bleibtreu, Joachim Kr\u00f3l, Juliane K\u00f6hler und Veronica Ferres.\u201d<\/em> (<strong>MDR<\/strong>, 23.20 Uhr).<\/li>\n<li>Das Leben des k\u00fcrzlich verstorbenen Literaturkritikers Marcel Reich-Ranicki, der als junger Mann das Warschauer Ghetto \u00fcberlebt hatte, ist Thema des biographischen Spielfilms <a href=\"http:\/\/www.ndr.de\/fernsehen\/epg\/epg1157_sid-1480664.html\" target=\"_blank\">\u201eMarcel Reich-Ranicki: Mein Leben\u201d<\/a> (BRD 2009, Regie: Dror Zahavi) im <strong>NDR<\/strong> um 23.45 Uhr.<\/li>\n<\/ul>\n<h2 style=\"text-align: center;\">Dienstag, 28. Januar<\/h2>\n<ul>\n<li><a href=\"http:\/\/www.phoenix.de\/content\/phoenix\/die_sendungen\/zdf_history:_hindenburg\/354597?datum=2014-01-28\" target=\"_blank\">\u201eHindenburg \u2013 Die wahre Geschichte\u201d<\/a> des Luftschiffs \u201eHindenburg\u201d bekommt der Zuschauer um 20.15 Uhr von ZDF-History auf <strong>Phoenix<\/strong> pr\u00e4sentiert. \u2014 Um 21 Uhr erz\u00e4hlt dann die Doku <a href=\"http:\/\/www.phoenix.de\/content\/phoenix\/die_sendungen\/himmelsstuermerinnen\/424827?datum=2014-01-28\" target=\"_blank\">\u201eHimmelsst\u00fcrmerinnen\u201d<\/a> von Elly Beinhorn, Hanna Reitsch, Beate Uhse und Melitta Schenk Gr\u00e4fin von Stauffenberg. Sie waren Pilotinnen bereits in den 20er und 30er Jahren.<\/li>\n<li><a href=\"http:\/\/www.br.de\/fernsehen\/br-alpha\/programmkalender\/sendung732636.html\" target=\"_blank\">\u201eMythen \u2013 Michael K\u00f6hlmeier erz\u00e4hlt Sagen des klassischen Altertums: Prokne und Philomele\u201d<\/a> (<strong>BR-alpha<\/strong>, 22.45 Uhr).<\/li>\n<li>Der <strong>HR<\/strong> sendet um 22.45 Uhr den ersten Teil der zweiteiligen Doku <a href=\"http:\/\/www.hr-online.de\/website\/fernsehen\/sendungen\/programm_popup.jsp?key=hr-fernsehen_2014-01-28&amp;row=37\" target=\"_blank\">\u201eDie R\u00f6mer im S\u00fcdwesten\u201d<\/a> <em>\u201eWie konnten die R\u00f6mer in Sandalen ein Weltreich erobern? Wie entbehrungsreich und gef\u00e4hrlich war ein Gladiatorenleben? Wie schmeckte das Essen bei den R\u00f6mern und wie lebte es sich in einer r\u00f6mischen Provinzstadt? Antworten auf diese Fragen findet \u201aOdysso\u2018-Moderatorin Lena Ganschow auf einer Reise in die r\u00f6mische Vergangenheit des SWR-Sendegebiets. Trier, Mainz, Hechingen-Stein, Germersheim und viele andere Orte bergen r\u00f6mische Spuren, die bis heute erhalten sind.\u201d<\/em> Der zweite Teil ist dann in einer Woche zu sehen.<\/li>\n<\/ul>\n<h2 style=\"text-align: center;\">Mittwoch, 29. Januar<\/h2>\n<ul>\n<li><strong>Phoenix<\/strong> pr\u00e4sentiert <a href=\"http:\/\/www.phoenix.de\/content\/phoenix\/die_sendungen\/katharina_die_grosse\/247878?datum=2014-01-29\" target=\"_blank\">\u201eKatharina die Gro\u00dfe \u2013 Die Zarin aus Zerbst\u201d<\/a> (20.15 Uhr). <em>\u201eAus einem der \u00e4rmsten deutschen F\u00fcrstent\u00fcmer kam sie und stieg zur machtbewussten russischen Zarin auf, doch als \u201afemme fatale\u2018 ging sie ins Ged\u00e4chtnis ein. Was ist wahr an den Geschichten \u00fcber z\u00fcgellose Aff\u00e4ren, die schon zu Lebzeiten der Monarchin ganz Europa entr\u00fcsteten?\u201d<\/em><\/li>\n<li>Einmal <a href=\"http:\/\/www.br.de\/fernsehen\/bayerisches-fernsehen\/programmkalender\/sendung731586.html\" target=\"_blank\">\u201eBarock und zur\u00fcck\u201d<\/a> gibt es in der Reihe \u201eLebendige Geschichte\u201d im <strong>BR<\/strong> um 22 Uhr. <em>\u201eIn einer Mischform von Reportage und Dokumentation bietet \u201aLebendige Geschichte\u2018 die M\u00f6glichkeit, Geschichte in ihren Geschichten in der Vergangenheit wie Gegenwart nachzugehen. Dabei erh\u00e4lt man Antworten auf die Frage nach dem Sinn der Geschichte, die so bunt, vielf\u00e4ltig, am\u00fcsant, mitunter skurril, ernst, erhellend wie widerspr\u00fcchlich sind \u2013 wie das Leben selbst.\u201d<\/em><\/li>\n<\/ul>\n<h2 style=\"text-align: center;\">Donnerstag, 30. Januar<\/h2>\n<p>Heute Fehlanzeige.<\/p>\n<h2 style=\"text-align: center;\">Freitag, 31. Januar<\/h2>\n<ul>\n<li><strong>Phoenix<\/strong> sendet heute Abend im Zeichen des alten Rom. Zuerst gibt es die dreiteilide Doku \u201eRom \u2013 Die letzte Grenze\u201d. <em>\u201eGest\u00fctzt auf neueste arch\u00e4ologische und wissenschaftliche Entdeckungen, veranschaulicht die dreiteilige Dokumentationsreihe mit Hilfe nachgestellter Schlachten, Alltagsszenen sowie beeindruckender 3D-Computergrafik die \u00dcberlegenheit des R\u00f6mischen Reichs zu Beginn unserer Zeitrechnung. Der Schwerpunkt der Betrachtung liegt dabei auf der Eroberung der britischen Insel.\u201d<\/em> Um 20.15 Uhr Teil 1 <a href=\"http:\/\/www.phoenix.de\/content\/phoenix\/die_sendungen\/rom_%E2%80%93_die_letzte_grenze_%281_3%29\/428303?datum=2014-01-31\" target=\"_blank\">\u201eDie Invasion\u201d<\/a>, Teil 2 <a href=\"http:\/\/www.phoenix.de\/content\/phoenix\/die_sendungen\/rom_%E2%80%93_die_letzte_grenze_%282_3%29\/428316?datum=2014-01-31\" target=\"_blank\">\u201eDer Aufstand\u201d<\/a> folgt um 21.05 Uhr. Der dritte und letzte Teil <a href=\"http:\/\/www.phoenix.de\/content\/phoenix\/die_sendungen\/rom_%E2%80%93_die_letzte_grenze_%283_3%29\/428328?datum=2014-01-31\" target=\"_blank\">\u201eDer Fall\u201d<\/a> l\u00e4uft ab 21.55 Uhr. \u2014 Im Anschluss gibt es noch einen thematisch passenden Beitrag der Reihe \u201eSch\u00e4tze der Welt \u2013 Erbe der Menschheit\u201d: <a href=\"http:\/\/www.phoenix.de\/content\/phoenix\/die_sendungen\/dokumentationen\/schaetze_der_welt_erbe_der_menschheit_der_limes\/163751?datum=2014-01-31\" target=\"_blank\">\u201eDer Limes \u2013 Grenze zu den Barbaren\u201d<\/a> (22.45 Uhr).<\/li>\n<\/ul>\n","protected":false},"excerpt":{"rendered":"<p>Der Januar geht schon wieder zu Ende. F\u00fcr die letzte Woche des Monats gibt es hier die Vorschau auf Geschichtssendungen im deutschen Fernsehen. Wie immer subjektiv und ohne Anspruch auf Vollst\u00e4ndigkeit. Highlights sind diesmal u. a. die biographische Doku \u00fcber den Staatsanwalt im Auschwitzprozess Fritz Bauer und die Beitr\u00e4ge zum &#8230;<\/p>\n","protected":false},"author":10,"featured_media":0,"comment_status":"open","ping_status":"open","sticky":false,"template":"","format":"standard","meta":{"footnotes":""},"categories":[4,8],"tags":[],"class_list":["post-3073","post","type-post","status-publish","format-standard","hentry","category-geschichte-im-fernsehen","category-history-tv"],"aioseo_notices":[],"_links":{"self":[{"href":"http:\/\/historikerkraus.de\/blog\/wp-json\/wp\/v2\/posts\/3073","targetHints":{"allow":["GET"]}}],"collection":[{"href":"http:\/\/historikerkraus.de\/blog\/wp-json\/wp\/v2\/posts"}],"about":[{"href":"http:\/\/historikerkraus.de\/blog\/wp-json\/wp\/v2\/types\/post"}],"author":[{"embeddable":true,"href":"http:\/\/historikerkraus.de\/blog\/wp-json\/wp\/v2\/users\/10"}],"replies":[{"embeddable":true,"href":"http:\/\/historikerkraus.de\/blog\/wp-json\/wp\/v2\/comments?post=3073"}],"version-history":[{"count":3,"href":"http:\/\/historikerkraus.de\/blog\/wp-json\/wp\/v2\/posts\/3073\/revisions"}],"predecessor-version":[{"id":3077,"href":"http:\/\/historikerkraus.de\/blog\/wp-json\/wp\/v2\/posts\/3073\/revisions\/3077"}],"wp:attachment":[{"href":"http:\/\/historikerkraus.de\/blog\/wp-json\/wp\/v2\/media?parent=3073"}],"wp:term":[{"taxonomy":"category","embeddable":true,"href":"http:\/\/historikerkraus.de\/blog\/wp-json\/wp\/v2\/categories?post=3073"},{"taxonomy":"post_tag","embeddable":true,"href":"http:\/\/historikerkraus.de\/blog\/wp-json\/wp\/v2\/tags?post=3073"}],"curies":[{"name":"wp","href":"https:\/\/api.w.org\/{rel}","templated":true}]}}